{"id":943,"date":"2021-10-15T19:08:38","date_gmt":"2021-10-15T17:08:38","guid":{"rendered":"https:\/\/annaetmatteo.com\/blog\/?p=943"},"modified":"2021-10-15T19:08:38","modified_gmt":"2021-10-15T17:08:38","slug":"gare-a-la-bronchiolite","status":"publish","type":"post","link":"https:\/\/annaetmatteo.com\/blog\/gare-a-la-bronchiolite\/","title":{"rendered":"Gare \u00e0 la bronchiolite !"},"content":{"rendered":"<h2>Les enfants n\u00e9s en 2020 semblent pr\u00e9senter un d\u00e9ficit immunitaire conduisant \u00e0 une \u00e9pid\u00e9mie de bronchiolite plus agressive que d&rsquo;habitude.<\/h2>\n<p><!--more--><\/p>\n<p>Le dernier hiver pass\u00e9 en confinement et marqu\u00e9 par un respect plus strict qu&rsquo;aujourd&rsquo;hui des gestes barri\u00e8res semble avoir des cons\u00e9quences assez inattendues. En effet, le pays subit actuellement <strong>une \u00e9pid\u00e9mie de bronchiolite<\/strong> d&rsquo;une plus grande ampleur qu&rsquo;\u00e0 l&rsquo;accoutum\u00e9e. Notamment en Ile-de-France o\u00f9 les services de p\u00e9diatrie s&rsquo;av\u00e8rent d\u00e9j\u00e0 d\u00e9bord\u00e9s.<\/p>\n<p>Rappelons que la bronchiolite est une infection respiratoire extr\u00eamement contagieuse qui touche les enfants de moins de 2 ans. Elle se caract\u00e9rise par de la toux et une respiration difficile, voire sifflante. G\u00e9n\u00e9ralement sans gravit\u00e9, elle peut tout de m\u00eame conduire \u00e0 des hospitalisations.<\/p>\n<h3>Le confinement en cause ?<\/h3>\n<p>Pourquoi une telle pouss\u00e9e aujourd&rsquo;hui ? Le Conseil scientifique tire en effet la sonnette d&rsquo;alarme sur l&rsquo;importance de l&rsquo;\u00e9pid\u00e9mie. La piste \u00e9voqu\u00e9e par les m\u00e9decins et que les enfants n\u00e9s en 2020, sous confinement, ont manqu\u00e9 de contacts avec l&rsquo;ext\u00e9rieur et avec d&rsquo;autres personnes. Ainsi, en cumulant avec les gestes barri\u00e8res, leur jeune syst\u00e8me immunitaire n&rsquo;a pas \u00e9t\u00e9 suffisamment expos\u00e9.<\/p>\n<p>Nos bambins de moins de 2 ans ont donc accumul\u00e9 un retard d&rsquo;immunit\u00e9 les rendant aujourd&rsquo;hui plus sensibles. Il faut dire que l&rsquo;an dernier, m\u00eame nous adulte avons \u00e9chapp\u00e9 \u00e0 la grippe et \u00e0 la gastro. La m\u00eame question se pose donc pour nous aussi : aurons-nous le droit cette ann\u00e9e \u00e0 des infections carabin\u00e9es faute d&rsquo;exposition \u00e0 ces virus l&rsquo;an dernier ?<\/p>\n<p><a href=\"https:\/\/www.ameli.fr\/assure\/sante\/themes\/bronchiolite\/reconnaitre-bronchiolite\" target=\"_blank\" rel=\"noopener\"><strong>En savoir plus :<\/strong> comment reconna\u00eetre une bronchiolite ?<\/a><\/p>\n<h4>Ces articles pourraient \u00e9galement vous int\u00e9resser :<\/h4>\n<p><span style=\"color: #0000ff;\"><a style=\"color: #0000ff;\" href=\"https:\/\/annaetmatteo.com\/blog\/pourquoi-bebe-attrape-t-il-la-bronchiolite\/\" target=\"_blank\" rel=\"noopener\">Pourquoi b\u00e9b\u00e9 attrape-t-il la bronchiolite?<\/a><\/span><\/p>\n<p><span style=\"color: #0000ff;\"><a style=\"color: #0000ff;\" href=\"https:\/\/annaetmatteo.com\/blog\/quels-sont-les-vaccins-obligatoires-pour-bebe\/\" target=\"_blank\" rel=\"noopener\">Quels sont les vaccins obligatoires pour b\u00e9b\u00e9 ?<\/a><\/span><\/p>\n<p><span style=\"color: #0000ff;\"><a style=\"color: #0000ff;\" href=\"https:\/\/annaetmatteo.com\/blog\/deconfinement-et-retour-a-lecole-ou-en-creche-votre-avis\/\" target=\"_blank\" rel=\"noopener\">D\u00e9confinement et retour \u00e0 l&rsquo;\u00e9cole ou en cr\u00e8che. Votre avis ?<\/a><\/span><\/p>\n<p>&nbsp;<\/p>\n","protected":false},"excerpt":{"rendered":"<p>Les enfants n\u00e9s en 2020 semblent pr\u00e9senter un d\u00e9ficit immunitaire conduisant \u00e0 une \u00e9pid\u00e9mie de bronchiolite plus agressive que d&rsquo;habitude.<\/p>\n","protected":false},"author":1,"featured_media":944,"comment_status":"open","ping_status":"open","sticky":false,"template":"","format":"standard","meta":[],"categories":[1],"tags":[],"yoast_head":"<!-- This site is optimized with the Yoast SEO plugin v18.0 - https:\/\/yoast.com\/wordpress\/plugins\/seo\/ -->\n<title>Gare \u00e0 la bronchiolite ! - Blog du Monde d&#039;Anna et Matteo<\/title>\n<meta name=\"description\" content=\"Attention, la bronchiolite arrive en force ! Mais pourquoi en cet automne 2021 est-elle si agressive envers les poumons de b\u00e9b\u00e9 ?\" \/>\n<meta name=\"robots\" content=\"index, follow, max-snippet:-1, max-image-preview:large, max-video-preview:-1\" \/>\n<link rel=\"canonical\" href=\"https:\/\/annaetmatteo.com\/blog\/gare-a-la-bronchiolite\/\" \/>\n<meta property=\"og:locale\" content=\"fr_FR\" \/>\n<meta property=\"og:type\" content=\"article\" \/>\n<meta property=\"og:title\" content=\"Gare \u00e0 la bronchiolite ! - Blog du Monde d&#039;Anna et Matteo\" \/>\n<meta property=\"og:description\" content=\"Attention, la bronchiolite arrive en force ! Mais pourquoi en cet automne 2021 est-elle si agressive envers les poumons de b\u00e9b\u00e9 ?\" \/>\n<meta property=\"og:url\" content=\"https:\/\/annaetmatteo.com\/blog\/gare-a-la-bronchiolite\/\" \/>\n<meta property=\"og:site_name\" content=\"Blog du Monde d&#039;Anna et Matteo\" \/>\n<meta property=\"article:publisher\" content=\"https:\/\/www.facebook.com\/AnnaEtMatteo\/\" \/>\n<meta property=\"article:author\" content=\"https:\/\/www.facebook.com\/AnnaEtMatteo\/\" \/>\n<meta property=\"article:published_time\" content=\"2021-10-15T17:08:38+00:00\" \/>\n<meta property=\"og:image\" content=\"https:\/\/annaetmatteo.com\/blog\/wp-content\/uploads\/2021\/10\/bronchiolite.jpg\" \/>\n\t<meta property=\"og:image:width\" content=\"1000\" \/>\n\t<meta property=\"og:image:height\" content=\"400\" \/>\n\t<meta property=\"og:image:type\" content=\"image\/jpeg\" \/>\n<meta name=\"twitter:card\" content=\"summary_large_image\" \/>\n<meta name=\"twitter:creator\" content=\"@AnnaEtMatteo\" \/>\n<meta name=\"twitter:site\" content=\"@AnnaEtMatteo\" \/>\n<meta name=\"twitter:label1\" content=\"\u00c9crit par\" \/>\n\t<meta name=\"twitter:data1\" content=\"M\u00e9lanie &amp; Arnaud | Le Monde d'Anna et Matteo\" \/>\n\t<meta name=\"twitter:label2\" content=\"Dur\u00e9e de lecture estim\u00e9e\" \/>\n\t<meta name=\"twitter:data2\" content=\"2 minutes\" \/>\n<script type=\"application\/ld+json\" class=\"yoast-schema-graph\">{\"@context\":\"https:\/\/schema.org\",\"@graph\":[{\"@type\":\"Organization\",\"@id\":\"https:\/\/annaetmatteo.com\/blog\/#organization\",\"name\":\"Le Monde d'Anna et Matteo\",\"url\":\"https:\/\/annaetmatteo.com\/blog\/\",\"sameAs\":[\"https:\/\/www.facebook.com\/AnnaEtMatteo\/\",\"https:\/\/www.instagram.com\/annaetmatteo\/\",\"https:\/\/www.youtube.com\/channel\/UCSce5n3L_8dmB8yTwbXnCwA\/f\",\"https:\/\/www.pinterest.fr\/AnnaEtMatteo\/\",\"https:\/\/twitter.com\/AnnaEtMatteo\"],\"logo\":{\"@type\":\"ImageObject\",\"@id\":\"https:\/\/annaetmatteo.com\/blog\/#logo\",\"inLanguage\":\"fr-FR\",\"url\":\"https:\/\/annaetmatteo.com\/blog\/wp-content\/uploads\/2018\/04\/rbU69AmF_400x400-1.jpg\",\"contentUrl\":\"https:\/\/annaetmatteo.com\/blog\/wp-content\/uploads\/2018\/04\/rbU69AmF_400x400-1.jpg\",\"width\":240,\"height\":240,\"caption\":\"Le Monde d'Anna et Matteo\"},\"image\":{\"@id\":\"https:\/\/annaetmatteo.com\/blog\/#logo\"}},{\"@type\":\"WebSite\",\"@id\":\"https:\/\/annaetmatteo.com\/blog\/#website\",\"url\":\"https:\/\/annaetmatteo.com\/blog\/\",\"name\":\"Blog du Monde d&#039;Anna et Matteo\",\"description\":\"\",\"publisher\":{\"@id\":\"https:\/\/annaetmatteo.com\/blog\/#organization\"},\"potentialAction\":[{\"@type\":\"SearchAction\",\"target\":{\"@type\":\"EntryPoint\",\"urlTemplate\":\"https:\/\/annaetmatteo.com\/blog\/?s={search_term_string}\"},\"query-input\":\"required name=search_term_string\"}],\"inLanguage\":\"fr-FR\"},{\"@type\":\"ImageObject\",\"@id\":\"https:\/\/annaetmatteo.com\/blog\/gare-a-la-bronchiolite\/#primaryimage\",\"inLanguage\":\"fr-FR\",\"url\":\"https:\/\/annaetmatteo.com\/blog\/wp-content\/uploads\/2021\/10\/bronchiolite.jpg\",\"contentUrl\":\"https:\/\/annaetmatteo.com\/blog\/wp-content\/uploads\/2021\/10\/bronchiolite.jpg\",\"width\":1000,\"height\":400,\"caption\":\"b\u00e9b\u00e9 malade bronchiolite\"},{\"@type\":\"WebPage\",\"@id\":\"https:\/\/annaetmatteo.com\/blog\/gare-a-la-bronchiolite\/#webpage\",\"url\":\"https:\/\/annaetmatteo.com\/blog\/gare-a-la-bronchiolite\/\",\"name\":\"Gare \u00e0 la bronchiolite ! - Blog du Monde d&#039;Anna et Matteo\",\"isPartOf\":{\"@id\":\"https:\/\/annaetmatteo.com\/blog\/#website\"},\"primaryImageOfPage\":{\"@id\":\"https:\/\/annaetmatteo.com\/blog\/gare-a-la-bronchiolite\/#primaryimage\"},\"datePublished\":\"2021-10-15T17:08:38+00:00\",\"dateModified\":\"2021-10-15T17:08:38+00:00\",\"description\":\"Attention, la bronchiolite arrive en force ! Mais pourquoi en cet automne 2021 est-elle si agressive envers les poumons de b\u00e9b\u00e9 ?\",\"breadcrumb\":{\"@id\":\"https:\/\/annaetmatteo.com\/blog\/gare-a-la-bronchiolite\/#breadcrumb\"},\"inLanguage\":\"fr-FR\",\"potentialAction\":[{\"@type\":\"ReadAction\",\"target\":[\"https:\/\/annaetmatteo.com\/blog\/gare-a-la-bronchiolite\/\"]}]},{\"@type\":\"BreadcrumbList\",\"@id\":\"https:\/\/annaetmatteo.com\/blog\/gare-a-la-bronchiolite\/#breadcrumb\",\"itemListElement\":[{\"@type\":\"ListItem\",\"position\":1,\"name\":\"Accueil\",\"item\":\"https:\/\/annaetmatteo.com\/blog\/\"},{\"@type\":\"ListItem\",\"position\":2,\"name\":\"Gare \u00e0 la bronchiolite !\"}]},{\"@type\":\"Article\",\"@id\":\"https:\/\/annaetmatteo.com\/blog\/gare-a-la-bronchiolite\/#article\",\"isPartOf\":{\"@id\":\"https:\/\/annaetmatteo.com\/blog\/gare-a-la-bronchiolite\/#webpage\"},\"author\":{\"@id\":\"https:\/\/annaetmatteo.com\/blog\/#\/schema\/person\/324a22a04fc2477c15496ba8213c7eab\"},\"headline\":\"Gare \u00e0 la bronchiolite !\",\"datePublished\":\"2021-10-15T17:08:38+00:00\",\"dateModified\":\"2021-10-15T17:08:38+00:00\",\"mainEntityOfPage\":{\"@id\":\"https:\/\/annaetmatteo.com\/blog\/gare-a-la-bronchiolite\/#webpage\"},\"wordCount\":304,\"commentCount\":0,\"publisher\":{\"@id\":\"https:\/\/annaetmatteo.com\/blog\/#organization\"},\"image\":{\"@id\":\"https:\/\/annaetmatteo.com\/blog\/gare-a-la-bronchiolite\/#primaryimage\"},\"thumbnailUrl\":\"https:\/\/annaetmatteo.com\/blog\/wp-content\/uploads\/2021\/10\/bronchiolite.jpg\",\"inLanguage\":\"fr-FR\",\"potentialAction\":[{\"@type\":\"CommentAction\",\"name\":\"Comment\",\"target\":[\"https:\/\/annaetmatteo.com\/blog\/gare-a-la-bronchiolite\/#respond\"]}]},{\"@type\":\"Person\",\"@id\":\"https:\/\/annaetmatteo.com\/blog\/#\/schema\/person\/324a22a04fc2477c15496ba8213c7eab\",\"name\":\"M\u00e9lanie &amp; Arnaud | Le Monde d'Anna et Matteo\",\"image\":{\"@type\":\"ImageObject\",\"@id\":\"https:\/\/annaetmatteo.com\/blog\/#personlogo\",\"inLanguage\":\"fr-FR\",\"url\":\"https:\/\/secure.gravatar.com\/avatar\/3c48cff264353bcb37bf9b52c1b769e7?s=96&d=mm&r=g\",\"contentUrl\":\"https:\/\/secure.gravatar.com\/avatar\/3c48cff264353bcb37bf9b52c1b769e7?s=96&d=mm&r=g\",\"caption\":\"M\u00e9lanie &amp; Arnaud | Le Monde d'Anna et Matteo\"},\"sameAs\":[\"https:\/\/annaetmatteo.com\",\"https:\/\/www.facebook.com\/AnnaEtMatteo\/\",\"https:\/\/twitter.com\/AnnaEtMatteo\"]}]}<\/script>\n<!-- \/ Yoast SEO plugin. -->","yoast_head_json":{"title":"Gare \u00e0 la bronchiolite ! - Blog du Monde d&#039;Anna et Matteo","description":"Attention, la bronchiolite arrive en force ! Mais pourquoi en cet automne 2021 est-elle si agressive envers les poumons de b\u00e9b\u00e9 ?","robots":{"index":"index","follow":"follow","max-snippet":"max-snippet:-1","max-image-preview":"max-image-preview:large","max-video-preview":"max-video-preview:-1"},"canonical":"https:\/\/annaetmatteo.com\/blog\/gare-a-la-bronchiolite\/","og_locale":"fr_FR","og_type":"article","og_title":"Gare \u00e0 la bronchiolite ! - Blog du Monde d&#039;Anna et Matteo","og_description":"Attention, la bronchiolite arrive en force ! Mais pourquoi en cet automne 2021 est-elle si agressive envers les poumons de b\u00e9b\u00e9 ?","og_url":"https:\/\/annaetmatteo.com\/blog\/gare-a-la-bronchiolite\/","og_site_name":"Blog du Monde d&#039;Anna et Matteo","article_publisher":"https:\/\/www.facebook.com\/AnnaEtMatteo\/","article_author":"https:\/\/www.facebook.com\/AnnaEtMatteo\/","article_published_time":"2021-10-15T17:08:38+00:00","og_image":[{"width":1000,"height":400,"url":"https:\/\/annaetmatteo.com\/blog\/wp-content\/uploads\/2021\/10\/bronchiolite.jpg","type":"image\/jpeg"}],"twitter_card":"summary_large_image","twitter_creator":"@AnnaEtMatteo","twitter_site":"@AnnaEtMatteo","twitter_misc":{"\u00c9crit par":"M\u00e9lanie &amp; Arnaud | Le Monde d'Anna et Matteo","Dur\u00e9e de lecture estim\u00e9e":"2 minutes"},"schema":{"@context":"https:\/\/schema.org","@graph":[{"@type":"Organization","@id":"https:\/\/annaetmatteo.com\/blog\/#organization","name":"Le Monde d'Anna et Matteo","url":"https:\/\/annaetmatteo.com\/blog\/","sameAs":["https:\/\/www.facebook.com\/AnnaEtMatteo\/","https:\/\/www.instagram.com\/annaetmatteo\/","https:\/\/www.youtube.com\/channel\/UCSce5n3L_8dmB8yTwbXnCwA\/f","https:\/\/www.pinterest.fr\/AnnaEtMatteo\/","https:\/\/twitter.com\/AnnaEtMatteo"],"logo":{"@type":"ImageObject","@id":"https:\/\/annaetmatteo.com\/blog\/#logo","inLanguage":"fr-FR","url":"https:\/\/annaetmatteo.com\/blog\/wp-content\/uploads\/2018\/04\/rbU69AmF_400x400-1.jpg","contentUrl":"https:\/\/annaetmatteo.com\/blog\/wp-content\/uploads\/2018\/04\/rbU69AmF_400x400-1.jpg","width":240,"height":240,"caption":"Le Monde d'Anna et Matteo"},"image":{"@id":"https:\/\/annaetmatteo.com\/blog\/#logo"}},{"@type":"WebSite","@id":"https:\/\/annaetmatteo.com\/blog\/#website","url":"https:\/\/annaetmatteo.com\/blog\/","name":"Blog du Monde d&#039;Anna et Matteo","description":"","publisher":{"@id":"https:\/\/annaetmatteo.com\/blog\/#organization"},"potentialAction":[{"@type":"SearchAction","target":{"@type":"EntryPoint","urlTemplate":"https:\/\/annaetmatteo.com\/blog\/?s={search_term_string}"},"query-input":"required name=search_term_string"}],"inLanguage":"fr-FR"},{"@type":"ImageObject","@id":"https:\/\/annaetmatteo.com\/blog\/gare-a-la-bronchiolite\/#primaryimage","inLanguage":"fr-FR","url":"https:\/\/annaetmatteo.com\/blog\/wp-content\/uploads\/2021\/10\/bronchiolite.jpg","contentUrl":"https:\/\/annaetmatteo.com\/blog\/wp-content\/uploads\/2021\/10\/bronchiolite.jpg","width":1000,"height":400,"caption":"b\u00e9b\u00e9 malade bronchiolite"},{"@type":"WebPage","@id":"https:\/\/annaetmatteo.com\/blog\/gare-a-la-bronchiolite\/#webpage","url":"https:\/\/annaetmatteo.com\/blog\/gare-a-la-bronchiolite\/","name":"Gare \u00e0 la bronchiolite ! - Blog du Monde d&#039;Anna et Matteo","isPartOf":{"@id":"https:\/\/annaetmatteo.com\/blog\/#website"},"primaryImageOfPage":{"@id":"https:\/\/annaetmatteo.com\/blog\/gare-a-la-bronchiolite\/#primaryimage"},"datePublished":"2021-10-15T17:08:38+00:00","dateModified":"2021-10-15T17:08:38+00:00","description":"Attention, la bronchiolite arrive en force ! Mais pourquoi en cet automne 2021 est-elle si agressive envers les poumons de b\u00e9b\u00e9 ?","breadcrumb":{"@id":"https:\/\/annaetmatteo.com\/blog\/gare-a-la-bronchiolite\/#breadcrumb"},"inLanguage":"fr-FR","potentialAction":[{"@type":"ReadAction","target":["https:\/\/annaetmatteo.com\/blog\/gare-a-la-bronchiolite\/"]}]},{"@type":"BreadcrumbList","@id":"https:\/\/annaetmatteo.com\/blog\/gare-a-la-bronchiolite\/#breadcrumb","itemListElement":[{"@type":"ListItem","position":1,"name":"Accueil","item":"https:\/\/annaetmatteo.com\/blog\/"},{"@type":"ListItem","position":2,"name":"Gare \u00e0 la bronchiolite !"}]},{"@type":"Article","@id":"https:\/\/annaetmatteo.com\/blog\/gare-a-la-bronchiolite\/#article","isPartOf":{"@id":"https:\/\/annaetmatteo.com\/blog\/gare-a-la-bronchiolite\/#webpage"},"author":{"@id":"https:\/\/annaetmatteo.com\/blog\/#\/schema\/person\/324a22a04fc2477c15496ba8213c7eab"},"headline":"Gare \u00e0 la bronchiolite !","datePublished":"2021-10-15T17:08:38+00:00","dateModified":"2021-10-15T17:08:38+00:00","mainEntityOfPage":{"@id":"https:\/\/annaetmatteo.com\/blog\/gare-a-la-bronchiolite\/#webpage"},"wordCount":304,"commentCount":0,"publisher":{"@id":"https:\/\/annaetmatteo.com\/blog\/#organization"},"image":{"@id":"https:\/\/annaetmatteo.com\/blog\/gare-a-la-bronchiolite\/#primaryimage"},"thumbnailUrl":"https:\/\/annaetmatteo.com\/blog\/wp-content\/uploads\/2021\/10\/bronchiolite.jpg","inLanguage":"fr-FR","potentialAction":[{"@type":"CommentAction","name":"Comment","target":["https:\/\/annaetmatteo.com\/blog\/gare-a-la-bronchiolite\/#respond"]}]},{"@type":"Person","@id":"https:\/\/annaetmatteo.com\/blog\/#\/schema\/person\/324a22a04fc2477c15496ba8213c7eab","name":"M\u00e9lanie &amp; Arnaud | Le Monde d'Anna et Matteo","image":{"@type":"ImageObject","@id":"https:\/\/annaetmatteo.com\/blog\/#personlogo","inLanguage":"fr-FR","url":"https:\/\/secure.gravatar.com\/avatar\/3c48cff264353bcb37bf9b52c1b769e7?s=96&d=mm&r=g","contentUrl":"https:\/\/secure.gravatar.com\/avatar\/3c48cff264353bcb37bf9b52c1b769e7?s=96&d=mm&r=g","caption":"M\u00e9lanie &amp; Arnaud | Le Monde d'Anna et Matteo"},"sameAs":["https:\/\/annaetmatteo.com","https:\/\/www.facebook.com\/AnnaEtMatteo\/","https:\/\/twitter.com\/AnnaEtMatteo"]}]}},"_links":{"self":[{"href":"https:\/\/annaetmatteo.com\/blog\/wp-json\/wp\/v2\/posts\/943"}],"collection":[{"href":"https:\/\/annaetmatteo.com\/blog\/wp-json\/wp\/v2\/posts"}],"about":[{"href":"https:\/\/annaetmatteo.com\/blog\/wp-json\/wp\/v2\/types\/post"}],"author":[{"embeddable":true,"href":"https:\/\/annaetmatteo.com\/blog\/wp-json\/wp\/v2\/users\/1"}],"replies":[{"embeddable":true,"href":"https:\/\/annaetmatteo.com\/blog\/wp-json\/wp\/v2\/comments?post=943"}],"version-history":[{"count":1,"href":"https:\/\/annaetmatteo.com\/blog\/wp-json\/wp\/v2\/posts\/943\/revisions"}],"predecessor-version":[{"id":945,"href":"https:\/\/annaetmatteo.com\/blog\/wp-json\/wp\/v2\/posts\/943\/revisions\/945"}],"wp:featuredmedia":[{"embeddable":true,"href":"https:\/\/annaetmatteo.com\/blog\/wp-json\/wp\/v2\/media\/944"}],"wp:attachment":[{"href":"https:\/\/annaetmatteo.com\/blog\/wp-json\/wp\/v2\/media?parent=943"}],"wp:term":[{"taxonomy":"category","embeddable":true,"href":"https:\/\/annaetmatteo.com\/blog\/wp-json\/wp\/v2\/categories?post=943"},{"taxonomy":"post_tag","embeddable":true,"href":"https:\/\/annaetmatteo.com\/blog\/wp-json\/wp\/v2\/tags?post=943"}],"curies":[{"name":"wp","href":"https:\/\/api.w.org\/{rel}","templated":true}]}}