{"id":936,"date":"2021-08-12T11:11:25","date_gmt":"2021-08-12T09:11:25","guid":{"rendered":"https:\/\/annaetmatteo.com\/blog\/?p=936"},"modified":"2021-08-12T11:24:27","modified_gmt":"2021-08-12T09:24:27","slug":"levolution-des-changes-pour-bebe","status":"publish","type":"post","link":"https:\/\/annaetmatteo.com\/blog\/levolution-des-changes-pour-bebe\/","title":{"rendered":"L\u2019\u00e9volution des changes pour b\u00e9b\u00e9"},"content":{"rendered":"<h2><span style=\"font-weight: 400;\">Faisons une petite r\u00e9trospective sur les changes de nos enfants !<\/span><\/h2>\n<p><!--more--><\/p>\n<p><span style=\"font-weight: 400;\">Entre les langes, les couches jetables et les couches lavables, de nombreux moyens ont \u00e9t\u00e9 mis en place pour proposer la meilleure solution autant pour les enfants que pour les parents.<\/span><\/p>\n<p><span style=\"font-weight: 400;\">Si on remonte un peu le temps (beaucoup m\u00eame), nous savons que d\u00e8s la Rome Antique, les b\u00e9b\u00e9s portaient des langes. Bien \u00e9videmment, les langes \u00e0 cette \u00e9poque-l\u00e0 n\u2019\u00e9taient pas les m\u00eames que ceux de nos grands-m\u00e8res. On pourrait m\u00eame plut\u00f4t parler d\u2019emmaillotage !<\/span><\/p>\n<p><span style=\"font-weight: 400;\">En France et dans le reste de l\u2019Europe, ce fameux emmaillotage a continu\u00e9 jusqu\u2019au 19\u00e8me si\u00e8cle.<\/span><\/p>\n<p><span style=\"font-weight: 400;\">C\u2019est donc au 19\u00e8me si\u00e8cle que l&#8217;emmaillotage laisse place aux langes comme nous les connaissons. Vous savez, les fameux langes que nos grands-m\u00e8res ou arri\u00e8re-grands-m\u00e8res utilisaient. Le syst\u00e8me \u00e9tait plut\u00f4t simple, il suffisait de prendre un lange et de le plier pour ensuite le faire tenir gr\u00e2ce \u00e0 une ou plusieurs \u00e9pingles \u00e0 nourrice.<\/span><\/p>\n<p><span style=\"font-weight: 400;\">Mais on vous l\u2019accorde, ce syst\u00e8me \u00ab plut\u00f4t simple \u00bb \u00e0 l\u2019\u00e9poque nous para\u00eet aujourd\u2019hui bien compliqu\u00e9 quand nous voyons \u00e0 quel point il peut \u00eatre facile d\u2019utiliser une couche jetable.<\/span><\/p>\n<p><span style=\"font-weight: 400;\">D\u2019ailleurs, savez-vous \u00e0 quel moment les couches jetables ont fait leur apparition ? En 1956, et oui, ce n\u2019est pas si vieux que \u00e7a. Les couches jetables ont seulement 65 ans !<\/span><\/p>\n<p><span style=\"font-weight: 400;\">En 65 ans, les couches jetables ont r\u00e9ussi \u00e0 s\u2019imposer largement sur le march\u00e9 du change. En France, 97% des parents fran\u00e7ais utilisent les couches jetables. Ce qui n\u2019est pas pour le plus grand bonheur de la plan\u00e8te.<\/span><\/p>\n<p><span style=\"font-weight: 400;\">En effet, on estime que pour un foyer ayant un enfant \u00e2g\u00e9 de 0 \u00e0 2 ans, les couches jetables repr\u00e9sentent 40% de leurs d\u00e9chets m\u00e9nagers. Il faut \u00e9galement savoir qu\u2019une couche jetable ne peut pas \u00eatre recycl\u00e9e, elle met en r\u00e9alit\u00e9 500 \u00e0 se d\u00e9composer et qu\u2019un enfant entre 0 et 2 ans et demi (de sa naissance jusqu\u2019\u00e0 sa propret\u00e9) va utiliser en moyenne 4700 couches.<\/span><\/p>\n<h3>L&rsquo;int\u00e9r\u00eat des couches lavables<\/h3>\n<p><span style=\"font-weight: 400;\">Mais que peut-on utiliser pour le change de nos enfants afin de prot\u00e9ger la plan\u00e8te sans revenir aux anciens langes de nos grands-m\u00e8res ?<\/span><\/p>\n<p><span style=\"font-weight: 400;\">Les couches lavables bien \u00e9videmment !<\/span><\/p>\n<p><span style=\"font-weight: 400;\">Attention, les couches lavables d\u2019aujourd\u2019hui ne ressemblent plus aux anciens langes, le design et la facilit\u00e9 d\u2019utilisation ont beaucoup \u00e9volu\u00e9. En termes d\u2019utilisation, elles s\u2019apparentent m\u00eame de plus en plus aux couches jetables.<\/span><\/p>\n<p><span style=\"font-weight: 400;\">Et pour l\u2019\u00e9cologie, on ne peut pas faire mieux ! Un enfant en couches lavables de sa naissance \u00e0 la propret\u00e9, consomme 50 kg de d\u00e9chets (contre 1 tonne en couches jetables), 11 000 litres d\u2019eau (contre 26 000 litres en couches jetables), 8 kg de p\u00e9trole brut (contre 67 kg en couches jetables) et 1 arbre (contre 5 en couches jetables).<\/span><\/p>\n<p><span style=\"font-weight: 400;\">Bien s\u00fbr, se mettre aux couches lavables ce n\u2019est pas toujours \u00e9vident. Il faut trouver un rythme, savoir comment les utiliser, comment les laver, et puis ce n\u2019est pas forc\u00e9ment facile de savoir quelle marque choisir ou m\u00eame combien de couches prendre.<\/span><\/p>\n<p><span style=\"font-weight: 400;\">Pourquoi ne pas tester la location ? C\u2019est ce que propose <\/span><span style=\"color: #0000ff;\"><a style=\"color: #0000ff;\" href=\"https:\/\/kokpit-couche.com\/\" target=\"_blank\" rel=\"noopener\"><span style=\"font-weight: 400;\">Kokpit<\/span><\/a><\/span><span style=\"font-weight: 400;\">, jeune entreprise lilloise qui propose de la location de couches lavables.<\/span><\/p>\n<p><span style=\"color: #0000ff;\"><a style=\"color: #0000ff;\" href=\"https:\/\/kokpit-couche.com\/tous-nos-coffrets-de-couches-lavables-a-louer\/\" target=\"_blank\" rel=\"noopener\"><span style=\"font-weight: 400;\">La <\/span><span style=\"font-weight: 400;\">location<\/span><\/a><\/span>\u00a0<span style=\"font-weight: 400;\">? C\u2019est une dr\u00f4le d\u2019id\u00e9e quand m\u00eame\u2026<\/span><\/p>\n<p><span style=\"font-weight: 400;\">Il est vrai que \u00e7a peut \u00e9tonner ! Et pourtant, c\u2019est LE concept parfait pour permettre aux parents de tester les couches lavables \u00e0 petits prix avant de se d\u00e9cider \u00e0 acheter ou non.\u00a0<\/span><\/p>\n<p><span style=\"font-weight: 400;\">Kokpit fait tout pour faciliter votre exp\u00e9rience avec les couches lavables. En plus de pouvoir tester \u00e0 petits prix, vous b\u00e9n\u00e9ficiez d\u2019un accompagnement 100% personnalis\u00e9. En effet, Niclas, Simon et toute leur \u00e9quipe sont \u00e0 vos c\u00f4t\u00e9s pour que viviez la meilleure exp\u00e9rience possible.<\/span><\/p>\n<p><span style=\"font-weight: 400;\">Vous avez encore des doutes concernant les couches lavables ? Pas de panique, Simon anime r\u00e9guli\u00e8rement des <\/span><span style=\"color: #0000ff;\"><a style=\"color: #0000ff;\" href=\"https:\/\/kokpit-couche.com\/atelier-couche-lavable\/\" target=\"_blank\" rel=\"noopener\"><span style=\"font-weight: 400;\">ateliers couches lavables<\/span><\/a><\/span> <span style=\"font-weight: 400;\">en ligne et gratuits pour r\u00e9pondre \u00e0 toutes vos interrogations.<\/span><\/p>\n<p><span style=\"font-weight: 400;\">Si vous en avez envie, n\u2019h\u00e9sitez pas \u00e0 changer le monde une couche \u00e0 la fois avec <\/span><span style=\"color: #0000ff;\"><a style=\"color: #0000ff;\" href=\"https:\/\/kokpit-couche.com\/\" target=\"_blank\" rel=\"noopener\"><span style=\"font-weight: 400;\">Kokpit<\/span><\/a><i><span style=\"font-weight: 400;\">\u00a0<\/span><\/i><\/span><span style=\"font-weight: 400;\">!<\/span><\/p>\n","protected":false},"excerpt":{"rendered":"<p>Faisons une petite r\u00e9trospective sur les changes de nos enfants !<\/p>\n","protected":false},"author":3,"featured_media":939,"comment_status":"open","ping_status":"open","sticky":false,"template":"","format":"standard","meta":[],"categories":[1],"tags":[],"yoast_head":"<!-- This site is optimized with the Yoast SEO plugin v18.0 - https:\/\/yoast.com\/wordpress\/plugins\/seo\/ -->\n<title>L\u2019\u00e9volution des changes pour b\u00e9b\u00e9 : pourquoi pas la couche lavable ?<\/title>\n<meta name=\"description\" content=\"Les couches lavables, une dr\u00f4le d&#039;id\u00e9e ? D\u00e9couvrez avec nous l&#039;\u00e9volution des changes pour b\u00e9b\u00e9 et pourquoi le lavable est une solution !\" \/>\n<meta name=\"robots\" content=\"index, follow, max-snippet:-1, max-image-preview:large, max-video-preview:-1\" \/>\n<link rel=\"canonical\" href=\"https:\/\/annaetmatteo.com\/blog\/levolution-des-changes-pour-bebe\/\" \/>\n<meta property=\"og:locale\" content=\"fr_FR\" \/>\n<meta property=\"og:type\" content=\"article\" \/>\n<meta property=\"og:title\" content=\"L\u2019\u00e9volution des changes pour b\u00e9b\u00e9 : pourquoi pas la couche lavable ?\" \/>\n<meta property=\"og:description\" content=\"Les couches lavables, une dr\u00f4le d&#039;id\u00e9e ? D\u00e9couvrez avec nous l&#039;\u00e9volution des changes pour b\u00e9b\u00e9 et pourquoi le lavable est une solution !\" \/>\n<meta property=\"og:url\" content=\"https:\/\/annaetmatteo.com\/blog\/levolution-des-changes-pour-bebe\/\" \/>\n<meta property=\"og:site_name\" content=\"Blog du Monde d&#039;Anna et Matteo\" \/>\n<meta property=\"article:publisher\" content=\"https:\/\/www.facebook.com\/AnnaEtMatteo\/\" \/>\n<meta property=\"article:published_time\" content=\"2021-08-12T09:11:25+00:00\" \/>\n<meta property=\"article:modified_time\" content=\"2021-08-12T09:24:27+00:00\" \/>\n<meta property=\"og:image\" content=\"https:\/\/annaetmatteo.com\/blog\/wp-content\/uploads\/2021\/08\/combien-de-couches.jpg\" \/>\n\t<meta property=\"og:image:width\" content=\"640\" \/>\n\t<meta property=\"og:image:height\" content=\"350\" \/>\n\t<meta property=\"og:image:type\" content=\"image\/jpeg\" \/>\n<meta name=\"twitter:card\" content=\"summary_large_image\" \/>\n<meta name=\"twitter:creator\" content=\"@AnnaEtMatteo\" \/>\n<meta name=\"twitter:site\" content=\"@AnnaEtMatteo\" \/>\n<meta name=\"twitter:label1\" content=\"\u00c9crit par\" \/>\n\t<meta name=\"twitter:data1\" content=\"Contribution Externe\" \/>\n\t<meta name=\"twitter:label2\" content=\"Dur\u00e9e de lecture estim\u00e9e\" \/>\n\t<meta name=\"twitter:data2\" content=\"3 minutes\" \/>\n<script type=\"application\/ld+json\" class=\"yoast-schema-graph\">{\"@context\":\"https:\/\/schema.org\",\"@graph\":[{\"@type\":\"Organization\",\"@id\":\"https:\/\/annaetmatteo.com\/blog\/#organization\",\"name\":\"Le Monde d'Anna et Matteo\",\"url\":\"https:\/\/annaetmatteo.com\/blog\/\",\"sameAs\":[\"https:\/\/www.facebook.com\/AnnaEtMatteo\/\",\"https:\/\/www.instagram.com\/annaetmatteo\/\",\"https:\/\/www.youtube.com\/channel\/UCSce5n3L_8dmB8yTwbXnCwA\/f\",\"https:\/\/www.pinterest.fr\/AnnaEtMatteo\/\",\"https:\/\/twitter.com\/AnnaEtMatteo\"],\"logo\":{\"@type\":\"ImageObject\",\"@id\":\"https:\/\/annaetmatteo.com\/blog\/#logo\",\"inLanguage\":\"fr-FR\",\"url\":\"https:\/\/annaetmatteo.com\/blog\/wp-content\/uploads\/2018\/04\/rbU69AmF_400x400-1.jpg\",\"contentUrl\":\"https:\/\/annaetmatteo.com\/blog\/wp-content\/uploads\/2018\/04\/rbU69AmF_400x400-1.jpg\",\"width\":240,\"height\":240,\"caption\":\"Le Monde d'Anna et Matteo\"},\"image\":{\"@id\":\"https:\/\/annaetmatteo.com\/blog\/#logo\"}},{\"@type\":\"WebSite\",\"@id\":\"https:\/\/annaetmatteo.com\/blog\/#website\",\"url\":\"https:\/\/annaetmatteo.com\/blog\/\",\"name\":\"Blog du Monde d&#039;Anna et Matteo\",\"description\":\"\",\"publisher\":{\"@id\":\"https:\/\/annaetmatteo.com\/blog\/#organization\"},\"potentialAction\":[{\"@type\":\"SearchAction\",\"target\":{\"@type\":\"EntryPoint\",\"urlTemplate\":\"https:\/\/annaetmatteo.com\/blog\/?s={search_term_string}\"},\"query-input\":\"required name=search_term_string\"}],\"inLanguage\":\"fr-FR\"},{\"@type\":\"ImageObject\",\"@id\":\"https:\/\/annaetmatteo.com\/blog\/levolution-des-changes-pour-bebe\/#primaryimage\",\"inLanguage\":\"fr-FR\",\"url\":\"https:\/\/annaetmatteo.com\/blog\/wp-content\/uploads\/2021\/08\/combien-de-couches.jpg\",\"contentUrl\":\"https:\/\/annaetmatteo.com\/blog\/wp-content\/uploads\/2021\/08\/combien-de-couches.jpg\",\"width\":640,\"height\":350},{\"@type\":\"WebPage\",\"@id\":\"https:\/\/annaetmatteo.com\/blog\/levolution-des-changes-pour-bebe\/#webpage\",\"url\":\"https:\/\/annaetmatteo.com\/blog\/levolution-des-changes-pour-bebe\/\",\"name\":\"L\u2019\u00e9volution des changes pour b\u00e9b\u00e9 : pourquoi pas la couche lavable ?\",\"isPartOf\":{\"@id\":\"https:\/\/annaetmatteo.com\/blog\/#website\"},\"primaryImageOfPage\":{\"@id\":\"https:\/\/annaetmatteo.com\/blog\/levolution-des-changes-pour-bebe\/#primaryimage\"},\"datePublished\":\"2021-08-12T09:11:25+00:00\",\"dateModified\":\"2021-08-12T09:24:27+00:00\",\"description\":\"Les couches lavables, une dr\u00f4le d'id\u00e9e ? D\u00e9couvrez avec nous l'\u00e9volution des changes pour b\u00e9b\u00e9 et pourquoi le lavable est une solution !\",\"breadcrumb\":{\"@id\":\"https:\/\/annaetmatteo.com\/blog\/levolution-des-changes-pour-bebe\/#breadcrumb\"},\"inLanguage\":\"fr-FR\",\"potentialAction\":[{\"@type\":\"ReadAction\",\"target\":[\"https:\/\/annaetmatteo.com\/blog\/levolution-des-changes-pour-bebe\/\"]}]},{\"@type\":\"BreadcrumbList\",\"@id\":\"https:\/\/annaetmatteo.com\/blog\/levolution-des-changes-pour-bebe\/#breadcrumb\",\"itemListElement\":[{\"@type\":\"ListItem\",\"position\":1,\"name\":\"Accueil\",\"item\":\"https:\/\/annaetmatteo.com\/blog\/\"},{\"@type\":\"ListItem\",\"position\":2,\"name\":\"L\u2019\u00e9volution des changes pour b\u00e9b\u00e9\"}]},{\"@type\":\"Article\",\"@id\":\"https:\/\/annaetmatteo.com\/blog\/levolution-des-changes-pour-bebe\/#article\",\"isPartOf\":{\"@id\":\"https:\/\/annaetmatteo.com\/blog\/levolution-des-changes-pour-bebe\/#webpage\"},\"author\":{\"@id\":\"https:\/\/annaetmatteo.com\/blog\/#\/schema\/person\/d36a8c1c346ef961e7bb5789cda7b4c2\"},\"headline\":\"L\u2019\u00e9volution des changes pour b\u00e9b\u00e9\",\"datePublished\":\"2021-08-12T09:11:25+00:00\",\"dateModified\":\"2021-08-12T09:24:27+00:00\",\"mainEntityOfPage\":{\"@id\":\"https:\/\/annaetmatteo.com\/blog\/levolution-des-changes-pour-bebe\/#webpage\"},\"wordCount\":693,\"commentCount\":0,\"publisher\":{\"@id\":\"https:\/\/annaetmatteo.com\/blog\/#organization\"},\"image\":{\"@id\":\"https:\/\/annaetmatteo.com\/blog\/levolution-des-changes-pour-bebe\/#primaryimage\"},\"thumbnailUrl\":\"https:\/\/annaetmatteo.com\/blog\/wp-content\/uploads\/2021\/08\/combien-de-couches.jpg\",\"inLanguage\":\"fr-FR\",\"potentialAction\":[{\"@type\":\"CommentAction\",\"name\":\"Comment\",\"target\":[\"https:\/\/annaetmatteo.com\/blog\/levolution-des-changes-pour-bebe\/#respond\"]}]},{\"@type\":\"Person\",\"@id\":\"https:\/\/annaetmatteo.com\/blog\/#\/schema\/person\/d36a8c1c346ef961e7bb5789cda7b4c2\",\"name\":\"Contribution Externe\",\"image\":{\"@type\":\"ImageObject\",\"@id\":\"https:\/\/annaetmatteo.com\/blog\/#personlogo\",\"inLanguage\":\"fr-FR\",\"url\":\"https:\/\/secure.gravatar.com\/avatar\/a6bea0841a45017a55f824f0ef09443b?s=96&d=mm&r=g\",\"contentUrl\":\"https:\/\/secure.gravatar.com\/avatar\/a6bea0841a45017a55f824f0ef09443b?s=96&d=mm&r=g\",\"caption\":\"Contribution Externe\"}}]}<\/script>\n<!-- \/ Yoast SEO plugin. -->","yoast_head_json":{"title":"L\u2019\u00e9volution des changes pour b\u00e9b\u00e9 : pourquoi pas la couche lavable ?","description":"Les couches lavables, une dr\u00f4le d'id\u00e9e ? D\u00e9couvrez avec nous l'\u00e9volution des changes pour b\u00e9b\u00e9 et pourquoi le lavable est une solution !","robots":{"index":"index","follow":"follow","max-snippet":"max-snippet:-1","max-image-preview":"max-image-preview:large","max-video-preview":"max-video-preview:-1"},"canonical":"https:\/\/annaetmatteo.com\/blog\/levolution-des-changes-pour-bebe\/","og_locale":"fr_FR","og_type":"article","og_title":"L\u2019\u00e9volution des changes pour b\u00e9b\u00e9 : pourquoi pas la couche lavable ?","og_description":"Les couches lavables, une dr\u00f4le d'id\u00e9e ? D\u00e9couvrez avec nous l'\u00e9volution des changes pour b\u00e9b\u00e9 et pourquoi le lavable est une solution !","og_url":"https:\/\/annaetmatteo.com\/blog\/levolution-des-changes-pour-bebe\/","og_site_name":"Blog du Monde d&#039;Anna et Matteo","article_publisher":"https:\/\/www.facebook.com\/AnnaEtMatteo\/","article_published_time":"2021-08-12T09:11:25+00:00","article_modified_time":"2021-08-12T09:24:27+00:00","og_image":[{"width":640,"height":350,"url":"https:\/\/annaetmatteo.com\/blog\/wp-content\/uploads\/2021\/08\/combien-de-couches.jpg","type":"image\/jpeg"}],"twitter_card":"summary_large_image","twitter_creator":"@AnnaEtMatteo","twitter_site":"@AnnaEtMatteo","twitter_misc":{"\u00c9crit par":"Contribution Externe","Dur\u00e9e de lecture estim\u00e9e":"3 minutes"},"schema":{"@context":"https:\/\/schema.org","@graph":[{"@type":"Organization","@id":"https:\/\/annaetmatteo.com\/blog\/#organization","name":"Le Monde d'Anna et Matteo","url":"https:\/\/annaetmatteo.com\/blog\/","sameAs":["https:\/\/www.facebook.com\/AnnaEtMatteo\/","https:\/\/www.instagram.com\/annaetmatteo\/","https:\/\/www.youtube.com\/channel\/UCSce5n3L_8dmB8yTwbXnCwA\/f","https:\/\/www.pinterest.fr\/AnnaEtMatteo\/","https:\/\/twitter.com\/AnnaEtMatteo"],"logo":{"@type":"ImageObject","@id":"https:\/\/annaetmatteo.com\/blog\/#logo","inLanguage":"fr-FR","url":"https:\/\/annaetmatteo.com\/blog\/wp-content\/uploads\/2018\/04\/rbU69AmF_400x400-1.jpg","contentUrl":"https:\/\/annaetmatteo.com\/blog\/wp-content\/uploads\/2018\/04\/rbU69AmF_400x400-1.jpg","width":240,"height":240,"caption":"Le Monde d'Anna et Matteo"},"image":{"@id":"https:\/\/annaetmatteo.com\/blog\/#logo"}},{"@type":"WebSite","@id":"https:\/\/annaetmatteo.com\/blog\/#website","url":"https:\/\/annaetmatteo.com\/blog\/","name":"Blog du Monde d&#039;Anna et Matteo","description":"","publisher":{"@id":"https:\/\/annaetmatteo.com\/blog\/#organization"},"potentialAction":[{"@type":"SearchAction","target":{"@type":"EntryPoint","urlTemplate":"https:\/\/annaetmatteo.com\/blog\/?s={search_term_string}"},"query-input":"required name=search_term_string"}],"inLanguage":"fr-FR"},{"@type":"ImageObject","@id":"https:\/\/annaetmatteo.com\/blog\/levolution-des-changes-pour-bebe\/#primaryimage","inLanguage":"fr-FR","url":"https:\/\/annaetmatteo.com\/blog\/wp-content\/uploads\/2021\/08\/combien-de-couches.jpg","contentUrl":"https:\/\/annaetmatteo.com\/blog\/wp-content\/uploads\/2021\/08\/combien-de-couches.jpg","width":640,"height":350},{"@type":"WebPage","@id":"https:\/\/annaetmatteo.com\/blog\/levolution-des-changes-pour-bebe\/#webpage","url":"https:\/\/annaetmatteo.com\/blog\/levolution-des-changes-pour-bebe\/","name":"L\u2019\u00e9volution des changes pour b\u00e9b\u00e9 : pourquoi pas la couche lavable ?","isPartOf":{"@id":"https:\/\/annaetmatteo.com\/blog\/#website"},"primaryImageOfPage":{"@id":"https:\/\/annaetmatteo.com\/blog\/levolution-des-changes-pour-bebe\/#primaryimage"},"datePublished":"2021-08-12T09:11:25+00:00","dateModified":"2021-08-12T09:24:27+00:00","description":"Les couches lavables, une dr\u00f4le d'id\u00e9e ? D\u00e9couvrez avec nous l'\u00e9volution des changes pour b\u00e9b\u00e9 et pourquoi le lavable est une solution !","breadcrumb":{"@id":"https:\/\/annaetmatteo.com\/blog\/levolution-des-changes-pour-bebe\/#breadcrumb"},"inLanguage":"fr-FR","potentialAction":[{"@type":"ReadAction","target":["https:\/\/annaetmatteo.com\/blog\/levolution-des-changes-pour-bebe\/"]}]},{"@type":"BreadcrumbList","@id":"https:\/\/annaetmatteo.com\/blog\/levolution-des-changes-pour-bebe\/#breadcrumb","itemListElement":[{"@type":"ListItem","position":1,"name":"Accueil","item":"https:\/\/annaetmatteo.com\/blog\/"},{"@type":"ListItem","position":2,"name":"L\u2019\u00e9volution des changes pour b\u00e9b\u00e9"}]},{"@type":"Article","@id":"https:\/\/annaetmatteo.com\/blog\/levolution-des-changes-pour-bebe\/#article","isPartOf":{"@id":"https:\/\/annaetmatteo.com\/blog\/levolution-des-changes-pour-bebe\/#webpage"},"author":{"@id":"https:\/\/annaetmatteo.com\/blog\/#\/schema\/person\/d36a8c1c346ef961e7bb5789cda7b4c2"},"headline":"L\u2019\u00e9volution des changes pour b\u00e9b\u00e9","datePublished":"2021-08-12T09:11:25+00:00","dateModified":"2021-08-12T09:24:27+00:00","mainEntityOfPage":{"@id":"https:\/\/annaetmatteo.com\/blog\/levolution-des-changes-pour-bebe\/#webpage"},"wordCount":693,"commentCount":0,"publisher":{"@id":"https:\/\/annaetmatteo.com\/blog\/#organization"},"image":{"@id":"https:\/\/annaetmatteo.com\/blog\/levolution-des-changes-pour-bebe\/#primaryimage"},"thumbnailUrl":"https:\/\/annaetmatteo.com\/blog\/wp-content\/uploads\/2021\/08\/combien-de-couches.jpg","inLanguage":"fr-FR","potentialAction":[{"@type":"CommentAction","name":"Comment","target":["https:\/\/annaetmatteo.com\/blog\/levolution-des-changes-pour-bebe\/#respond"]}]},{"@type":"Person","@id":"https:\/\/annaetmatteo.com\/blog\/#\/schema\/person\/d36a8c1c346ef961e7bb5789cda7b4c2","name":"Contribution Externe","image":{"@type":"ImageObject","@id":"https:\/\/annaetmatteo.com\/blog\/#personlogo","inLanguage":"fr-FR","url":"https:\/\/secure.gravatar.com\/avatar\/a6bea0841a45017a55f824f0ef09443b?s=96&d=mm&r=g","contentUrl":"https:\/\/secure.gravatar.com\/avatar\/a6bea0841a45017a55f824f0ef09443b?s=96&d=mm&r=g","caption":"Contribution Externe"}}]}},"_links":{"self":[{"href":"https:\/\/annaetmatteo.com\/blog\/wp-json\/wp\/v2\/posts\/936"}],"collection":[{"href":"https:\/\/annaetmatteo.com\/blog\/wp-json\/wp\/v2\/posts"}],"about":[{"href":"https:\/\/annaetmatteo.com\/blog\/wp-json\/wp\/v2\/types\/post"}],"author":[{"embeddable":true,"href":"https:\/\/annaetmatteo.com\/blog\/wp-json\/wp\/v2\/users\/3"}],"replies":[{"embeddable":true,"href":"https:\/\/annaetmatteo.com\/blog\/wp-json\/wp\/v2\/comments?post=936"}],"version-history":[{"count":4,"href":"https:\/\/annaetmatteo.com\/blog\/wp-json\/wp\/v2\/posts\/936\/revisions"}],"predecessor-version":[{"id":941,"href":"https:\/\/annaetmatteo.com\/blog\/wp-json\/wp\/v2\/posts\/936\/revisions\/941"}],"wp:featuredmedia":[{"embeddable":true,"href":"https:\/\/annaetmatteo.com\/blog\/wp-json\/wp\/v2\/media\/939"}],"wp:attachment":[{"href":"https:\/\/annaetmatteo.com\/blog\/wp-json\/wp\/v2\/media?parent=936"}],"wp:term":[{"taxonomy":"category","embeddable":true,"href":"https:\/\/annaetmatteo.com\/blog\/wp-json\/wp\/v2\/categories?post=936"},{"taxonomy":"post_tag","embeddable":true,"href":"https:\/\/annaetmatteo.com\/blog\/wp-json\/wp\/v2\/tags?post=936"}],"curies":[{"name":"wp","href":"https:\/\/api.w.org\/{rel}","templated":true}]}}