{"id":930,"date":"2021-06-03T11:53:50","date_gmt":"2021-06-03T09:53:50","guid":{"rendered":"https:\/\/annaetmatteo.com\/blog\/?p=930"},"modified":"2021-06-03T11:53:50","modified_gmt":"2021-06-03T09:53:50","slug":"dou-vient-la-tradition-de-la-petite-souris","status":"publish","type":"post","link":"https:\/\/annaetmatteo.com\/blog\/dou-vient-la-tradition-de-la-petite-souris\/","title":{"rendered":"D&rsquo;o\u00f9 vient la tradition de la Petite-souris ?"},"content":{"rendered":"<h2>Pendant le sommeil de votre enfant, la Petite-souris vient r\u00e9cup\u00e9rer la dent de lait tout juste tomb\u00e9e et l&rsquo;\u00e9change contre une petite pi\u00e8ce. Mais d&rsquo;o\u00f9 vient cette tradition ?<!--more--><\/h2>\n<p>Habituellement, certains ont peur des souris. Mais celle-ci, les enfants et les parents l&rsquo;adorent ! La <strong>Petite-souris<\/strong> est, tel un P\u00e8re No\u00ebl, celle qui vient en pleine nuit apporter un cadeau.<\/p>\n<p>Quand l&rsquo;enfant perd une dent de lait, il la place sous son oreiller et, une fois endormi, sa dent est remplac\u00e9e par une pi\u00e8ce ! Magique ? Non, c&rsquo;est l&rsquo;\u0153uvre de la <strong>Petite-souris<\/strong> \u00e9videmment !<\/p>\n<p>Ce cher rongeur est surtout connu dans les pays francophones. Mais on le retrouve aussi dans la culture hispanique tant en Europe qu&rsquo;en Am\u00e9rique du Sud. Chez les Anglo-saxons, le m\u00eame tour de passe-passe a lieu, mais cette fois c&rsquo;est la <strong>F\u00e9e des dents<\/strong> qui s&rsquo;en occupe.<\/p>\n<p>Au Qu\u00e9bec ou en Italie, <strong>F\u00e9e des dents<\/strong> et <strong>Petite-souris<\/strong> cohabitent. Nul ne sait si elles se chamaillent pour obtenir les dents des enfants&#8230;<\/p>\n<h3>Les origines possibles de la Petite-souris<\/h3>\n<p>Mais d&rsquo;o\u00f9 vient cette tradition ? Il y a deux principales pistes possibles. La premi\u00e8re, consid\u00e9r\u00e9e comme la plus probable, est que la Petite-souris vient d&rsquo;un contre fran\u00e7ais de la baronne d\u2019Aulnoy intitul\u00e9 <em>La Bonne Petite Souris<\/em>. Dans ce conte, une f\u00e9e se transforme en souris. Pour aider une reine \u00e0 vaincre un vilain roi, elle se cache sous son oreiller et lui fait tomber toutes ses dents !<\/p>\n<p>Une autre hypoth\u00e8se est que l&rsquo;origine se trouve dans d&rsquo;anciennes croyances. On jetait la dent du jeune enfant \u00e0 un animal, pour qu&rsquo;il la mange, dans l&rsquo;espoir que la dent d\u00e9finitive prenne les caract\u00e9ristiques de celui-ci. Une souris \u00e9tant connue pour ses dents solides et coupantes.<\/p>\n<p>Dans tous les cas, on peut s&rsquo;arranger avec la <strong>Petite-souris<\/strong> pour conserver la dent. Dans ce cas, n&rsquo;h\u00e9sitez pas \u00e0 craquer pour une de nos <span style=\"color: #0000ff;\"><a style=\"color: #0000ff;\" href=\"https:\/\/annaetmatteo.com\/83-boite-dents-de-lait\" target=\"_blank\" rel=\"noopener\">bo\u00eetes \u00e0 dents personnalisables<\/a><\/span> afin de la garder pr\u00e9cieusement !<\/p>\n<p>&nbsp;<\/p>\n<p><a href=\"https:\/\/kokpit-couche.com\/atelier-couche-lavable\/?ae=13-1\"><img src=\"https:\/\/lb.affilae.com\/imp\/609902ecd7eeec36352d856a\/60a41316b92c354bfba4377f\/609927fcd7eeec36352d8668\/https:\/\/s3-eu-west-1.amazonaws.com\/aeup\/uploads\/programs\/609902ecd7eeec36352d856a\/elements\/609927fbd7eeec36352d865d.png\" \/><\/a><\/p>\n<h4>Ces articles pourraient aussi vous int\u00e9resser :<\/h4>\n<p><span style=\"color: #0000ff;\"><a style=\"color: #0000ff;\" href=\"https:\/\/annaetmatteo.com\/blog\/dou-vient-la-fete-des-meres\/\" target=\"_blank\" rel=\"noopener\">D&rsquo;o\u00f9 vient la F\u00eate des M\u00e8res ?<\/a><\/span><\/p>\n<p><span style=\"color: #0000ff;\"><a style=\"color: #0000ff;\" href=\"https:\/\/annaetmatteo.com\/blog\/dois-je-dire-a-mes-enfants-que-le-pere-noel-nexiste-pas\/\" target=\"_blank\" rel=\"noopener\">Dois-je dire \u00e0 mes enfants que le P\u00e8re No\u00ebl n&rsquo;existe pas ?<\/a><\/span><\/p>\n<p><span style=\"color: #0000ff;\"><a style=\"color: #0000ff;\" href=\"https:\/\/annaetmatteo.com\/blog\/cloches-oeufs-en-chocolat-traditions-de-paques\/\">Cloches, \u0153ufs en chocolat : d&rsquo;o\u00f9 viennent ces traditions de P\u00e2ques ?<\/a><\/span><\/p>\n<p>&nbsp;<\/p>\n","protected":false},"excerpt":{"rendered":"<p>Pendant le sommeil de votre enfant, la Petite-souris vient r\u00e9cup\u00e9rer la dent de lait tout juste tomb\u00e9e et l&rsquo;\u00e9change contre une petite pi\u00e8ce. Mais d&rsquo;o\u00f9 vient cette tradition ?<\/p>\n","protected":false},"author":1,"featured_media":932,"comment_status":"open","ping_status":"open","sticky":false,"template":"","format":"standard","meta":[],"categories":[1],"tags":[],"yoast_head":"<!-- This site is optimized with the Yoast SEO plugin v18.0 - https:\/\/yoast.com\/wordpress\/plugins\/seo\/ -->\n<title>D&#039;o\u00f9 vient la tradition de la Petite-souris ? Est-elle universelle ?<\/title>\n<meta name=\"description\" content=\"Tout le monde connait la Petite-souris, mais peu de monde peut vous expliquer d&#039;o\u00f9 vient cette tradition. Nous allons vous aider \u00e0 briller en soci\u00e9t\u00e9 !\" \/>\n<meta name=\"robots\" content=\"index, follow, max-snippet:-1, max-image-preview:large, max-video-preview:-1\" \/>\n<link rel=\"canonical\" href=\"https:\/\/annaetmatteo.com\/blog\/dou-vient-la-tradition-de-la-petite-souris\/\" \/>\n<meta property=\"og:locale\" content=\"fr_FR\" \/>\n<meta property=\"og:type\" content=\"article\" \/>\n<meta property=\"og:title\" content=\"D&#039;o\u00f9 vient la tradition de la Petite-souris ? Est-elle universelle ?\" \/>\n<meta property=\"og:description\" content=\"Tout le monde connait la Petite-souris, mais peu de monde peut vous expliquer d&#039;o\u00f9 vient cette tradition. Nous allons vous aider \u00e0 briller en soci\u00e9t\u00e9 !\" \/>\n<meta property=\"og:url\" content=\"https:\/\/annaetmatteo.com\/blog\/dou-vient-la-tradition-de-la-petite-souris\/\" \/>\n<meta property=\"og:site_name\" content=\"Blog du Monde d&#039;Anna et Matteo\" \/>\n<meta property=\"article:publisher\" content=\"https:\/\/www.facebook.com\/AnnaEtMatteo\/\" \/>\n<meta property=\"article:author\" content=\"https:\/\/www.facebook.com\/AnnaEtMatteo\/\" \/>\n<meta property=\"article:published_time\" content=\"2021-06-03T09:53:50+00:00\" \/>\n<meta property=\"og:image\" content=\"https:\/\/annaetmatteo.com\/blog\/wp-content\/uploads\/2021\/06\/petite-souris.jpg\" \/>\n\t<meta property=\"og:image:width\" content=\"1000\" \/>\n\t<meta property=\"og:image:height\" content=\"400\" \/>\n\t<meta property=\"og:image:type\" content=\"image\/jpeg\" \/>\n<meta name=\"twitter:card\" content=\"summary_large_image\" \/>\n<meta name=\"twitter:creator\" content=\"@AnnaEtMatteo\" \/>\n<meta name=\"twitter:site\" content=\"@AnnaEtMatteo\" \/>\n<meta name=\"twitter:label1\" content=\"\u00c9crit par\" \/>\n\t<meta name=\"twitter:data1\" content=\"M\u00e9lanie &amp; Arnaud | Le Monde d'Anna et Matteo\" \/>\n\t<meta name=\"twitter:label2\" content=\"Dur\u00e9e de lecture estim\u00e9e\" \/>\n\t<meta name=\"twitter:data2\" content=\"2 minutes\" \/>\n<script type=\"application\/ld+json\" class=\"yoast-schema-graph\">{\"@context\":\"https:\/\/schema.org\",\"@graph\":[{\"@type\":\"Organization\",\"@id\":\"https:\/\/annaetmatteo.com\/blog\/#organization\",\"name\":\"Le Monde d'Anna et Matteo\",\"url\":\"https:\/\/annaetmatteo.com\/blog\/\",\"sameAs\":[\"https:\/\/www.facebook.com\/AnnaEtMatteo\/\",\"https:\/\/www.instagram.com\/annaetmatteo\/\",\"https:\/\/www.youtube.com\/channel\/UCSce5n3L_8dmB8yTwbXnCwA\/f\",\"https:\/\/www.pinterest.fr\/AnnaEtMatteo\/\",\"https:\/\/twitter.com\/AnnaEtMatteo\"],\"logo\":{\"@type\":\"ImageObject\",\"@id\":\"https:\/\/annaetmatteo.com\/blog\/#logo\",\"inLanguage\":\"fr-FR\",\"url\":\"https:\/\/annaetmatteo.com\/blog\/wp-content\/uploads\/2018\/04\/rbU69AmF_400x400-1.jpg\",\"contentUrl\":\"https:\/\/annaetmatteo.com\/blog\/wp-content\/uploads\/2018\/04\/rbU69AmF_400x400-1.jpg\",\"width\":240,\"height\":240,\"caption\":\"Le Monde d'Anna et Matteo\"},\"image\":{\"@id\":\"https:\/\/annaetmatteo.com\/blog\/#logo\"}},{\"@type\":\"WebSite\",\"@id\":\"https:\/\/annaetmatteo.com\/blog\/#website\",\"url\":\"https:\/\/annaetmatteo.com\/blog\/\",\"name\":\"Blog du Monde d&#039;Anna et Matteo\",\"description\":\"\",\"publisher\":{\"@id\":\"https:\/\/annaetmatteo.com\/blog\/#organization\"},\"potentialAction\":[{\"@type\":\"SearchAction\",\"target\":{\"@type\":\"EntryPoint\",\"urlTemplate\":\"https:\/\/annaetmatteo.com\/blog\/?s={search_term_string}\"},\"query-input\":\"required name=search_term_string\"}],\"inLanguage\":\"fr-FR\"},{\"@type\":\"ImageObject\",\"@id\":\"https:\/\/annaetmatteo.com\/blog\/dou-vient-la-tradition-de-la-petite-souris\/#primaryimage\",\"inLanguage\":\"fr-FR\",\"url\":\"https:\/\/annaetmatteo.com\/blog\/wp-content\/uploads\/2021\/06\/petite-souris.jpg\",\"contentUrl\":\"https:\/\/annaetmatteo.com\/blog\/wp-content\/uploads\/2021\/06\/petite-souris.jpg\",\"width\":1000,\"height\":400,\"caption\":\"petite souris\"},{\"@type\":\"WebPage\",\"@id\":\"https:\/\/annaetmatteo.com\/blog\/dou-vient-la-tradition-de-la-petite-souris\/#webpage\",\"url\":\"https:\/\/annaetmatteo.com\/blog\/dou-vient-la-tradition-de-la-petite-souris\/\",\"name\":\"D'o\u00f9 vient la tradition de la Petite-souris ? Est-elle universelle ?\",\"isPartOf\":{\"@id\":\"https:\/\/annaetmatteo.com\/blog\/#website\"},\"primaryImageOfPage\":{\"@id\":\"https:\/\/annaetmatteo.com\/blog\/dou-vient-la-tradition-de-la-petite-souris\/#primaryimage\"},\"datePublished\":\"2021-06-03T09:53:50+00:00\",\"dateModified\":\"2021-06-03T09:53:50+00:00\",\"description\":\"Tout le monde connait la Petite-souris, mais peu de monde peut vous expliquer d'o\u00f9 vient cette tradition. Nous allons vous aider \u00e0 briller en soci\u00e9t\u00e9 !\",\"breadcrumb\":{\"@id\":\"https:\/\/annaetmatteo.com\/blog\/dou-vient-la-tradition-de-la-petite-souris\/#breadcrumb\"},\"inLanguage\":\"fr-FR\",\"potentialAction\":[{\"@type\":\"ReadAction\",\"target\":[\"https:\/\/annaetmatteo.com\/blog\/dou-vient-la-tradition-de-la-petite-souris\/\"]}]},{\"@type\":\"BreadcrumbList\",\"@id\":\"https:\/\/annaetmatteo.com\/blog\/dou-vient-la-tradition-de-la-petite-souris\/#breadcrumb\",\"itemListElement\":[{\"@type\":\"ListItem\",\"position\":1,\"name\":\"Accueil\",\"item\":\"https:\/\/annaetmatteo.com\/blog\/\"},{\"@type\":\"ListItem\",\"position\":2,\"name\":\"D&rsquo;o\u00f9 vient la tradition de la Petite-souris ?\"}]},{\"@type\":\"Article\",\"@id\":\"https:\/\/annaetmatteo.com\/blog\/dou-vient-la-tradition-de-la-petite-souris\/#article\",\"isPartOf\":{\"@id\":\"https:\/\/annaetmatteo.com\/blog\/dou-vient-la-tradition-de-la-petite-souris\/#webpage\"},\"author\":{\"@id\":\"https:\/\/annaetmatteo.com\/blog\/#\/schema\/person\/324a22a04fc2477c15496ba8213c7eab\"},\"headline\":\"D&rsquo;o\u00f9 vient la tradition de la Petite-souris ?\",\"datePublished\":\"2021-06-03T09:53:50+00:00\",\"dateModified\":\"2021-06-03T09:53:50+00:00\",\"mainEntityOfPage\":{\"@id\":\"https:\/\/annaetmatteo.com\/blog\/dou-vient-la-tradition-de-la-petite-souris\/#webpage\"},\"wordCount\":384,\"commentCount\":0,\"publisher\":{\"@id\":\"https:\/\/annaetmatteo.com\/blog\/#organization\"},\"image\":{\"@id\":\"https:\/\/annaetmatteo.com\/blog\/dou-vient-la-tradition-de-la-petite-souris\/#primaryimage\"},\"thumbnailUrl\":\"https:\/\/annaetmatteo.com\/blog\/wp-content\/uploads\/2021\/06\/petite-souris.jpg\",\"inLanguage\":\"fr-FR\",\"potentialAction\":[{\"@type\":\"CommentAction\",\"name\":\"Comment\",\"target\":[\"https:\/\/annaetmatteo.com\/blog\/dou-vient-la-tradition-de-la-petite-souris\/#respond\"]}]},{\"@type\":\"Person\",\"@id\":\"https:\/\/annaetmatteo.com\/blog\/#\/schema\/person\/324a22a04fc2477c15496ba8213c7eab\",\"name\":\"M\u00e9lanie &amp; Arnaud | Le Monde d'Anna et Matteo\",\"image\":{\"@type\":\"ImageObject\",\"@id\":\"https:\/\/annaetmatteo.com\/blog\/#personlogo\",\"inLanguage\":\"fr-FR\",\"url\":\"https:\/\/secure.gravatar.com\/avatar\/3c48cff264353bcb37bf9b52c1b769e7?s=96&d=mm&r=g\",\"contentUrl\":\"https:\/\/secure.gravatar.com\/avatar\/3c48cff264353bcb37bf9b52c1b769e7?s=96&d=mm&r=g\",\"caption\":\"M\u00e9lanie &amp; Arnaud | Le Monde d'Anna et Matteo\"},\"sameAs\":[\"https:\/\/annaetmatteo.com\",\"https:\/\/www.facebook.com\/AnnaEtMatteo\/\",\"https:\/\/twitter.com\/AnnaEtMatteo\"]}]}<\/script>\n<!-- \/ Yoast SEO plugin. -->","yoast_head_json":{"title":"D'o\u00f9 vient la tradition de la Petite-souris ? Est-elle universelle ?","description":"Tout le monde connait la Petite-souris, mais peu de monde peut vous expliquer d'o\u00f9 vient cette tradition. Nous allons vous aider \u00e0 briller en soci\u00e9t\u00e9 !","robots":{"index":"index","follow":"follow","max-snippet":"max-snippet:-1","max-image-preview":"max-image-preview:large","max-video-preview":"max-video-preview:-1"},"canonical":"https:\/\/annaetmatteo.com\/blog\/dou-vient-la-tradition-de-la-petite-souris\/","og_locale":"fr_FR","og_type":"article","og_title":"D'o\u00f9 vient la tradition de la Petite-souris ? Est-elle universelle ?","og_description":"Tout le monde connait la Petite-souris, mais peu de monde peut vous expliquer d'o\u00f9 vient cette tradition. Nous allons vous aider \u00e0 briller en soci\u00e9t\u00e9 !","og_url":"https:\/\/annaetmatteo.com\/blog\/dou-vient-la-tradition-de-la-petite-souris\/","og_site_name":"Blog du Monde d&#039;Anna et Matteo","article_publisher":"https:\/\/www.facebook.com\/AnnaEtMatteo\/","article_author":"https:\/\/www.facebook.com\/AnnaEtMatteo\/","article_published_time":"2021-06-03T09:53:50+00:00","og_image":[{"width":1000,"height":400,"url":"https:\/\/annaetmatteo.com\/blog\/wp-content\/uploads\/2021\/06\/petite-souris.jpg","type":"image\/jpeg"}],"twitter_card":"summary_large_image","twitter_creator":"@AnnaEtMatteo","twitter_site":"@AnnaEtMatteo","twitter_misc":{"\u00c9crit par":"M\u00e9lanie &amp; Arnaud | Le Monde d'Anna et Matteo","Dur\u00e9e de lecture estim\u00e9e":"2 minutes"},"schema":{"@context":"https:\/\/schema.org","@graph":[{"@type":"Organization","@id":"https:\/\/annaetmatteo.com\/blog\/#organization","name":"Le Monde d'Anna et Matteo","url":"https:\/\/annaetmatteo.com\/blog\/","sameAs":["https:\/\/www.facebook.com\/AnnaEtMatteo\/","https:\/\/www.instagram.com\/annaetmatteo\/","https:\/\/www.youtube.com\/channel\/UCSce5n3L_8dmB8yTwbXnCwA\/f","https:\/\/www.pinterest.fr\/AnnaEtMatteo\/","https:\/\/twitter.com\/AnnaEtMatteo"],"logo":{"@type":"ImageObject","@id":"https:\/\/annaetmatteo.com\/blog\/#logo","inLanguage":"fr-FR","url":"https:\/\/annaetmatteo.com\/blog\/wp-content\/uploads\/2018\/04\/rbU69AmF_400x400-1.jpg","contentUrl":"https:\/\/annaetmatteo.com\/blog\/wp-content\/uploads\/2018\/04\/rbU69AmF_400x400-1.jpg","width":240,"height":240,"caption":"Le Monde d'Anna et Matteo"},"image":{"@id":"https:\/\/annaetmatteo.com\/blog\/#logo"}},{"@type":"WebSite","@id":"https:\/\/annaetmatteo.com\/blog\/#website","url":"https:\/\/annaetmatteo.com\/blog\/","name":"Blog du Monde d&#039;Anna et Matteo","description":"","publisher":{"@id":"https:\/\/annaetmatteo.com\/blog\/#organization"},"potentialAction":[{"@type":"SearchAction","target":{"@type":"EntryPoint","urlTemplate":"https:\/\/annaetmatteo.com\/blog\/?s={search_term_string}"},"query-input":"required name=search_term_string"}],"inLanguage":"fr-FR"},{"@type":"ImageObject","@id":"https:\/\/annaetmatteo.com\/blog\/dou-vient-la-tradition-de-la-petite-souris\/#primaryimage","inLanguage":"fr-FR","url":"https:\/\/annaetmatteo.com\/blog\/wp-content\/uploads\/2021\/06\/petite-souris.jpg","contentUrl":"https:\/\/annaetmatteo.com\/blog\/wp-content\/uploads\/2021\/06\/petite-souris.jpg","width":1000,"height":400,"caption":"petite souris"},{"@type":"WebPage","@id":"https:\/\/annaetmatteo.com\/blog\/dou-vient-la-tradition-de-la-petite-souris\/#webpage","url":"https:\/\/annaetmatteo.com\/blog\/dou-vient-la-tradition-de-la-petite-souris\/","name":"D'o\u00f9 vient la tradition de la Petite-souris ? Est-elle universelle ?","isPartOf":{"@id":"https:\/\/annaetmatteo.com\/blog\/#website"},"primaryImageOfPage":{"@id":"https:\/\/annaetmatteo.com\/blog\/dou-vient-la-tradition-de-la-petite-souris\/#primaryimage"},"datePublished":"2021-06-03T09:53:50+00:00","dateModified":"2021-06-03T09:53:50+00:00","description":"Tout le monde connait la Petite-souris, mais peu de monde peut vous expliquer d'o\u00f9 vient cette tradition. Nous allons vous aider \u00e0 briller en soci\u00e9t\u00e9 !","breadcrumb":{"@id":"https:\/\/annaetmatteo.com\/blog\/dou-vient-la-tradition-de-la-petite-souris\/#breadcrumb"},"inLanguage":"fr-FR","potentialAction":[{"@type":"ReadAction","target":["https:\/\/annaetmatteo.com\/blog\/dou-vient-la-tradition-de-la-petite-souris\/"]}]},{"@type":"BreadcrumbList","@id":"https:\/\/annaetmatteo.com\/blog\/dou-vient-la-tradition-de-la-petite-souris\/#breadcrumb","itemListElement":[{"@type":"ListItem","position":1,"name":"Accueil","item":"https:\/\/annaetmatteo.com\/blog\/"},{"@type":"ListItem","position":2,"name":"D&rsquo;o\u00f9 vient la tradition de la Petite-souris ?"}]},{"@type":"Article","@id":"https:\/\/annaetmatteo.com\/blog\/dou-vient-la-tradition-de-la-petite-souris\/#article","isPartOf":{"@id":"https:\/\/annaetmatteo.com\/blog\/dou-vient-la-tradition-de-la-petite-souris\/#webpage"},"author":{"@id":"https:\/\/annaetmatteo.com\/blog\/#\/schema\/person\/324a22a04fc2477c15496ba8213c7eab"},"headline":"D&rsquo;o\u00f9 vient la tradition de la Petite-souris ?","datePublished":"2021-06-03T09:53:50+00:00","dateModified":"2021-06-03T09:53:50+00:00","mainEntityOfPage":{"@id":"https:\/\/annaetmatteo.com\/blog\/dou-vient-la-tradition-de-la-petite-souris\/#webpage"},"wordCount":384,"commentCount":0,"publisher":{"@id":"https:\/\/annaetmatteo.com\/blog\/#organization"},"image":{"@id":"https:\/\/annaetmatteo.com\/blog\/dou-vient-la-tradition-de-la-petite-souris\/#primaryimage"},"thumbnailUrl":"https:\/\/annaetmatteo.com\/blog\/wp-content\/uploads\/2021\/06\/petite-souris.jpg","inLanguage":"fr-FR","potentialAction":[{"@type":"CommentAction","name":"Comment","target":["https:\/\/annaetmatteo.com\/blog\/dou-vient-la-tradition-de-la-petite-souris\/#respond"]}]},{"@type":"Person","@id":"https:\/\/annaetmatteo.com\/blog\/#\/schema\/person\/324a22a04fc2477c15496ba8213c7eab","name":"M\u00e9lanie &amp; Arnaud | Le Monde d'Anna et Matteo","image":{"@type":"ImageObject","@id":"https:\/\/annaetmatteo.com\/blog\/#personlogo","inLanguage":"fr-FR","url":"https:\/\/secure.gravatar.com\/avatar\/3c48cff264353bcb37bf9b52c1b769e7?s=96&d=mm&r=g","contentUrl":"https:\/\/secure.gravatar.com\/avatar\/3c48cff264353bcb37bf9b52c1b769e7?s=96&d=mm&r=g","caption":"M\u00e9lanie &amp; Arnaud | Le Monde d'Anna et Matteo"},"sameAs":["https:\/\/annaetmatteo.com","https:\/\/www.facebook.com\/AnnaEtMatteo\/","https:\/\/twitter.com\/AnnaEtMatteo"]}]}},"_links":{"self":[{"href":"https:\/\/annaetmatteo.com\/blog\/wp-json\/wp\/v2\/posts\/930"}],"collection":[{"href":"https:\/\/annaetmatteo.com\/blog\/wp-json\/wp\/v2\/posts"}],"about":[{"href":"https:\/\/annaetmatteo.com\/blog\/wp-json\/wp\/v2\/types\/post"}],"author":[{"embeddable":true,"href":"https:\/\/annaetmatteo.com\/blog\/wp-json\/wp\/v2\/users\/1"}],"replies":[{"embeddable":true,"href":"https:\/\/annaetmatteo.com\/blog\/wp-json\/wp\/v2\/comments?post=930"}],"version-history":[{"count":2,"href":"https:\/\/annaetmatteo.com\/blog\/wp-json\/wp\/v2\/posts\/930\/revisions"}],"predecessor-version":[{"id":933,"href":"https:\/\/annaetmatteo.com\/blog\/wp-json\/wp\/v2\/posts\/930\/revisions\/933"}],"wp:featuredmedia":[{"embeddable":true,"href":"https:\/\/annaetmatteo.com\/blog\/wp-json\/wp\/v2\/media\/932"}],"wp:attachment":[{"href":"https:\/\/annaetmatteo.com\/blog\/wp-json\/wp\/v2\/media?parent=930"}],"wp:term":[{"taxonomy":"category","embeddable":true,"href":"https:\/\/annaetmatteo.com\/blog\/wp-json\/wp\/v2\/categories?post=930"},{"taxonomy":"post_tag","embeddable":true,"href":"https:\/\/annaetmatteo.com\/blog\/wp-json\/wp\/v2\/tags?post=930"}],"curies":[{"name":"wp","href":"https:\/\/api.w.org\/{rel}","templated":true}]}}