{"id":923,"date":"2021-05-21T10:33:44","date_gmt":"2021-05-21T08:33:44","guid":{"rendered":"https:\/\/annaetmatteo.com\/blog\/?p=923"},"modified":"2021-05-21T10:33:44","modified_gmt":"2021-05-21T08:33:44","slug":"dou-vient-la-fete-des-meres","status":"publish","type":"post","link":"https:\/\/annaetmatteo.com\/blog\/dou-vient-la-fete-des-meres\/","title":{"rendered":"D&rsquo;o\u00f9 vient la F\u00eate des M\u00e8res ?"},"content":{"rendered":"<h2>La F\u00eate des M\u00e8res est ancr\u00e9e dans nos habitudes, mais savez-vous d&rsquo;o\u00f9 vient-elle r\u00e9ellement ? Car en fait, c&rsquo;est une f\u00eate tr\u00e8s tr\u00e8s ancienne !<\/h2>\n<p><!--more--><\/p>\n<p>Pour beaucoup, la <strong>F\u00eate des M\u00e8res<\/strong> a \u00e9t\u00e9 invent\u00e9e par les fleuristes. Pour d&rsquo;autres, c&rsquo;est une horrible cr\u00e9ation du Mar\u00e9chal P\u00e9tain. Eh bien, tout cela est faux !<\/p>\n<p>Les premi\u00e8res traces de la <strong>F\u00eate des M\u00e8res<\/strong> remontent en r\u00e9alit\u00e9 \u00e0 l&rsquo;antiquit\u00e9.\u00a0 C&rsquo;est la civilisation gr\u00e9co-romaine qui a un peu initi\u00e9 le mouvement. A l&rsquo;\u00e9poque, on c\u00e9l\u00e9brait <a href=\"https:\/\/fr.wikipedia.org\/wiki\/Rh%C3%A9a_(mythologie)\" target=\"_blank\" rel=\"noopener\">Rh\u00e9a<\/a> (ou Cyb\u00e8le), la m\u00e8re des dieux et notamment celle de Zeus.<\/p>\n<p>Dans notre culture, la maternit\u00e9 \u00e9taient f\u00eat\u00e9e le 4e dimanche du Car\u00eame. Ce qui a donn\u00e9 logiquement chez nos voisins anglais le nom de <em class=\"article__item--italic\">Mothering Sunday <\/em>(Dimanche de la maternit\u00e9)<em class=\"article__item--italic\">.<\/em><\/p>\n<p><img loading=\"lazy\" class=\"aligncenter size-large wp-image-925\" src=\"https:\/\/annaetmatteo.com\/blog\/wp-content\/uploads\/2021\/05\/fete-des-meres-2-1024x530.jpg\" alt=\"Ours en peluche f\u00eate des m\u00e8res\" width=\"525\" height=\"272\" srcset=\"https:\/\/annaetmatteo.com\/blog\/wp-content\/uploads\/2021\/05\/fete-des-meres-2-1024x530.jpg 1024w, https:\/\/annaetmatteo.com\/blog\/wp-content\/uploads\/2021\/05\/fete-des-meres-2-300x155.jpg 300w, https:\/\/annaetmatteo.com\/blog\/wp-content\/uploads\/2021\/05\/fete-des-meres-2-768x397.jpg 768w, https:\/\/annaetmatteo.com\/blog\/wp-content\/uploads\/2021\/05\/fete-des-meres-2-1536x794.jpg 1536w, https:\/\/annaetmatteo.com\/blog\/wp-content\/uploads\/2021\/05\/fete-des-meres-2.jpg 1920w\" sizes=\"(max-width: 525px) 100vw, 525px\" \/><\/p>\n<h3>La f\u00eate des M\u00e8res, une f\u00eate am\u00e9ricaine ?<\/h3>\n<p>La version moderne de cette f\u00eate nous vient des Etats-Unis de 1914.\u00a0 Il s&rsquo;agit alors \u00e0 la fois d&rsquo;apporter la reconnaissance m\u00e9rit\u00e9e aux m\u00e8res de famille, mais aussi de mani\u00e8re pragmatique d&rsquo;unir le pays. Nous sommes alors le 9 mai 1914 et l&rsquo;Europe s&rsquo;agite. Un peu plus de 2 mois plus tard \u00e9clatera la Premi\u00e8re Guerre mondiale. La haine et la division ont plus le vent en poupe que l&rsquo;unit\u00e9&#8230;<\/p>\n<p>Logiquement, cette terrible guerre va servir les int\u00e9r\u00eats de la f\u00eate. Nombre d&rsquo;enfants ont perdu leurs parents et de nombreux pays on subit de terribles saign\u00e9es. Il s&rsquo;agit alors de repeupler l&rsquo;Europe. Et en France on c\u00e9l\u00e8bre avant tout les familles nombreuses ! Dans le monde, la c\u00e9l\u00e9bration se d\u00e9roule \u00e0 diff\u00e9rentes dates, mais toujours au printemps.<\/p>\n<h5><span style=\"color: #0000ff;\"><a style=\"color: #0000ff;\" href=\"https:\/\/annaetmatteo.com\/tetines-texte-parrain-marraine\/726-106902-tetine-bonne-fete-maman.html#\/370-taille_tetine-0_6_mois\" target=\"_blank\" rel=\"noopener\">RETROUVEZ NOTRE T\u00c9TINE SP\u00c9CIALE F\u00caTE DES M\u00c8RES !<\/a><\/span><\/h5>\n<h3>Le r\u00f4le limit\u00e9 de P\u00e9tain dans la F\u00eate des M\u00e8res<\/h3>\n<p>Un malheur n&rsquo;allant jamais seul, l&rsquo;Europe remet le couvert 20 ans plus tard en repartant en guerre. Et cette fois, elle sera encore plus meurtri\u00e8re. La France tombe en 6 semaines d&rsquo;affrontements, bien plus sanglants qu&rsquo;on ne le pense souvent, et s&rsquo;installe le R\u00e9gime de Vichy. Effectivement, \u00e0 sa t\u00eate le Mar\u00e9chal P\u00e9tain fait de la <strong>F\u00eate des M\u00e8res<\/strong> un \u00e9v\u00e9nement quasi religieux, tressant des louanges \u00e0 la maternit\u00e9 dans un discours de 1942.<\/p>\n<p>D&rsquo;une certaine fa\u00e7on, en France, la <strong>F\u00eate des M\u00e8res<\/strong> d&rsquo;aujourd&rsquo;hui doit beaucoup \u00e0 P\u00e9tain. Mais il ne l&rsquo;a aucunement invent\u00e9e, et encore moins impos\u00e9e.<\/p>\n<p><a href=\"https:\/\/kokpit-couche.com\/atelier-couche-lavable\/?ae=13-1\"><img src=\"https:\/\/lb.affilae.com\/imp\/609902ecd7eeec36352d856a\/60a41316b92c354bfba4377f\/609927fcd7eeec36352d8668\/https:\/\/s3-eu-west-1.amazonaws.com\/aeup\/uploads\/programs\/609902ecd7eeec36352d856a\/elements\/609927fbd7eeec36352d865d.png\" \/><\/a><\/p>\n<h4>Ces articles pourraient \u00e9galement vous int\u00e9resser :<\/h4>\n<p><span style=\"color: #0000ff;\"><a style=\"color: #0000ff;\" href=\"https:\/\/annaetmatteo.com\/blog\/pourquoi-noel-est-le-25-decembre\/\" target=\"_blank\" rel=\"noopener\">Pourquoi No\u00ebl est le 25 d\u00e9cembre ?<\/a>*<\/span><\/p>\n<p><span style=\"color: #0000ff;\"><a style=\"color: #0000ff;\" href=\"https:\/\/annaetmatteo.com\/blog\/cloches-oeufs-en-chocolat-traditions-de-paques\/\" target=\"_blank\" rel=\"noopener\">Cloches, \u0153ufs en chocolat : d&rsquo;o\u00f9 viennent ces traditions de P\u00e2ques ?<\/a><\/span><\/p>\n<p><span style=\"color: #0000ff;\"><a style=\"color: #0000ff;\" href=\"https:\/\/annaetmatteo.com\/blog\/halloween-mais-dou-vient-cette-fete\/\" target=\"_blank\" rel=\"noopener\">Halloween : mais d&rsquo;o\u00f9 vient cette f\u00eate ?<\/a><\/span><\/p>\n<p>&nbsp;<\/p>\n","protected":false},"excerpt":{"rendered":"<p>La F\u00eate des M\u00e8res est ancr\u00e9e dans nos habitudes, mais savez-vous d&rsquo;o\u00f9 vient-elle r\u00e9ellement ? Car en fait, c&rsquo;est une f\u00eate tr\u00e8s tr\u00e8s ancienne !<\/p>\n","protected":false},"author":1,"featured_media":927,"comment_status":"open","ping_status":"open","sticky":false,"template":"","format":"standard","meta":[],"categories":[1],"tags":[],"yoast_head":"<!-- This site is optimized with the Yoast SEO plugin v18.0 - https:\/\/yoast.com\/wordpress\/plugins\/seo\/ -->\n<title>D&#039;o\u00f9 vient la F\u00eate des M\u00e8res ? Elle est plus ancienne que vous croyez !<\/title>\n<meta name=\"description\" content=\"On vous raconte tout sur la F\u00eate des M\u00e8res ! Non, ce n&#039;est pas une conspiration des fleuristes, ni une cr\u00e9ation du Mar\u00e9chal P\u00e9tain...\" \/>\n<meta name=\"robots\" content=\"index, follow, max-snippet:-1, max-image-preview:large, max-video-preview:-1\" \/>\n<link rel=\"canonical\" href=\"https:\/\/annaetmatteo.com\/blog\/dou-vient-la-fete-des-meres\/\" \/>\n<meta property=\"og:locale\" content=\"fr_FR\" \/>\n<meta property=\"og:type\" content=\"article\" \/>\n<meta property=\"og:title\" content=\"D&#039;o\u00f9 vient la F\u00eate des M\u00e8res ? Elle est plus ancienne que vous croyez !\" \/>\n<meta property=\"og:description\" content=\"On vous raconte tout sur la F\u00eate des M\u00e8res ! Non, ce n&#039;est pas une conspiration des fleuristes, ni une cr\u00e9ation du Mar\u00e9chal P\u00e9tain...\" \/>\n<meta property=\"og:url\" content=\"https:\/\/annaetmatteo.com\/blog\/dou-vient-la-fete-des-meres\/\" \/>\n<meta property=\"og:site_name\" content=\"Blog du Monde d&#039;Anna et Matteo\" \/>\n<meta property=\"article:publisher\" content=\"https:\/\/www.facebook.com\/AnnaEtMatteo\/\" \/>\n<meta property=\"article:author\" content=\"https:\/\/www.facebook.com\/AnnaEtMatteo\/\" \/>\n<meta property=\"article:published_time\" content=\"2021-05-21T08:33:44+00:00\" \/>\n<meta property=\"og:image\" content=\"https:\/\/annaetmatteo.com\/blog\/wp-content\/uploads\/2021\/05\/fete-des-meres-1.jpg\" \/>\n\t<meta property=\"og:image:width\" content=\"1000\" \/>\n\t<meta property=\"og:image:height\" content=\"400\" \/>\n\t<meta property=\"og:image:type\" content=\"image\/jpeg\" \/>\n<meta name=\"twitter:card\" content=\"summary_large_image\" \/>\n<meta name=\"twitter:creator\" content=\"@AnnaEtMatteo\" \/>\n<meta name=\"twitter:site\" content=\"@AnnaEtMatteo\" \/>\n<meta name=\"twitter:label1\" content=\"\u00c9crit par\" \/>\n\t<meta name=\"twitter:data1\" content=\"M\u00e9lanie &amp; Arnaud | Le Monde d'Anna et Matteo\" \/>\n\t<meta name=\"twitter:label2\" content=\"Dur\u00e9e de lecture estim\u00e9e\" \/>\n\t<meta name=\"twitter:data2\" content=\"3 minutes\" \/>\n<script type=\"application\/ld+json\" class=\"yoast-schema-graph\">{\"@context\":\"https:\/\/schema.org\",\"@graph\":[{\"@type\":\"Organization\",\"@id\":\"https:\/\/annaetmatteo.com\/blog\/#organization\",\"name\":\"Le Monde d'Anna et Matteo\",\"url\":\"https:\/\/annaetmatteo.com\/blog\/\",\"sameAs\":[\"https:\/\/www.facebook.com\/AnnaEtMatteo\/\",\"https:\/\/www.instagram.com\/annaetmatteo\/\",\"https:\/\/www.youtube.com\/channel\/UCSce5n3L_8dmB8yTwbXnCwA\/f\",\"https:\/\/www.pinterest.fr\/AnnaEtMatteo\/\",\"https:\/\/twitter.com\/AnnaEtMatteo\"],\"logo\":{\"@type\":\"ImageObject\",\"@id\":\"https:\/\/annaetmatteo.com\/blog\/#logo\",\"inLanguage\":\"fr-FR\",\"url\":\"https:\/\/annaetmatteo.com\/blog\/wp-content\/uploads\/2018\/04\/rbU69AmF_400x400-1.jpg\",\"contentUrl\":\"https:\/\/annaetmatteo.com\/blog\/wp-content\/uploads\/2018\/04\/rbU69AmF_400x400-1.jpg\",\"width\":240,\"height\":240,\"caption\":\"Le Monde d'Anna et Matteo\"},\"image\":{\"@id\":\"https:\/\/annaetmatteo.com\/blog\/#logo\"}},{\"@type\":\"WebSite\",\"@id\":\"https:\/\/annaetmatteo.com\/blog\/#website\",\"url\":\"https:\/\/annaetmatteo.com\/blog\/\",\"name\":\"Blog du Monde d&#039;Anna et Matteo\",\"description\":\"\",\"publisher\":{\"@id\":\"https:\/\/annaetmatteo.com\/blog\/#organization\"},\"potentialAction\":[{\"@type\":\"SearchAction\",\"target\":{\"@type\":\"EntryPoint\",\"urlTemplate\":\"https:\/\/annaetmatteo.com\/blog\/?s={search_term_string}\"},\"query-input\":\"required name=search_term_string\"}],\"inLanguage\":\"fr-FR\"},{\"@type\":\"ImageObject\",\"@id\":\"https:\/\/annaetmatteo.com\/blog\/dou-vient-la-fete-des-meres\/#primaryimage\",\"inLanguage\":\"fr-FR\",\"url\":\"https:\/\/annaetmatteo.com\/blog\/wp-content\/uploads\/2021\/05\/fete-des-meres-1.jpg\",\"contentUrl\":\"https:\/\/annaetmatteo.com\/blog\/wp-content\/uploads\/2021\/05\/fete-des-meres-1.jpg\",\"width\":1000,\"height\":400,\"caption\":\"f\u00eate des m\u00e8res\"},{\"@type\":\"WebPage\",\"@id\":\"https:\/\/annaetmatteo.com\/blog\/dou-vient-la-fete-des-meres\/#webpage\",\"url\":\"https:\/\/annaetmatteo.com\/blog\/dou-vient-la-fete-des-meres\/\",\"name\":\"D'o\u00f9 vient la F\u00eate des M\u00e8res ? Elle est plus ancienne que vous croyez !\",\"isPartOf\":{\"@id\":\"https:\/\/annaetmatteo.com\/blog\/#website\"},\"primaryImageOfPage\":{\"@id\":\"https:\/\/annaetmatteo.com\/blog\/dou-vient-la-fete-des-meres\/#primaryimage\"},\"datePublished\":\"2021-05-21T08:33:44+00:00\",\"dateModified\":\"2021-05-21T08:33:44+00:00\",\"description\":\"On vous raconte tout sur la F\u00eate des M\u00e8res ! Non, ce n'est pas une conspiration des fleuristes, ni une cr\u00e9ation du Mar\u00e9chal P\u00e9tain...\",\"breadcrumb\":{\"@id\":\"https:\/\/annaetmatteo.com\/blog\/dou-vient-la-fete-des-meres\/#breadcrumb\"},\"inLanguage\":\"fr-FR\",\"potentialAction\":[{\"@type\":\"ReadAction\",\"target\":[\"https:\/\/annaetmatteo.com\/blog\/dou-vient-la-fete-des-meres\/\"]}]},{\"@type\":\"BreadcrumbList\",\"@id\":\"https:\/\/annaetmatteo.com\/blog\/dou-vient-la-fete-des-meres\/#breadcrumb\",\"itemListElement\":[{\"@type\":\"ListItem\",\"position\":1,\"name\":\"Accueil\",\"item\":\"https:\/\/annaetmatteo.com\/blog\/\"},{\"@type\":\"ListItem\",\"position\":2,\"name\":\"D&rsquo;o\u00f9 vient la F\u00eate des M\u00e8res ?\"}]},{\"@type\":\"Article\",\"@id\":\"https:\/\/annaetmatteo.com\/blog\/dou-vient-la-fete-des-meres\/#article\",\"isPartOf\":{\"@id\":\"https:\/\/annaetmatteo.com\/blog\/dou-vient-la-fete-des-meres\/#webpage\"},\"author\":{\"@id\":\"https:\/\/annaetmatteo.com\/blog\/#\/schema\/person\/324a22a04fc2477c15496ba8213c7eab\"},\"headline\":\"D&rsquo;o\u00f9 vient la F\u00eate des M\u00e8res ?\",\"datePublished\":\"2021-05-21T08:33:44+00:00\",\"dateModified\":\"2021-05-21T08:33:44+00:00\",\"mainEntityOfPage\":{\"@id\":\"https:\/\/annaetmatteo.com\/blog\/dou-vient-la-fete-des-meres\/#webpage\"},\"wordCount\":465,\"commentCount\":1,\"publisher\":{\"@id\":\"https:\/\/annaetmatteo.com\/blog\/#organization\"},\"image\":{\"@id\":\"https:\/\/annaetmatteo.com\/blog\/dou-vient-la-fete-des-meres\/#primaryimage\"},\"thumbnailUrl\":\"https:\/\/annaetmatteo.com\/blog\/wp-content\/uploads\/2021\/05\/fete-des-meres-1.jpg\",\"inLanguage\":\"fr-FR\",\"potentialAction\":[{\"@type\":\"CommentAction\",\"name\":\"Comment\",\"target\":[\"https:\/\/annaetmatteo.com\/blog\/dou-vient-la-fete-des-meres\/#respond\"]}]},{\"@type\":\"Person\",\"@id\":\"https:\/\/annaetmatteo.com\/blog\/#\/schema\/person\/324a22a04fc2477c15496ba8213c7eab\",\"name\":\"M\u00e9lanie &amp; Arnaud | Le Monde d'Anna et Matteo\",\"image\":{\"@type\":\"ImageObject\",\"@id\":\"https:\/\/annaetmatteo.com\/blog\/#personlogo\",\"inLanguage\":\"fr-FR\",\"url\":\"https:\/\/secure.gravatar.com\/avatar\/3c48cff264353bcb37bf9b52c1b769e7?s=96&d=mm&r=g\",\"contentUrl\":\"https:\/\/secure.gravatar.com\/avatar\/3c48cff264353bcb37bf9b52c1b769e7?s=96&d=mm&r=g\",\"caption\":\"M\u00e9lanie &amp; Arnaud | Le Monde d'Anna et Matteo\"},\"sameAs\":[\"https:\/\/annaetmatteo.com\",\"https:\/\/www.facebook.com\/AnnaEtMatteo\/\",\"https:\/\/twitter.com\/AnnaEtMatteo\"]}]}<\/script>\n<!-- \/ Yoast SEO plugin. -->","yoast_head_json":{"title":"D'o\u00f9 vient la F\u00eate des M\u00e8res ? Elle est plus ancienne que vous croyez !","description":"On vous raconte tout sur la F\u00eate des M\u00e8res ! Non, ce n'est pas une conspiration des fleuristes, ni une cr\u00e9ation du Mar\u00e9chal P\u00e9tain...","robots":{"index":"index","follow":"follow","max-snippet":"max-snippet:-1","max-image-preview":"max-image-preview:large","max-video-preview":"max-video-preview:-1"},"canonical":"https:\/\/annaetmatteo.com\/blog\/dou-vient-la-fete-des-meres\/","og_locale":"fr_FR","og_type":"article","og_title":"D'o\u00f9 vient la F\u00eate des M\u00e8res ? Elle est plus ancienne que vous croyez !","og_description":"On vous raconte tout sur la F\u00eate des M\u00e8res ! Non, ce n'est pas une conspiration des fleuristes, ni une cr\u00e9ation du Mar\u00e9chal P\u00e9tain...","og_url":"https:\/\/annaetmatteo.com\/blog\/dou-vient-la-fete-des-meres\/","og_site_name":"Blog du Monde d&#039;Anna et Matteo","article_publisher":"https:\/\/www.facebook.com\/AnnaEtMatteo\/","article_author":"https:\/\/www.facebook.com\/AnnaEtMatteo\/","article_published_time":"2021-05-21T08:33:44+00:00","og_image":[{"width":1000,"height":400,"url":"https:\/\/annaetmatteo.com\/blog\/wp-content\/uploads\/2021\/05\/fete-des-meres-1.jpg","type":"image\/jpeg"}],"twitter_card":"summary_large_image","twitter_creator":"@AnnaEtMatteo","twitter_site":"@AnnaEtMatteo","twitter_misc":{"\u00c9crit par":"M\u00e9lanie &amp; Arnaud | Le Monde d'Anna et Matteo","Dur\u00e9e de lecture estim\u00e9e":"3 minutes"},"schema":{"@context":"https:\/\/schema.org","@graph":[{"@type":"Organization","@id":"https:\/\/annaetmatteo.com\/blog\/#organization","name":"Le Monde d'Anna et Matteo","url":"https:\/\/annaetmatteo.com\/blog\/","sameAs":["https:\/\/www.facebook.com\/AnnaEtMatteo\/","https:\/\/www.instagram.com\/annaetmatteo\/","https:\/\/www.youtube.com\/channel\/UCSce5n3L_8dmB8yTwbXnCwA\/f","https:\/\/www.pinterest.fr\/AnnaEtMatteo\/","https:\/\/twitter.com\/AnnaEtMatteo"],"logo":{"@type":"ImageObject","@id":"https:\/\/annaetmatteo.com\/blog\/#logo","inLanguage":"fr-FR","url":"https:\/\/annaetmatteo.com\/blog\/wp-content\/uploads\/2018\/04\/rbU69AmF_400x400-1.jpg","contentUrl":"https:\/\/annaetmatteo.com\/blog\/wp-content\/uploads\/2018\/04\/rbU69AmF_400x400-1.jpg","width":240,"height":240,"caption":"Le Monde d'Anna et Matteo"},"image":{"@id":"https:\/\/annaetmatteo.com\/blog\/#logo"}},{"@type":"WebSite","@id":"https:\/\/annaetmatteo.com\/blog\/#website","url":"https:\/\/annaetmatteo.com\/blog\/","name":"Blog du Monde d&#039;Anna et Matteo","description":"","publisher":{"@id":"https:\/\/annaetmatteo.com\/blog\/#organization"},"potentialAction":[{"@type":"SearchAction","target":{"@type":"EntryPoint","urlTemplate":"https:\/\/annaetmatteo.com\/blog\/?s={search_term_string}"},"query-input":"required name=search_term_string"}],"inLanguage":"fr-FR"},{"@type":"ImageObject","@id":"https:\/\/annaetmatteo.com\/blog\/dou-vient-la-fete-des-meres\/#primaryimage","inLanguage":"fr-FR","url":"https:\/\/annaetmatteo.com\/blog\/wp-content\/uploads\/2021\/05\/fete-des-meres-1.jpg","contentUrl":"https:\/\/annaetmatteo.com\/blog\/wp-content\/uploads\/2021\/05\/fete-des-meres-1.jpg","width":1000,"height":400,"caption":"f\u00eate des m\u00e8res"},{"@type":"WebPage","@id":"https:\/\/annaetmatteo.com\/blog\/dou-vient-la-fete-des-meres\/#webpage","url":"https:\/\/annaetmatteo.com\/blog\/dou-vient-la-fete-des-meres\/","name":"D'o\u00f9 vient la F\u00eate des M\u00e8res ? Elle est plus ancienne que vous croyez !","isPartOf":{"@id":"https:\/\/annaetmatteo.com\/blog\/#website"},"primaryImageOfPage":{"@id":"https:\/\/annaetmatteo.com\/blog\/dou-vient-la-fete-des-meres\/#primaryimage"},"datePublished":"2021-05-21T08:33:44+00:00","dateModified":"2021-05-21T08:33:44+00:00","description":"On vous raconte tout sur la F\u00eate des M\u00e8res ! Non, ce n'est pas une conspiration des fleuristes, ni une cr\u00e9ation du Mar\u00e9chal P\u00e9tain...","breadcrumb":{"@id":"https:\/\/annaetmatteo.com\/blog\/dou-vient-la-fete-des-meres\/#breadcrumb"},"inLanguage":"fr-FR","potentialAction":[{"@type":"ReadAction","target":["https:\/\/annaetmatteo.com\/blog\/dou-vient-la-fete-des-meres\/"]}]},{"@type":"BreadcrumbList","@id":"https:\/\/annaetmatteo.com\/blog\/dou-vient-la-fete-des-meres\/#breadcrumb","itemListElement":[{"@type":"ListItem","position":1,"name":"Accueil","item":"https:\/\/annaetmatteo.com\/blog\/"},{"@type":"ListItem","position":2,"name":"D&rsquo;o\u00f9 vient la F\u00eate des M\u00e8res ?"}]},{"@type":"Article","@id":"https:\/\/annaetmatteo.com\/blog\/dou-vient-la-fete-des-meres\/#article","isPartOf":{"@id":"https:\/\/annaetmatteo.com\/blog\/dou-vient-la-fete-des-meres\/#webpage"},"author":{"@id":"https:\/\/annaetmatteo.com\/blog\/#\/schema\/person\/324a22a04fc2477c15496ba8213c7eab"},"headline":"D&rsquo;o\u00f9 vient la F\u00eate des M\u00e8res ?","datePublished":"2021-05-21T08:33:44+00:00","dateModified":"2021-05-21T08:33:44+00:00","mainEntityOfPage":{"@id":"https:\/\/annaetmatteo.com\/blog\/dou-vient-la-fete-des-meres\/#webpage"},"wordCount":465,"commentCount":1,"publisher":{"@id":"https:\/\/annaetmatteo.com\/blog\/#organization"},"image":{"@id":"https:\/\/annaetmatteo.com\/blog\/dou-vient-la-fete-des-meres\/#primaryimage"},"thumbnailUrl":"https:\/\/annaetmatteo.com\/blog\/wp-content\/uploads\/2021\/05\/fete-des-meres-1.jpg","inLanguage":"fr-FR","potentialAction":[{"@type":"CommentAction","name":"Comment","target":["https:\/\/annaetmatteo.com\/blog\/dou-vient-la-fete-des-meres\/#respond"]}]},{"@type":"Person","@id":"https:\/\/annaetmatteo.com\/blog\/#\/schema\/person\/324a22a04fc2477c15496ba8213c7eab","name":"M\u00e9lanie &amp; Arnaud | Le Monde d'Anna et Matteo","image":{"@type":"ImageObject","@id":"https:\/\/annaetmatteo.com\/blog\/#personlogo","inLanguage":"fr-FR","url":"https:\/\/secure.gravatar.com\/avatar\/3c48cff264353bcb37bf9b52c1b769e7?s=96&d=mm&r=g","contentUrl":"https:\/\/secure.gravatar.com\/avatar\/3c48cff264353bcb37bf9b52c1b769e7?s=96&d=mm&r=g","caption":"M\u00e9lanie &amp; Arnaud | Le Monde d'Anna et Matteo"},"sameAs":["https:\/\/annaetmatteo.com","https:\/\/www.facebook.com\/AnnaEtMatteo\/","https:\/\/twitter.com\/AnnaEtMatteo"]}]}},"_links":{"self":[{"href":"https:\/\/annaetmatteo.com\/blog\/wp-json\/wp\/v2\/posts\/923"}],"collection":[{"href":"https:\/\/annaetmatteo.com\/blog\/wp-json\/wp\/v2\/posts"}],"about":[{"href":"https:\/\/annaetmatteo.com\/blog\/wp-json\/wp\/v2\/types\/post"}],"author":[{"embeddable":true,"href":"https:\/\/annaetmatteo.com\/blog\/wp-json\/wp\/v2\/users\/1"}],"replies":[{"embeddable":true,"href":"https:\/\/annaetmatteo.com\/blog\/wp-json\/wp\/v2\/comments?post=923"}],"version-history":[{"count":3,"href":"https:\/\/annaetmatteo.com\/blog\/wp-json\/wp\/v2\/posts\/923\/revisions"}],"predecessor-version":[{"id":928,"href":"https:\/\/annaetmatteo.com\/blog\/wp-json\/wp\/v2\/posts\/923\/revisions\/928"}],"wp:featuredmedia":[{"embeddable":true,"href":"https:\/\/annaetmatteo.com\/blog\/wp-json\/wp\/v2\/media\/927"}],"wp:attachment":[{"href":"https:\/\/annaetmatteo.com\/blog\/wp-json\/wp\/v2\/media?parent=923"}],"wp:term":[{"taxonomy":"category","embeddable":true,"href":"https:\/\/annaetmatteo.com\/blog\/wp-json\/wp\/v2\/categories?post=923"},{"taxonomy":"post_tag","embeddable":true,"href":"https:\/\/annaetmatteo.com\/blog\/wp-json\/wp\/v2\/tags?post=923"}],"curies":[{"name":"wp","href":"https:\/\/api.w.org\/{rel}","templated":true}]}}