{"id":896,"date":"2021-03-25T21:00:58","date_gmt":"2021-03-25T20:00:58","guid":{"rendered":"https:\/\/annaetmatteo.com\/blog\/?p=896"},"modified":"2021-05-12T16:55:05","modified_gmt":"2021-05-12T14:55:05","slug":"cloches-oeufs-en-chocolat-traditions-de-paques","status":"publish","type":"post","link":"https:\/\/annaetmatteo.com\/blog\/cloches-oeufs-en-chocolat-traditions-de-paques\/","title":{"rendered":"Cloches, \u0153ufs en chocolat : d&rsquo;o\u00f9 viennent ces traditions de P\u00e2ques ?"},"content":{"rendered":"<h2>Dimanche 4 avril 2021, nous f\u00eaterons P\u00e2ques. C&rsquo;est le moment qu&rsquo;attendent nos enfants pour d\u00e9guster les \u0153ufs en chocolat apport\u00e9s par les cloches. Mais&#8230; Au fait, pourquoi des \u0153ufs et des cloches ?<!--more--><\/h2>\n<p>Que signifie la f\u00eate de P\u00e2ques ? Pour les Chr\u00e9tiens, elle symbolise la r\u00e9surrection du Christ, ce qui en fait la f\u00eate la plus importante de la religion. Peut \u00eatre m\u00eame avant No\u00ebl ! Quel rapport donc avec des \u0153ufs et des cloches ?<\/p>\n<h3>Fin du car\u00eame<\/h3>\n<p>P\u00e2ques met fin au Car\u00eame, une p\u00e9riode o\u00f9 le croyant suit une alternance de jours de je\u00fbne complet et de jours d&rsquo;abstinence (jours maigres) d&rsquo;une dur\u00e9e de quarante jours.<\/p>\n<p>Or dans les religions pa\u00efennes, notamment en Egypte et \u00e0 Rome, l&rsquo;\u0153uf est le symbole de la vie. Et on s&rsquo;offre des \u0153ufs au printemps pour f\u00eater le renouveau de la nature. On l&rsquo;a vu dans le cas de <span style=\"color: #0000ff;\"><a style=\"color: #0000ff;\" href=\"https:\/\/annaetmatteo.com\/blog\/pourquoi-noel-est-le-25-decembre\/\" target=\"_blank\" rel=\"noopener\">No\u00ebl, une religion cherche toujours \u00e0 supplanter celles qui la pr\u00e9c\u00e8de<\/a><\/span>. Co\u00efncidence ou pas, au Moyen-Age l&rsquo;Eglise interdit de consommer des \u0153ufs pendant le Car\u00eame.<\/p>\n<h3>Des \u0153ufs pour les enfants<\/h3>\n<p>Les \u0153ufs interdits de consommation sont donc conserv\u00e9s jusqu&rsquo;\u00e0 la fin du Car\u00eame, pour P\u00e2ques, et d\u00e9cor\u00e9s avec de la peinture. On les offre alors aux enfants ! Et au XVIIIe si\u00e8cle ces \u0153ufs sont vid\u00e9s et remplis avec&#8230; du chocolat !<\/p>\n<p>Voici donc comment sont n\u00e9s les \u0153ufs en chocolat de P\u00e2ques.<\/p>\n<h3>Mais les cloches de P\u00e2ques dans tout \u00e7a ?<\/h3>\n<p>Pour les cloches, l&rsquo;histoire est un peu diff\u00e9rente. \u00a0Dans la tradition catholique, il est interdit de les faire sonner entre le Jeudi saint et le dimanche de P\u00e2ques. Pour justifier ce silence aux enfants, on leur expliquait que les cloches \u00e9taient parties se faire b\u00e9nir \u00e0 Rome. Et sur le chemin du retour, c&rsquo;\u00e9taient elles qui d\u00e9posaient les pr\u00e9cieux \u0153ufs !<\/p>\n<p>Quant au lapin, il vient de la tradition germanique. Oui, une religion pa\u00efenne ! Il repr\u00e9sente la d\u00e9esse Ost Ara qui symbolise la fertilit\u00e9 et donc&#8230; le printemps.<\/p>\n<p>Bon, au Monde d&rsquo;Anna et Matteo nous n&rsquo;avons pas de chocolat, mais nous pouvons vous confectionner <span style=\"color: #0000ff;\"><a style=\"color: #0000ff;\" href=\"https:\/\/annaetmatteo.com\/tetines-elephants-lapins\/532-78208-tetine-lapin-couronne-de-fleurs.html#\/303-choix_nom_de_police_pour_prenom_texte_tetine-jean\/354-choix_couleur_prenom_texte_tetine-noir\/370-taille_tetine-0_6_mois\" target=\"_blank\" rel=\"noopener\">une jolie t\u00e9tine lapin<\/a><\/span> !<\/p>\n<p>&nbsp;<center><a href=\"https:\/\/nutriandco.com\/fr\/produits\/proteine-vegetale?eaf-publisher=affilae&#038;eaf-name=annaetmatteo&#038;eaf-creative=generique&#038;eaf-creativetype=1x1&#038;eseg-name=affilae&#038;eseg-item=280#ae280-151\"><img src=\"https:\/\/lb.affilae.com\/imp\/5e26bce5249f1233dff950b7\/608a6dd1afabde5ea754ec0a\/60785a26df7c1071e9e424cd\/https:\/\/s3-eu-west-1.amazonaws.com\/aeup\/uploads\/programs\/5e26bce5249f1233dff950b7\/elements\/60785a26df7c1071e9e424cb.jpg\" \/><\/a><\/center><br \/>\n&nbsp;<\/p>\n<h4>Ces articles pourraient aussi vous int\u00e9resser :<\/h4>\n<p><span style=\"color: #0000ff;\"><a style=\"color: #0000ff;\" href=\"https:\/\/annaetmatteo.com\/blog\/dois-je-dire-a-mes-enfants-que-le-pere-noel-nexiste-pas\/\" target=\"_blank\" rel=\"noopener\">Dois-je dire \u00e0 mes enfants que le P\u00e8re No\u00ebl n&amp;rsquo;existe pas ?<\/a><\/span><\/p>\n<p><span style=\"color: #0000ff;\"><a style=\"color: #0000ff;\" href=\"https:\/\/annaetmatteo.com\/blog\/pourquoi-noel-est-le-25-decembre\/\" target=\"_blank\" rel=\"noopener\">Pourquoi No\u00ebl est le 25 d\u00e9cembre ?<\/a><\/span><\/p>\n","protected":false},"excerpt":{"rendered":"<p>Dimanche 4 avril 2021, nous f\u00eaterons P\u00e2ques. C&rsquo;est le moment qu&rsquo;attendent nos enfants pour d\u00e9guster les \u0153ufs en chocolat apport\u00e9s par les cloches. Mais&#8230; Au fait, pourquoi des \u0153ufs et des cloches ?<\/p>\n","protected":false},"author":1,"featured_media":901,"comment_status":"open","ping_status":"open","sticky":false,"template":"","format":"standard","meta":[],"categories":[1],"tags":[],"yoast_head":"<!-- This site is optimized with the Yoast SEO plugin v18.0 - https:\/\/yoast.com\/wordpress\/plugins\/seo\/ -->\n<title>Cloches, \u0153ufs en chocolat : d&#039;o\u00f9 viennent ces traditions de P\u00e2ques ?<\/title>\n<meta name=\"description\" content=\"Pourquoi offre-t-on des \u0153ufs en chocolat \u00e0 P\u00e2ques ? Et pourquoi parle-t-on de cloches et de lapins ? Retour sur la tradition de P\u00e2ques !\" \/>\n<meta name=\"robots\" content=\"index, follow, max-snippet:-1, max-image-preview:large, max-video-preview:-1\" \/>\n<link rel=\"canonical\" href=\"https:\/\/annaetmatteo.com\/blog\/cloches-oeufs-en-chocolat-traditions-de-paques\/\" \/>\n<meta property=\"og:locale\" content=\"fr_FR\" \/>\n<meta property=\"og:type\" content=\"article\" \/>\n<meta property=\"og:title\" content=\"Cloches, \u0153ufs en chocolat : d&#039;o\u00f9 viennent ces traditions de P\u00e2ques ?\" \/>\n<meta property=\"og:description\" content=\"Pourquoi offre-t-on des \u0153ufs en chocolat \u00e0 P\u00e2ques ? Et pourquoi parle-t-on de cloches et de lapins ? Retour sur la tradition de P\u00e2ques !\" \/>\n<meta property=\"og:url\" content=\"https:\/\/annaetmatteo.com\/blog\/cloches-oeufs-en-chocolat-traditions-de-paques\/\" \/>\n<meta property=\"og:site_name\" content=\"Blog du Monde d&#039;Anna et Matteo\" \/>\n<meta property=\"article:publisher\" content=\"https:\/\/www.facebook.com\/AnnaEtMatteo\/\" \/>\n<meta property=\"article:author\" content=\"https:\/\/www.facebook.com\/AnnaEtMatteo\/\" \/>\n<meta property=\"article:published_time\" content=\"2021-03-25T20:00:58+00:00\" \/>\n<meta property=\"article:modified_time\" content=\"2021-05-12T14:55:05+00:00\" \/>\n<meta property=\"og:image\" content=\"https:\/\/annaetmatteo.com\/blog\/wp-content\/uploads\/2021\/03\/oeuf-de-paques.jpg\" \/>\n\t<meta property=\"og:image:width\" content=\"1000\" \/>\n\t<meta property=\"og:image:height\" content=\"400\" \/>\n\t<meta property=\"og:image:type\" content=\"image\/jpeg\" \/>\n<meta name=\"twitter:card\" content=\"summary_large_image\" \/>\n<meta name=\"twitter:creator\" content=\"@AnnaEtMatteo\" \/>\n<meta name=\"twitter:site\" content=\"@AnnaEtMatteo\" \/>\n<meta name=\"twitter:label1\" content=\"\u00c9crit par\" \/>\n\t<meta name=\"twitter:data1\" content=\"M\u00e9lanie &amp; Arnaud | Le Monde d'Anna et Matteo\" \/>\n\t<meta name=\"twitter:label2\" content=\"Dur\u00e9e de lecture estim\u00e9e\" \/>\n\t<meta name=\"twitter:data2\" content=\"2 minutes\" \/>\n<script type=\"application\/ld+json\" class=\"yoast-schema-graph\">{\"@context\":\"https:\/\/schema.org\",\"@graph\":[{\"@type\":\"Organization\",\"@id\":\"https:\/\/annaetmatteo.com\/blog\/#organization\",\"name\":\"Le Monde d'Anna et Matteo\",\"url\":\"https:\/\/annaetmatteo.com\/blog\/\",\"sameAs\":[\"https:\/\/www.facebook.com\/AnnaEtMatteo\/\",\"https:\/\/www.instagram.com\/annaetmatteo\/\",\"https:\/\/www.youtube.com\/channel\/UCSce5n3L_8dmB8yTwbXnCwA\/f\",\"https:\/\/www.pinterest.fr\/AnnaEtMatteo\/\",\"https:\/\/twitter.com\/AnnaEtMatteo\"],\"logo\":{\"@type\":\"ImageObject\",\"@id\":\"https:\/\/annaetmatteo.com\/blog\/#logo\",\"inLanguage\":\"fr-FR\",\"url\":\"https:\/\/annaetmatteo.com\/blog\/wp-content\/uploads\/2018\/04\/rbU69AmF_400x400-1.jpg\",\"contentUrl\":\"https:\/\/annaetmatteo.com\/blog\/wp-content\/uploads\/2018\/04\/rbU69AmF_400x400-1.jpg\",\"width\":240,\"height\":240,\"caption\":\"Le Monde d'Anna et Matteo\"},\"image\":{\"@id\":\"https:\/\/annaetmatteo.com\/blog\/#logo\"}},{\"@type\":\"WebSite\",\"@id\":\"https:\/\/annaetmatteo.com\/blog\/#website\",\"url\":\"https:\/\/annaetmatteo.com\/blog\/\",\"name\":\"Blog du Monde d&#039;Anna et Matteo\",\"description\":\"\",\"publisher\":{\"@id\":\"https:\/\/annaetmatteo.com\/blog\/#organization\"},\"potentialAction\":[{\"@type\":\"SearchAction\",\"target\":{\"@type\":\"EntryPoint\",\"urlTemplate\":\"https:\/\/annaetmatteo.com\/blog\/?s={search_term_string}\"},\"query-input\":\"required name=search_term_string\"}],\"inLanguage\":\"fr-FR\"},{\"@type\":\"ImageObject\",\"@id\":\"https:\/\/annaetmatteo.com\/blog\/cloches-oeufs-en-chocolat-traditions-de-paques\/#primaryimage\",\"inLanguage\":\"fr-FR\",\"url\":\"https:\/\/annaetmatteo.com\/blog\/wp-content\/uploads\/2021\/03\/oeuf-de-paques.jpg\",\"contentUrl\":\"https:\/\/annaetmatteo.com\/blog\/wp-content\/uploads\/2021\/03\/oeuf-de-paques.jpg\",\"width\":1000,\"height\":400,\"caption\":\"\u0153ufs de p\u00e2ques dans un panier\"},{\"@type\":\"WebPage\",\"@id\":\"https:\/\/annaetmatteo.com\/blog\/cloches-oeufs-en-chocolat-traditions-de-paques\/#webpage\",\"url\":\"https:\/\/annaetmatteo.com\/blog\/cloches-oeufs-en-chocolat-traditions-de-paques\/\",\"name\":\"Cloches, \u0153ufs en chocolat : d'o\u00f9 viennent ces traditions de P\u00e2ques ?\",\"isPartOf\":{\"@id\":\"https:\/\/annaetmatteo.com\/blog\/#website\"},\"primaryImageOfPage\":{\"@id\":\"https:\/\/annaetmatteo.com\/blog\/cloches-oeufs-en-chocolat-traditions-de-paques\/#primaryimage\"},\"datePublished\":\"2021-03-25T20:00:58+00:00\",\"dateModified\":\"2021-05-12T14:55:05+00:00\",\"description\":\"Pourquoi offre-t-on des \u0153ufs en chocolat \u00e0 P\u00e2ques ? Et pourquoi parle-t-on de cloches et de lapins ? Retour sur la tradition de P\u00e2ques !\",\"breadcrumb\":{\"@id\":\"https:\/\/annaetmatteo.com\/blog\/cloches-oeufs-en-chocolat-traditions-de-paques\/#breadcrumb\"},\"inLanguage\":\"fr-FR\",\"potentialAction\":[{\"@type\":\"ReadAction\",\"target\":[\"https:\/\/annaetmatteo.com\/blog\/cloches-oeufs-en-chocolat-traditions-de-paques\/\"]}]},{\"@type\":\"BreadcrumbList\",\"@id\":\"https:\/\/annaetmatteo.com\/blog\/cloches-oeufs-en-chocolat-traditions-de-paques\/#breadcrumb\",\"itemListElement\":[{\"@type\":\"ListItem\",\"position\":1,\"name\":\"Accueil\",\"item\":\"https:\/\/annaetmatteo.com\/blog\/\"},{\"@type\":\"ListItem\",\"position\":2,\"name\":\"Cloches, \u0153ufs en chocolat : d&rsquo;o\u00f9 viennent ces traditions de P\u00e2ques ?\"}]},{\"@type\":\"Article\",\"@id\":\"https:\/\/annaetmatteo.com\/blog\/cloches-oeufs-en-chocolat-traditions-de-paques\/#article\",\"isPartOf\":{\"@id\":\"https:\/\/annaetmatteo.com\/blog\/cloches-oeufs-en-chocolat-traditions-de-paques\/#webpage\"},\"author\":{\"@id\":\"https:\/\/annaetmatteo.com\/blog\/#\/schema\/person\/324a22a04fc2477c15496ba8213c7eab\"},\"headline\":\"Cloches, \u0153ufs en chocolat : d&rsquo;o\u00f9 viennent ces traditions de P\u00e2ques ?\",\"datePublished\":\"2021-03-25T20:00:58+00:00\",\"dateModified\":\"2021-05-12T14:55:05+00:00\",\"mainEntityOfPage\":{\"@id\":\"https:\/\/annaetmatteo.com\/blog\/cloches-oeufs-en-chocolat-traditions-de-paques\/#webpage\"},\"wordCount\":422,\"commentCount\":0,\"publisher\":{\"@id\":\"https:\/\/annaetmatteo.com\/blog\/#organization\"},\"image\":{\"@id\":\"https:\/\/annaetmatteo.com\/blog\/cloches-oeufs-en-chocolat-traditions-de-paques\/#primaryimage\"},\"thumbnailUrl\":\"https:\/\/annaetmatteo.com\/blog\/wp-content\/uploads\/2021\/03\/oeuf-de-paques.jpg\",\"inLanguage\":\"fr-FR\",\"potentialAction\":[{\"@type\":\"CommentAction\",\"name\":\"Comment\",\"target\":[\"https:\/\/annaetmatteo.com\/blog\/cloches-oeufs-en-chocolat-traditions-de-paques\/#respond\"]}]},{\"@type\":\"Person\",\"@id\":\"https:\/\/annaetmatteo.com\/blog\/#\/schema\/person\/324a22a04fc2477c15496ba8213c7eab\",\"name\":\"M\u00e9lanie &amp; Arnaud | Le Monde d'Anna et Matteo\",\"image\":{\"@type\":\"ImageObject\",\"@id\":\"https:\/\/annaetmatteo.com\/blog\/#personlogo\",\"inLanguage\":\"fr-FR\",\"url\":\"https:\/\/secure.gravatar.com\/avatar\/3c48cff264353bcb37bf9b52c1b769e7?s=96&d=mm&r=g\",\"contentUrl\":\"https:\/\/secure.gravatar.com\/avatar\/3c48cff264353bcb37bf9b52c1b769e7?s=96&d=mm&r=g\",\"caption\":\"M\u00e9lanie &amp; Arnaud | Le Monde d'Anna et Matteo\"},\"sameAs\":[\"https:\/\/annaetmatteo.com\",\"https:\/\/www.facebook.com\/AnnaEtMatteo\/\",\"https:\/\/twitter.com\/AnnaEtMatteo\"]}]}<\/script>\n<!-- \/ Yoast SEO plugin. -->","yoast_head_json":{"title":"Cloches, \u0153ufs en chocolat : d'o\u00f9 viennent ces traditions de P\u00e2ques ?","description":"Pourquoi offre-t-on des \u0153ufs en chocolat \u00e0 P\u00e2ques ? Et pourquoi parle-t-on de cloches et de lapins ? Retour sur la tradition de P\u00e2ques !","robots":{"index":"index","follow":"follow","max-snippet":"max-snippet:-1","max-image-preview":"max-image-preview:large","max-video-preview":"max-video-preview:-1"},"canonical":"https:\/\/annaetmatteo.com\/blog\/cloches-oeufs-en-chocolat-traditions-de-paques\/","og_locale":"fr_FR","og_type":"article","og_title":"Cloches, \u0153ufs en chocolat : d'o\u00f9 viennent ces traditions de P\u00e2ques ?","og_description":"Pourquoi offre-t-on des \u0153ufs en chocolat \u00e0 P\u00e2ques ? Et pourquoi parle-t-on de cloches et de lapins ? Retour sur la tradition de P\u00e2ques !","og_url":"https:\/\/annaetmatteo.com\/blog\/cloches-oeufs-en-chocolat-traditions-de-paques\/","og_site_name":"Blog du Monde d&#039;Anna et Matteo","article_publisher":"https:\/\/www.facebook.com\/AnnaEtMatteo\/","article_author":"https:\/\/www.facebook.com\/AnnaEtMatteo\/","article_published_time":"2021-03-25T20:00:58+00:00","article_modified_time":"2021-05-12T14:55:05+00:00","og_image":[{"width":1000,"height":400,"url":"https:\/\/annaetmatteo.com\/blog\/wp-content\/uploads\/2021\/03\/oeuf-de-paques.jpg","type":"image\/jpeg"}],"twitter_card":"summary_large_image","twitter_creator":"@AnnaEtMatteo","twitter_site":"@AnnaEtMatteo","twitter_misc":{"\u00c9crit par":"M\u00e9lanie &amp; Arnaud | Le Monde d'Anna et Matteo","Dur\u00e9e de lecture estim\u00e9e":"2 minutes"},"schema":{"@context":"https:\/\/schema.org","@graph":[{"@type":"Organization","@id":"https:\/\/annaetmatteo.com\/blog\/#organization","name":"Le Monde d'Anna et Matteo","url":"https:\/\/annaetmatteo.com\/blog\/","sameAs":["https:\/\/www.facebook.com\/AnnaEtMatteo\/","https:\/\/www.instagram.com\/annaetmatteo\/","https:\/\/www.youtube.com\/channel\/UCSce5n3L_8dmB8yTwbXnCwA\/f","https:\/\/www.pinterest.fr\/AnnaEtMatteo\/","https:\/\/twitter.com\/AnnaEtMatteo"],"logo":{"@type":"ImageObject","@id":"https:\/\/annaetmatteo.com\/blog\/#logo","inLanguage":"fr-FR","url":"https:\/\/annaetmatteo.com\/blog\/wp-content\/uploads\/2018\/04\/rbU69AmF_400x400-1.jpg","contentUrl":"https:\/\/annaetmatteo.com\/blog\/wp-content\/uploads\/2018\/04\/rbU69AmF_400x400-1.jpg","width":240,"height":240,"caption":"Le Monde d'Anna et Matteo"},"image":{"@id":"https:\/\/annaetmatteo.com\/blog\/#logo"}},{"@type":"WebSite","@id":"https:\/\/annaetmatteo.com\/blog\/#website","url":"https:\/\/annaetmatteo.com\/blog\/","name":"Blog du Monde d&#039;Anna et Matteo","description":"","publisher":{"@id":"https:\/\/annaetmatteo.com\/blog\/#organization"},"potentialAction":[{"@type":"SearchAction","target":{"@type":"EntryPoint","urlTemplate":"https:\/\/annaetmatteo.com\/blog\/?s={search_term_string}"},"query-input":"required name=search_term_string"}],"inLanguage":"fr-FR"},{"@type":"ImageObject","@id":"https:\/\/annaetmatteo.com\/blog\/cloches-oeufs-en-chocolat-traditions-de-paques\/#primaryimage","inLanguage":"fr-FR","url":"https:\/\/annaetmatteo.com\/blog\/wp-content\/uploads\/2021\/03\/oeuf-de-paques.jpg","contentUrl":"https:\/\/annaetmatteo.com\/blog\/wp-content\/uploads\/2021\/03\/oeuf-de-paques.jpg","width":1000,"height":400,"caption":"\u0153ufs de p\u00e2ques dans un panier"},{"@type":"WebPage","@id":"https:\/\/annaetmatteo.com\/blog\/cloches-oeufs-en-chocolat-traditions-de-paques\/#webpage","url":"https:\/\/annaetmatteo.com\/blog\/cloches-oeufs-en-chocolat-traditions-de-paques\/","name":"Cloches, \u0153ufs en chocolat : d'o\u00f9 viennent ces traditions de P\u00e2ques ?","isPartOf":{"@id":"https:\/\/annaetmatteo.com\/blog\/#website"},"primaryImageOfPage":{"@id":"https:\/\/annaetmatteo.com\/blog\/cloches-oeufs-en-chocolat-traditions-de-paques\/#primaryimage"},"datePublished":"2021-03-25T20:00:58+00:00","dateModified":"2021-05-12T14:55:05+00:00","description":"Pourquoi offre-t-on des \u0153ufs en chocolat \u00e0 P\u00e2ques ? Et pourquoi parle-t-on de cloches et de lapins ? Retour sur la tradition de P\u00e2ques !","breadcrumb":{"@id":"https:\/\/annaetmatteo.com\/blog\/cloches-oeufs-en-chocolat-traditions-de-paques\/#breadcrumb"},"inLanguage":"fr-FR","potentialAction":[{"@type":"ReadAction","target":["https:\/\/annaetmatteo.com\/blog\/cloches-oeufs-en-chocolat-traditions-de-paques\/"]}]},{"@type":"BreadcrumbList","@id":"https:\/\/annaetmatteo.com\/blog\/cloches-oeufs-en-chocolat-traditions-de-paques\/#breadcrumb","itemListElement":[{"@type":"ListItem","position":1,"name":"Accueil","item":"https:\/\/annaetmatteo.com\/blog\/"},{"@type":"ListItem","position":2,"name":"Cloches, \u0153ufs en chocolat : d&rsquo;o\u00f9 viennent ces traditions de P\u00e2ques ?"}]},{"@type":"Article","@id":"https:\/\/annaetmatteo.com\/blog\/cloches-oeufs-en-chocolat-traditions-de-paques\/#article","isPartOf":{"@id":"https:\/\/annaetmatteo.com\/blog\/cloches-oeufs-en-chocolat-traditions-de-paques\/#webpage"},"author":{"@id":"https:\/\/annaetmatteo.com\/blog\/#\/schema\/person\/324a22a04fc2477c15496ba8213c7eab"},"headline":"Cloches, \u0153ufs en chocolat : d&rsquo;o\u00f9 viennent ces traditions de P\u00e2ques ?","datePublished":"2021-03-25T20:00:58+00:00","dateModified":"2021-05-12T14:55:05+00:00","mainEntityOfPage":{"@id":"https:\/\/annaetmatteo.com\/blog\/cloches-oeufs-en-chocolat-traditions-de-paques\/#webpage"},"wordCount":422,"commentCount":0,"publisher":{"@id":"https:\/\/annaetmatteo.com\/blog\/#organization"},"image":{"@id":"https:\/\/annaetmatteo.com\/blog\/cloches-oeufs-en-chocolat-traditions-de-paques\/#primaryimage"},"thumbnailUrl":"https:\/\/annaetmatteo.com\/blog\/wp-content\/uploads\/2021\/03\/oeuf-de-paques.jpg","inLanguage":"fr-FR","potentialAction":[{"@type":"CommentAction","name":"Comment","target":["https:\/\/annaetmatteo.com\/blog\/cloches-oeufs-en-chocolat-traditions-de-paques\/#respond"]}]},{"@type":"Person","@id":"https:\/\/annaetmatteo.com\/blog\/#\/schema\/person\/324a22a04fc2477c15496ba8213c7eab","name":"M\u00e9lanie &amp; Arnaud | Le Monde d'Anna et Matteo","image":{"@type":"ImageObject","@id":"https:\/\/annaetmatteo.com\/blog\/#personlogo","inLanguage":"fr-FR","url":"https:\/\/secure.gravatar.com\/avatar\/3c48cff264353bcb37bf9b52c1b769e7?s=96&d=mm&r=g","contentUrl":"https:\/\/secure.gravatar.com\/avatar\/3c48cff264353bcb37bf9b52c1b769e7?s=96&d=mm&r=g","caption":"M\u00e9lanie &amp; Arnaud | Le Monde d'Anna et Matteo"},"sameAs":["https:\/\/annaetmatteo.com","https:\/\/www.facebook.com\/AnnaEtMatteo\/","https:\/\/twitter.com\/AnnaEtMatteo"]}]}},"_links":{"self":[{"href":"https:\/\/annaetmatteo.com\/blog\/wp-json\/wp\/v2\/posts\/896"}],"collection":[{"href":"https:\/\/annaetmatteo.com\/blog\/wp-json\/wp\/v2\/posts"}],"about":[{"href":"https:\/\/annaetmatteo.com\/blog\/wp-json\/wp\/v2\/types\/post"}],"author":[{"embeddable":true,"href":"https:\/\/annaetmatteo.com\/blog\/wp-json\/wp\/v2\/users\/1"}],"replies":[{"embeddable":true,"href":"https:\/\/annaetmatteo.com\/blog\/wp-json\/wp\/v2\/comments?post=896"}],"version-history":[{"count":5,"href":"https:\/\/annaetmatteo.com\/blog\/wp-json\/wp\/v2\/posts\/896\/revisions"}],"predecessor-version":[{"id":904,"href":"https:\/\/annaetmatteo.com\/blog\/wp-json\/wp\/v2\/posts\/896\/revisions\/904"}],"wp:featuredmedia":[{"embeddable":true,"href":"https:\/\/annaetmatteo.com\/blog\/wp-json\/wp\/v2\/media\/901"}],"wp:attachment":[{"href":"https:\/\/annaetmatteo.com\/blog\/wp-json\/wp\/v2\/media?parent=896"}],"wp:term":[{"taxonomy":"category","embeddable":true,"href":"https:\/\/annaetmatteo.com\/blog\/wp-json\/wp\/v2\/categories?post=896"},{"taxonomy":"post_tag","embeddable":true,"href":"https:\/\/annaetmatteo.com\/blog\/wp-json\/wp\/v2\/tags?post=896"}],"curies":[{"name":"wp","href":"https:\/\/api.w.org\/{rel}","templated":true}]}}