{"id":886,"date":"2020-12-31T14:57:01","date_gmt":"2020-12-31T13:57:01","guid":{"rendered":"https:\/\/annaetmatteo.com\/blog\/?p=886"},"modified":"2021-05-12T16:57:00","modified_gmt":"2021-05-12T14:57:00","slug":"pourquoi-noel-est-le-25-decembre","status":"publish","type":"post","link":"https:\/\/annaetmatteo.com\/blog\/pourquoi-noel-est-le-25-decembre\/","title":{"rendered":"Pourquoi No\u00ebl est le 25 d\u00e9cembre ?"},"content":{"rendered":"<h2>Vos bambins ont fini d&rsquo;ouvrir joyeusement leurs cadeaux de No\u00ebl\u00a0 le 25 d\u00e9cembre ? Mais d&rsquo;ailleurs, pourquoi le 25 ? Vous seriez tent\u00e9 de r\u00e9pondre que c&rsquo;est la date de naissance de J\u00e9sus Christ. Et pourtant&#8230; non.<!--more--><\/h2>\n<p>C&rsquo;est bien connu, le P\u00e8re No\u00ebl livre les cadeaux dans la nuit du 24 au 25 d\u00e9cembre. Car c&rsquo;est au 25 qu&rsquo;est fix\u00e9 No\u00ebl, \u00e9galement f\u00eate de la nativit\u00e9 pour les Chr\u00e9tiens. En effet, c&rsquo;est pour eux ce jour qu&rsquo;est n\u00e9 J\u00e9sus Christ. Mais, en \u00eates-vous vraiment s\u00fbr ?<\/p>\n<h3>Remplacer une f\u00eate pa\u00efenne<\/h3>\n<p>En pratique, on sait peu du d\u00e9but de la vie de J\u00e9sus. M\u00eame les Evangiles ne fournissent pas d&rsquo;informations suffisantes pour documenter le d\u00e9but de sa vie. On y d\u00e9crit juste le mythe de la naissance dans une \u00e9table, dans des conditions qu&rsquo;on pourrait juger pr\u00e9caire. Pire que cela, certains historiens doutent m\u00eame qu&rsquo;il soit r\u00e9ellement n\u00e9 \u00e0 Bethl\u00e9em&#8230;<\/p>\n<p>Par contre, une chose est certaine, c&rsquo;est au IVe si\u00e8cle que la date du 25 d\u00e9cembre est choisie par les Chr\u00e9tiens, notamment par le pape Lib\u00e8re. La date a son importance, car elle correspond \u00e0 la p\u00e9riode du solstice d&rsquo;hiver, moment de l&rsquo;ann\u00e9e o\u00f9 les jours commencent \u00e0 rallonger.<\/p>\n<p>A Rome, c&rsquo;est le moment o\u00f9 on f\u00eate \u00ab\u00a0Le Soleil invaincu\u00a0\u00bb (<em>Sol invictus<\/em>). Mais pas que ! En Orient comme dans les pays nordiques ou en Germanie, diff\u00e9rents cultes pa\u00efens c\u00e9l\u00e8brent eux-aussi \u00e0 leur mani\u00e8re cette p\u00e9riode de l&rsquo;ann\u00e9e. Y placer la nativit\u00e9 permet, de fait, de r\u00e9cup\u00e9rer ces festivit\u00e9s.<\/p>\n<p>Apr\u00e8s tout, rien de bien nouveau ! Tous les cultes tentent de s&rsquo;imposer en r\u00e9cup\u00e9rant temples et f\u00eates des cultes pr\u00e9c\u00e9dents.<\/p>\n<p><img loading=\"lazy\" class=\"aligncenter size-full wp-image-888\" src=\"https:\/\/annaetmatteo.com\/blog\/wp-content\/uploads\/2020\/12\/noel-001.jpg\" alt=\"no\u00ebl cadeau 25 d\u00e9cembre\" width=\"800\" height=\"533\" srcset=\"https:\/\/annaetmatteo.com\/blog\/wp-content\/uploads\/2020\/12\/noel-001.jpg 800w, https:\/\/annaetmatteo.com\/blog\/wp-content\/uploads\/2020\/12\/noel-001-300x200.jpg 300w, https:\/\/annaetmatteo.com\/blog\/wp-content\/uploads\/2020\/12\/noel-001-768x512.jpg 768w\" sizes=\"(max-width: 767px) 89vw, (max-width: 1000px) 54vw, (max-width: 1071px) 543px, 580px\" \/><\/p>\n<h3>J\u00e9sus ne serait pas n\u00e9 en an I<\/h3>\n<p>Encore plus fort, l&rsquo;ann\u00e9e de naissance de J\u00e9sus serait fausse ! D&rsquo;ailleurs, m\u00eame l&rsquo;Eglise ne nie plus depuis longtemps que le point de d\u00e9part de son calendrier comprend tr\u00e8s certainement une erreur de calcule.<\/p>\n<p>Ces calcules furent r\u00e9alis\u00e9s au VIe si\u00e8cle par Denis le Petit, un moine historien. J\u00e9sus serait n\u00e9 du vivant du roi H\u00e9rode, qui meurt pourtant en -4 avant notre \u00e8re. En outre, l&rsquo;\u00e9toile qui guide les Rois Mages dans le ciel correspond certainement \u00e0 un rare \u00e9v\u00e9nement astronomique : la conjonction de Saturne et de Jupiter. Celle-ci s&rsquo;est produite en l&rsquo;an -7.<\/p>\n<p>Du coup, personne n&rsquo;a vraiment l&rsquo;ann\u00e9e de naissance exacte de J\u00e9sus. Il est commun\u00e9ment admis qu&rsquo;elle se situerait entre -5 et -7. Alors du coup, peut \u00eatre qu&rsquo;\u00e0 minuit ce 31 d\u00e9cembre il conviendra de se souhaiter&#8230; une bonne ann\u00e9e 2028 !<\/p>\n<h3>Mais la date de naissance de J\u00e9sus est-elle importante ?<\/h3>\n<p>Au final, tout cela est-il vraiment important ? Pour la culture personnelle, c&rsquo;est toujours int\u00e9ressant. Mais qu&rsquo;on f\u00eate No\u00ebl le 25 d\u00e9cembre, le 12 juillet ou mi-mars, cela ne change rien au symbole de cette date. Apr\u00e8s tout, qu&rsquo;elle soit correcte ou non n&rsquo;a en r\u00e9alit\u00e9 pas d&rsquo;importance&#8230;<br \/>\n<center><a href=\"https:\/\/nutriandco.com\/fr\/produits\/vitamine-d?eaf-publisher=affilae&#038;eaf-name=annaetmatteo&#038;eaf-creative=generique&#038;eaf-creativetype=1x1&#038;eseg-name=affilae&#038;eseg-item=280#ae280-142\"><img src=\"https:\/\/lb.affilae.com\/imp\/5e26bce5249f1233dff950b7\/608a6dd1afabde5ea754ec0a\/6050cfad1e42ab4eec655514\/https:\/\/s3-eu-west-1.amazonaws.com\/aeup\/uploads\/programs\/5e26bce5249f1233dff950b7\/elements\/6050cfad1e42ab4eec655512.jpg\" \/><\/a><\/center><\/p>\n<h4>Ces articles pourraient \u00e9galement vous int\u00e9resser :<\/h4>\n<p><a href=\"https:\/\/annaetmatteo.com\/blog\/halloween-mais-dou-vient-cette-fete\/\" target=\"_blank\" rel=\"noopener noreferrer\">Halloween : mais d&rsquo;o\u00f9 vient cette f\u00eate ?<\/a><\/p>\n<p><a href=\"https:\/\/annaetmatteo.com\/blog\/connaissez-vous-leffet-saint-sylvestre\/\" target=\"_blank\" rel=\"noopener noreferrer\">Connaissez-vous l&rsquo;effet saint Sylvestre\u00a0?<\/a><\/p>\n<p><a href=\"https:\/\/annaetmatteo.com\/blog\/dois-je-dire-a-mes-enfants-que-le-pere-noel-nexiste-pas\/\" target=\"_blank\" rel=\"noopener noreferrer\">Dois-je dire \u00e0 mes enfants que le P\u00e8re No\u00ebl n&rsquo;existe pas ?<\/a><\/p>\n<p><a href=\"https:\/\/annaetmatteo.com\/blog\/enceinte-pendant-les-fetes-de-noel-que-manger\/\">Enceinte pendant les f\u00eates de No\u00ebl : que manger ?<\/a><\/p>\n<p>&nbsp;<\/p>\n","protected":false},"excerpt":{"rendered":"<p>Vos bambins ont fini d&rsquo;ouvrir joyeusement leurs cadeaux de No\u00ebl\u00a0 le 25 d\u00e9cembre ? Mais d&rsquo;ailleurs, pourquoi le 25 ? Vous seriez tent\u00e9 de r\u00e9pondre que c&rsquo;est la date de naissance de J\u00e9sus Christ. Et pourtant&#8230; non.<\/p>\n","protected":false},"author":1,"featured_media":889,"comment_status":"open","ping_status":"open","sticky":false,"template":"","format":"standard","meta":[],"categories":[1],"tags":[],"yoast_head":"<!-- This site is optimized with the Yoast SEO plugin v18.0 - https:\/\/yoast.com\/wordpress\/plugins\/seo\/ -->\n<title>Pourquoi No\u00ebl est le 25 d\u00e9cembre ? J\u00e9sus est-il vraiment n\u00e9 \u00e0 cette date ?<\/title>\n<meta name=\"description\" content=\"D\u00e9couvrez d&#039;o\u00f9 vient la tradition du 25 d\u00e9cembre. Attention spoiler : J\u00e9sus ne serait pas n\u00e9 \u00e0 cette date... On vous explique tout !\" \/>\n<meta name=\"robots\" content=\"index, follow, max-snippet:-1, max-image-preview:large, max-video-preview:-1\" \/>\n<link rel=\"canonical\" href=\"https:\/\/annaetmatteo.com\/blog\/pourquoi-noel-est-le-25-decembre\/\" \/>\n<meta property=\"og:locale\" content=\"fr_FR\" \/>\n<meta property=\"og:type\" content=\"article\" \/>\n<meta property=\"og:title\" content=\"Pourquoi No\u00ebl est le 25 d\u00e9cembre ? J\u00e9sus est-il vraiment n\u00e9 \u00e0 cette date ?\" \/>\n<meta property=\"og:description\" content=\"D\u00e9couvrez d&#039;o\u00f9 vient la tradition du 25 d\u00e9cembre. Attention spoiler : J\u00e9sus ne serait pas n\u00e9 \u00e0 cette date... On vous explique tout !\" \/>\n<meta property=\"og:url\" content=\"https:\/\/annaetmatteo.com\/blog\/pourquoi-noel-est-le-25-decembre\/\" \/>\n<meta property=\"og:site_name\" content=\"Blog du Monde d&#039;Anna et Matteo\" \/>\n<meta property=\"article:publisher\" content=\"https:\/\/www.facebook.com\/AnnaEtMatteo\/\" \/>\n<meta property=\"article:author\" content=\"https:\/\/www.facebook.com\/AnnaEtMatteo\/\" \/>\n<meta property=\"article:published_time\" content=\"2020-12-31T13:57:01+00:00\" \/>\n<meta property=\"article:modified_time\" content=\"2021-05-12T14:57:00+00:00\" \/>\n<meta property=\"og:image\" content=\"https:\/\/annaetmatteo.com\/blog\/wp-content\/uploads\/2020\/12\/noel-002.jpg\" \/>\n\t<meta property=\"og:image:width\" content=\"1000\" \/>\n\t<meta property=\"og:image:height\" content=\"400\" \/>\n\t<meta property=\"og:image:type\" content=\"image\/jpeg\" \/>\n<meta name=\"twitter:card\" content=\"summary_large_image\" \/>\n<meta name=\"twitter:creator\" content=\"@AnnaEtMatteo\" \/>\n<meta name=\"twitter:site\" content=\"@AnnaEtMatteo\" \/>\n<meta name=\"twitter:label1\" content=\"\u00c9crit par\" \/>\n\t<meta name=\"twitter:data1\" content=\"M\u00e9lanie &amp; Arnaud | Le Monde d'Anna et Matteo\" \/>\n\t<meta name=\"twitter:label2\" content=\"Dur\u00e9e de lecture estim\u00e9e\" \/>\n\t<meta name=\"twitter:data2\" content=\"3 minutes\" \/>\n<script type=\"application\/ld+json\" class=\"yoast-schema-graph\">{\"@context\":\"https:\/\/schema.org\",\"@graph\":[{\"@type\":\"Organization\",\"@id\":\"https:\/\/annaetmatteo.com\/blog\/#organization\",\"name\":\"Le Monde d'Anna et Matteo\",\"url\":\"https:\/\/annaetmatteo.com\/blog\/\",\"sameAs\":[\"https:\/\/www.facebook.com\/AnnaEtMatteo\/\",\"https:\/\/www.instagram.com\/annaetmatteo\/\",\"https:\/\/www.youtube.com\/channel\/UCSce5n3L_8dmB8yTwbXnCwA\/f\",\"https:\/\/www.pinterest.fr\/AnnaEtMatteo\/\",\"https:\/\/twitter.com\/AnnaEtMatteo\"],\"logo\":{\"@type\":\"ImageObject\",\"@id\":\"https:\/\/annaetmatteo.com\/blog\/#logo\",\"inLanguage\":\"fr-FR\",\"url\":\"https:\/\/annaetmatteo.com\/blog\/wp-content\/uploads\/2018\/04\/rbU69AmF_400x400-1.jpg\",\"contentUrl\":\"https:\/\/annaetmatteo.com\/blog\/wp-content\/uploads\/2018\/04\/rbU69AmF_400x400-1.jpg\",\"width\":240,\"height\":240,\"caption\":\"Le Monde d'Anna et Matteo\"},\"image\":{\"@id\":\"https:\/\/annaetmatteo.com\/blog\/#logo\"}},{\"@type\":\"WebSite\",\"@id\":\"https:\/\/annaetmatteo.com\/blog\/#website\",\"url\":\"https:\/\/annaetmatteo.com\/blog\/\",\"name\":\"Blog du Monde d&#039;Anna et Matteo\",\"description\":\"\",\"publisher\":{\"@id\":\"https:\/\/annaetmatteo.com\/blog\/#organization\"},\"potentialAction\":[{\"@type\":\"SearchAction\",\"target\":{\"@type\":\"EntryPoint\",\"urlTemplate\":\"https:\/\/annaetmatteo.com\/blog\/?s={search_term_string}\"},\"query-input\":\"required name=search_term_string\"}],\"inLanguage\":\"fr-FR\"},{\"@type\":\"ImageObject\",\"@id\":\"https:\/\/annaetmatteo.com\/blog\/pourquoi-noel-est-le-25-decembre\/#primaryimage\",\"inLanguage\":\"fr-FR\",\"url\":\"https:\/\/annaetmatteo.com\/blog\/wp-content\/uploads\/2020\/12\/noel-002.jpg\",\"contentUrl\":\"https:\/\/annaetmatteo.com\/blog\/wp-content\/uploads\/2020\/12\/noel-002.jpg\",\"width\":1000,\"height\":400,\"caption\":\"nativit\u00e9 cr\u00e8che j\u00e9sus\"},{\"@type\":\"WebPage\",\"@id\":\"https:\/\/annaetmatteo.com\/blog\/pourquoi-noel-est-le-25-decembre\/#webpage\",\"url\":\"https:\/\/annaetmatteo.com\/blog\/pourquoi-noel-est-le-25-decembre\/\",\"name\":\"Pourquoi No\u00ebl est le 25 d\u00e9cembre ? J\u00e9sus est-il vraiment n\u00e9 \u00e0 cette date ?\",\"isPartOf\":{\"@id\":\"https:\/\/annaetmatteo.com\/blog\/#website\"},\"primaryImageOfPage\":{\"@id\":\"https:\/\/annaetmatteo.com\/blog\/pourquoi-noel-est-le-25-decembre\/#primaryimage\"},\"datePublished\":\"2020-12-31T13:57:01+00:00\",\"dateModified\":\"2021-05-12T14:57:00+00:00\",\"description\":\"D\u00e9couvrez d'o\u00f9 vient la tradition du 25 d\u00e9cembre. Attention spoiler : J\u00e9sus ne serait pas n\u00e9 \u00e0 cette date... On vous explique tout !\",\"breadcrumb\":{\"@id\":\"https:\/\/annaetmatteo.com\/blog\/pourquoi-noel-est-le-25-decembre\/#breadcrumb\"},\"inLanguage\":\"fr-FR\",\"potentialAction\":[{\"@type\":\"ReadAction\",\"target\":[\"https:\/\/annaetmatteo.com\/blog\/pourquoi-noel-est-le-25-decembre\/\"]}]},{\"@type\":\"BreadcrumbList\",\"@id\":\"https:\/\/annaetmatteo.com\/blog\/pourquoi-noel-est-le-25-decembre\/#breadcrumb\",\"itemListElement\":[{\"@type\":\"ListItem\",\"position\":1,\"name\":\"Accueil\",\"item\":\"https:\/\/annaetmatteo.com\/blog\/\"},{\"@type\":\"ListItem\",\"position\":2,\"name\":\"Pourquoi No\u00ebl est le 25 d\u00e9cembre ?\"}]},{\"@type\":\"Article\",\"@id\":\"https:\/\/annaetmatteo.com\/blog\/pourquoi-noel-est-le-25-decembre\/#article\",\"isPartOf\":{\"@id\":\"https:\/\/annaetmatteo.com\/blog\/pourquoi-noel-est-le-25-decembre\/#webpage\"},\"author\":{\"@id\":\"https:\/\/annaetmatteo.com\/blog\/#\/schema\/person\/324a22a04fc2477c15496ba8213c7eab\"},\"headline\":\"Pourquoi No\u00ebl est le 25 d\u00e9cembre ?\",\"datePublished\":\"2020-12-31T13:57:01+00:00\",\"dateModified\":\"2021-05-12T14:57:00+00:00\",\"mainEntityOfPage\":{\"@id\":\"https:\/\/annaetmatteo.com\/blog\/pourquoi-noel-est-le-25-decembre\/#webpage\"},\"wordCount\":567,\"commentCount\":2,\"publisher\":{\"@id\":\"https:\/\/annaetmatteo.com\/blog\/#organization\"},\"image\":{\"@id\":\"https:\/\/annaetmatteo.com\/blog\/pourquoi-noel-est-le-25-decembre\/#primaryimage\"},\"thumbnailUrl\":\"https:\/\/annaetmatteo.com\/blog\/wp-content\/uploads\/2020\/12\/noel-002.jpg\",\"inLanguage\":\"fr-FR\",\"potentialAction\":[{\"@type\":\"CommentAction\",\"name\":\"Comment\",\"target\":[\"https:\/\/annaetmatteo.com\/blog\/pourquoi-noel-est-le-25-decembre\/#respond\"]}]},{\"@type\":\"Person\",\"@id\":\"https:\/\/annaetmatteo.com\/blog\/#\/schema\/person\/324a22a04fc2477c15496ba8213c7eab\",\"name\":\"M\u00e9lanie &amp; Arnaud | Le Monde d'Anna et Matteo\",\"image\":{\"@type\":\"ImageObject\",\"@id\":\"https:\/\/annaetmatteo.com\/blog\/#personlogo\",\"inLanguage\":\"fr-FR\",\"url\":\"https:\/\/secure.gravatar.com\/avatar\/3c48cff264353bcb37bf9b52c1b769e7?s=96&d=mm&r=g\",\"contentUrl\":\"https:\/\/secure.gravatar.com\/avatar\/3c48cff264353bcb37bf9b52c1b769e7?s=96&d=mm&r=g\",\"caption\":\"M\u00e9lanie &amp; Arnaud | Le Monde d'Anna et Matteo\"},\"sameAs\":[\"https:\/\/annaetmatteo.com\",\"https:\/\/www.facebook.com\/AnnaEtMatteo\/\",\"https:\/\/twitter.com\/AnnaEtMatteo\"]}]}<\/script>\n<!-- \/ Yoast SEO plugin. -->","yoast_head_json":{"title":"Pourquoi No\u00ebl est le 25 d\u00e9cembre ? J\u00e9sus est-il vraiment n\u00e9 \u00e0 cette date ?","description":"D\u00e9couvrez d'o\u00f9 vient la tradition du 25 d\u00e9cembre. Attention spoiler : J\u00e9sus ne serait pas n\u00e9 \u00e0 cette date... On vous explique tout !","robots":{"index":"index","follow":"follow","max-snippet":"max-snippet:-1","max-image-preview":"max-image-preview:large","max-video-preview":"max-video-preview:-1"},"canonical":"https:\/\/annaetmatteo.com\/blog\/pourquoi-noel-est-le-25-decembre\/","og_locale":"fr_FR","og_type":"article","og_title":"Pourquoi No\u00ebl est le 25 d\u00e9cembre ? J\u00e9sus est-il vraiment n\u00e9 \u00e0 cette date ?","og_description":"D\u00e9couvrez d'o\u00f9 vient la tradition du 25 d\u00e9cembre. Attention spoiler : J\u00e9sus ne serait pas n\u00e9 \u00e0 cette date... On vous explique tout !","og_url":"https:\/\/annaetmatteo.com\/blog\/pourquoi-noel-est-le-25-decembre\/","og_site_name":"Blog du Monde d&#039;Anna et Matteo","article_publisher":"https:\/\/www.facebook.com\/AnnaEtMatteo\/","article_author":"https:\/\/www.facebook.com\/AnnaEtMatteo\/","article_published_time":"2020-12-31T13:57:01+00:00","article_modified_time":"2021-05-12T14:57:00+00:00","og_image":[{"width":1000,"height":400,"url":"https:\/\/annaetmatteo.com\/blog\/wp-content\/uploads\/2020\/12\/noel-002.jpg","type":"image\/jpeg"}],"twitter_card":"summary_large_image","twitter_creator":"@AnnaEtMatteo","twitter_site":"@AnnaEtMatteo","twitter_misc":{"\u00c9crit par":"M\u00e9lanie &amp; Arnaud | Le Monde d'Anna et Matteo","Dur\u00e9e de lecture estim\u00e9e":"3 minutes"},"schema":{"@context":"https:\/\/schema.org","@graph":[{"@type":"Organization","@id":"https:\/\/annaetmatteo.com\/blog\/#organization","name":"Le Monde d'Anna et Matteo","url":"https:\/\/annaetmatteo.com\/blog\/","sameAs":["https:\/\/www.facebook.com\/AnnaEtMatteo\/","https:\/\/www.instagram.com\/annaetmatteo\/","https:\/\/www.youtube.com\/channel\/UCSce5n3L_8dmB8yTwbXnCwA\/f","https:\/\/www.pinterest.fr\/AnnaEtMatteo\/","https:\/\/twitter.com\/AnnaEtMatteo"],"logo":{"@type":"ImageObject","@id":"https:\/\/annaetmatteo.com\/blog\/#logo","inLanguage":"fr-FR","url":"https:\/\/annaetmatteo.com\/blog\/wp-content\/uploads\/2018\/04\/rbU69AmF_400x400-1.jpg","contentUrl":"https:\/\/annaetmatteo.com\/blog\/wp-content\/uploads\/2018\/04\/rbU69AmF_400x400-1.jpg","width":240,"height":240,"caption":"Le Monde d'Anna et Matteo"},"image":{"@id":"https:\/\/annaetmatteo.com\/blog\/#logo"}},{"@type":"WebSite","@id":"https:\/\/annaetmatteo.com\/blog\/#website","url":"https:\/\/annaetmatteo.com\/blog\/","name":"Blog du Monde d&#039;Anna et Matteo","description":"","publisher":{"@id":"https:\/\/annaetmatteo.com\/blog\/#organization"},"potentialAction":[{"@type":"SearchAction","target":{"@type":"EntryPoint","urlTemplate":"https:\/\/annaetmatteo.com\/blog\/?s={search_term_string}"},"query-input":"required name=search_term_string"}],"inLanguage":"fr-FR"},{"@type":"ImageObject","@id":"https:\/\/annaetmatteo.com\/blog\/pourquoi-noel-est-le-25-decembre\/#primaryimage","inLanguage":"fr-FR","url":"https:\/\/annaetmatteo.com\/blog\/wp-content\/uploads\/2020\/12\/noel-002.jpg","contentUrl":"https:\/\/annaetmatteo.com\/blog\/wp-content\/uploads\/2020\/12\/noel-002.jpg","width":1000,"height":400,"caption":"nativit\u00e9 cr\u00e8che j\u00e9sus"},{"@type":"WebPage","@id":"https:\/\/annaetmatteo.com\/blog\/pourquoi-noel-est-le-25-decembre\/#webpage","url":"https:\/\/annaetmatteo.com\/blog\/pourquoi-noel-est-le-25-decembre\/","name":"Pourquoi No\u00ebl est le 25 d\u00e9cembre ? J\u00e9sus est-il vraiment n\u00e9 \u00e0 cette date ?","isPartOf":{"@id":"https:\/\/annaetmatteo.com\/blog\/#website"},"primaryImageOfPage":{"@id":"https:\/\/annaetmatteo.com\/blog\/pourquoi-noel-est-le-25-decembre\/#primaryimage"},"datePublished":"2020-12-31T13:57:01+00:00","dateModified":"2021-05-12T14:57:00+00:00","description":"D\u00e9couvrez d'o\u00f9 vient la tradition du 25 d\u00e9cembre. Attention spoiler : J\u00e9sus ne serait pas n\u00e9 \u00e0 cette date... On vous explique tout !","breadcrumb":{"@id":"https:\/\/annaetmatteo.com\/blog\/pourquoi-noel-est-le-25-decembre\/#breadcrumb"},"inLanguage":"fr-FR","potentialAction":[{"@type":"ReadAction","target":["https:\/\/annaetmatteo.com\/blog\/pourquoi-noel-est-le-25-decembre\/"]}]},{"@type":"BreadcrumbList","@id":"https:\/\/annaetmatteo.com\/blog\/pourquoi-noel-est-le-25-decembre\/#breadcrumb","itemListElement":[{"@type":"ListItem","position":1,"name":"Accueil","item":"https:\/\/annaetmatteo.com\/blog\/"},{"@type":"ListItem","position":2,"name":"Pourquoi No\u00ebl est le 25 d\u00e9cembre ?"}]},{"@type":"Article","@id":"https:\/\/annaetmatteo.com\/blog\/pourquoi-noel-est-le-25-decembre\/#article","isPartOf":{"@id":"https:\/\/annaetmatteo.com\/blog\/pourquoi-noel-est-le-25-decembre\/#webpage"},"author":{"@id":"https:\/\/annaetmatteo.com\/blog\/#\/schema\/person\/324a22a04fc2477c15496ba8213c7eab"},"headline":"Pourquoi No\u00ebl est le 25 d\u00e9cembre ?","datePublished":"2020-12-31T13:57:01+00:00","dateModified":"2021-05-12T14:57:00+00:00","mainEntityOfPage":{"@id":"https:\/\/annaetmatteo.com\/blog\/pourquoi-noel-est-le-25-decembre\/#webpage"},"wordCount":567,"commentCount":2,"publisher":{"@id":"https:\/\/annaetmatteo.com\/blog\/#organization"},"image":{"@id":"https:\/\/annaetmatteo.com\/blog\/pourquoi-noel-est-le-25-decembre\/#primaryimage"},"thumbnailUrl":"https:\/\/annaetmatteo.com\/blog\/wp-content\/uploads\/2020\/12\/noel-002.jpg","inLanguage":"fr-FR","potentialAction":[{"@type":"CommentAction","name":"Comment","target":["https:\/\/annaetmatteo.com\/blog\/pourquoi-noel-est-le-25-decembre\/#respond"]}]},{"@type":"Person","@id":"https:\/\/annaetmatteo.com\/blog\/#\/schema\/person\/324a22a04fc2477c15496ba8213c7eab","name":"M\u00e9lanie &amp; Arnaud | Le Monde d'Anna et Matteo","image":{"@type":"ImageObject","@id":"https:\/\/annaetmatteo.com\/blog\/#personlogo","inLanguage":"fr-FR","url":"https:\/\/secure.gravatar.com\/avatar\/3c48cff264353bcb37bf9b52c1b769e7?s=96&d=mm&r=g","contentUrl":"https:\/\/secure.gravatar.com\/avatar\/3c48cff264353bcb37bf9b52c1b769e7?s=96&d=mm&r=g","caption":"M\u00e9lanie &amp; Arnaud | Le Monde d'Anna et Matteo"},"sameAs":["https:\/\/annaetmatteo.com","https:\/\/www.facebook.com\/AnnaEtMatteo\/","https:\/\/twitter.com\/AnnaEtMatteo"]}]}},"_links":{"self":[{"href":"https:\/\/annaetmatteo.com\/blog\/wp-json\/wp\/v2\/posts\/886"}],"collection":[{"href":"https:\/\/annaetmatteo.com\/blog\/wp-json\/wp\/v2\/posts"}],"about":[{"href":"https:\/\/annaetmatteo.com\/blog\/wp-json\/wp\/v2\/types\/post"}],"author":[{"embeddable":true,"href":"https:\/\/annaetmatteo.com\/blog\/wp-json\/wp\/v2\/users\/1"}],"replies":[{"embeddable":true,"href":"https:\/\/annaetmatteo.com\/blog\/wp-json\/wp\/v2\/comments?post=886"}],"version-history":[{"count":6,"href":"https:\/\/annaetmatteo.com\/blog\/wp-json\/wp\/v2\/posts\/886\/revisions"}],"predecessor-version":[{"id":905,"href":"https:\/\/annaetmatteo.com\/blog\/wp-json\/wp\/v2\/posts\/886\/revisions\/905"}],"wp:featuredmedia":[{"embeddable":true,"href":"https:\/\/annaetmatteo.com\/blog\/wp-json\/wp\/v2\/media\/889"}],"wp:attachment":[{"href":"https:\/\/annaetmatteo.com\/blog\/wp-json\/wp\/v2\/media?parent=886"}],"wp:term":[{"taxonomy":"category","embeddable":true,"href":"https:\/\/annaetmatteo.com\/blog\/wp-json\/wp\/v2\/categories?post=886"},{"taxonomy":"post_tag","embeddable":true,"href":"https:\/\/annaetmatteo.com\/blog\/wp-json\/wp\/v2\/tags?post=886"}],"curies":[{"name":"wp","href":"https:\/\/api.w.org\/{rel}","templated":true}]}}