{"id":847,"date":"2020-08-13T20:10:23","date_gmt":"2020-08-13T18:10:23","guid":{"rendered":"https:\/\/annaetmatteo.com\/blog\/?p=847"},"modified":"2020-08-13T20:10:23","modified_gmt":"2020-08-13T18:10:23","slug":"salon-baby-doctobre-le-point-sur-la-presence-du-monde-danna-et-matteo","status":"publish","type":"post","link":"https:\/\/annaetmatteo.com\/blog\/salon-baby-doctobre-le-point-sur-la-presence-du-monde-danna-et-matteo\/","title":{"rendered":"Salon Baby d&rsquo;octobre : le point sur la pr\u00e9sence du Monde d&rsquo;Anna et Matteo"},"content":{"rendered":"<h2>La situation sanitaire oblige tant les organisateurs du Salon Baby, Enjoy Family, que Le Monde d&rsquo;Anna et Matteo \u00e0 prendre des d\u00e9cisions radicales. L&rsquo;\u00e9v\u00e9nement est effectivement profond\u00e9ment remani\u00e9.<\/h2>\n<p><!--more--><\/p>\n<p>Pour la 3e ann\u00e9es cons\u00e9cutive, il \u00e9tait bien dans les plans du <strong>Monde d&rsquo;Anna et Matteo<\/strong> de participer \u00e0 l&rsquo;\u00e9dition 2020 du <strong>Salon Baby de Paris La Villette<\/strong>. Ce dernier \u00e9tait pr\u00e9vu les 2-3-4 octobre prochains. Evidemment, nous tenons \u00e0 cet \u00e9v\u00e9nement. S&rsquo;il repr\u00e9sente un gros investissement pour une petite entreprise, il s&rsquo;agit du seul moment o\u00f9 nous pouvons vous rencontrer en direct.<\/p>\n<p>Toutefois, la situation sanitaire et l&rsquo;incertitude quant \u00e0 l&rsquo;\u00e9volution de la pand\u00e9mie de coronavirus covid-19 a incit\u00e9 les organisateurs \u00e0 la prudence. Le <strong>Salon Baby<\/strong> \u00ab\u00a0physique\u00a0\u00bb est transform\u00e9 en un \u00e9v\u00e9nement digital : le <strong>Salon Baby Web<\/strong> qui se tiendra les 19 et 20 septembre 2020. Un <span style=\"color: #0000ff;\"><a style=\"color: #0000ff;\" href=\"https:\/\/www.enjoyfamily.fr\/salon-baby-web\/\" target=\"_blank\" rel=\"noopener noreferrer\">site officiel permettant de r\u00e9server vos billets virtuels<\/a><\/span> est d\u00e9j\u00e0 en place. Il permettra d&rsquo;assister \u00e0 des <em>\u00ab\u00a0lives experts et marques, des conseils, des bons plans shopping, des animations, ateliers et tables rondes.\u00a0\u00bb\u00a0<\/em><\/p>\n<h3>Salon Baby Web : participer ou non ?<\/h3>\n<p>Nous concernant, nous avons choisi de ne pas y participer. Il ne s&rsquo;agit pas d&rsquo;une d\u00e9cision facile. Puisque nous perdons l&rsquo;opportunit\u00e9 d&rsquo;\u00eatre en contact direct avec vous, d&rsquo;\u00e9changer et de recueillir vos retours&#8230; ou vos critiques.<\/p>\n<p>Mais ce type d&rsquo;\u00e9v\u00e9nement virtuel ne constitue pas une alternative dans laquelle nous souhaitons investir pour le moment. Nous sommes d\u00e9j\u00e0 un e-commerce qui entretient un lien virtuel avec vous avec le site, le blog et les r\u00e9seaux sociaux. Notre ambition est bien de conserver la possibilit\u00e9 de nous rencontrer en chair et en os !<\/p>\n<h3>Mais \u00e0 tr\u00e8s bient\u00f4t au prochain Salon Baby ?<\/h3>\n<p>Pour l&rsquo;instant, nous attendons donc la prochaine \u00e9dition du salon. Elle se tiendra, si tout va bien, \u00e0 la <strong>Porte de Versailles<\/strong> les 12-13-14 mars 2021. Il s&rsquo;agirait donc \u00e9galement de notre premi\u00e8re participation en mars et \u00e0 cet endroit. Puisque, jusqu&rsquo;\u00e0 pr\u00e9sent, nous nous donnions rendez-vous toujours \u00e0 l&rsquo;\u00e9dition de fin d&rsquo;ann\u00e9e.<\/p>\n<p>Mais avant d&rsquo;ouvrir vos agendas, gardez \u00e0 l&rsquo;esprit un d\u00e9tail. Nous n&rsquo;arr\u00eaterons notre choix que quand nous serons certains que la situation sanitaire permettra un accueil normal des visiteurs. Pour une structure de notre taille, il serait en effet critique d&rsquo;\u00eatre dans l&rsquo;incapacit\u00e9 de rembourser les frais du salon avec les ventes r\u00e9alis\u00e9es.<\/p>\n<p>Evidemment, on se tient au courant ! \u2665 \u2665<\/p>\n<h4>Ces articles pourraient \u00e9galement vous int\u00e9resser :<\/h4>\n<p><span style=\"color: #0000ff;\"><a style=\"color: #0000ff;\" href=\"https:\/\/annaetmatteo.com\/blog\/le-saby-baby-2019-cest-fini\/\" target=\"_blank\" rel=\"noopener noreferrer\">Le Saby Baby 2019, c&rsquo;est fini !<\/a><\/span><\/p>\n<p><span style=\"color: #0000ff;\"><a style=\"color: #0000ff;\" href=\"https:\/\/annaetmatteo.com\/blog\/le-monde-danna-et-matteo-sinstalle-a-grasse\/\" target=\"_blank\" rel=\"noopener noreferrer\">Le Monde d&rsquo;Anna et Matteo s&rsquo;installe \u00e0 Grasse<\/a><\/span><\/p>\n<p><span style=\"color: #0000ff;\"><a style=\"color: #0000ff;\" href=\"https:\/\/annaetmatteo.com\/blog\/fabriquer-son-gel-hydroalcoolique-une-fausse-bonne-idee\/\" target=\"_blank\" rel=\"noopener noreferrer\">Fabriquer son gel hydroalcoolique ? Une fausse bonne id\u00e9e !<\/a><\/span><\/p>\n<p><span style=\"color: #0000ff;\"><a style=\"color: #0000ff;\" href=\"https:\/\/annaetmatteo.com\/blog\/5-question-sur-le-coronavirus-covid-19-bebe-et-la-grossesse\/\" target=\"_blank\" rel=\"noopener noreferrer\">5 questions sur le coronavirus covid-19, b\u00e9b\u00e9 et la grossesse<\/a><\/span><\/p>\n<p>&nbsp;<\/p>\n","protected":false},"excerpt":{"rendered":"<p>La situation sanitaire oblige tant les organisateurs du Salon Baby, Enjoy Family, que Le Monde d&rsquo;Anna et Matteo \u00e0 prendre des d\u00e9cisions radicales. L&rsquo;\u00e9v\u00e9nement est effectivement profond\u00e9ment remani\u00e9.<\/p>\n","protected":false},"author":1,"featured_media":849,"comment_status":"open","ping_status":"open","sticky":false,"template":"","format":"standard","meta":[],"categories":[1],"tags":[],"yoast_head":"<!-- This site is optimized with the Yoast SEO plugin v18.0 - https:\/\/yoast.com\/wordpress\/plugins\/seo\/ -->\n<title>Salon Baby d&#039;octobre : le point sur la pr\u00e9sence du Monde d&#039;Anna et Matteo - Blog du Monde d&#039;Anna et Matteo<\/title>\n<meta name=\"robots\" content=\"index, follow, max-snippet:-1, max-image-preview:large, max-video-preview:-1\" \/>\n<link rel=\"canonical\" href=\"https:\/\/annaetmatteo.com\/blog\/salon-baby-doctobre-le-point-sur-la-presence-du-monde-danna-et-matteo\/\" \/>\n<meta property=\"og:locale\" content=\"fr_FR\" \/>\n<meta property=\"og:type\" content=\"article\" \/>\n<meta property=\"og:title\" content=\"Salon Baby d&#039;octobre : le point sur la pr\u00e9sence du Monde d&#039;Anna et Matteo - Blog du Monde d&#039;Anna et Matteo\" \/>\n<meta property=\"og:description\" content=\"La situation sanitaire oblige tant les organisateurs du Salon Baby, Enjoy Family, que Le Monde d&rsquo;Anna et Matteo \u00e0 prendre des d\u00e9cisions radicales. L&rsquo;\u00e9v\u00e9nement est effectivement profond\u00e9ment remani\u00e9.\" \/>\n<meta property=\"og:url\" content=\"https:\/\/annaetmatteo.com\/blog\/salon-baby-doctobre-le-point-sur-la-presence-du-monde-danna-et-matteo\/\" \/>\n<meta property=\"og:site_name\" content=\"Blog du Monde d&#039;Anna et Matteo\" \/>\n<meta property=\"article:publisher\" content=\"https:\/\/www.facebook.com\/AnnaEtMatteo\/\" \/>\n<meta property=\"article:author\" content=\"https:\/\/www.facebook.com\/AnnaEtMatteo\/\" \/>\n<meta property=\"article:published_time\" content=\"2020-08-13T18:10:23+00:00\" \/>\n<meta property=\"og:image\" content=\"https:\/\/annaetmatteo.com\/blog\/wp-content\/uploads\/2020\/08\/salon-baby-covid.jpg\" \/>\n\t<meta property=\"og:image:width\" content=\"1000\" \/>\n\t<meta property=\"og:image:height\" content=\"400\" \/>\n\t<meta property=\"og:image:type\" content=\"image\/jpeg\" \/>\n<meta name=\"twitter:card\" content=\"summary_large_image\" \/>\n<meta name=\"twitter:creator\" content=\"@AnnaEtMatteo\" \/>\n<meta name=\"twitter:site\" content=\"@AnnaEtMatteo\" \/>\n<meta name=\"twitter:label1\" content=\"\u00c9crit par\" \/>\n\t<meta name=\"twitter:data1\" content=\"M\u00e9lanie &amp; Arnaud | Le Monde d'Anna et Matteo\" \/>\n\t<meta name=\"twitter:label2\" content=\"Dur\u00e9e de lecture estim\u00e9e\" \/>\n\t<meta name=\"twitter:data2\" content=\"2 minutes\" \/>\n<script type=\"application\/ld+json\" class=\"yoast-schema-graph\">{\"@context\":\"https:\/\/schema.org\",\"@graph\":[{\"@type\":\"Organization\",\"@id\":\"https:\/\/annaetmatteo.com\/blog\/#organization\",\"name\":\"Le Monde d'Anna et Matteo\",\"url\":\"https:\/\/annaetmatteo.com\/blog\/\",\"sameAs\":[\"https:\/\/www.facebook.com\/AnnaEtMatteo\/\",\"https:\/\/www.instagram.com\/annaetmatteo\/\",\"https:\/\/www.youtube.com\/channel\/UCSce5n3L_8dmB8yTwbXnCwA\/f\",\"https:\/\/www.pinterest.fr\/AnnaEtMatteo\/\",\"https:\/\/twitter.com\/AnnaEtMatteo\"],\"logo\":{\"@type\":\"ImageObject\",\"@id\":\"https:\/\/annaetmatteo.com\/blog\/#logo\",\"inLanguage\":\"fr-FR\",\"url\":\"https:\/\/annaetmatteo.com\/blog\/wp-content\/uploads\/2018\/04\/rbU69AmF_400x400-1.jpg\",\"contentUrl\":\"https:\/\/annaetmatteo.com\/blog\/wp-content\/uploads\/2018\/04\/rbU69AmF_400x400-1.jpg\",\"width\":240,\"height\":240,\"caption\":\"Le Monde d'Anna et Matteo\"},\"image\":{\"@id\":\"https:\/\/annaetmatteo.com\/blog\/#logo\"}},{\"@type\":\"WebSite\",\"@id\":\"https:\/\/annaetmatteo.com\/blog\/#website\",\"url\":\"https:\/\/annaetmatteo.com\/blog\/\",\"name\":\"Blog du Monde d&#039;Anna et Matteo\",\"description\":\"\",\"publisher\":{\"@id\":\"https:\/\/annaetmatteo.com\/blog\/#organization\"},\"potentialAction\":[{\"@type\":\"SearchAction\",\"target\":{\"@type\":\"EntryPoint\",\"urlTemplate\":\"https:\/\/annaetmatteo.com\/blog\/?s={search_term_string}\"},\"query-input\":\"required name=search_term_string\"}],\"inLanguage\":\"fr-FR\"},{\"@type\":\"ImageObject\",\"@id\":\"https:\/\/annaetmatteo.com\/blog\/salon-baby-doctobre-le-point-sur-la-presence-du-monde-danna-et-matteo\/#primaryimage\",\"inLanguage\":\"fr-FR\",\"url\":\"https:\/\/annaetmatteo.com\/blog\/wp-content\/uploads\/2020\/08\/salon-baby-covid.jpg\",\"contentUrl\":\"https:\/\/annaetmatteo.com\/blog\/wp-content\/uploads\/2020\/08\/salon-baby-covid.jpg\",\"width\":1000,\"height\":400,\"caption\":\"salon baby covid\"},{\"@type\":\"WebPage\",\"@id\":\"https:\/\/annaetmatteo.com\/blog\/salon-baby-doctobre-le-point-sur-la-presence-du-monde-danna-et-matteo\/#webpage\",\"url\":\"https:\/\/annaetmatteo.com\/blog\/salon-baby-doctobre-le-point-sur-la-presence-du-monde-danna-et-matteo\/\",\"name\":\"Salon Baby d'octobre : le point sur la pr\u00e9sence du Monde d'Anna et Matteo - Blog du Monde d&#039;Anna et Matteo\",\"isPartOf\":{\"@id\":\"https:\/\/annaetmatteo.com\/blog\/#website\"},\"primaryImageOfPage\":{\"@id\":\"https:\/\/annaetmatteo.com\/blog\/salon-baby-doctobre-le-point-sur-la-presence-du-monde-danna-et-matteo\/#primaryimage\"},\"datePublished\":\"2020-08-13T18:10:23+00:00\",\"dateModified\":\"2020-08-13T18:10:23+00:00\",\"breadcrumb\":{\"@id\":\"https:\/\/annaetmatteo.com\/blog\/salon-baby-doctobre-le-point-sur-la-presence-du-monde-danna-et-matteo\/#breadcrumb\"},\"inLanguage\":\"fr-FR\",\"potentialAction\":[{\"@type\":\"ReadAction\",\"target\":[\"https:\/\/annaetmatteo.com\/blog\/salon-baby-doctobre-le-point-sur-la-presence-du-monde-danna-et-matteo\/\"]}]},{\"@type\":\"BreadcrumbList\",\"@id\":\"https:\/\/annaetmatteo.com\/blog\/salon-baby-doctobre-le-point-sur-la-presence-du-monde-danna-et-matteo\/#breadcrumb\",\"itemListElement\":[{\"@type\":\"ListItem\",\"position\":1,\"name\":\"Accueil\",\"item\":\"https:\/\/annaetmatteo.com\/blog\/\"},{\"@type\":\"ListItem\",\"position\":2,\"name\":\"Salon Baby d&rsquo;octobre : le point sur la pr\u00e9sence du Monde d&rsquo;Anna et Matteo\"}]},{\"@type\":\"Article\",\"@id\":\"https:\/\/annaetmatteo.com\/blog\/salon-baby-doctobre-le-point-sur-la-presence-du-monde-danna-et-matteo\/#article\",\"isPartOf\":{\"@id\":\"https:\/\/annaetmatteo.com\/blog\/salon-baby-doctobre-le-point-sur-la-presence-du-monde-danna-et-matteo\/#webpage\"},\"author\":{\"@id\":\"https:\/\/annaetmatteo.com\/blog\/#\/schema\/person\/324a22a04fc2477c15496ba8213c7eab\"},\"headline\":\"Salon Baby d&rsquo;octobre : le point sur la pr\u00e9sence du Monde d&rsquo;Anna et Matteo\",\"datePublished\":\"2020-08-13T18:10:23+00:00\",\"dateModified\":\"2020-08-13T18:10:23+00:00\",\"mainEntityOfPage\":{\"@id\":\"https:\/\/annaetmatteo.com\/blog\/salon-baby-doctobre-le-point-sur-la-presence-du-monde-danna-et-matteo\/#webpage\"},\"wordCount\":459,\"commentCount\":0,\"publisher\":{\"@id\":\"https:\/\/annaetmatteo.com\/blog\/#organization\"},\"image\":{\"@id\":\"https:\/\/annaetmatteo.com\/blog\/salon-baby-doctobre-le-point-sur-la-presence-du-monde-danna-et-matteo\/#primaryimage\"},\"thumbnailUrl\":\"https:\/\/annaetmatteo.com\/blog\/wp-content\/uploads\/2020\/08\/salon-baby-covid.jpg\",\"inLanguage\":\"fr-FR\",\"potentialAction\":[{\"@type\":\"CommentAction\",\"name\":\"Comment\",\"target\":[\"https:\/\/annaetmatteo.com\/blog\/salon-baby-doctobre-le-point-sur-la-presence-du-monde-danna-et-matteo\/#respond\"]}]},{\"@type\":\"Person\",\"@id\":\"https:\/\/annaetmatteo.com\/blog\/#\/schema\/person\/324a22a04fc2477c15496ba8213c7eab\",\"name\":\"M\u00e9lanie &amp; Arnaud | Le Monde d'Anna et Matteo\",\"image\":{\"@type\":\"ImageObject\",\"@id\":\"https:\/\/annaetmatteo.com\/blog\/#personlogo\",\"inLanguage\":\"fr-FR\",\"url\":\"https:\/\/secure.gravatar.com\/avatar\/3c48cff264353bcb37bf9b52c1b769e7?s=96&d=mm&r=g\",\"contentUrl\":\"https:\/\/secure.gravatar.com\/avatar\/3c48cff264353bcb37bf9b52c1b769e7?s=96&d=mm&r=g\",\"caption\":\"M\u00e9lanie &amp; Arnaud | Le Monde d'Anna et Matteo\"},\"sameAs\":[\"https:\/\/annaetmatteo.com\",\"https:\/\/www.facebook.com\/AnnaEtMatteo\/\",\"https:\/\/twitter.com\/AnnaEtMatteo\"]}]}<\/script>\n<!-- \/ Yoast SEO plugin. -->","yoast_head_json":{"title":"Salon Baby d'octobre : le point sur la pr\u00e9sence du Monde d'Anna et Matteo - Blog du Monde d&#039;Anna et Matteo","robots":{"index":"index","follow":"follow","max-snippet":"max-snippet:-1","max-image-preview":"max-image-preview:large","max-video-preview":"max-video-preview:-1"},"canonical":"https:\/\/annaetmatteo.com\/blog\/salon-baby-doctobre-le-point-sur-la-presence-du-monde-danna-et-matteo\/","og_locale":"fr_FR","og_type":"article","og_title":"Salon Baby d'octobre : le point sur la pr\u00e9sence du Monde d'Anna et Matteo - Blog du Monde d&#039;Anna et Matteo","og_description":"La situation sanitaire oblige tant les organisateurs du Salon Baby, Enjoy Family, que Le Monde d&rsquo;Anna et Matteo \u00e0 prendre des d\u00e9cisions radicales. L&rsquo;\u00e9v\u00e9nement est effectivement profond\u00e9ment remani\u00e9.","og_url":"https:\/\/annaetmatteo.com\/blog\/salon-baby-doctobre-le-point-sur-la-presence-du-monde-danna-et-matteo\/","og_site_name":"Blog du Monde d&#039;Anna et Matteo","article_publisher":"https:\/\/www.facebook.com\/AnnaEtMatteo\/","article_author":"https:\/\/www.facebook.com\/AnnaEtMatteo\/","article_published_time":"2020-08-13T18:10:23+00:00","og_image":[{"width":1000,"height":400,"url":"https:\/\/annaetmatteo.com\/blog\/wp-content\/uploads\/2020\/08\/salon-baby-covid.jpg","type":"image\/jpeg"}],"twitter_card":"summary_large_image","twitter_creator":"@AnnaEtMatteo","twitter_site":"@AnnaEtMatteo","twitter_misc":{"\u00c9crit par":"M\u00e9lanie &amp; Arnaud | Le Monde d'Anna et Matteo","Dur\u00e9e de lecture estim\u00e9e":"2 minutes"},"schema":{"@context":"https:\/\/schema.org","@graph":[{"@type":"Organization","@id":"https:\/\/annaetmatteo.com\/blog\/#organization","name":"Le Monde d'Anna et Matteo","url":"https:\/\/annaetmatteo.com\/blog\/","sameAs":["https:\/\/www.facebook.com\/AnnaEtMatteo\/","https:\/\/www.instagram.com\/annaetmatteo\/","https:\/\/www.youtube.com\/channel\/UCSce5n3L_8dmB8yTwbXnCwA\/f","https:\/\/www.pinterest.fr\/AnnaEtMatteo\/","https:\/\/twitter.com\/AnnaEtMatteo"],"logo":{"@type":"ImageObject","@id":"https:\/\/annaetmatteo.com\/blog\/#logo","inLanguage":"fr-FR","url":"https:\/\/annaetmatteo.com\/blog\/wp-content\/uploads\/2018\/04\/rbU69AmF_400x400-1.jpg","contentUrl":"https:\/\/annaetmatteo.com\/blog\/wp-content\/uploads\/2018\/04\/rbU69AmF_400x400-1.jpg","width":240,"height":240,"caption":"Le Monde d'Anna et Matteo"},"image":{"@id":"https:\/\/annaetmatteo.com\/blog\/#logo"}},{"@type":"WebSite","@id":"https:\/\/annaetmatteo.com\/blog\/#website","url":"https:\/\/annaetmatteo.com\/blog\/","name":"Blog du Monde d&#039;Anna et Matteo","description":"","publisher":{"@id":"https:\/\/annaetmatteo.com\/blog\/#organization"},"potentialAction":[{"@type":"SearchAction","target":{"@type":"EntryPoint","urlTemplate":"https:\/\/annaetmatteo.com\/blog\/?s={search_term_string}"},"query-input":"required name=search_term_string"}],"inLanguage":"fr-FR"},{"@type":"ImageObject","@id":"https:\/\/annaetmatteo.com\/blog\/salon-baby-doctobre-le-point-sur-la-presence-du-monde-danna-et-matteo\/#primaryimage","inLanguage":"fr-FR","url":"https:\/\/annaetmatteo.com\/blog\/wp-content\/uploads\/2020\/08\/salon-baby-covid.jpg","contentUrl":"https:\/\/annaetmatteo.com\/blog\/wp-content\/uploads\/2020\/08\/salon-baby-covid.jpg","width":1000,"height":400,"caption":"salon baby covid"},{"@type":"WebPage","@id":"https:\/\/annaetmatteo.com\/blog\/salon-baby-doctobre-le-point-sur-la-presence-du-monde-danna-et-matteo\/#webpage","url":"https:\/\/annaetmatteo.com\/blog\/salon-baby-doctobre-le-point-sur-la-presence-du-monde-danna-et-matteo\/","name":"Salon Baby d'octobre : le point sur la pr\u00e9sence du Monde d'Anna et Matteo - Blog du Monde d&#039;Anna et Matteo","isPartOf":{"@id":"https:\/\/annaetmatteo.com\/blog\/#website"},"primaryImageOfPage":{"@id":"https:\/\/annaetmatteo.com\/blog\/salon-baby-doctobre-le-point-sur-la-presence-du-monde-danna-et-matteo\/#primaryimage"},"datePublished":"2020-08-13T18:10:23+00:00","dateModified":"2020-08-13T18:10:23+00:00","breadcrumb":{"@id":"https:\/\/annaetmatteo.com\/blog\/salon-baby-doctobre-le-point-sur-la-presence-du-monde-danna-et-matteo\/#breadcrumb"},"inLanguage":"fr-FR","potentialAction":[{"@type":"ReadAction","target":["https:\/\/annaetmatteo.com\/blog\/salon-baby-doctobre-le-point-sur-la-presence-du-monde-danna-et-matteo\/"]}]},{"@type":"BreadcrumbList","@id":"https:\/\/annaetmatteo.com\/blog\/salon-baby-doctobre-le-point-sur-la-presence-du-monde-danna-et-matteo\/#breadcrumb","itemListElement":[{"@type":"ListItem","position":1,"name":"Accueil","item":"https:\/\/annaetmatteo.com\/blog\/"},{"@type":"ListItem","position":2,"name":"Salon Baby d&rsquo;octobre : le point sur la pr\u00e9sence du Monde d&rsquo;Anna et Matteo"}]},{"@type":"Article","@id":"https:\/\/annaetmatteo.com\/blog\/salon-baby-doctobre-le-point-sur-la-presence-du-monde-danna-et-matteo\/#article","isPartOf":{"@id":"https:\/\/annaetmatteo.com\/blog\/salon-baby-doctobre-le-point-sur-la-presence-du-monde-danna-et-matteo\/#webpage"},"author":{"@id":"https:\/\/annaetmatteo.com\/blog\/#\/schema\/person\/324a22a04fc2477c15496ba8213c7eab"},"headline":"Salon Baby d&rsquo;octobre : le point sur la pr\u00e9sence du Monde d&rsquo;Anna et Matteo","datePublished":"2020-08-13T18:10:23+00:00","dateModified":"2020-08-13T18:10:23+00:00","mainEntityOfPage":{"@id":"https:\/\/annaetmatteo.com\/blog\/salon-baby-doctobre-le-point-sur-la-presence-du-monde-danna-et-matteo\/#webpage"},"wordCount":459,"commentCount":0,"publisher":{"@id":"https:\/\/annaetmatteo.com\/blog\/#organization"},"image":{"@id":"https:\/\/annaetmatteo.com\/blog\/salon-baby-doctobre-le-point-sur-la-presence-du-monde-danna-et-matteo\/#primaryimage"},"thumbnailUrl":"https:\/\/annaetmatteo.com\/blog\/wp-content\/uploads\/2020\/08\/salon-baby-covid.jpg","inLanguage":"fr-FR","potentialAction":[{"@type":"CommentAction","name":"Comment","target":["https:\/\/annaetmatteo.com\/blog\/salon-baby-doctobre-le-point-sur-la-presence-du-monde-danna-et-matteo\/#respond"]}]},{"@type":"Person","@id":"https:\/\/annaetmatteo.com\/blog\/#\/schema\/person\/324a22a04fc2477c15496ba8213c7eab","name":"M\u00e9lanie &amp; Arnaud | Le Monde d'Anna et Matteo","image":{"@type":"ImageObject","@id":"https:\/\/annaetmatteo.com\/blog\/#personlogo","inLanguage":"fr-FR","url":"https:\/\/secure.gravatar.com\/avatar\/3c48cff264353bcb37bf9b52c1b769e7?s=96&d=mm&r=g","contentUrl":"https:\/\/secure.gravatar.com\/avatar\/3c48cff264353bcb37bf9b52c1b769e7?s=96&d=mm&r=g","caption":"M\u00e9lanie &amp; Arnaud | Le Monde d'Anna et Matteo"},"sameAs":["https:\/\/annaetmatteo.com","https:\/\/www.facebook.com\/AnnaEtMatteo\/","https:\/\/twitter.com\/AnnaEtMatteo"]}]}},"_links":{"self":[{"href":"https:\/\/annaetmatteo.com\/blog\/wp-json\/wp\/v2\/posts\/847"}],"collection":[{"href":"https:\/\/annaetmatteo.com\/blog\/wp-json\/wp\/v2\/posts"}],"about":[{"href":"https:\/\/annaetmatteo.com\/blog\/wp-json\/wp\/v2\/types\/post"}],"author":[{"embeddable":true,"href":"https:\/\/annaetmatteo.com\/blog\/wp-json\/wp\/v2\/users\/1"}],"replies":[{"embeddable":true,"href":"https:\/\/annaetmatteo.com\/blog\/wp-json\/wp\/v2\/comments?post=847"}],"version-history":[{"count":2,"href":"https:\/\/annaetmatteo.com\/blog\/wp-json\/wp\/v2\/posts\/847\/revisions"}],"predecessor-version":[{"id":850,"href":"https:\/\/annaetmatteo.com\/blog\/wp-json\/wp\/v2\/posts\/847\/revisions\/850"}],"wp:featuredmedia":[{"embeddable":true,"href":"https:\/\/annaetmatteo.com\/blog\/wp-json\/wp\/v2\/media\/849"}],"wp:attachment":[{"href":"https:\/\/annaetmatteo.com\/blog\/wp-json\/wp\/v2\/media?parent=847"}],"wp:term":[{"taxonomy":"category","embeddable":true,"href":"https:\/\/annaetmatteo.com\/blog\/wp-json\/wp\/v2\/categories?post=847"},{"taxonomy":"post_tag","embeddable":true,"href":"https:\/\/annaetmatteo.com\/blog\/wp-json\/wp\/v2\/tags?post=847"}],"curies":[{"name":"wp","href":"https:\/\/api.w.org\/{rel}","templated":true}]}}