{"id":823,"date":"2020-05-14T18:23:10","date_gmt":"2020-05-14T16:23:10","guid":{"rendered":"https:\/\/annaetmatteo.com\/blog\/?p=823"},"modified":"2021-05-12T17:06:11","modified_gmt":"2021-05-12T15:06:11","slug":"deconfinement-et-retour-a-lecole-ou-en-creche-votre-avis","status":"publish","type":"post","link":"https:\/\/annaetmatteo.com\/blog\/deconfinement-et-retour-a-lecole-ou-en-creche-votre-avis\/","title":{"rendered":"D\u00e9confinement et retour \u00e0 l&rsquo;\u00e9cole ou en cr\u00e8che. Votre avis ?"},"content":{"rendered":"<h2>Depuis le 11 mai, les \u00e9coles et cr\u00e8ches de France \u00e9chelonnent la reprise de leurs activit\u00e9s.\u00a0 Mais avec une capacit\u00e9 d&rsquo;accueille r\u00e9duite et des consignes d&rsquo;hygi\u00e8ne drastiques !<!--more--><\/h2>\n<p>Faut-il ramener nos enfants en cr\u00e8che, chez la nounou ou \u00e0 l&rsquo;\u00e9cole alors que le covid-19 r\u00f4de toujours ? Nombre de parents (et nous en t\u00eate !) se posent la question. Du 11 mai et &#8211; \u00e0 priori &#8211; jusqu&rsquo;au alentours du 25 mai (selon les communes), la rentr\u00e9e s&rsquo;organise apr\u00e8s cette dr\u00f4le de pause qui n&rsquo;avait rien de vacances.<\/p>\n<p>Pour certains parents, la r\u00e9alit\u00e9 du travail ne laissent que peu de choix. Encore faut-il que les capacit\u00e9s d&rsquo;accueil soient au rendez-vous ! Dans le 20e, \u00e0 Paris, c&rsquo;est une maternelle sur les deux que compte un groupe scolaire qui r\u00e9-ouvre. Et comme partout, la moiti\u00e9 voire moins des effectifs par classe peuvent \u00eatre re\u00e7us.<\/p>\n<h3>Ecoles \u00e0 effectifs r\u00e9duits apr\u00e8s le confinement<\/h3>\n<p>Depuis la reprise, certaines classes n&rsquo;ont re\u00e7u qu&rsquo;un quart des effectifs normaux. Preuve que, m\u00eame si les places sont rares, les Fran\u00e7ais ne se pr\u00e9cipitent pas vers les \u00e9coles&#8230;<\/p>\n<p>Et que dire des r\u00e8gles de distanciation ? Nous avons re\u00e7u, certainement comme vous, un document de notre \u00e9cole. En substance, on y d\u00e9couvre que les enfants ne doivent \u00e9changer aucun mat\u00e9riel, ne pas se croiser, respecter un sens de circulation en classe ou ne pas se toucher. Et ne pas jouer ensemble, un comble ! Mais est-ce vraiment applicable ? On peut en douter&#8230;<\/p>\n<p>Les images de petits cantonn\u00e9s \u00e0 des carr\u00e9s trac\u00e9s sur le sol dans leur cours de r\u00e9cr\u00e9ation ont choqu\u00e9. De m\u00eame que celles de tous les jeux condamn\u00e9s par des bandes color\u00e9s, comme une \u00e9tonnante sc\u00e8ne de crime&#8230;<\/p>\n<p><img loading=\"lazy\" class=\"aligncenter size-large wp-image-827\" src=\"https:\/\/annaetmatteo.com\/blog\/wp-content\/uploads\/2020\/05\/ecole-covid-1-1024x577.jpeg\" alt=\"Enfants jouant dans des carr\u00e9s dans leurs cours pendant le coronavirus\" width=\"525\" height=\"296\" srcset=\"https:\/\/annaetmatteo.com\/blog\/wp-content\/uploads\/2020\/05\/ecole-covid-1-1024x577.jpeg 1024w, https:\/\/annaetmatteo.com\/blog\/wp-content\/uploads\/2020\/05\/ecole-covid-1-300x169.jpeg 300w, https:\/\/annaetmatteo.com\/blog\/wp-content\/uploads\/2020\/05\/ecole-covid-1-768x433.jpeg 768w, https:\/\/annaetmatteo.com\/blog\/wp-content\/uploads\/2020\/05\/ecole-covid-1.jpeg 1256w\" sizes=\"(max-width: 525px) 100vw, 525px\" \/><\/p>\n<h3>Covid-19 : faut-il renvoyer les enfants \u00e0 l&rsquo;\u00e9cole ?<\/h3>\n<p>En faisons-nous trop ? Certains p\u00e9diatres le pensent, disant qu&rsquo;on ferait mieux de laisser vivre les enfants dans la cours et de leur laver les mains de retour en classe. De m\u00eame, la <span style=\"color: #0000ff;\"><a style=\"color: #0000ff;\" href=\"https:\/\/www.sfpediatrie.com\/actualites\/retour-lecole-covid-19-il-est-urgent-maitriser-nos-peurs-aller-lavant-bien-enfants\" target=\"_blank\" rel=\"noopener noreferrer\">Soci\u00e9t\u00e9 fran\u00e7aise de p\u00e9diatrie plaide pour un retour en classe<\/a><\/span> rapide. Notamment au motif que peu d&rsquo;enfants d\u00e9veloppent de formes graves du coronavirus.<\/p>\n<p>On se rappelle pourtant que la premi\u00e8re d\u00e9cision, avant le confinement, fut de fermer les \u00e9coles ! Pourquoi ? Car justement les enfants pouvaient propager le coronavirus Covid-19 sans avoir de sympt\u00f4me ! L&rsquo;argumentation semble alors contradictoire (comme le fait de d&rsquo;abord pr\u00e9tendre que le port du masque ne servait \u00e0 rien), et nous, parents, restons perdus et impuissants&#8230;<\/p>\n<p><center><a href=\"https:\/\/nutriandco.com\/fr\/?eaf-publisher=affilae&#038;eaf-name=annaetmatteo&#038;eaf-creative=generique&#038;eaf-creativetype=1x1&#038;eseg-name=affilae&#038;eseg-item=280#ae280-122\"><img src=\"https:\/\/lb.affilae.com\/imp\/5e26bce5249f1233dff950b7\/608a6dd1afabde5ea754ec0a\/5f1fecc80856337cd2a0c000\/https:\/\/s3-eu-west-1.amazonaws.com\/aeup\/uploads\/programs\/5e26bce5249f1233dff950b7\/elements\/5f1fecc80856337cd2a0bffe.gif\" \/><\/a><\/center><\/p>\n<h4>Ces articles pourraient aussi vous int\u00e9resser :<\/h4>\n<p><span style=\"color: #0000ff;\"><a style=\"color: #0000ff;\" href=\"https:\/\/annaetmatteo.com\/blog\/5-question-sur-le-coronavirus-covid-19-bebe-et-la-grossesse\/\" target=\"_blank\" rel=\"noopener noreferrer\">5 questions sur le coronavirus covid-19, b\u00e9b\u00e9 et la grossesse<\/a><\/span><\/p>\n<p><span style=\"color: #0000ff;\"><a style=\"color: #0000ff;\" href=\"https:\/\/annaetmatteo.com\/blog\/fabriquer-son-gel-hydroalcoolique-une-fausse-bonne-idee\/\" target=\"_blank\" rel=\"noopener noreferrer\">Fabriquer son gel hydroalcoolique ? Une fausse bonne id\u00e9e !<\/a><\/span><\/p>\n<p><span style=\"color: #0000ff;\"><a style=\"color: #0000ff;\" href=\"https:\/\/annaetmatteo.com\/blog\/brosser-les-dents-de-bebe\/\" target=\"_blank\" rel=\"noopener noreferrer\">Quand et comment brosser les dents de b\u00e9b\u00e9 ?<\/a><\/span><\/p>\n<p>&nbsp;<\/p>\n","protected":false},"excerpt":{"rendered":"<p>Depuis le 11 mai, les \u00e9coles et cr\u00e8ches de France \u00e9chelonnent la reprise de leurs activit\u00e9s.\u00a0 Mais avec une capacit\u00e9 d&rsquo;accueille r\u00e9duite et des consignes d&rsquo;hygi\u00e8ne drastiques !<\/p>\n","protected":false},"author":1,"featured_media":828,"comment_status":"open","ping_status":"open","sticky":false,"template":"","format":"standard","meta":[],"categories":[1],"tags":[],"yoast_head":"<!-- This site is optimized with the Yoast SEO plugin v18.0 - https:\/\/yoast.com\/wordpress\/plugins\/seo\/ -->\n<title>D\u00e9confinement et retour \u00e0 l&#039;\u00e9cole ou en cr\u00e8che. Votre avis ?<\/title>\n<meta name=\"description\" content=\"Comme nombre de parents, nous sommes inquiets du retour \u00e0 l&#039;\u00e9cole des enfants alors que le coronavirus Covid-19 court toujours... Quel est votre avis ?\" \/>\n<meta name=\"robots\" content=\"index, follow, max-snippet:-1, max-image-preview:large, max-video-preview:-1\" \/>\n<link rel=\"canonical\" href=\"https:\/\/annaetmatteo.com\/blog\/deconfinement-et-retour-a-lecole-ou-en-creche-votre-avis\/\" \/>\n<meta property=\"og:locale\" content=\"fr_FR\" \/>\n<meta property=\"og:type\" content=\"article\" \/>\n<meta property=\"og:title\" content=\"D\u00e9confinement et retour \u00e0 l&#039;\u00e9cole ou en cr\u00e8che. Votre avis ?\" \/>\n<meta property=\"og:description\" content=\"Comme nombre de parents, nous sommes inquiets du retour \u00e0 l&#039;\u00e9cole des enfants alors que le coronavirus Covid-19 court toujours... Quel est votre avis ?\" \/>\n<meta property=\"og:url\" content=\"https:\/\/annaetmatteo.com\/blog\/deconfinement-et-retour-a-lecole-ou-en-creche-votre-avis\/\" \/>\n<meta property=\"og:site_name\" content=\"Blog du Monde d&#039;Anna et Matteo\" \/>\n<meta property=\"article:publisher\" content=\"https:\/\/www.facebook.com\/AnnaEtMatteo\/\" \/>\n<meta property=\"article:author\" content=\"https:\/\/www.facebook.com\/AnnaEtMatteo\/\" \/>\n<meta property=\"article:published_time\" content=\"2020-05-14T16:23:10+00:00\" \/>\n<meta property=\"article:modified_time\" content=\"2021-05-12T15:06:11+00:00\" \/>\n<meta property=\"og:image\" content=\"https:\/\/annaetmatteo.com\/blog\/wp-content\/uploads\/2020\/05\/ecole-covid-2-e1589473335577.jpg\" \/>\n\t<meta property=\"og:image:width\" content=\"1254\" \/>\n\t<meta property=\"og:image:height\" content=\"512\" \/>\n\t<meta property=\"og:image:type\" content=\"image\/jpeg\" \/>\n<meta name=\"twitter:card\" content=\"summary_large_image\" \/>\n<meta name=\"twitter:creator\" content=\"@AnnaEtMatteo\" \/>\n<meta name=\"twitter:site\" content=\"@AnnaEtMatteo\" \/>\n<meta name=\"twitter:label1\" content=\"\u00c9crit par\" \/>\n\t<meta name=\"twitter:data1\" content=\"M\u00e9lanie &amp; Arnaud | Le Monde d'Anna et Matteo\" \/>\n\t<meta name=\"twitter:label2\" content=\"Dur\u00e9e de lecture estim\u00e9e\" \/>\n\t<meta name=\"twitter:data2\" content=\"2 minutes\" \/>\n<script type=\"application\/ld+json\" class=\"yoast-schema-graph\">{\"@context\":\"https:\/\/schema.org\",\"@graph\":[{\"@type\":\"Organization\",\"@id\":\"https:\/\/annaetmatteo.com\/blog\/#organization\",\"name\":\"Le Monde d'Anna et Matteo\",\"url\":\"https:\/\/annaetmatteo.com\/blog\/\",\"sameAs\":[\"https:\/\/www.facebook.com\/AnnaEtMatteo\/\",\"https:\/\/www.instagram.com\/annaetmatteo\/\",\"https:\/\/www.youtube.com\/channel\/UCSce5n3L_8dmB8yTwbXnCwA\/f\",\"https:\/\/www.pinterest.fr\/AnnaEtMatteo\/\",\"https:\/\/twitter.com\/AnnaEtMatteo\"],\"logo\":{\"@type\":\"ImageObject\",\"@id\":\"https:\/\/annaetmatteo.com\/blog\/#logo\",\"inLanguage\":\"fr-FR\",\"url\":\"https:\/\/annaetmatteo.com\/blog\/wp-content\/uploads\/2018\/04\/rbU69AmF_400x400-1.jpg\",\"contentUrl\":\"https:\/\/annaetmatteo.com\/blog\/wp-content\/uploads\/2018\/04\/rbU69AmF_400x400-1.jpg\",\"width\":240,\"height\":240,\"caption\":\"Le Monde d'Anna et Matteo\"},\"image\":{\"@id\":\"https:\/\/annaetmatteo.com\/blog\/#logo\"}},{\"@type\":\"WebSite\",\"@id\":\"https:\/\/annaetmatteo.com\/blog\/#website\",\"url\":\"https:\/\/annaetmatteo.com\/blog\/\",\"name\":\"Blog du Monde d&#039;Anna et Matteo\",\"description\":\"\",\"publisher\":{\"@id\":\"https:\/\/annaetmatteo.com\/blog\/#organization\"},\"potentialAction\":[{\"@type\":\"SearchAction\",\"target\":{\"@type\":\"EntryPoint\",\"urlTemplate\":\"https:\/\/annaetmatteo.com\/blog\/?s={search_term_string}\"},\"query-input\":\"required name=search_term_string\"}],\"inLanguage\":\"fr-FR\"},{\"@type\":\"ImageObject\",\"@id\":\"https:\/\/annaetmatteo.com\/blog\/deconfinement-et-retour-a-lecole-ou-en-creche-votre-avis\/#primaryimage\",\"inLanguage\":\"fr-FR\",\"url\":\"https:\/\/annaetmatteo.com\/blog\/wp-content\/uploads\/2020\/05\/ecole-covid-2-e1589473335577.jpg\",\"contentUrl\":\"https:\/\/annaetmatteo.com\/blog\/wp-content\/uploads\/2020\/05\/ecole-covid-2-e1589473335577.jpg\",\"width\":1254,\"height\":512,\"caption\":\"retour \u00e0 l'\u00e9cole coronavirus\"},{\"@type\":\"WebPage\",\"@id\":\"https:\/\/annaetmatteo.com\/blog\/deconfinement-et-retour-a-lecole-ou-en-creche-votre-avis\/#webpage\",\"url\":\"https:\/\/annaetmatteo.com\/blog\/deconfinement-et-retour-a-lecole-ou-en-creche-votre-avis\/\",\"name\":\"D\u00e9confinement et retour \u00e0 l'\u00e9cole ou en cr\u00e8che. Votre avis ?\",\"isPartOf\":{\"@id\":\"https:\/\/annaetmatteo.com\/blog\/#website\"},\"primaryImageOfPage\":{\"@id\":\"https:\/\/annaetmatteo.com\/blog\/deconfinement-et-retour-a-lecole-ou-en-creche-votre-avis\/#primaryimage\"},\"datePublished\":\"2020-05-14T16:23:10+00:00\",\"dateModified\":\"2021-05-12T15:06:11+00:00\",\"description\":\"Comme nombre de parents, nous sommes inquiets du retour \u00e0 l'\u00e9cole des enfants alors que le coronavirus Covid-19 court toujours... Quel est votre avis ?\",\"breadcrumb\":{\"@id\":\"https:\/\/annaetmatteo.com\/blog\/deconfinement-et-retour-a-lecole-ou-en-creche-votre-avis\/#breadcrumb\"},\"inLanguage\":\"fr-FR\",\"potentialAction\":[{\"@type\":\"ReadAction\",\"target\":[\"https:\/\/annaetmatteo.com\/blog\/deconfinement-et-retour-a-lecole-ou-en-creche-votre-avis\/\"]}]},{\"@type\":\"BreadcrumbList\",\"@id\":\"https:\/\/annaetmatteo.com\/blog\/deconfinement-et-retour-a-lecole-ou-en-creche-votre-avis\/#breadcrumb\",\"itemListElement\":[{\"@type\":\"ListItem\",\"position\":1,\"name\":\"Accueil\",\"item\":\"https:\/\/annaetmatteo.com\/blog\/\"},{\"@type\":\"ListItem\",\"position\":2,\"name\":\"D\u00e9confinement et retour \u00e0 l&rsquo;\u00e9cole ou en cr\u00e8che. Votre avis ?\"}]},{\"@type\":\"Article\",\"@id\":\"https:\/\/annaetmatteo.com\/blog\/deconfinement-et-retour-a-lecole-ou-en-creche-votre-avis\/#article\",\"isPartOf\":{\"@id\":\"https:\/\/annaetmatteo.com\/blog\/deconfinement-et-retour-a-lecole-ou-en-creche-votre-avis\/#webpage\"},\"author\":{\"@id\":\"https:\/\/annaetmatteo.com\/blog\/#\/schema\/person\/324a22a04fc2477c15496ba8213c7eab\"},\"headline\":\"D\u00e9confinement et retour \u00e0 l&rsquo;\u00e9cole ou en cr\u00e8che. Votre avis ?\",\"datePublished\":\"2020-05-14T16:23:10+00:00\",\"dateModified\":\"2021-05-12T15:06:11+00:00\",\"mainEntityOfPage\":{\"@id\":\"https:\/\/annaetmatteo.com\/blog\/deconfinement-et-retour-a-lecole-ou-en-creche-votre-avis\/#webpage\"},\"wordCount\":476,\"commentCount\":1,\"publisher\":{\"@id\":\"https:\/\/annaetmatteo.com\/blog\/#organization\"},\"image\":{\"@id\":\"https:\/\/annaetmatteo.com\/blog\/deconfinement-et-retour-a-lecole-ou-en-creche-votre-avis\/#primaryimage\"},\"thumbnailUrl\":\"https:\/\/annaetmatteo.com\/blog\/wp-content\/uploads\/2020\/05\/ecole-covid-2-e1589473335577.jpg\",\"inLanguage\":\"fr-FR\",\"potentialAction\":[{\"@type\":\"CommentAction\",\"name\":\"Comment\",\"target\":[\"https:\/\/annaetmatteo.com\/blog\/deconfinement-et-retour-a-lecole-ou-en-creche-votre-avis\/#respond\"]}]},{\"@type\":\"Person\",\"@id\":\"https:\/\/annaetmatteo.com\/blog\/#\/schema\/person\/324a22a04fc2477c15496ba8213c7eab\",\"name\":\"M\u00e9lanie &amp; Arnaud | Le Monde d'Anna et Matteo\",\"image\":{\"@type\":\"ImageObject\",\"@id\":\"https:\/\/annaetmatteo.com\/blog\/#personlogo\",\"inLanguage\":\"fr-FR\",\"url\":\"https:\/\/secure.gravatar.com\/avatar\/3c48cff264353bcb37bf9b52c1b769e7?s=96&d=mm&r=g\",\"contentUrl\":\"https:\/\/secure.gravatar.com\/avatar\/3c48cff264353bcb37bf9b52c1b769e7?s=96&d=mm&r=g\",\"caption\":\"M\u00e9lanie &amp; Arnaud | Le Monde d'Anna et Matteo\"},\"sameAs\":[\"https:\/\/annaetmatteo.com\",\"https:\/\/www.facebook.com\/AnnaEtMatteo\/\",\"https:\/\/twitter.com\/AnnaEtMatteo\"]}]}<\/script>\n<!-- \/ Yoast SEO plugin. -->","yoast_head_json":{"title":"D\u00e9confinement et retour \u00e0 l'\u00e9cole ou en cr\u00e8che. Votre avis ?","description":"Comme nombre de parents, nous sommes inquiets du retour \u00e0 l'\u00e9cole des enfants alors que le coronavirus Covid-19 court toujours... Quel est votre avis ?","robots":{"index":"index","follow":"follow","max-snippet":"max-snippet:-1","max-image-preview":"max-image-preview:large","max-video-preview":"max-video-preview:-1"},"canonical":"https:\/\/annaetmatteo.com\/blog\/deconfinement-et-retour-a-lecole-ou-en-creche-votre-avis\/","og_locale":"fr_FR","og_type":"article","og_title":"D\u00e9confinement et retour \u00e0 l'\u00e9cole ou en cr\u00e8che. Votre avis ?","og_description":"Comme nombre de parents, nous sommes inquiets du retour \u00e0 l'\u00e9cole des enfants alors que le coronavirus Covid-19 court toujours... Quel est votre avis ?","og_url":"https:\/\/annaetmatteo.com\/blog\/deconfinement-et-retour-a-lecole-ou-en-creche-votre-avis\/","og_site_name":"Blog du Monde d&#039;Anna et Matteo","article_publisher":"https:\/\/www.facebook.com\/AnnaEtMatteo\/","article_author":"https:\/\/www.facebook.com\/AnnaEtMatteo\/","article_published_time":"2020-05-14T16:23:10+00:00","article_modified_time":"2021-05-12T15:06:11+00:00","og_image":[{"width":1254,"height":512,"url":"https:\/\/annaetmatteo.com\/blog\/wp-content\/uploads\/2020\/05\/ecole-covid-2-e1589473335577.jpg","type":"image\/jpeg"}],"twitter_card":"summary_large_image","twitter_creator":"@AnnaEtMatteo","twitter_site":"@AnnaEtMatteo","twitter_misc":{"\u00c9crit par":"M\u00e9lanie &amp; Arnaud | Le Monde d'Anna et Matteo","Dur\u00e9e de lecture estim\u00e9e":"2 minutes"},"schema":{"@context":"https:\/\/schema.org","@graph":[{"@type":"Organization","@id":"https:\/\/annaetmatteo.com\/blog\/#organization","name":"Le Monde d'Anna et Matteo","url":"https:\/\/annaetmatteo.com\/blog\/","sameAs":["https:\/\/www.facebook.com\/AnnaEtMatteo\/","https:\/\/www.instagram.com\/annaetmatteo\/","https:\/\/www.youtube.com\/channel\/UCSce5n3L_8dmB8yTwbXnCwA\/f","https:\/\/www.pinterest.fr\/AnnaEtMatteo\/","https:\/\/twitter.com\/AnnaEtMatteo"],"logo":{"@type":"ImageObject","@id":"https:\/\/annaetmatteo.com\/blog\/#logo","inLanguage":"fr-FR","url":"https:\/\/annaetmatteo.com\/blog\/wp-content\/uploads\/2018\/04\/rbU69AmF_400x400-1.jpg","contentUrl":"https:\/\/annaetmatteo.com\/blog\/wp-content\/uploads\/2018\/04\/rbU69AmF_400x400-1.jpg","width":240,"height":240,"caption":"Le Monde d'Anna et Matteo"},"image":{"@id":"https:\/\/annaetmatteo.com\/blog\/#logo"}},{"@type":"WebSite","@id":"https:\/\/annaetmatteo.com\/blog\/#website","url":"https:\/\/annaetmatteo.com\/blog\/","name":"Blog du Monde d&#039;Anna et Matteo","description":"","publisher":{"@id":"https:\/\/annaetmatteo.com\/blog\/#organization"},"potentialAction":[{"@type":"SearchAction","target":{"@type":"EntryPoint","urlTemplate":"https:\/\/annaetmatteo.com\/blog\/?s={search_term_string}"},"query-input":"required name=search_term_string"}],"inLanguage":"fr-FR"},{"@type":"ImageObject","@id":"https:\/\/annaetmatteo.com\/blog\/deconfinement-et-retour-a-lecole-ou-en-creche-votre-avis\/#primaryimage","inLanguage":"fr-FR","url":"https:\/\/annaetmatteo.com\/blog\/wp-content\/uploads\/2020\/05\/ecole-covid-2-e1589473335577.jpg","contentUrl":"https:\/\/annaetmatteo.com\/blog\/wp-content\/uploads\/2020\/05\/ecole-covid-2-e1589473335577.jpg","width":1254,"height":512,"caption":"retour \u00e0 l'\u00e9cole coronavirus"},{"@type":"WebPage","@id":"https:\/\/annaetmatteo.com\/blog\/deconfinement-et-retour-a-lecole-ou-en-creche-votre-avis\/#webpage","url":"https:\/\/annaetmatteo.com\/blog\/deconfinement-et-retour-a-lecole-ou-en-creche-votre-avis\/","name":"D\u00e9confinement et retour \u00e0 l'\u00e9cole ou en cr\u00e8che. Votre avis ?","isPartOf":{"@id":"https:\/\/annaetmatteo.com\/blog\/#website"},"primaryImageOfPage":{"@id":"https:\/\/annaetmatteo.com\/blog\/deconfinement-et-retour-a-lecole-ou-en-creche-votre-avis\/#primaryimage"},"datePublished":"2020-05-14T16:23:10+00:00","dateModified":"2021-05-12T15:06:11+00:00","description":"Comme nombre de parents, nous sommes inquiets du retour \u00e0 l'\u00e9cole des enfants alors que le coronavirus Covid-19 court toujours... Quel est votre avis ?","breadcrumb":{"@id":"https:\/\/annaetmatteo.com\/blog\/deconfinement-et-retour-a-lecole-ou-en-creche-votre-avis\/#breadcrumb"},"inLanguage":"fr-FR","potentialAction":[{"@type":"ReadAction","target":["https:\/\/annaetmatteo.com\/blog\/deconfinement-et-retour-a-lecole-ou-en-creche-votre-avis\/"]}]},{"@type":"BreadcrumbList","@id":"https:\/\/annaetmatteo.com\/blog\/deconfinement-et-retour-a-lecole-ou-en-creche-votre-avis\/#breadcrumb","itemListElement":[{"@type":"ListItem","position":1,"name":"Accueil","item":"https:\/\/annaetmatteo.com\/blog\/"},{"@type":"ListItem","position":2,"name":"D\u00e9confinement et retour \u00e0 l&rsquo;\u00e9cole ou en cr\u00e8che. Votre avis ?"}]},{"@type":"Article","@id":"https:\/\/annaetmatteo.com\/blog\/deconfinement-et-retour-a-lecole-ou-en-creche-votre-avis\/#article","isPartOf":{"@id":"https:\/\/annaetmatteo.com\/blog\/deconfinement-et-retour-a-lecole-ou-en-creche-votre-avis\/#webpage"},"author":{"@id":"https:\/\/annaetmatteo.com\/blog\/#\/schema\/person\/324a22a04fc2477c15496ba8213c7eab"},"headline":"D\u00e9confinement et retour \u00e0 l&rsquo;\u00e9cole ou en cr\u00e8che. Votre avis ?","datePublished":"2020-05-14T16:23:10+00:00","dateModified":"2021-05-12T15:06:11+00:00","mainEntityOfPage":{"@id":"https:\/\/annaetmatteo.com\/blog\/deconfinement-et-retour-a-lecole-ou-en-creche-votre-avis\/#webpage"},"wordCount":476,"commentCount":1,"publisher":{"@id":"https:\/\/annaetmatteo.com\/blog\/#organization"},"image":{"@id":"https:\/\/annaetmatteo.com\/blog\/deconfinement-et-retour-a-lecole-ou-en-creche-votre-avis\/#primaryimage"},"thumbnailUrl":"https:\/\/annaetmatteo.com\/blog\/wp-content\/uploads\/2020\/05\/ecole-covid-2-e1589473335577.jpg","inLanguage":"fr-FR","potentialAction":[{"@type":"CommentAction","name":"Comment","target":["https:\/\/annaetmatteo.com\/blog\/deconfinement-et-retour-a-lecole-ou-en-creche-votre-avis\/#respond"]}]},{"@type":"Person","@id":"https:\/\/annaetmatteo.com\/blog\/#\/schema\/person\/324a22a04fc2477c15496ba8213c7eab","name":"M\u00e9lanie &amp; Arnaud | Le Monde d'Anna et Matteo","image":{"@type":"ImageObject","@id":"https:\/\/annaetmatteo.com\/blog\/#personlogo","inLanguage":"fr-FR","url":"https:\/\/secure.gravatar.com\/avatar\/3c48cff264353bcb37bf9b52c1b769e7?s=96&d=mm&r=g","contentUrl":"https:\/\/secure.gravatar.com\/avatar\/3c48cff264353bcb37bf9b52c1b769e7?s=96&d=mm&r=g","caption":"M\u00e9lanie &amp; Arnaud | Le Monde d'Anna et Matteo"},"sameAs":["https:\/\/annaetmatteo.com","https:\/\/www.facebook.com\/AnnaEtMatteo\/","https:\/\/twitter.com\/AnnaEtMatteo"]}]}},"_links":{"self":[{"href":"https:\/\/annaetmatteo.com\/blog\/wp-json\/wp\/v2\/posts\/823"}],"collection":[{"href":"https:\/\/annaetmatteo.com\/blog\/wp-json\/wp\/v2\/posts"}],"about":[{"href":"https:\/\/annaetmatteo.com\/blog\/wp-json\/wp\/v2\/types\/post"}],"author":[{"embeddable":true,"href":"https:\/\/annaetmatteo.com\/blog\/wp-json\/wp\/v2\/users\/1"}],"replies":[{"embeddable":true,"href":"https:\/\/annaetmatteo.com\/blog\/wp-json\/wp\/v2\/comments?post=823"}],"version-history":[{"count":5,"href":"https:\/\/annaetmatteo.com\/blog\/wp-json\/wp\/v2\/posts\/823\/revisions"}],"predecessor-version":[{"id":911,"href":"https:\/\/annaetmatteo.com\/blog\/wp-json\/wp\/v2\/posts\/823\/revisions\/911"}],"wp:featuredmedia":[{"embeddable":true,"href":"https:\/\/annaetmatteo.com\/blog\/wp-json\/wp\/v2\/media\/828"}],"wp:attachment":[{"href":"https:\/\/annaetmatteo.com\/blog\/wp-json\/wp\/v2\/media?parent=823"}],"wp:term":[{"taxonomy":"category","embeddable":true,"href":"https:\/\/annaetmatteo.com\/blog\/wp-json\/wp\/v2\/categories?post=823"},{"taxonomy":"post_tag","embeddable":true,"href":"https:\/\/annaetmatteo.com\/blog\/wp-json\/wp\/v2\/tags?post=823"}],"curies":[{"name":"wp","href":"https:\/\/api.w.org\/{rel}","templated":true}]}}