{"id":805,"date":"2020-02-27T13:13:25","date_gmt":"2020-02-27T12:13:25","guid":{"rendered":"https:\/\/annaetmatteo.com\/blog\/?p=805"},"modified":"2021-05-12T17:07:53","modified_gmt":"2021-05-12T15:07:53","slug":"5-question-sur-le-coronavirus-covid-19-bebe-et-la-grossesse","status":"publish","type":"post","link":"https:\/\/annaetmatteo.com\/blog\/5-question-sur-le-coronavirus-covid-19-bebe-et-la-grossesse\/","title":{"rendered":"5 questions sur le coronavirus covid-19, b\u00e9b\u00e9 et la grossesse"},"content":{"rendered":"<h2>Alors que l&rsquo;\u00e9pid\u00e9mie se rapproche de nous, nombre de parents sont inquiets. Toutes les r\u00e9gions n&rsquo;ont pas encore repris l&rsquo;\u00e9cole. Les m\u00e8res enceintes \u00e9galement doivent se poser bien des questions sur les risques li\u00e9es au covid-19<!--more--><\/h2>\n<h3><strong>1- Je suis enceinte, mon b\u00e9b\u00e9 peut-il attraper le coronavirus ?<\/strong><\/h3>\n<p>Il existe un cas connu, en Chine, d&rsquo;un b\u00e9b\u00e9 ayant \u00e9t\u00e9 diagnostiqu\u00e9 positif au Covid-19 dans les 30 heures apr\u00e8s sa naissance. Mais pour l&rsquo;instant, on ne sait pas s&rsquo;il a \u00e9t\u00e9 contamin\u00e9 <em>in utero<\/em> ou s&rsquo;il a contract\u00e9 la maladie lors de l&rsquo;accouchement.<\/p>\n<p>Dans tous les cas, comme pour la grippe, il est important de prendre des pr\u00e9cautions quand on est enceinte. Lavez-vous r\u00e9guli\u00e8rement les mains. Et si vous d\u00e9sirez porter un masque, les simples masques chirurgicaux ne suffisent pas : optez pour un masque filtrant de norme <strong>FFP2<\/strong>. Attention, ils sont devenus rares et des petits malins en profitent sur Internet pour faire flamber les prix !<\/p>\n<h3><strong>2- Est-il vrai que les enfants sont moins expos\u00e9s au Covid-19 ?<\/strong><\/h3>\n<p>D&rsquo;apr\u00e8s les cas recens\u00e9s, effectivement, les enfants de moins de 15 ans sont moins touch\u00e9s par le virus. Et quand ils le contractent, les sympt\u00f4mes sont souvent moins graves. Pourquoi ? Personne n&rsquo;en sait encore rien ! Mais les chiffres sont l\u00e0 : 50% des cas mortels ont frapp\u00e9 des personnes de plus de 70 ans. Les cas les plus graves concernent \u00e9galement des personnes affaiblies ou souffrant d&rsquo;autres pathologies.<\/p>\n<p>Cela ne veut pas dire pour autant que les enfants sont immunis\u00e9s ! Et le retour en classe peut sembler terrifiant tant rien ne dit que les familles qui ont voyag\u00e9 dans les zones \u00e0 risques, notamment en Italie et en Chine, respecteront les consignes de quarantaine (14 jours d&rsquo;isolement).<\/p>\n<h3><strong>3- Comment savoir si j&rsquo;ai le coronavirus ou la grippe ?<\/strong><\/h3>\n<p>Sans test, distinguer avec 100% de certitude les deux maladies est quasiment impossible. Le Covid-19 provoque des sympt\u00f4mes tr\u00e8s proches de ceux du virus de la grippe : toux, \u00e9ternuements, courbatures, fi\u00e8vre, difficult\u00e9s respiratoires. Certaines personnes ne peuvent avoir que des sympt\u00f4mes l\u00e9gers et pourtant \u00eatre contagieuses !<\/p>\n<p>Qu&rsquo;il s&rsquo;agisse de la grippe ou du coronavirus, de toute fa\u00e7on, n&rsquo;exposez jamais une femme enceinte en cas de doute sur votre \u00e9tat de sant\u00e9 !<\/p>\n<h3><strong>4- Comment limiter les risques de contamination ?<\/strong><\/h3>\n<p>Comme pour la grippe, les pr\u00e9cautions sont identiques pour le coronavirus :<\/p>\n<ul>\n<li style=\"list-style-type: none;\">\n<ul>\n<li style=\"list-style-type: none;\">\n<ul>\n<li>Se laver les mains r\u00e9guli\u00e8rement<\/li>\n<li>Tousser ou \u00e9ternuer dans son coude<\/li>\n<li>Utiliser des mouchoirs \u00e0 usage unique<\/li>\n<li>Porter un masque quand on est malade<\/li>\n<\/ul>\n<\/li>\n<\/ul>\n<\/li>\n<\/ul>\n<h3><strong>5- Comment le coronavirus se transmet-il ?<\/strong><\/h3>\n<p>Le covid-19 est pr\u00e9sent notamment dans les postillons et se transmet lors de contacts rapproch\u00e9s avec quelqu&rsquo;un d&rsquo;infect\u00e9. Si une personne porteuse du virus \u00e9ternue ou tousse, se trouver \u00e0 moins de 1 m\u00e8tre vous expose au risque de contamination.<\/p>\n<p>Le coronavirus se transmet aussi en touchant un objet contamin\u00e9 et en portant ensuite vos mains \u00e0 la bouche ou aux yeux. Sachez qu&rsquo;en moyenne, un individu touche son visage une fois par minute !<\/p>\n<p>Les enfants portant naturellement tout \u00e0 la bouche sont donc particuli\u00e8rement concern\u00e9s m\u00eame si, comme \u00e9voqu\u00e9 pr\u00e9c\u00e9demment, ils semblent plus prot\u00e9g\u00e9s que les adultes face \u00e0 l&rsquo;agression virale.<\/p>\n<p><a href=\"https:\/\/nutriandco.com\/fr\/?eaf-publisher=affilae&#038;eaf-name=annaetmatteo&#038;eaf-creative=generique&#038;eaf-creativetype=1x1&#038;eseg-name=affilae&#038;eseg-item=280#ae280-135\"><img src=\"https:\/\/lb.affilae.com\/imp\/5e26bce5249f1233dff950b7\/608a6dd1afabde5ea754ec0a\/5ff5ede6c07616369ae41f4b\/https:\/\/s3-eu-west-1.amazonaws.com\/aeup\/uploads\/programs\/5e26bce5249f1233dff950b7\/elements\/5ff5ede6c07616369ae41f49.gif\" \/><\/a><\/p>\n<h4>Ces articles pourraient aussi vous int\u00e9resser :<\/h4>\n<p><span style=\"color: #0000ff;\"><a style=\"color: #0000ff;\" href=\"https:\/\/annaetmatteo.com\/blog\/pourquoi-bebe-attrape-t-il-la-bronchiolite\/\" target=\"_blank\" rel=\"noopener noreferrer\">Pourquoi b\u00e9b\u00e9 attrape-t-il la bronchiolite?<\/a><\/span><\/p>\n<p><span style=\"color: #0000ff;\"><a style=\"color: #0000ff;\" href=\"https:\/\/annaetmatteo.com\/blog\/la-grippe-arrive-enfin-pour-de-bon\/\" target=\"_blank\" rel=\"noopener noreferrer\">La grippe arrive (enfin) pour de bon<\/a><\/span><\/p>\n<p><span style=\"color: #0000ff;\"><a style=\"color: #0000ff;\" href=\"https:\/\/annaetmatteo.com\/blog\/quels-sont-les-vaccins-obligatoires-pour-bebe\/\" target=\"_blank\" rel=\"noopener noreferrer\">Quels sont les vaccins obligatoires pour b\u00e9b\u00e9 ?<\/a><\/span><\/p>\n<p>&nbsp;<\/p>\n","protected":false},"excerpt":{"rendered":"<p>Alors que l&rsquo;\u00e9pid\u00e9mie se rapproche de nous, nombre de parents sont inquiets. Toutes les r\u00e9gions n&rsquo;ont pas encore repris l&rsquo;\u00e9cole. Les m\u00e8res enceintes \u00e9galement doivent se poser bien des questions sur les risques li\u00e9es au covid-19<\/p>\n","protected":false},"author":1,"featured_media":806,"comment_status":"open","ping_status":"open","sticky":false,"template":"","format":"standard","meta":[],"categories":[1],"tags":[],"yoast_head":"<!-- This site is optimized with the Yoast SEO plugin v18.0 - https:\/\/yoast.com\/wordpress\/plugins\/seo\/ -->\n<title>5 questions sur le coronavirus covid-19, b\u00e9b\u00e9 et la grossesse !<\/title>\n<meta name=\"description\" content=\"Adoptons le point de vue qui nous int\u00e9resse sur le coronavirus Covid-19 : celui des parents et femmes enceintes ! Voici quelques r\u00e9ponses \u00e0 vos questions.\" \/>\n<meta name=\"robots\" content=\"index, follow, max-snippet:-1, max-image-preview:large, max-video-preview:-1\" \/>\n<link rel=\"canonical\" href=\"https:\/\/annaetmatteo.com\/blog\/5-question-sur-le-coronavirus-covid-19-bebe-et-la-grossesse\/\" \/>\n<meta property=\"og:locale\" content=\"fr_FR\" \/>\n<meta property=\"og:type\" content=\"article\" \/>\n<meta property=\"og:title\" content=\"5 questions sur le coronavirus covid-19, b\u00e9b\u00e9 et la grossesse !\" \/>\n<meta property=\"og:description\" content=\"Adoptons le point de vue qui nous int\u00e9resse sur le coronavirus Covid-19 : celui des parents et femmes enceintes ! Voici quelques r\u00e9ponses \u00e0 vos questions.\" \/>\n<meta property=\"og:url\" content=\"https:\/\/annaetmatteo.com\/blog\/5-question-sur-le-coronavirus-covid-19-bebe-et-la-grossesse\/\" \/>\n<meta property=\"og:site_name\" content=\"Blog du Monde d&#039;Anna et Matteo\" \/>\n<meta property=\"article:publisher\" content=\"https:\/\/www.facebook.com\/AnnaEtMatteo\/\" \/>\n<meta property=\"article:author\" content=\"https:\/\/www.facebook.com\/AnnaEtMatteo\/\" \/>\n<meta property=\"article:published_time\" content=\"2020-02-27T12:13:25+00:00\" \/>\n<meta property=\"article:modified_time\" content=\"2021-05-12T15:07:53+00:00\" \/>\n<meta property=\"og:image\" content=\"https:\/\/annaetmatteo.com\/blog\/wp-content\/uploads\/2020\/02\/coronavirus.jpg\" \/>\n\t<meta property=\"og:image:width\" content=\"1280\" \/>\n\t<meta property=\"og:image:height\" content=\"432\" \/>\n\t<meta property=\"og:image:type\" content=\"image\/jpeg\" \/>\n<meta name=\"twitter:card\" content=\"summary_large_image\" \/>\n<meta name=\"twitter:creator\" content=\"@AnnaEtMatteo\" \/>\n<meta name=\"twitter:site\" content=\"@AnnaEtMatteo\" \/>\n<meta name=\"twitter:label1\" content=\"\u00c9crit par\" \/>\n\t<meta name=\"twitter:data1\" content=\"M\u00e9lanie &amp; Arnaud | Le Monde d'Anna et Matteo\" \/>\n\t<meta name=\"twitter:label2\" content=\"Dur\u00e9e de lecture estim\u00e9e\" \/>\n\t<meta name=\"twitter:data2\" content=\"3 minutes\" \/>\n<script type=\"application\/ld+json\" class=\"yoast-schema-graph\">{\"@context\":\"https:\/\/schema.org\",\"@graph\":[{\"@type\":\"Organization\",\"@id\":\"https:\/\/annaetmatteo.com\/blog\/#organization\",\"name\":\"Le Monde d'Anna et Matteo\",\"url\":\"https:\/\/annaetmatteo.com\/blog\/\",\"sameAs\":[\"https:\/\/www.facebook.com\/AnnaEtMatteo\/\",\"https:\/\/www.instagram.com\/annaetmatteo\/\",\"https:\/\/www.youtube.com\/channel\/UCSce5n3L_8dmB8yTwbXnCwA\/f\",\"https:\/\/www.pinterest.fr\/AnnaEtMatteo\/\",\"https:\/\/twitter.com\/AnnaEtMatteo\"],\"logo\":{\"@type\":\"ImageObject\",\"@id\":\"https:\/\/annaetmatteo.com\/blog\/#logo\",\"inLanguage\":\"fr-FR\",\"url\":\"https:\/\/annaetmatteo.com\/blog\/wp-content\/uploads\/2018\/04\/rbU69AmF_400x400-1.jpg\",\"contentUrl\":\"https:\/\/annaetmatteo.com\/blog\/wp-content\/uploads\/2018\/04\/rbU69AmF_400x400-1.jpg\",\"width\":240,\"height\":240,\"caption\":\"Le Monde d'Anna et Matteo\"},\"image\":{\"@id\":\"https:\/\/annaetmatteo.com\/blog\/#logo\"}},{\"@type\":\"WebSite\",\"@id\":\"https:\/\/annaetmatteo.com\/blog\/#website\",\"url\":\"https:\/\/annaetmatteo.com\/blog\/\",\"name\":\"Blog du Monde d&#039;Anna et Matteo\",\"description\":\"\",\"publisher\":{\"@id\":\"https:\/\/annaetmatteo.com\/blog\/#organization\"},\"potentialAction\":[{\"@type\":\"SearchAction\",\"target\":{\"@type\":\"EntryPoint\",\"urlTemplate\":\"https:\/\/annaetmatteo.com\/blog\/?s={search_term_string}\"},\"query-input\":\"required name=search_term_string\"}],\"inLanguage\":\"fr-FR\"},{\"@type\":\"ImageObject\",\"@id\":\"https:\/\/annaetmatteo.com\/blog\/5-question-sur-le-coronavirus-covid-19-bebe-et-la-grossesse\/#primaryimage\",\"inLanguage\":\"fr-FR\",\"url\":\"https:\/\/annaetmatteo.com\/blog\/wp-content\/uploads\/2020\/02\/coronavirus.jpg\",\"contentUrl\":\"https:\/\/annaetmatteo.com\/blog\/wp-content\/uploads\/2020\/02\/coronavirus.jpg\",\"width\":1280,\"height\":432},{\"@type\":\"WebPage\",\"@id\":\"https:\/\/annaetmatteo.com\/blog\/5-question-sur-le-coronavirus-covid-19-bebe-et-la-grossesse\/#webpage\",\"url\":\"https:\/\/annaetmatteo.com\/blog\/5-question-sur-le-coronavirus-covid-19-bebe-et-la-grossesse\/\",\"name\":\"5 questions sur le coronavirus covid-19, b\u00e9b\u00e9 et la grossesse !\",\"isPartOf\":{\"@id\":\"https:\/\/annaetmatteo.com\/blog\/#website\"},\"primaryImageOfPage\":{\"@id\":\"https:\/\/annaetmatteo.com\/blog\/5-question-sur-le-coronavirus-covid-19-bebe-et-la-grossesse\/#primaryimage\"},\"datePublished\":\"2020-02-27T12:13:25+00:00\",\"dateModified\":\"2021-05-12T15:07:53+00:00\",\"description\":\"Adoptons le point de vue qui nous int\u00e9resse sur le coronavirus Covid-19 : celui des parents et femmes enceintes ! Voici quelques r\u00e9ponses \u00e0 vos questions.\",\"breadcrumb\":{\"@id\":\"https:\/\/annaetmatteo.com\/blog\/5-question-sur-le-coronavirus-covid-19-bebe-et-la-grossesse\/#breadcrumb\"},\"inLanguage\":\"fr-FR\",\"potentialAction\":[{\"@type\":\"ReadAction\",\"target\":[\"https:\/\/annaetmatteo.com\/blog\/5-question-sur-le-coronavirus-covid-19-bebe-et-la-grossesse\/\"]}]},{\"@type\":\"BreadcrumbList\",\"@id\":\"https:\/\/annaetmatteo.com\/blog\/5-question-sur-le-coronavirus-covid-19-bebe-et-la-grossesse\/#breadcrumb\",\"itemListElement\":[{\"@type\":\"ListItem\",\"position\":1,\"name\":\"Accueil\",\"item\":\"https:\/\/annaetmatteo.com\/blog\/\"},{\"@type\":\"ListItem\",\"position\":2,\"name\":\"5 questions sur le coronavirus covid-19, b\u00e9b\u00e9 et la grossesse\"}]},{\"@type\":\"Article\",\"@id\":\"https:\/\/annaetmatteo.com\/blog\/5-question-sur-le-coronavirus-covid-19-bebe-et-la-grossesse\/#article\",\"isPartOf\":{\"@id\":\"https:\/\/annaetmatteo.com\/blog\/5-question-sur-le-coronavirus-covid-19-bebe-et-la-grossesse\/#webpage\"},\"author\":{\"@id\":\"https:\/\/annaetmatteo.com\/blog\/#\/schema\/person\/324a22a04fc2477c15496ba8213c7eab\"},\"headline\":\"5 questions sur le coronavirus covid-19, b\u00e9b\u00e9 et la grossesse\",\"datePublished\":\"2020-02-27T12:13:25+00:00\",\"dateModified\":\"2021-05-12T15:07:53+00:00\",\"mainEntityOfPage\":{\"@id\":\"https:\/\/annaetmatteo.com\/blog\/5-question-sur-le-coronavirus-covid-19-bebe-et-la-grossesse\/#webpage\"},\"wordCount\":576,\"commentCount\":2,\"publisher\":{\"@id\":\"https:\/\/annaetmatteo.com\/blog\/#organization\"},\"image\":{\"@id\":\"https:\/\/annaetmatteo.com\/blog\/5-question-sur-le-coronavirus-covid-19-bebe-et-la-grossesse\/#primaryimage\"},\"thumbnailUrl\":\"https:\/\/annaetmatteo.com\/blog\/wp-content\/uploads\/2020\/02\/coronavirus.jpg\",\"inLanguage\":\"fr-FR\",\"potentialAction\":[{\"@type\":\"CommentAction\",\"name\":\"Comment\",\"target\":[\"https:\/\/annaetmatteo.com\/blog\/5-question-sur-le-coronavirus-covid-19-bebe-et-la-grossesse\/#respond\"]}]},{\"@type\":\"Person\",\"@id\":\"https:\/\/annaetmatteo.com\/blog\/#\/schema\/person\/324a22a04fc2477c15496ba8213c7eab\",\"name\":\"M\u00e9lanie &amp; Arnaud | Le Monde d'Anna et Matteo\",\"image\":{\"@type\":\"ImageObject\",\"@id\":\"https:\/\/annaetmatteo.com\/blog\/#personlogo\",\"inLanguage\":\"fr-FR\",\"url\":\"https:\/\/secure.gravatar.com\/avatar\/3c48cff264353bcb37bf9b52c1b769e7?s=96&d=mm&r=g\",\"contentUrl\":\"https:\/\/secure.gravatar.com\/avatar\/3c48cff264353bcb37bf9b52c1b769e7?s=96&d=mm&r=g\",\"caption\":\"M\u00e9lanie &amp; Arnaud | Le Monde d'Anna et Matteo\"},\"sameAs\":[\"https:\/\/annaetmatteo.com\",\"https:\/\/www.facebook.com\/AnnaEtMatteo\/\",\"https:\/\/twitter.com\/AnnaEtMatteo\"]}]}<\/script>\n<!-- \/ Yoast SEO plugin. -->","yoast_head_json":{"title":"5 questions sur le coronavirus covid-19, b\u00e9b\u00e9 et la grossesse !","description":"Adoptons le point de vue qui nous int\u00e9resse sur le coronavirus Covid-19 : celui des parents et femmes enceintes ! Voici quelques r\u00e9ponses \u00e0 vos questions.","robots":{"index":"index","follow":"follow","max-snippet":"max-snippet:-1","max-image-preview":"max-image-preview:large","max-video-preview":"max-video-preview:-1"},"canonical":"https:\/\/annaetmatteo.com\/blog\/5-question-sur-le-coronavirus-covid-19-bebe-et-la-grossesse\/","og_locale":"fr_FR","og_type":"article","og_title":"5 questions sur le coronavirus covid-19, b\u00e9b\u00e9 et la grossesse !","og_description":"Adoptons le point de vue qui nous int\u00e9resse sur le coronavirus Covid-19 : celui des parents et femmes enceintes ! Voici quelques r\u00e9ponses \u00e0 vos questions.","og_url":"https:\/\/annaetmatteo.com\/blog\/5-question-sur-le-coronavirus-covid-19-bebe-et-la-grossesse\/","og_site_name":"Blog du Monde d&#039;Anna et Matteo","article_publisher":"https:\/\/www.facebook.com\/AnnaEtMatteo\/","article_author":"https:\/\/www.facebook.com\/AnnaEtMatteo\/","article_published_time":"2020-02-27T12:13:25+00:00","article_modified_time":"2021-05-12T15:07:53+00:00","og_image":[{"width":1280,"height":432,"url":"https:\/\/annaetmatteo.com\/blog\/wp-content\/uploads\/2020\/02\/coronavirus.jpg","type":"image\/jpeg"}],"twitter_card":"summary_large_image","twitter_creator":"@AnnaEtMatteo","twitter_site":"@AnnaEtMatteo","twitter_misc":{"\u00c9crit par":"M\u00e9lanie &amp; Arnaud | Le Monde d'Anna et Matteo","Dur\u00e9e de lecture estim\u00e9e":"3 minutes"},"schema":{"@context":"https:\/\/schema.org","@graph":[{"@type":"Organization","@id":"https:\/\/annaetmatteo.com\/blog\/#organization","name":"Le Monde d'Anna et Matteo","url":"https:\/\/annaetmatteo.com\/blog\/","sameAs":["https:\/\/www.facebook.com\/AnnaEtMatteo\/","https:\/\/www.instagram.com\/annaetmatteo\/","https:\/\/www.youtube.com\/channel\/UCSce5n3L_8dmB8yTwbXnCwA\/f","https:\/\/www.pinterest.fr\/AnnaEtMatteo\/","https:\/\/twitter.com\/AnnaEtMatteo"],"logo":{"@type":"ImageObject","@id":"https:\/\/annaetmatteo.com\/blog\/#logo","inLanguage":"fr-FR","url":"https:\/\/annaetmatteo.com\/blog\/wp-content\/uploads\/2018\/04\/rbU69AmF_400x400-1.jpg","contentUrl":"https:\/\/annaetmatteo.com\/blog\/wp-content\/uploads\/2018\/04\/rbU69AmF_400x400-1.jpg","width":240,"height":240,"caption":"Le Monde d'Anna et Matteo"},"image":{"@id":"https:\/\/annaetmatteo.com\/blog\/#logo"}},{"@type":"WebSite","@id":"https:\/\/annaetmatteo.com\/blog\/#website","url":"https:\/\/annaetmatteo.com\/blog\/","name":"Blog du Monde d&#039;Anna et Matteo","description":"","publisher":{"@id":"https:\/\/annaetmatteo.com\/blog\/#organization"},"potentialAction":[{"@type":"SearchAction","target":{"@type":"EntryPoint","urlTemplate":"https:\/\/annaetmatteo.com\/blog\/?s={search_term_string}"},"query-input":"required name=search_term_string"}],"inLanguage":"fr-FR"},{"@type":"ImageObject","@id":"https:\/\/annaetmatteo.com\/blog\/5-question-sur-le-coronavirus-covid-19-bebe-et-la-grossesse\/#primaryimage","inLanguage":"fr-FR","url":"https:\/\/annaetmatteo.com\/blog\/wp-content\/uploads\/2020\/02\/coronavirus.jpg","contentUrl":"https:\/\/annaetmatteo.com\/blog\/wp-content\/uploads\/2020\/02\/coronavirus.jpg","width":1280,"height":432},{"@type":"WebPage","@id":"https:\/\/annaetmatteo.com\/blog\/5-question-sur-le-coronavirus-covid-19-bebe-et-la-grossesse\/#webpage","url":"https:\/\/annaetmatteo.com\/blog\/5-question-sur-le-coronavirus-covid-19-bebe-et-la-grossesse\/","name":"5 questions sur le coronavirus covid-19, b\u00e9b\u00e9 et la grossesse !","isPartOf":{"@id":"https:\/\/annaetmatteo.com\/blog\/#website"},"primaryImageOfPage":{"@id":"https:\/\/annaetmatteo.com\/blog\/5-question-sur-le-coronavirus-covid-19-bebe-et-la-grossesse\/#primaryimage"},"datePublished":"2020-02-27T12:13:25+00:00","dateModified":"2021-05-12T15:07:53+00:00","description":"Adoptons le point de vue qui nous int\u00e9resse sur le coronavirus Covid-19 : celui des parents et femmes enceintes ! Voici quelques r\u00e9ponses \u00e0 vos questions.","breadcrumb":{"@id":"https:\/\/annaetmatteo.com\/blog\/5-question-sur-le-coronavirus-covid-19-bebe-et-la-grossesse\/#breadcrumb"},"inLanguage":"fr-FR","potentialAction":[{"@type":"ReadAction","target":["https:\/\/annaetmatteo.com\/blog\/5-question-sur-le-coronavirus-covid-19-bebe-et-la-grossesse\/"]}]},{"@type":"BreadcrumbList","@id":"https:\/\/annaetmatteo.com\/blog\/5-question-sur-le-coronavirus-covid-19-bebe-et-la-grossesse\/#breadcrumb","itemListElement":[{"@type":"ListItem","position":1,"name":"Accueil","item":"https:\/\/annaetmatteo.com\/blog\/"},{"@type":"ListItem","position":2,"name":"5 questions sur le coronavirus covid-19, b\u00e9b\u00e9 et la grossesse"}]},{"@type":"Article","@id":"https:\/\/annaetmatteo.com\/blog\/5-question-sur-le-coronavirus-covid-19-bebe-et-la-grossesse\/#article","isPartOf":{"@id":"https:\/\/annaetmatteo.com\/blog\/5-question-sur-le-coronavirus-covid-19-bebe-et-la-grossesse\/#webpage"},"author":{"@id":"https:\/\/annaetmatteo.com\/blog\/#\/schema\/person\/324a22a04fc2477c15496ba8213c7eab"},"headline":"5 questions sur le coronavirus covid-19, b\u00e9b\u00e9 et la grossesse","datePublished":"2020-02-27T12:13:25+00:00","dateModified":"2021-05-12T15:07:53+00:00","mainEntityOfPage":{"@id":"https:\/\/annaetmatteo.com\/blog\/5-question-sur-le-coronavirus-covid-19-bebe-et-la-grossesse\/#webpage"},"wordCount":576,"commentCount":2,"publisher":{"@id":"https:\/\/annaetmatteo.com\/blog\/#organization"},"image":{"@id":"https:\/\/annaetmatteo.com\/blog\/5-question-sur-le-coronavirus-covid-19-bebe-et-la-grossesse\/#primaryimage"},"thumbnailUrl":"https:\/\/annaetmatteo.com\/blog\/wp-content\/uploads\/2020\/02\/coronavirus.jpg","inLanguage":"fr-FR","potentialAction":[{"@type":"CommentAction","name":"Comment","target":["https:\/\/annaetmatteo.com\/blog\/5-question-sur-le-coronavirus-covid-19-bebe-et-la-grossesse\/#respond"]}]},{"@type":"Person","@id":"https:\/\/annaetmatteo.com\/blog\/#\/schema\/person\/324a22a04fc2477c15496ba8213c7eab","name":"M\u00e9lanie &amp; Arnaud | Le Monde d'Anna et Matteo","image":{"@type":"ImageObject","@id":"https:\/\/annaetmatteo.com\/blog\/#personlogo","inLanguage":"fr-FR","url":"https:\/\/secure.gravatar.com\/avatar\/3c48cff264353bcb37bf9b52c1b769e7?s=96&d=mm&r=g","contentUrl":"https:\/\/secure.gravatar.com\/avatar\/3c48cff264353bcb37bf9b52c1b769e7?s=96&d=mm&r=g","caption":"M\u00e9lanie &amp; Arnaud | Le Monde d'Anna et Matteo"},"sameAs":["https:\/\/annaetmatteo.com","https:\/\/www.facebook.com\/AnnaEtMatteo\/","https:\/\/twitter.com\/AnnaEtMatteo"]}]}},"_links":{"self":[{"href":"https:\/\/annaetmatteo.com\/blog\/wp-json\/wp\/v2\/posts\/805"}],"collection":[{"href":"https:\/\/annaetmatteo.com\/blog\/wp-json\/wp\/v2\/posts"}],"about":[{"href":"https:\/\/annaetmatteo.com\/blog\/wp-json\/wp\/v2\/types\/post"}],"author":[{"embeddable":true,"href":"https:\/\/annaetmatteo.com\/blog\/wp-json\/wp\/v2\/users\/1"}],"replies":[{"embeddable":true,"href":"https:\/\/annaetmatteo.com\/blog\/wp-json\/wp\/v2\/comments?post=805"}],"version-history":[{"count":3,"href":"https:\/\/annaetmatteo.com\/blog\/wp-json\/wp\/v2\/posts\/805\/revisions"}],"predecessor-version":[{"id":915,"href":"https:\/\/annaetmatteo.com\/blog\/wp-json\/wp\/v2\/posts\/805\/revisions\/915"}],"wp:featuredmedia":[{"embeddable":true,"href":"https:\/\/annaetmatteo.com\/blog\/wp-json\/wp\/v2\/media\/806"}],"wp:attachment":[{"href":"https:\/\/annaetmatteo.com\/blog\/wp-json\/wp\/v2\/media?parent=805"}],"wp:term":[{"taxonomy":"category","embeddable":true,"href":"https:\/\/annaetmatteo.com\/blog\/wp-json\/wp\/v2\/categories?post=805"},{"taxonomy":"post_tag","embeddable":true,"href":"https:\/\/annaetmatteo.com\/blog\/wp-json\/wp\/v2\/tags?post=805"}],"curies":[{"name":"wp","href":"https:\/\/api.w.org\/{rel}","templated":true}]}}