{"id":795,"date":"2020-01-30T20:18:46","date_gmt":"2020-01-30T19:18:46","guid":{"rendered":"https:\/\/annaetmatteo.com\/blog\/?p=795"},"modified":"2020-01-31T08:54:53","modified_gmt":"2020-01-31T07:54:53","slug":"lunivers-des-dinosaures-en-tournee","status":"publish","type":"post","link":"https:\/\/annaetmatteo.com\/blog\/lunivers-des-dinosaures-en-tournee\/","title":{"rendered":"L&rsquo;Univers des Dinosaures en tourn\u00e9e"},"content":{"rendered":"<h2>Les 25 et 26 janvier 2020, la ville de Mandelieu-la-Napoule (06) a accueilli une des \u00e9tapes de la tourn\u00e9e L&rsquo;Univers des Dinosaure. Nous nous sommes rendus en famille au Centre d&rsquo;Exposition et des Congr\u00e8s de la ville pour la d\u00e9couvrir.<!--more--><\/h2>\n<p>Sous le soleil d&rsquo;hiver des Alpes-Maritimes, nous nous sommes partis \u00e0 la d\u00e9couverte de fabuleux animaux disparus : les dinosaures ! C&rsquo;est \u00e0 Mandelieu-la-Napoule que ces \u00e9tranges cr\u00e9atures posaient leurs valises pendant 2 jours, les 25 et 26 janvier. Une occasion \u00e0 ne pas manquer !<\/p>\n<p><img loading=\"lazy\" class=\"aligncenter size-full wp-image-796\" src=\"https:\/\/annaetmatteo.com\/blog\/wp-content\/uploads\/2020\/01\/univers-des-dinosaures-1.jpg\" alt=\"tarnosorus univers des dinosaures\" width=\"800\" height=\"450\" srcset=\"https:\/\/annaetmatteo.com\/blog\/wp-content\/uploads\/2020\/01\/univers-des-dinosaures-1.jpg 800w, https:\/\/annaetmatteo.com\/blog\/wp-content\/uploads\/2020\/01\/univers-des-dinosaures-1-300x169.jpg 300w, https:\/\/annaetmatteo.com\/blog\/wp-content\/uploads\/2020\/01\/univers-des-dinosaures-1-768x432.jpg 768w\" sizes=\"(max-width: 767px) 89vw, (max-width: 1000px) 54vw, (max-width: 1071px) 543px, 580px\" \/><\/p>\n<p>Pour avoir le droit d&rsquo;approcher les dinosaures, il convient de s&rsquo;acquitter de billets dont le tarif est fix\u00e9 \u00e0 10 euros pour les adultes. Et 9 euros pour les enfants.<\/p>\n<h3>Exposition de taille r\u00e9duite<\/h3>\n<p>L&rsquo;exposition s&rsquo;articule autour de la reconstitution d&rsquo;un nombre relativement restreint de cr\u00e9atures. Quelques-unes seulement sont anim\u00e9es m\u00e9caniquement&#8230;<\/p>\n<p>Une petite animation permet aux enfants d&rsquo;en apprendre plus sur ces \u00eatres gr\u00e2ce \u00e0 un com\u00e9dien plac\u00e9 dans un d\u00e9guisement. Effet garanti quand il fonce sur les enfants ! Dommage toutefois que, visiblement, Jurassic Park servent plus de r\u00e9f\u00e9rence que les recherches actuelles&#8230;<\/p>\n<p>Une courte exp\u00e9rience en r\u00e9alit\u00e9 virtuelle est disponible, permettant d&rsquo;assister \u00e0 quelques mouvements d&rsquo;un grand herbivore. H\u00e9las \u00e0 peine le temps d&rsquo;en profiter que le tout est d\u00e9j\u00e0 termin\u00e9.<\/p>\n<p><img loading=\"lazy\" class=\"aligncenter size-full wp-image-798\" src=\"https:\/\/annaetmatteo.com\/blog\/wp-content\/uploads\/2020\/01\/univers-des-dinosaures-3.jpg\" alt=\"deinonychus univers des dinosaures\" width=\"800\" height=\"450\" srcset=\"https:\/\/annaetmatteo.com\/blog\/wp-content\/uploads\/2020\/01\/univers-des-dinosaures-3.jpg 800w, https:\/\/annaetmatteo.com\/blog\/wp-content\/uploads\/2020\/01\/univers-des-dinosaures-3-300x169.jpg 300w, https:\/\/annaetmatteo.com\/blog\/wp-content\/uploads\/2020\/01\/univers-des-dinosaures-3-768x432.jpg 768w\" sizes=\"(max-width: 767px) 89vw, (max-width: 1000px) 54vw, (max-width: 1071px) 543px, 580px\" \/><\/p>\n<h3>Pal\u00e9ontologues en herbes<\/h3>\n<p>En fin de visite, les enfants peuvent jouer les pal\u00e9ontologues \u00e0 coups de pinceaux dans un bac \u00e0 sable contenant des reproductions de fossiles.<\/p>\n<p>A noter que chaque enfant se voit confi\u00e9 un questionnaire et un feutre. De quoi l&rsquo;inciter \u00e0 lire les panneaux pour r\u00e9pondre aux questions. Un panneau donne la correction et vous pouvez remplir un dipl\u00f4me. Dommage que cet affichage soit tellement visible que notre fille a imm\u00e9diatement eu la bonne id\u00e9e de le recopier !<\/p>\n<p>Au final, l&rsquo;exposition manque de richesse. Si les enfants en sont ressortis satisfaits, nous parents sommes franchement rest\u00e9s sur notre faim !<\/p>\n<p>Retrouvez toutes les dates de la tourn\u00e9e sur le site officiel de <span style=\"color: #0000ff;\"><a style=\"color: #0000ff;\" href=\"https:\/\/luniversdesdinosaures.fr\/\" target=\"_blank\" rel=\"noopener noreferrer\">L&rsquo;Univers des Dinosaures<\/a><\/span>.<\/p>\n<h4>Ces articles pourraient aussi vous int\u00e9resser :<\/h4>\n<p><span style=\"color: #0000ff;\"><a style=\"color: #0000ff;\" href=\"https:\/\/annaetmatteo.com\/blog\/parc-zoologique-de-paris\/\" target=\"_blank\" rel=\"noopener noreferrer\">Parc zoologique de Paris : une visite en famille<\/a><\/span><\/p>\n<p><span style=\"color: #0000ff;\"><a style=\"color: #0000ff;\" href=\"https:\/\/annaetmatteo.com\/blog\/idee-sortie-royal-kids\/\" target=\"_blank\" rel=\"noopener noreferrer\">Id\u00e9e sortie : Royal Kids<\/a><\/span><\/p>\n<p><span style=\"color: #0000ff;\"><a style=\"color: #0000ff;\" href=\"https:\/\/annaetmatteo.com\/blog\/5-bonnes-idees-pour-occuper-vos-enfants\/\" target=\"_blank\" rel=\"noopener noreferrer\">5 bonnes id\u00e9es pour occuper vos enfants !<\/a><\/span><\/p>\n<p>&nbsp;<\/p>\n","protected":false},"excerpt":{"rendered":"<p>Les 25 et 26 janvier 2020, la ville de Mandelieu-la-Napoule (06) a accueilli une des \u00e9tapes de la tourn\u00e9e L&rsquo;Univers des Dinosaure. Nous nous sommes rendus en famille au Centre d&rsquo;Exposition et des Congr\u00e8s de la ville pour la d\u00e9couvrir.<\/p>\n","protected":false},"author":1,"featured_media":797,"comment_status":"open","ping_status":"open","sticky":false,"template":"","format":"standard","meta":[],"categories":[1],"tags":[],"yoast_head":"<!-- This site is optimized with the Yoast SEO plugin v18.0 - https:\/\/yoast.com\/wordpress\/plugins\/seo\/ -->\n<title>L&#039;Univers des Dinosaures en tourn\u00e9e : une expo qui vaut le coup ?<\/title>\n<meta name=\"description\" content=\"Nous sommes rendus en famille \u00e0 la d\u00e9couverte de l&#039;expo L&#039;Uniers des Dinosaures, de passage \u00e0 Mandelieu-la-Napoule. Retrouv\u00e9 notre avis et la tourn\u00e9e 2020 !\" \/>\n<meta name=\"robots\" content=\"index, follow, max-snippet:-1, max-image-preview:large, max-video-preview:-1\" \/>\n<link rel=\"canonical\" href=\"https:\/\/annaetmatteo.com\/blog\/lunivers-des-dinosaures-en-tournee\/\" \/>\n<meta property=\"og:locale\" content=\"fr_FR\" \/>\n<meta property=\"og:type\" content=\"article\" \/>\n<meta property=\"og:title\" content=\"L&#039;Univers des Dinosaures en tourn\u00e9e : une expo qui vaut le coup ?\" \/>\n<meta property=\"og:description\" content=\"Nous sommes rendus en famille \u00e0 la d\u00e9couverte de l&#039;expo L&#039;Uniers des Dinosaures, de passage \u00e0 Mandelieu-la-Napoule. Retrouv\u00e9 notre avis et la tourn\u00e9e 2020 !\" \/>\n<meta property=\"og:url\" content=\"https:\/\/annaetmatteo.com\/blog\/lunivers-des-dinosaures-en-tournee\/\" \/>\n<meta property=\"og:site_name\" content=\"Blog du Monde d&#039;Anna et Matteo\" \/>\n<meta property=\"article:publisher\" content=\"https:\/\/www.facebook.com\/AnnaEtMatteo\/\" \/>\n<meta property=\"article:author\" content=\"https:\/\/www.facebook.com\/AnnaEtMatteo\/\" \/>\n<meta property=\"article:published_time\" content=\"2020-01-30T19:18:46+00:00\" \/>\n<meta property=\"article:modified_time\" content=\"2020-01-31T07:54:53+00:00\" \/>\n<meta property=\"og:image\" content=\"https:\/\/annaetmatteo.com\/blog\/wp-content\/uploads\/2020\/01\/univers-des-dinosaures-2.jpg\" \/>\n\t<meta property=\"og:image:width\" content=\"1000\" \/>\n\t<meta property=\"og:image:height\" content=\"400\" \/>\n\t<meta property=\"og:image:type\" content=\"image\/jpeg\" \/>\n<meta name=\"twitter:card\" content=\"summary_large_image\" \/>\n<meta name=\"twitter:creator\" content=\"@AnnaEtMatteo\" \/>\n<meta name=\"twitter:site\" content=\"@AnnaEtMatteo\" \/>\n<meta name=\"twitter:label1\" content=\"\u00c9crit par\" \/>\n\t<meta name=\"twitter:data1\" content=\"M\u00e9lanie &amp; Arnaud | Le Monde d'Anna et Matteo\" \/>\n\t<meta name=\"twitter:label2\" content=\"Dur\u00e9e de lecture estim\u00e9e\" \/>\n\t<meta name=\"twitter:data2\" content=\"2 minutes\" \/>\n<script type=\"application\/ld+json\" class=\"yoast-schema-graph\">{\"@context\":\"https:\/\/schema.org\",\"@graph\":[{\"@type\":\"Organization\",\"@id\":\"https:\/\/annaetmatteo.com\/blog\/#organization\",\"name\":\"Le Monde d'Anna et Matteo\",\"url\":\"https:\/\/annaetmatteo.com\/blog\/\",\"sameAs\":[\"https:\/\/www.facebook.com\/AnnaEtMatteo\/\",\"https:\/\/www.instagram.com\/annaetmatteo\/\",\"https:\/\/www.youtube.com\/channel\/UCSce5n3L_8dmB8yTwbXnCwA\/f\",\"https:\/\/www.pinterest.fr\/AnnaEtMatteo\/\",\"https:\/\/twitter.com\/AnnaEtMatteo\"],\"logo\":{\"@type\":\"ImageObject\",\"@id\":\"https:\/\/annaetmatteo.com\/blog\/#logo\",\"inLanguage\":\"fr-FR\",\"url\":\"https:\/\/annaetmatteo.com\/blog\/wp-content\/uploads\/2018\/04\/rbU69AmF_400x400-1.jpg\",\"contentUrl\":\"https:\/\/annaetmatteo.com\/blog\/wp-content\/uploads\/2018\/04\/rbU69AmF_400x400-1.jpg\",\"width\":240,\"height\":240,\"caption\":\"Le Monde d'Anna et Matteo\"},\"image\":{\"@id\":\"https:\/\/annaetmatteo.com\/blog\/#logo\"}},{\"@type\":\"WebSite\",\"@id\":\"https:\/\/annaetmatteo.com\/blog\/#website\",\"url\":\"https:\/\/annaetmatteo.com\/blog\/\",\"name\":\"Blog du Monde d&#039;Anna et Matteo\",\"description\":\"\",\"publisher\":{\"@id\":\"https:\/\/annaetmatteo.com\/blog\/#organization\"},\"potentialAction\":[{\"@type\":\"SearchAction\",\"target\":{\"@type\":\"EntryPoint\",\"urlTemplate\":\"https:\/\/annaetmatteo.com\/blog\/?s={search_term_string}\"},\"query-input\":\"required name=search_term_string\"}],\"inLanguage\":\"fr-FR\"},{\"@type\":\"ImageObject\",\"@id\":\"https:\/\/annaetmatteo.com\/blog\/lunivers-des-dinosaures-en-tournee\/#primaryimage\",\"inLanguage\":\"fr-FR\",\"url\":\"https:\/\/annaetmatteo.com\/blog\/wp-content\/uploads\/2020\/01\/univers-des-dinosaures-2.jpg\",\"contentUrl\":\"https:\/\/annaetmatteo.com\/blog\/wp-content\/uploads\/2020\/01\/univers-des-dinosaures-2.jpg\",\"width\":1000,\"height\":400,\"caption\":\"l'univers des dinosaures mandelieu-la-napoule\"},{\"@type\":\"WebPage\",\"@id\":\"https:\/\/annaetmatteo.com\/blog\/lunivers-des-dinosaures-en-tournee\/#webpage\",\"url\":\"https:\/\/annaetmatteo.com\/blog\/lunivers-des-dinosaures-en-tournee\/\",\"name\":\"L'Univers des Dinosaures en tourn\u00e9e : une expo qui vaut le coup ?\",\"isPartOf\":{\"@id\":\"https:\/\/annaetmatteo.com\/blog\/#website\"},\"primaryImageOfPage\":{\"@id\":\"https:\/\/annaetmatteo.com\/blog\/lunivers-des-dinosaures-en-tournee\/#primaryimage\"},\"datePublished\":\"2020-01-30T19:18:46+00:00\",\"dateModified\":\"2020-01-31T07:54:53+00:00\",\"description\":\"Nous sommes rendus en famille \u00e0 la d\u00e9couverte de l'expo L'Uniers des Dinosaures, de passage \u00e0 Mandelieu-la-Napoule. Retrouv\u00e9 notre avis et la tourn\u00e9e 2020 !\",\"breadcrumb\":{\"@id\":\"https:\/\/annaetmatteo.com\/blog\/lunivers-des-dinosaures-en-tournee\/#breadcrumb\"},\"inLanguage\":\"fr-FR\",\"potentialAction\":[{\"@type\":\"ReadAction\",\"target\":[\"https:\/\/annaetmatteo.com\/blog\/lunivers-des-dinosaures-en-tournee\/\"]}]},{\"@type\":\"BreadcrumbList\",\"@id\":\"https:\/\/annaetmatteo.com\/blog\/lunivers-des-dinosaures-en-tournee\/#breadcrumb\",\"itemListElement\":[{\"@type\":\"ListItem\",\"position\":1,\"name\":\"Accueil\",\"item\":\"https:\/\/annaetmatteo.com\/blog\/\"},{\"@type\":\"ListItem\",\"position\":2,\"name\":\"L&rsquo;Univers des Dinosaures en tourn\u00e9e\"}]},{\"@type\":\"Article\",\"@id\":\"https:\/\/annaetmatteo.com\/blog\/lunivers-des-dinosaures-en-tournee\/#article\",\"isPartOf\":{\"@id\":\"https:\/\/annaetmatteo.com\/blog\/lunivers-des-dinosaures-en-tournee\/#webpage\"},\"author\":{\"@id\":\"https:\/\/annaetmatteo.com\/blog\/#\/schema\/person\/324a22a04fc2477c15496ba8213c7eab\"},\"headline\":\"L&rsquo;Univers des Dinosaures en tourn\u00e9e\",\"datePublished\":\"2020-01-30T19:18:46+00:00\",\"dateModified\":\"2020-01-31T07:54:53+00:00\",\"mainEntityOfPage\":{\"@id\":\"https:\/\/annaetmatteo.com\/blog\/lunivers-des-dinosaures-en-tournee\/#webpage\"},\"wordCount\":363,\"commentCount\":0,\"publisher\":{\"@id\":\"https:\/\/annaetmatteo.com\/blog\/#organization\"},\"image\":{\"@id\":\"https:\/\/annaetmatteo.com\/blog\/lunivers-des-dinosaures-en-tournee\/#primaryimage\"},\"thumbnailUrl\":\"https:\/\/annaetmatteo.com\/blog\/wp-content\/uploads\/2020\/01\/univers-des-dinosaures-2.jpg\",\"inLanguage\":\"fr-FR\",\"potentialAction\":[{\"@type\":\"CommentAction\",\"name\":\"Comment\",\"target\":[\"https:\/\/annaetmatteo.com\/blog\/lunivers-des-dinosaures-en-tournee\/#respond\"]}]},{\"@type\":\"Person\",\"@id\":\"https:\/\/annaetmatteo.com\/blog\/#\/schema\/person\/324a22a04fc2477c15496ba8213c7eab\",\"name\":\"M\u00e9lanie &amp; Arnaud | Le Monde d'Anna et Matteo\",\"image\":{\"@type\":\"ImageObject\",\"@id\":\"https:\/\/annaetmatteo.com\/blog\/#personlogo\",\"inLanguage\":\"fr-FR\",\"url\":\"https:\/\/secure.gravatar.com\/avatar\/3c48cff264353bcb37bf9b52c1b769e7?s=96&d=mm&r=g\",\"contentUrl\":\"https:\/\/secure.gravatar.com\/avatar\/3c48cff264353bcb37bf9b52c1b769e7?s=96&d=mm&r=g\",\"caption\":\"M\u00e9lanie &amp; Arnaud | Le Monde d'Anna et Matteo\"},\"sameAs\":[\"https:\/\/annaetmatteo.com\",\"https:\/\/www.facebook.com\/AnnaEtMatteo\/\",\"https:\/\/twitter.com\/AnnaEtMatteo\"]}]}<\/script>\n<!-- \/ Yoast SEO plugin. -->","yoast_head_json":{"title":"L'Univers des Dinosaures en tourn\u00e9e : une expo qui vaut le coup ?","description":"Nous sommes rendus en famille \u00e0 la d\u00e9couverte de l'expo L'Uniers des Dinosaures, de passage \u00e0 Mandelieu-la-Napoule. Retrouv\u00e9 notre avis et la tourn\u00e9e 2020 !","robots":{"index":"index","follow":"follow","max-snippet":"max-snippet:-1","max-image-preview":"max-image-preview:large","max-video-preview":"max-video-preview:-1"},"canonical":"https:\/\/annaetmatteo.com\/blog\/lunivers-des-dinosaures-en-tournee\/","og_locale":"fr_FR","og_type":"article","og_title":"L'Univers des Dinosaures en tourn\u00e9e : une expo qui vaut le coup ?","og_description":"Nous sommes rendus en famille \u00e0 la d\u00e9couverte de l'expo L'Uniers des Dinosaures, de passage \u00e0 Mandelieu-la-Napoule. Retrouv\u00e9 notre avis et la tourn\u00e9e 2020 !","og_url":"https:\/\/annaetmatteo.com\/blog\/lunivers-des-dinosaures-en-tournee\/","og_site_name":"Blog du Monde d&#039;Anna et Matteo","article_publisher":"https:\/\/www.facebook.com\/AnnaEtMatteo\/","article_author":"https:\/\/www.facebook.com\/AnnaEtMatteo\/","article_published_time":"2020-01-30T19:18:46+00:00","article_modified_time":"2020-01-31T07:54:53+00:00","og_image":[{"width":1000,"height":400,"url":"https:\/\/annaetmatteo.com\/blog\/wp-content\/uploads\/2020\/01\/univers-des-dinosaures-2.jpg","type":"image\/jpeg"}],"twitter_card":"summary_large_image","twitter_creator":"@AnnaEtMatteo","twitter_site":"@AnnaEtMatteo","twitter_misc":{"\u00c9crit par":"M\u00e9lanie &amp; Arnaud | Le Monde d'Anna et Matteo","Dur\u00e9e de lecture estim\u00e9e":"2 minutes"},"schema":{"@context":"https:\/\/schema.org","@graph":[{"@type":"Organization","@id":"https:\/\/annaetmatteo.com\/blog\/#organization","name":"Le Monde d'Anna et Matteo","url":"https:\/\/annaetmatteo.com\/blog\/","sameAs":["https:\/\/www.facebook.com\/AnnaEtMatteo\/","https:\/\/www.instagram.com\/annaetmatteo\/","https:\/\/www.youtube.com\/channel\/UCSce5n3L_8dmB8yTwbXnCwA\/f","https:\/\/www.pinterest.fr\/AnnaEtMatteo\/","https:\/\/twitter.com\/AnnaEtMatteo"],"logo":{"@type":"ImageObject","@id":"https:\/\/annaetmatteo.com\/blog\/#logo","inLanguage":"fr-FR","url":"https:\/\/annaetmatteo.com\/blog\/wp-content\/uploads\/2018\/04\/rbU69AmF_400x400-1.jpg","contentUrl":"https:\/\/annaetmatteo.com\/blog\/wp-content\/uploads\/2018\/04\/rbU69AmF_400x400-1.jpg","width":240,"height":240,"caption":"Le Monde d'Anna et Matteo"},"image":{"@id":"https:\/\/annaetmatteo.com\/blog\/#logo"}},{"@type":"WebSite","@id":"https:\/\/annaetmatteo.com\/blog\/#website","url":"https:\/\/annaetmatteo.com\/blog\/","name":"Blog du Monde d&#039;Anna et Matteo","description":"","publisher":{"@id":"https:\/\/annaetmatteo.com\/blog\/#organization"},"potentialAction":[{"@type":"SearchAction","target":{"@type":"EntryPoint","urlTemplate":"https:\/\/annaetmatteo.com\/blog\/?s={search_term_string}"},"query-input":"required name=search_term_string"}],"inLanguage":"fr-FR"},{"@type":"ImageObject","@id":"https:\/\/annaetmatteo.com\/blog\/lunivers-des-dinosaures-en-tournee\/#primaryimage","inLanguage":"fr-FR","url":"https:\/\/annaetmatteo.com\/blog\/wp-content\/uploads\/2020\/01\/univers-des-dinosaures-2.jpg","contentUrl":"https:\/\/annaetmatteo.com\/blog\/wp-content\/uploads\/2020\/01\/univers-des-dinosaures-2.jpg","width":1000,"height":400,"caption":"l'univers des dinosaures mandelieu-la-napoule"},{"@type":"WebPage","@id":"https:\/\/annaetmatteo.com\/blog\/lunivers-des-dinosaures-en-tournee\/#webpage","url":"https:\/\/annaetmatteo.com\/blog\/lunivers-des-dinosaures-en-tournee\/","name":"L'Univers des Dinosaures en tourn\u00e9e : une expo qui vaut le coup ?","isPartOf":{"@id":"https:\/\/annaetmatteo.com\/blog\/#website"},"primaryImageOfPage":{"@id":"https:\/\/annaetmatteo.com\/blog\/lunivers-des-dinosaures-en-tournee\/#primaryimage"},"datePublished":"2020-01-30T19:18:46+00:00","dateModified":"2020-01-31T07:54:53+00:00","description":"Nous sommes rendus en famille \u00e0 la d\u00e9couverte de l'expo L'Uniers des Dinosaures, de passage \u00e0 Mandelieu-la-Napoule. Retrouv\u00e9 notre avis et la tourn\u00e9e 2020 !","breadcrumb":{"@id":"https:\/\/annaetmatteo.com\/blog\/lunivers-des-dinosaures-en-tournee\/#breadcrumb"},"inLanguage":"fr-FR","potentialAction":[{"@type":"ReadAction","target":["https:\/\/annaetmatteo.com\/blog\/lunivers-des-dinosaures-en-tournee\/"]}]},{"@type":"BreadcrumbList","@id":"https:\/\/annaetmatteo.com\/blog\/lunivers-des-dinosaures-en-tournee\/#breadcrumb","itemListElement":[{"@type":"ListItem","position":1,"name":"Accueil","item":"https:\/\/annaetmatteo.com\/blog\/"},{"@type":"ListItem","position":2,"name":"L&rsquo;Univers des Dinosaures en tourn\u00e9e"}]},{"@type":"Article","@id":"https:\/\/annaetmatteo.com\/blog\/lunivers-des-dinosaures-en-tournee\/#article","isPartOf":{"@id":"https:\/\/annaetmatteo.com\/blog\/lunivers-des-dinosaures-en-tournee\/#webpage"},"author":{"@id":"https:\/\/annaetmatteo.com\/blog\/#\/schema\/person\/324a22a04fc2477c15496ba8213c7eab"},"headline":"L&rsquo;Univers des Dinosaures en tourn\u00e9e","datePublished":"2020-01-30T19:18:46+00:00","dateModified":"2020-01-31T07:54:53+00:00","mainEntityOfPage":{"@id":"https:\/\/annaetmatteo.com\/blog\/lunivers-des-dinosaures-en-tournee\/#webpage"},"wordCount":363,"commentCount":0,"publisher":{"@id":"https:\/\/annaetmatteo.com\/blog\/#organization"},"image":{"@id":"https:\/\/annaetmatteo.com\/blog\/lunivers-des-dinosaures-en-tournee\/#primaryimage"},"thumbnailUrl":"https:\/\/annaetmatteo.com\/blog\/wp-content\/uploads\/2020\/01\/univers-des-dinosaures-2.jpg","inLanguage":"fr-FR","potentialAction":[{"@type":"CommentAction","name":"Comment","target":["https:\/\/annaetmatteo.com\/blog\/lunivers-des-dinosaures-en-tournee\/#respond"]}]},{"@type":"Person","@id":"https:\/\/annaetmatteo.com\/blog\/#\/schema\/person\/324a22a04fc2477c15496ba8213c7eab","name":"M\u00e9lanie &amp; Arnaud | Le Monde d'Anna et Matteo","image":{"@type":"ImageObject","@id":"https:\/\/annaetmatteo.com\/blog\/#personlogo","inLanguage":"fr-FR","url":"https:\/\/secure.gravatar.com\/avatar\/3c48cff264353bcb37bf9b52c1b769e7?s=96&d=mm&r=g","contentUrl":"https:\/\/secure.gravatar.com\/avatar\/3c48cff264353bcb37bf9b52c1b769e7?s=96&d=mm&r=g","caption":"M\u00e9lanie &amp; Arnaud | Le Monde d'Anna et Matteo"},"sameAs":["https:\/\/annaetmatteo.com","https:\/\/www.facebook.com\/AnnaEtMatteo\/","https:\/\/twitter.com\/AnnaEtMatteo"]}]}},"_links":{"self":[{"href":"https:\/\/annaetmatteo.com\/blog\/wp-json\/wp\/v2\/posts\/795"}],"collection":[{"href":"https:\/\/annaetmatteo.com\/blog\/wp-json\/wp\/v2\/posts"}],"about":[{"href":"https:\/\/annaetmatteo.com\/blog\/wp-json\/wp\/v2\/types\/post"}],"author":[{"embeddable":true,"href":"https:\/\/annaetmatteo.com\/blog\/wp-json\/wp\/v2\/users\/1"}],"replies":[{"embeddable":true,"href":"https:\/\/annaetmatteo.com\/blog\/wp-json\/wp\/v2\/comments?post=795"}],"version-history":[{"count":3,"href":"https:\/\/annaetmatteo.com\/blog\/wp-json\/wp\/v2\/posts\/795\/revisions"}],"predecessor-version":[{"id":801,"href":"https:\/\/annaetmatteo.com\/blog\/wp-json\/wp\/v2\/posts\/795\/revisions\/801"}],"wp:featuredmedia":[{"embeddable":true,"href":"https:\/\/annaetmatteo.com\/blog\/wp-json\/wp\/v2\/media\/797"}],"wp:attachment":[{"href":"https:\/\/annaetmatteo.com\/blog\/wp-json\/wp\/v2\/media?parent=795"}],"wp:term":[{"taxonomy":"category","embeddable":true,"href":"https:\/\/annaetmatteo.com\/blog\/wp-json\/wp\/v2\/categories?post=795"},{"taxonomy":"post_tag","embeddable":true,"href":"https:\/\/annaetmatteo.com\/blog\/wp-json\/wp\/v2\/tags?post=795"}],"curies":[{"name":"wp","href":"https:\/\/api.w.org\/{rel}","templated":true}]}}