{"id":786,"date":"2019-11-28T22:13:08","date_gmt":"2019-11-28T21:13:08","guid":{"rendered":"https:\/\/annaetmatteo.com\/blog\/?p=786"},"modified":"2021-05-12T17:11:46","modified_gmt":"2021-05-12T15:11:46","slug":"quelle-forme-de-tetine-choisir-pour-bebe","status":"publish","type":"post","link":"https:\/\/annaetmatteo.com\/blog\/quelle-forme-de-tetine-choisir-pour-bebe\/","title":{"rendered":"Quelle forme de t\u00e9tine choisir pour b\u00e9b\u00e9 ?"},"content":{"rendered":"<h2>Cerise, anatomique, physiologique : il y a de quoi s&rsquo;y perdre ! Alors quelle forme de t\u00e9tine choisir ? Il n&rsquo;y a pas de r\u00e8gle absolue, mais nous vous pr\u00e9sentons quelques conseils afin de savoir, en tant que parents inform\u00e9s, comment faire votre choix.<\/h2>\n<p><!--more--><\/p>\n<p>Jusqu&rsquo;\u00e0 ses 2 ans, l&rsquo;enfant a un besoin de sucions tr\u00e8s important. Chez certains, ce besoin est m\u00eame tellement fort que seul le fait de pouvoir porter un objet \u00e0 la bouche lui permet de se calmer. Alors, sans rejouer le <span style=\"color: #0000ff;\"><a style=\"color: #0000ff;\" href=\"https:\/\/annaetmatteo.com\/blog\/pouce-ou-tetine-que-choisir-pour-bebe\/\" target=\"_blank\" rel=\"noopener noreferrer\">d\u00e9bat pouce ou t\u00e9tine<\/a><\/span>, certains b\u00e9b\u00e9s ne trouvent de l&rsquo;apaisement que dans leur t\u00e9tine.<\/p>\n<p>Mais pour les parents, na\u00eet la terrible question : quelle forme de t\u00e9tine choisir ?<\/p>\n<h3>La taille de la t\u00e9tine<\/h3>\n<p>Ind\u00e9pendamment de la forme, il faut avant tout choisir une taille de t\u00e9tine qui corresponde \u00e0 b\u00e9b\u00e9.\u00a0 Il existe g\u00e9n\u00e9ralement 3 tailles de t\u00e9tine, correspondant chacune \u00e0 une tranche d&rsquo;\u00e2ge :<\/p>\n<ul>\n<li>Les sucettes nouveaux-n\u00e9s : de 0 \u00e0 6 mois<\/li>\n<li>Les t\u00e9tine 1er \u00e2ge : de 6 \u00e0 18 mois<\/li>\n<li>Les t\u00e9tine 2e \u00e2ge : 18-36 mois<\/li>\n<\/ul>\n<p>Attention, il existe des variantes avec des sucettes 0-3 mois ou encore 3-6 mois. Dans tous les cas, optez pour celle correspondant \u00e0 l&rsquo;\u00e2ge de votre enfant. On n&rsquo;ach\u00e8te pas une t\u00e9tine plus grande en pensant qu&rsquo;elle va durer. Car la taille de la sucette est con\u00e7ue pour s&rsquo;adapter \u00e0 la taille de la bouche de b\u00e9b\u00e9.<img loading=\"lazy\" class=\"aligncenter size-large\" src=\"https:\/\/annaetmatteo.com\/4422-large_default\/tetine-princesse.jpg\" alt=\"Les diff\u00e9rentes formes de t\u00e9tine pour b\u00e9b\u00e9\" width=\"800\" height=\"800\" \/><\/p>\n<h3>La forme de la t\u00e9tine<\/h3>\n<p>Le Monde d&rsquo;Anna et Matteo, comme d&rsquo;autres marques, propose en particulier 3 formes de t\u00e9tine.<\/p>\n<p>La <strong>forme cerise<\/strong> est sym\u00e9trique et ronde. Cela en fait des sucettes assez grosses qui plaisent \u00e0 certains b\u00e9b\u00e9s ressentant le besoin de bien avoir en bouche leur t\u00e9tine.<\/p>\n<p>La <strong>forme anatomique<\/strong>, \u00e9galement sym\u00e9trique, est moins grosse et plus allong\u00e9e. Elle rappelle la forme du sein. C&rsquo;est donc une forme \u00e0 privil\u00e9gier si vous allaitez afin de ne pas perturber b\u00e9b\u00e9 quand il l&rsquo;a en bouche.<\/p>\n<p>La <strong>forme physiologique<\/strong>, elle, est asym\u00e9trique et est con\u00e7ue pour s&rsquo;adapter au palais de b\u00e9b\u00e9 de mani\u00e8re naturelle. Elle a donc un sens de mise en bouche particulier, ce qui peut ne pas \u00eatre adapt\u00e9 \u00e0 tous les b\u00e9b\u00e9s. Elle convient \u00e9galement aux mamans allaitantes.<\/p>\n<h3>Alors, quelle t\u00e9tine choisir ?<\/h3>\n<p>Dans tous les cas, vous allez vite vous rendre compte que c&rsquo;est b\u00e9b\u00e9 qui d\u00e9cide. Chaque enfant peut manifester une pr\u00e9f\u00e9rence pour une forme&#8230; ou \u00eatre indiff\u00e9rent. Le mieux reste encore de tester !<\/p>\n<p>Et vous, pour quelle forme de sucette vos loulous ont-ils opt\u00e9 ?<\/p>\n<p><a href=\"https:\/\/nutriandco.com\/fr\/produits\/vitamine-d?eaf-publisher=affilae&#038;eaf-name=annaetmatteo&#038;eaf-creative=generique&#038;eaf-creativetype=1x1&#038;eseg-name=affilae&#038;eseg-item=280#ae280-143\"><img src=\"https:\/\/lb.affilae.com\/imp\/5e26bce5249f1233dff950b7\/608a6dd1afabde5ea754ec0a\/6050cfc51e42ab4eec655517\/https:\/\/s3-eu-west-1.amazonaws.com\/aeup\/uploads\/programs\/5e26bce5249f1233dff950b7\/elements\/6050cfc51e42ab4eec655515.jpg\" \/><\/a><\/p>\n<h4>Les t\u00e9tines personnalis\u00e9es du Monde d&rsquo;Anna et Matteo<\/h4>\n<p>Retrouvez <span style=\"color: #0000ff;\"><a style=\"color: #0000ff;\" href=\"https:\/\/annaetmatteo.com\/77-tetine-personnalisee\" target=\"_blank\" rel=\"noopener noreferrer\">nos t\u00e9tines personnalis\u00e9es sur le site du Monde d&rsquo;Anna et Matteo<\/a><\/span> et dans <span style=\"color: #0000ff;\"><a style=\"color: #0000ff;\" href=\"https:\/\/www.etsy.com\/fr\/shop\/AnnaEtMatteo?ref=simple-shop-header-name&amp;listing_id=563397398&amp;ga_search_query=anna+et+matteo&amp;section_id=23870171\" target=\"_blank\" rel=\"noopener noreferrer\">notre boutique Etsy<\/a><\/span><\/p>\n<p>Et pour ne pas les perdre, craquez sur <span style=\"color: #0000ff;\"><a style=\"color: #0000ff;\" href=\"https:\/\/annaetmatteo.com\/29-attache-tetines\" target=\"_blank\" rel=\"noopener noreferrer\">nos attaches-t\u00e9tines faits mains et personnalisables !<\/a><\/span><\/p>\n","protected":false},"excerpt":{"rendered":"<p>Cerise, anatomique, physiologique : il y a de quoi s&rsquo;y perdre ! Alors quelle forme de t\u00e9tine choisir ? Il n&rsquo;y a pas de r\u00e8gle absolue, mais nous vous pr\u00e9sentons quelques conseils afin de savoir, en tant que parents inform\u00e9s, comment faire votre choix.<\/p>\n","protected":false},"author":1,"featured_media":789,"comment_status":"open","ping_status":"open","sticky":false,"template":"","format":"standard","meta":[],"categories":[1],"tags":[],"yoast_head":"<!-- This site is optimized with the Yoast SEO plugin v18.0 - https:\/\/yoast.com\/wordpress\/plugins\/seo\/ -->\n<title>Quelle forme de t\u00e9tine choisir pour b\u00e9b\u00e9 ? Physiologie, anatomique, cerise<\/title>\n<meta name=\"description\" content=\"Il existe plusieurs formes de t\u00e9tine pour b\u00e9b\u00e9. Mais laquelle choisir ? Nous vous pr\u00e9sentons un tour d&#039;horizon des termes employ\u00e9s pour chaque forme.\" \/>\n<meta name=\"robots\" content=\"index, follow, max-snippet:-1, max-image-preview:large, max-video-preview:-1\" \/>\n<link rel=\"canonical\" href=\"https:\/\/annaetmatteo.com\/blog\/quelle-forme-de-tetine-choisir-pour-bebe\/\" \/>\n<meta property=\"og:locale\" content=\"fr_FR\" \/>\n<meta property=\"og:type\" content=\"article\" \/>\n<meta property=\"og:title\" content=\"Quelle forme de t\u00e9tine choisir pour b\u00e9b\u00e9 ? Physiologie, anatomique, cerise\" \/>\n<meta property=\"og:description\" content=\"Il existe plusieurs formes de t\u00e9tine pour b\u00e9b\u00e9. Mais laquelle choisir ? Nous vous pr\u00e9sentons un tour d&#039;horizon des termes employ\u00e9s pour chaque forme.\" \/>\n<meta property=\"og:url\" content=\"https:\/\/annaetmatteo.com\/blog\/quelle-forme-de-tetine-choisir-pour-bebe\/\" \/>\n<meta property=\"og:site_name\" content=\"Blog du Monde d&#039;Anna et Matteo\" \/>\n<meta property=\"article:publisher\" content=\"https:\/\/www.facebook.com\/AnnaEtMatteo\/\" \/>\n<meta property=\"article:author\" content=\"https:\/\/www.facebook.com\/AnnaEtMatteo\/\" \/>\n<meta property=\"article:published_time\" content=\"2019-11-28T21:13:08+00:00\" \/>\n<meta property=\"article:modified_time\" content=\"2021-05-12T15:11:46+00:00\" \/>\n<meta property=\"og:image\" content=\"https:\/\/annaetmatteo.com\/blog\/wp-content\/uploads\/2019\/11\/tetines-noel.jpg\" \/>\n\t<meta property=\"og:image:width\" content=\"799\" \/>\n\t<meta property=\"og:image:height\" content=\"412\" \/>\n\t<meta property=\"og:image:type\" content=\"image\/jpeg\" \/>\n<meta name=\"twitter:card\" content=\"summary_large_image\" \/>\n<meta name=\"twitter:creator\" content=\"@AnnaEtMatteo\" \/>\n<meta name=\"twitter:site\" content=\"@AnnaEtMatteo\" \/>\n<meta name=\"twitter:label1\" content=\"\u00c9crit par\" \/>\n\t<meta name=\"twitter:data1\" content=\"M\u00e9lanie &amp; Arnaud | Le Monde d'Anna et Matteo\" \/>\n\t<meta name=\"twitter:label2\" content=\"Dur\u00e9e de lecture estim\u00e9e\" \/>\n\t<meta name=\"twitter:data2\" content=\"2 minutes\" \/>\n<script type=\"application\/ld+json\" class=\"yoast-schema-graph\">{\"@context\":\"https:\/\/schema.org\",\"@graph\":[{\"@type\":\"Organization\",\"@id\":\"https:\/\/annaetmatteo.com\/blog\/#organization\",\"name\":\"Le Monde d'Anna et Matteo\",\"url\":\"https:\/\/annaetmatteo.com\/blog\/\",\"sameAs\":[\"https:\/\/www.facebook.com\/AnnaEtMatteo\/\",\"https:\/\/www.instagram.com\/annaetmatteo\/\",\"https:\/\/www.youtube.com\/channel\/UCSce5n3L_8dmB8yTwbXnCwA\/f\",\"https:\/\/www.pinterest.fr\/AnnaEtMatteo\/\",\"https:\/\/twitter.com\/AnnaEtMatteo\"],\"logo\":{\"@type\":\"ImageObject\",\"@id\":\"https:\/\/annaetmatteo.com\/blog\/#logo\",\"inLanguage\":\"fr-FR\",\"url\":\"https:\/\/annaetmatteo.com\/blog\/wp-content\/uploads\/2018\/04\/rbU69AmF_400x400-1.jpg\",\"contentUrl\":\"https:\/\/annaetmatteo.com\/blog\/wp-content\/uploads\/2018\/04\/rbU69AmF_400x400-1.jpg\",\"width\":240,\"height\":240,\"caption\":\"Le Monde d'Anna et Matteo\"},\"image\":{\"@id\":\"https:\/\/annaetmatteo.com\/blog\/#logo\"}},{\"@type\":\"WebSite\",\"@id\":\"https:\/\/annaetmatteo.com\/blog\/#website\",\"url\":\"https:\/\/annaetmatteo.com\/blog\/\",\"name\":\"Blog du Monde d&#039;Anna et Matteo\",\"description\":\"\",\"publisher\":{\"@id\":\"https:\/\/annaetmatteo.com\/blog\/#organization\"},\"potentialAction\":[{\"@type\":\"SearchAction\",\"target\":{\"@type\":\"EntryPoint\",\"urlTemplate\":\"https:\/\/annaetmatteo.com\/blog\/?s={search_term_string}\"},\"query-input\":\"required name=search_term_string\"}],\"inLanguage\":\"fr-FR\"},{\"@type\":\"ImageObject\",\"@id\":\"https:\/\/annaetmatteo.com\/blog\/quelle-forme-de-tetine-choisir-pour-bebe\/#primaryimage\",\"inLanguage\":\"fr-FR\",\"url\":\"https:\/\/annaetmatteo.com\/blog\/wp-content\/uploads\/2019\/11\/tetines-noel.jpg\",\"contentUrl\":\"https:\/\/annaetmatteo.com\/blog\/wp-content\/uploads\/2019\/11\/tetines-noel.jpg\",\"width\":799,\"height\":412,\"caption\":\"quelle forme de t\u00e9tine choisir\"},{\"@type\":\"WebPage\",\"@id\":\"https:\/\/annaetmatteo.com\/blog\/quelle-forme-de-tetine-choisir-pour-bebe\/#webpage\",\"url\":\"https:\/\/annaetmatteo.com\/blog\/quelle-forme-de-tetine-choisir-pour-bebe\/\",\"name\":\"Quelle forme de t\u00e9tine choisir pour b\u00e9b\u00e9 ? Physiologie, anatomique, cerise\",\"isPartOf\":{\"@id\":\"https:\/\/annaetmatteo.com\/blog\/#website\"},\"primaryImageOfPage\":{\"@id\":\"https:\/\/annaetmatteo.com\/blog\/quelle-forme-de-tetine-choisir-pour-bebe\/#primaryimage\"},\"datePublished\":\"2019-11-28T21:13:08+00:00\",\"dateModified\":\"2021-05-12T15:11:46+00:00\",\"description\":\"Il existe plusieurs formes de t\u00e9tine pour b\u00e9b\u00e9. Mais laquelle choisir ? Nous vous pr\u00e9sentons un tour d'horizon des termes employ\u00e9s pour chaque forme.\",\"breadcrumb\":{\"@id\":\"https:\/\/annaetmatteo.com\/blog\/quelle-forme-de-tetine-choisir-pour-bebe\/#breadcrumb\"},\"inLanguage\":\"fr-FR\",\"potentialAction\":[{\"@type\":\"ReadAction\",\"target\":[\"https:\/\/annaetmatteo.com\/blog\/quelle-forme-de-tetine-choisir-pour-bebe\/\"]}]},{\"@type\":\"BreadcrumbList\",\"@id\":\"https:\/\/annaetmatteo.com\/blog\/quelle-forme-de-tetine-choisir-pour-bebe\/#breadcrumb\",\"itemListElement\":[{\"@type\":\"ListItem\",\"position\":1,\"name\":\"Accueil\",\"item\":\"https:\/\/annaetmatteo.com\/blog\/\"},{\"@type\":\"ListItem\",\"position\":2,\"name\":\"Quelle forme de t\u00e9tine choisir pour b\u00e9b\u00e9 ?\"}]},{\"@type\":\"Article\",\"@id\":\"https:\/\/annaetmatteo.com\/blog\/quelle-forme-de-tetine-choisir-pour-bebe\/#article\",\"isPartOf\":{\"@id\":\"https:\/\/annaetmatteo.com\/blog\/quelle-forme-de-tetine-choisir-pour-bebe\/#webpage\"},\"author\":{\"@id\":\"https:\/\/annaetmatteo.com\/blog\/#\/schema\/person\/324a22a04fc2477c15496ba8213c7eab\"},\"headline\":\"Quelle forme de t\u00e9tine choisir pour b\u00e9b\u00e9 ?\",\"datePublished\":\"2019-11-28T21:13:08+00:00\",\"dateModified\":\"2021-05-12T15:11:46+00:00\",\"mainEntityOfPage\":{\"@id\":\"https:\/\/annaetmatteo.com\/blog\/quelle-forme-de-tetine-choisir-pour-bebe\/#webpage\"},\"wordCount\":490,\"commentCount\":0,\"publisher\":{\"@id\":\"https:\/\/annaetmatteo.com\/blog\/#organization\"},\"image\":{\"@id\":\"https:\/\/annaetmatteo.com\/blog\/quelle-forme-de-tetine-choisir-pour-bebe\/#primaryimage\"},\"thumbnailUrl\":\"https:\/\/annaetmatteo.com\/blog\/wp-content\/uploads\/2019\/11\/tetines-noel.jpg\",\"inLanguage\":\"fr-FR\",\"potentialAction\":[{\"@type\":\"CommentAction\",\"name\":\"Comment\",\"target\":[\"https:\/\/annaetmatteo.com\/blog\/quelle-forme-de-tetine-choisir-pour-bebe\/#respond\"]}]},{\"@type\":\"Person\",\"@id\":\"https:\/\/annaetmatteo.com\/blog\/#\/schema\/person\/324a22a04fc2477c15496ba8213c7eab\",\"name\":\"M\u00e9lanie &amp; Arnaud | Le Monde d'Anna et Matteo\",\"image\":{\"@type\":\"ImageObject\",\"@id\":\"https:\/\/annaetmatteo.com\/blog\/#personlogo\",\"inLanguage\":\"fr-FR\",\"url\":\"https:\/\/secure.gravatar.com\/avatar\/3c48cff264353bcb37bf9b52c1b769e7?s=96&d=mm&r=g\",\"contentUrl\":\"https:\/\/secure.gravatar.com\/avatar\/3c48cff264353bcb37bf9b52c1b769e7?s=96&d=mm&r=g\",\"caption\":\"M\u00e9lanie &amp; Arnaud | Le Monde d'Anna et Matteo\"},\"sameAs\":[\"https:\/\/annaetmatteo.com\",\"https:\/\/www.facebook.com\/AnnaEtMatteo\/\",\"https:\/\/twitter.com\/AnnaEtMatteo\"]}]}<\/script>\n<!-- \/ Yoast SEO plugin. -->","yoast_head_json":{"title":"Quelle forme de t\u00e9tine choisir pour b\u00e9b\u00e9 ? Physiologie, anatomique, cerise","description":"Il existe plusieurs formes de t\u00e9tine pour b\u00e9b\u00e9. Mais laquelle choisir ? Nous vous pr\u00e9sentons un tour d'horizon des termes employ\u00e9s pour chaque forme.","robots":{"index":"index","follow":"follow","max-snippet":"max-snippet:-1","max-image-preview":"max-image-preview:large","max-video-preview":"max-video-preview:-1"},"canonical":"https:\/\/annaetmatteo.com\/blog\/quelle-forme-de-tetine-choisir-pour-bebe\/","og_locale":"fr_FR","og_type":"article","og_title":"Quelle forme de t\u00e9tine choisir pour b\u00e9b\u00e9 ? Physiologie, anatomique, cerise","og_description":"Il existe plusieurs formes de t\u00e9tine pour b\u00e9b\u00e9. Mais laquelle choisir ? Nous vous pr\u00e9sentons un tour d'horizon des termes employ\u00e9s pour chaque forme.","og_url":"https:\/\/annaetmatteo.com\/blog\/quelle-forme-de-tetine-choisir-pour-bebe\/","og_site_name":"Blog du Monde d&#039;Anna et Matteo","article_publisher":"https:\/\/www.facebook.com\/AnnaEtMatteo\/","article_author":"https:\/\/www.facebook.com\/AnnaEtMatteo\/","article_published_time":"2019-11-28T21:13:08+00:00","article_modified_time":"2021-05-12T15:11:46+00:00","og_image":[{"width":799,"height":412,"url":"https:\/\/annaetmatteo.com\/blog\/wp-content\/uploads\/2019\/11\/tetines-noel.jpg","type":"image\/jpeg"}],"twitter_card":"summary_large_image","twitter_creator":"@AnnaEtMatteo","twitter_site":"@AnnaEtMatteo","twitter_misc":{"\u00c9crit par":"M\u00e9lanie &amp; Arnaud | Le Monde d'Anna et Matteo","Dur\u00e9e de lecture estim\u00e9e":"2 minutes"},"schema":{"@context":"https:\/\/schema.org","@graph":[{"@type":"Organization","@id":"https:\/\/annaetmatteo.com\/blog\/#organization","name":"Le Monde d'Anna et Matteo","url":"https:\/\/annaetmatteo.com\/blog\/","sameAs":["https:\/\/www.facebook.com\/AnnaEtMatteo\/","https:\/\/www.instagram.com\/annaetmatteo\/","https:\/\/www.youtube.com\/channel\/UCSce5n3L_8dmB8yTwbXnCwA\/f","https:\/\/www.pinterest.fr\/AnnaEtMatteo\/","https:\/\/twitter.com\/AnnaEtMatteo"],"logo":{"@type":"ImageObject","@id":"https:\/\/annaetmatteo.com\/blog\/#logo","inLanguage":"fr-FR","url":"https:\/\/annaetmatteo.com\/blog\/wp-content\/uploads\/2018\/04\/rbU69AmF_400x400-1.jpg","contentUrl":"https:\/\/annaetmatteo.com\/blog\/wp-content\/uploads\/2018\/04\/rbU69AmF_400x400-1.jpg","width":240,"height":240,"caption":"Le Monde d'Anna et Matteo"},"image":{"@id":"https:\/\/annaetmatteo.com\/blog\/#logo"}},{"@type":"WebSite","@id":"https:\/\/annaetmatteo.com\/blog\/#website","url":"https:\/\/annaetmatteo.com\/blog\/","name":"Blog du Monde d&#039;Anna et Matteo","description":"","publisher":{"@id":"https:\/\/annaetmatteo.com\/blog\/#organization"},"potentialAction":[{"@type":"SearchAction","target":{"@type":"EntryPoint","urlTemplate":"https:\/\/annaetmatteo.com\/blog\/?s={search_term_string}"},"query-input":"required name=search_term_string"}],"inLanguage":"fr-FR"},{"@type":"ImageObject","@id":"https:\/\/annaetmatteo.com\/blog\/quelle-forme-de-tetine-choisir-pour-bebe\/#primaryimage","inLanguage":"fr-FR","url":"https:\/\/annaetmatteo.com\/blog\/wp-content\/uploads\/2019\/11\/tetines-noel.jpg","contentUrl":"https:\/\/annaetmatteo.com\/blog\/wp-content\/uploads\/2019\/11\/tetines-noel.jpg","width":799,"height":412,"caption":"quelle forme de t\u00e9tine choisir"},{"@type":"WebPage","@id":"https:\/\/annaetmatteo.com\/blog\/quelle-forme-de-tetine-choisir-pour-bebe\/#webpage","url":"https:\/\/annaetmatteo.com\/blog\/quelle-forme-de-tetine-choisir-pour-bebe\/","name":"Quelle forme de t\u00e9tine choisir pour b\u00e9b\u00e9 ? Physiologie, anatomique, cerise","isPartOf":{"@id":"https:\/\/annaetmatteo.com\/blog\/#website"},"primaryImageOfPage":{"@id":"https:\/\/annaetmatteo.com\/blog\/quelle-forme-de-tetine-choisir-pour-bebe\/#primaryimage"},"datePublished":"2019-11-28T21:13:08+00:00","dateModified":"2021-05-12T15:11:46+00:00","description":"Il existe plusieurs formes de t\u00e9tine pour b\u00e9b\u00e9. Mais laquelle choisir ? Nous vous pr\u00e9sentons un tour d'horizon des termes employ\u00e9s pour chaque forme.","breadcrumb":{"@id":"https:\/\/annaetmatteo.com\/blog\/quelle-forme-de-tetine-choisir-pour-bebe\/#breadcrumb"},"inLanguage":"fr-FR","potentialAction":[{"@type":"ReadAction","target":["https:\/\/annaetmatteo.com\/blog\/quelle-forme-de-tetine-choisir-pour-bebe\/"]}]},{"@type":"BreadcrumbList","@id":"https:\/\/annaetmatteo.com\/blog\/quelle-forme-de-tetine-choisir-pour-bebe\/#breadcrumb","itemListElement":[{"@type":"ListItem","position":1,"name":"Accueil","item":"https:\/\/annaetmatteo.com\/blog\/"},{"@type":"ListItem","position":2,"name":"Quelle forme de t\u00e9tine choisir pour b\u00e9b\u00e9 ?"}]},{"@type":"Article","@id":"https:\/\/annaetmatteo.com\/blog\/quelle-forme-de-tetine-choisir-pour-bebe\/#article","isPartOf":{"@id":"https:\/\/annaetmatteo.com\/blog\/quelle-forme-de-tetine-choisir-pour-bebe\/#webpage"},"author":{"@id":"https:\/\/annaetmatteo.com\/blog\/#\/schema\/person\/324a22a04fc2477c15496ba8213c7eab"},"headline":"Quelle forme de t\u00e9tine choisir pour b\u00e9b\u00e9 ?","datePublished":"2019-11-28T21:13:08+00:00","dateModified":"2021-05-12T15:11:46+00:00","mainEntityOfPage":{"@id":"https:\/\/annaetmatteo.com\/blog\/quelle-forme-de-tetine-choisir-pour-bebe\/#webpage"},"wordCount":490,"commentCount":0,"publisher":{"@id":"https:\/\/annaetmatteo.com\/blog\/#organization"},"image":{"@id":"https:\/\/annaetmatteo.com\/blog\/quelle-forme-de-tetine-choisir-pour-bebe\/#primaryimage"},"thumbnailUrl":"https:\/\/annaetmatteo.com\/blog\/wp-content\/uploads\/2019\/11\/tetines-noel.jpg","inLanguage":"fr-FR","potentialAction":[{"@type":"CommentAction","name":"Comment","target":["https:\/\/annaetmatteo.com\/blog\/quelle-forme-de-tetine-choisir-pour-bebe\/#respond"]}]},{"@type":"Person","@id":"https:\/\/annaetmatteo.com\/blog\/#\/schema\/person\/324a22a04fc2477c15496ba8213c7eab","name":"M\u00e9lanie &amp; Arnaud | Le Monde d'Anna et Matteo","image":{"@type":"ImageObject","@id":"https:\/\/annaetmatteo.com\/blog\/#personlogo","inLanguage":"fr-FR","url":"https:\/\/secure.gravatar.com\/avatar\/3c48cff264353bcb37bf9b52c1b769e7?s=96&d=mm&r=g","contentUrl":"https:\/\/secure.gravatar.com\/avatar\/3c48cff264353bcb37bf9b52c1b769e7?s=96&d=mm&r=g","caption":"M\u00e9lanie &amp; Arnaud | Le Monde d'Anna et Matteo"},"sameAs":["https:\/\/annaetmatteo.com","https:\/\/www.facebook.com\/AnnaEtMatteo\/","https:\/\/twitter.com\/AnnaEtMatteo"]}]}},"_links":{"self":[{"href":"https:\/\/annaetmatteo.com\/blog\/wp-json\/wp\/v2\/posts\/786"}],"collection":[{"href":"https:\/\/annaetmatteo.com\/blog\/wp-json\/wp\/v2\/posts"}],"about":[{"href":"https:\/\/annaetmatteo.com\/blog\/wp-json\/wp\/v2\/types\/post"}],"author":[{"embeddable":true,"href":"https:\/\/annaetmatteo.com\/blog\/wp-json\/wp\/v2\/users\/1"}],"replies":[{"embeddable":true,"href":"https:\/\/annaetmatteo.com\/blog\/wp-json\/wp\/v2\/comments?post=786"}],"version-history":[{"count":5,"href":"https:\/\/annaetmatteo.com\/blog\/wp-json\/wp\/v2\/posts\/786\/revisions"}],"predecessor-version":[{"id":921,"href":"https:\/\/annaetmatteo.com\/blog\/wp-json\/wp\/v2\/posts\/786\/revisions\/921"}],"wp:featuredmedia":[{"embeddable":true,"href":"https:\/\/annaetmatteo.com\/blog\/wp-json\/wp\/v2\/media\/789"}],"wp:attachment":[{"href":"https:\/\/annaetmatteo.com\/blog\/wp-json\/wp\/v2\/media?parent=786"}],"wp:term":[{"taxonomy":"category","embeddable":true,"href":"https:\/\/annaetmatteo.com\/blog\/wp-json\/wp\/v2\/categories?post=786"},{"taxonomy":"post_tag","embeddable":true,"href":"https:\/\/annaetmatteo.com\/blog\/wp-json\/wp\/v2\/tags?post=786"}],"curies":[{"name":"wp","href":"https:\/\/api.w.org\/{rel}","templated":true}]}}