{"id":758,"date":"2019-10-10T21:38:32","date_gmt":"2019-10-10T19:38:32","guid":{"rendered":"https:\/\/annaetmatteo.com\/blog\/?p=758"},"modified":"2019-10-10T21:38:32","modified_gmt":"2019-10-10T19:38:32","slug":"le-saby-baby-2019-cest-fini","status":"publish","type":"post","link":"https:\/\/annaetmatteo.com\/blog\/le-saby-baby-2019-cest-fini\/","title":{"rendered":"Le Saby Baby 2019, c&rsquo;est fini !"},"content":{"rendered":"<h2>Pour la deuxi\u00e8me ann\u00e9e cons\u00e9cutive, <strong>Le Monde d&rsquo;Anna et Matteo<\/strong> a particip\u00e9 au Salon Baby organis\u00e9 de main de ma\u00eetre par Enjoy Family. C&rsquo;est maintenant l&rsquo;heure de dresser le bilan !<\/h2>\n<p><!--more--><\/p>\n<p>Les 4, 5 et 6 octobre 2019 ont \u00e9t\u00e9 marqu\u00e9s par le Salon Baby de la porte de la Villette, \u00e0 Paris. Comme l&rsquo;an dernier, <strong>Le Monde d&rsquo;Anna et Matteo<\/strong> s&rsquo;est rendu sur place. Bien que nous ayons d\u00e9m\u00e9nag\u00e9 \u00e0 Grasse, dans les Alpes-Maritimes, les 900 Km de route n&rsquo;allaient pas nous s\u00e9parer !<\/p>\n<p><img loading=\"lazy\" class=\"aligncenter size-large wp-image-766\" src=\"https:\/\/annaetmatteo.com\/blog\/wp-content\/uploads\/2019\/10\/salon-baby-2019-02-1024x576.jpg\" alt=\"Anna et Matteo Salon Baby\" width=\"525\" height=\"295\" srcset=\"https:\/\/annaetmatteo.com\/blog\/wp-content\/uploads\/2019\/10\/salon-baby-2019-02-1024x576.jpg 1024w, https:\/\/annaetmatteo.com\/blog\/wp-content\/uploads\/2019\/10\/salon-baby-2019-02-300x169.jpg 300w, https:\/\/annaetmatteo.com\/blog\/wp-content\/uploads\/2019\/10\/salon-baby-2019-02-768x432.jpg 768w, https:\/\/annaetmatteo.com\/blog\/wp-content\/uploads\/2019\/10\/salon-baby-2019-02.jpg 1600w\" sizes=\"(max-width: 525px) 100vw, 525px\" \/><\/p>\n<p>Deux ann\u00e9es seulement et d\u00e9j\u00e0 la reconnaissance, car vous avez \u00e9t\u00e9 bien plus nombreux pour cette \u00e9dition \u00e0 nous rendre visite. Notre priorit\u00e9 : faire du stand un lieu convivial et cocooning o\u00f9 chacun peut rentrer et discuter. Car vendre des cr\u00e9ations ne fait pas tout. Notre diff\u00e9rence, c&rsquo;est vous !<\/p>\n<p>A chaque ann\u00e9e ses modes et ses cr\u00e9ations \u00e0 succ\u00e8s. En 2019, vous avez massivement opt\u00e9 pour les <span style=\"color: #0000ff;\"><a style=\"color: #0000ff;\" href=\"https:\/\/annaetmatteo.com\/29-attache-tetines\" target=\"_blank\" rel=\"noopener noreferrer\">attaches-t\u00e9tines personnalisables.<\/a> <\/span>Et ce bien que la concurrence \u00e9tait particuli\u00e8rement pr\u00e9sente !<\/p>\n<p><img loading=\"lazy\" class=\"aligncenter size-full wp-image-763\" src=\"https:\/\/annaetmatteo.com\/blog\/wp-content\/uploads\/2019\/10\/Le-Monde-danna-et-Matteo-2.jpg\" alt=\"Stand Anna et Matteo Salon Baby Enjoy Family\" width=\"800\" height=\"535\" srcset=\"https:\/\/annaetmatteo.com\/blog\/wp-content\/uploads\/2019\/10\/Le-Monde-danna-et-Matteo-2.jpg 800w, https:\/\/annaetmatteo.com\/blog\/wp-content\/uploads\/2019\/10\/Le-Monde-danna-et-Matteo-2-300x201.jpg 300w, https:\/\/annaetmatteo.com\/blog\/wp-content\/uploads\/2019\/10\/Le-Monde-danna-et-Matteo-2-768x514.jpg 768w\" sizes=\"(max-width: 767px) 89vw, (max-width: 1000px) 54vw, (max-width: 1071px) 543px, 580px\" \/><\/p>\n<p>L&rsquo;an dernier, ce furent les <span style=\"color: #0000ff;\"><a style=\"color: #0000ff;\" href=\"https:\/\/annaetmatteo.com\/78-colliers-de-portage\" target=\"_blank\" rel=\"noopener noreferrer\">colliers de portage et d&rsquo;allaitement<\/a><\/span>, en particulier, qui avaient suscit\u00e9 un attrait au-del\u00e0 de nos attentes.<\/p>\n<p>Ce fut particuli\u00e8rement agr\u00e9able de discuter avec chacun de vous et nous vous remercions pour votre fid\u00e9lit\u00e9. Les moments pass\u00e9s avec vous nous incitent \u00e0 renouveler l&rsquo;exp\u00e9rience l&rsquo;an prochain. Quand bien m\u00eame il s&rsquo;agit d&rsquo;un sacr\u00e9 d\u00e9fi logistique pour une petite structure de traverser la France avec fournitures, <span style=\"color: #0000ff;\"><a style=\"color: #0000ff;\" href=\"https:\/\/annaetmatteo.com\/25-gigoteuses\" target=\"_blank\" rel=\"noopener noreferrer\">gigoteuses<\/a><\/span>, <span style=\"color: #0000ff;\"><a style=\"color: #0000ff;\" href=\"https:\/\/annaetmatteo.com\/4-bavoirs\" target=\"_blank\" rel=\"noopener noreferrer\">bavoirs<\/a><\/span> et autres cr\u00e9ations !<\/p>\n<p>Il est maintenant temps de s&rsquo;atteler \u00e0 chacune de vos commandes. Sans compter celles qui ont continu\u00e9 d&rsquo;affluer sur le site et <span style=\"color: #0000ff;\"><a style=\"color: #0000ff;\" href=\"https:\/\/www.etsy.com\/fr\/shop\/AnnaEtMatteo\" target=\"_blank\" rel=\"noopener noreferrer\">la boutique Etsy<\/a><\/span> en notre absence !<\/p>\n<p><img loading=\"lazy\" class=\"aligncenter size-full wp-image-764\" src=\"https:\/\/annaetmatteo.com\/blog\/wp-content\/uploads\/2019\/10\/Le-Monde-danna-et-Matteo.jpg\" alt=\"Anna et Matteo Salon Baby Enjoy Family\" width=\"800\" height=\"535\" srcset=\"https:\/\/annaetmatteo.com\/blog\/wp-content\/uploads\/2019\/10\/Le-Monde-danna-et-Matteo.jpg 800w, https:\/\/annaetmatteo.com\/blog\/wp-content\/uploads\/2019\/10\/Le-Monde-danna-et-Matteo-300x201.jpg 300w, https:\/\/annaetmatteo.com\/blog\/wp-content\/uploads\/2019\/10\/Le-Monde-danna-et-Matteo-768x514.jpg 768w\" sizes=\"(max-width: 767px) 89vw, (max-width: 1000px) 54vw, (max-width: 1071px) 543px, 580px\" \/><\/p>\n<p><span style=\"color: #000000;\">A tr\u00e8s bient\u00f4t, et surveillez vos bo\u00eetes aux lettres ! Pour la moindre informations, nous restons \u00e9videmment joignables par t\u00e9l\u00e9phone, e-mail et sur nos r\u00e9seaux sociaux. Merci \u00e0 tous de votre bienveillance et de votre gentillesse ! C&rsquo;est toujours un plaisir de pouvoir \u00e9changer avec vous chers parents.<\/span><\/p>\n","protected":false},"excerpt":{"rendered":"<p>Pour la deuxi\u00e8me ann\u00e9e cons\u00e9cutive, Le Monde d&rsquo;Anna et Matteo a particip\u00e9 au Salon Baby organis\u00e9 de main de ma\u00eetre par Enjoy Family. C&rsquo;est maintenant l&rsquo;heure de dresser le bilan !<\/p>\n","protected":false},"author":1,"featured_media":765,"comment_status":"open","ping_status":"open","sticky":false,"template":"","format":"standard","meta":[],"categories":[1],"tags":[],"yoast_head":"<!-- This site is optimized with the Yoast SEO plugin v18.0 - https:\/\/yoast.com\/wordpress\/plugins\/seo\/ -->\n<title>Le Saby Baby 2019, c&#039;est fini ! - Blog du Monde d&#039;Anna et Matteo<\/title>\n<meta name=\"robots\" content=\"index, follow, max-snippet:-1, max-image-preview:large, max-video-preview:-1\" \/>\n<link rel=\"canonical\" href=\"https:\/\/annaetmatteo.com\/blog\/le-saby-baby-2019-cest-fini\/\" \/>\n<meta property=\"og:locale\" content=\"fr_FR\" \/>\n<meta property=\"og:type\" content=\"article\" \/>\n<meta property=\"og:title\" content=\"Le Saby Baby 2019, c&#039;est fini ! - Blog du Monde d&#039;Anna et Matteo\" \/>\n<meta property=\"og:description\" content=\"Pour la deuxi\u00e8me ann\u00e9e cons\u00e9cutive, Le Monde d&rsquo;Anna et Matteo a particip\u00e9 au Salon Baby organis\u00e9 de main de ma\u00eetre par Enjoy Family. C&rsquo;est maintenant l&rsquo;heure de dresser le bilan !\" \/>\n<meta property=\"og:url\" content=\"https:\/\/annaetmatteo.com\/blog\/le-saby-baby-2019-cest-fini\/\" \/>\n<meta property=\"og:site_name\" content=\"Blog du Monde d&#039;Anna et Matteo\" \/>\n<meta property=\"article:publisher\" content=\"https:\/\/www.facebook.com\/AnnaEtMatteo\/\" \/>\n<meta property=\"article:author\" content=\"https:\/\/www.facebook.com\/AnnaEtMatteo\/\" \/>\n<meta property=\"article:published_time\" content=\"2019-10-10T19:38:32+00:00\" \/>\n<meta property=\"og:image\" content=\"https:\/\/annaetmatteo.com\/blog\/wp-content\/uploads\/2019\/10\/salon-baby-2019-01.jpg\" \/>\n\t<meta property=\"og:image:width\" content=\"1600\" \/>\n\t<meta property=\"og:image:height\" content=\"900\" \/>\n\t<meta property=\"og:image:type\" content=\"image\/jpeg\" \/>\n<meta name=\"twitter:card\" content=\"summary_large_image\" \/>\n<meta name=\"twitter:creator\" content=\"@AnnaEtMatteo\" \/>\n<meta name=\"twitter:site\" content=\"@AnnaEtMatteo\" \/>\n<meta name=\"twitter:label1\" content=\"\u00c9crit par\" \/>\n\t<meta name=\"twitter:data1\" content=\"M\u00e9lanie &amp; Arnaud | Le Monde d'Anna et Matteo\" \/>\n\t<meta name=\"twitter:label2\" content=\"Dur\u00e9e de lecture estim\u00e9e\" \/>\n\t<meta name=\"twitter:data2\" content=\"2 minutes\" \/>\n<script type=\"application\/ld+json\" class=\"yoast-schema-graph\">{\"@context\":\"https:\/\/schema.org\",\"@graph\":[{\"@type\":\"Organization\",\"@id\":\"https:\/\/annaetmatteo.com\/blog\/#organization\",\"name\":\"Le Monde d'Anna et Matteo\",\"url\":\"https:\/\/annaetmatteo.com\/blog\/\",\"sameAs\":[\"https:\/\/www.facebook.com\/AnnaEtMatteo\/\",\"https:\/\/www.instagram.com\/annaetmatteo\/\",\"https:\/\/www.youtube.com\/channel\/UCSce5n3L_8dmB8yTwbXnCwA\/f\",\"https:\/\/www.pinterest.fr\/AnnaEtMatteo\/\",\"https:\/\/twitter.com\/AnnaEtMatteo\"],\"logo\":{\"@type\":\"ImageObject\",\"@id\":\"https:\/\/annaetmatteo.com\/blog\/#logo\",\"inLanguage\":\"fr-FR\",\"url\":\"https:\/\/annaetmatteo.com\/blog\/wp-content\/uploads\/2018\/04\/rbU69AmF_400x400-1.jpg\",\"contentUrl\":\"https:\/\/annaetmatteo.com\/blog\/wp-content\/uploads\/2018\/04\/rbU69AmF_400x400-1.jpg\",\"width\":240,\"height\":240,\"caption\":\"Le Monde d'Anna et Matteo\"},\"image\":{\"@id\":\"https:\/\/annaetmatteo.com\/blog\/#logo\"}},{\"@type\":\"WebSite\",\"@id\":\"https:\/\/annaetmatteo.com\/blog\/#website\",\"url\":\"https:\/\/annaetmatteo.com\/blog\/\",\"name\":\"Blog du Monde d&#039;Anna et Matteo\",\"description\":\"\",\"publisher\":{\"@id\":\"https:\/\/annaetmatteo.com\/blog\/#organization\"},\"potentialAction\":[{\"@type\":\"SearchAction\",\"target\":{\"@type\":\"EntryPoint\",\"urlTemplate\":\"https:\/\/annaetmatteo.com\/blog\/?s={search_term_string}\"},\"query-input\":\"required name=search_term_string\"}],\"inLanguage\":\"fr-FR\"},{\"@type\":\"ImageObject\",\"@id\":\"https:\/\/annaetmatteo.com\/blog\/le-saby-baby-2019-cest-fini\/#primaryimage\",\"inLanguage\":\"fr-FR\",\"url\":\"https:\/\/annaetmatteo.com\/blog\/wp-content\/uploads\/2019\/10\/salon-baby-2019-01.jpg\",\"contentUrl\":\"https:\/\/annaetmatteo.com\/blog\/wp-content\/uploads\/2019\/10\/salon-baby-2019-01.jpg\",\"width\":1600,\"height\":900,\"caption\":\"Stand Anna et Matteo Salon Baby\"},{\"@type\":\"WebPage\",\"@id\":\"https:\/\/annaetmatteo.com\/blog\/le-saby-baby-2019-cest-fini\/#webpage\",\"url\":\"https:\/\/annaetmatteo.com\/blog\/le-saby-baby-2019-cest-fini\/\",\"name\":\"Le Saby Baby 2019, c'est fini ! - Blog du Monde d&#039;Anna et Matteo\",\"isPartOf\":{\"@id\":\"https:\/\/annaetmatteo.com\/blog\/#website\"},\"primaryImageOfPage\":{\"@id\":\"https:\/\/annaetmatteo.com\/blog\/le-saby-baby-2019-cest-fini\/#primaryimage\"},\"datePublished\":\"2019-10-10T19:38:32+00:00\",\"dateModified\":\"2019-10-10T19:38:32+00:00\",\"breadcrumb\":{\"@id\":\"https:\/\/annaetmatteo.com\/blog\/le-saby-baby-2019-cest-fini\/#breadcrumb\"},\"inLanguage\":\"fr-FR\",\"potentialAction\":[{\"@type\":\"ReadAction\",\"target\":[\"https:\/\/annaetmatteo.com\/blog\/le-saby-baby-2019-cest-fini\/\"]}]},{\"@type\":\"BreadcrumbList\",\"@id\":\"https:\/\/annaetmatteo.com\/blog\/le-saby-baby-2019-cest-fini\/#breadcrumb\",\"itemListElement\":[{\"@type\":\"ListItem\",\"position\":1,\"name\":\"Accueil\",\"item\":\"https:\/\/annaetmatteo.com\/blog\/\"},{\"@type\":\"ListItem\",\"position\":2,\"name\":\"Le Saby Baby 2019, c&rsquo;est fini !\"}]},{\"@type\":\"Article\",\"@id\":\"https:\/\/annaetmatteo.com\/blog\/le-saby-baby-2019-cest-fini\/#article\",\"isPartOf\":{\"@id\":\"https:\/\/annaetmatteo.com\/blog\/le-saby-baby-2019-cest-fini\/#webpage\"},\"author\":{\"@id\":\"https:\/\/annaetmatteo.com\/blog\/#\/schema\/person\/324a22a04fc2477c15496ba8213c7eab\"},\"headline\":\"Le Saby Baby 2019, c&rsquo;est fini !\",\"datePublished\":\"2019-10-10T19:38:32+00:00\",\"dateModified\":\"2019-10-10T19:38:32+00:00\",\"mainEntityOfPage\":{\"@id\":\"https:\/\/annaetmatteo.com\/blog\/le-saby-baby-2019-cest-fini\/#webpage\"},\"wordCount\":333,\"commentCount\":0,\"publisher\":{\"@id\":\"https:\/\/annaetmatteo.com\/blog\/#organization\"},\"image\":{\"@id\":\"https:\/\/annaetmatteo.com\/blog\/le-saby-baby-2019-cest-fini\/#primaryimage\"},\"thumbnailUrl\":\"https:\/\/annaetmatteo.com\/blog\/wp-content\/uploads\/2019\/10\/salon-baby-2019-01.jpg\",\"inLanguage\":\"fr-FR\",\"potentialAction\":[{\"@type\":\"CommentAction\",\"name\":\"Comment\",\"target\":[\"https:\/\/annaetmatteo.com\/blog\/le-saby-baby-2019-cest-fini\/#respond\"]}]},{\"@type\":\"Person\",\"@id\":\"https:\/\/annaetmatteo.com\/blog\/#\/schema\/person\/324a22a04fc2477c15496ba8213c7eab\",\"name\":\"M\u00e9lanie &amp; Arnaud | Le Monde d'Anna et Matteo\",\"image\":{\"@type\":\"ImageObject\",\"@id\":\"https:\/\/annaetmatteo.com\/blog\/#personlogo\",\"inLanguage\":\"fr-FR\",\"url\":\"https:\/\/secure.gravatar.com\/avatar\/3c48cff264353bcb37bf9b52c1b769e7?s=96&d=mm&r=g\",\"contentUrl\":\"https:\/\/secure.gravatar.com\/avatar\/3c48cff264353bcb37bf9b52c1b769e7?s=96&d=mm&r=g\",\"caption\":\"M\u00e9lanie &amp; Arnaud | Le Monde d'Anna et Matteo\"},\"sameAs\":[\"https:\/\/annaetmatteo.com\",\"https:\/\/www.facebook.com\/AnnaEtMatteo\/\",\"https:\/\/twitter.com\/AnnaEtMatteo\"]}]}<\/script>\n<!-- \/ Yoast SEO plugin. -->","yoast_head_json":{"title":"Le Saby Baby 2019, c'est fini ! - Blog du Monde d&#039;Anna et Matteo","robots":{"index":"index","follow":"follow","max-snippet":"max-snippet:-1","max-image-preview":"max-image-preview:large","max-video-preview":"max-video-preview:-1"},"canonical":"https:\/\/annaetmatteo.com\/blog\/le-saby-baby-2019-cest-fini\/","og_locale":"fr_FR","og_type":"article","og_title":"Le Saby Baby 2019, c'est fini ! - Blog du Monde d&#039;Anna et Matteo","og_description":"Pour la deuxi\u00e8me ann\u00e9e cons\u00e9cutive, Le Monde d&rsquo;Anna et Matteo a particip\u00e9 au Salon Baby organis\u00e9 de main de ma\u00eetre par Enjoy Family. C&rsquo;est maintenant l&rsquo;heure de dresser le bilan !","og_url":"https:\/\/annaetmatteo.com\/blog\/le-saby-baby-2019-cest-fini\/","og_site_name":"Blog du Monde d&#039;Anna et Matteo","article_publisher":"https:\/\/www.facebook.com\/AnnaEtMatteo\/","article_author":"https:\/\/www.facebook.com\/AnnaEtMatteo\/","article_published_time":"2019-10-10T19:38:32+00:00","og_image":[{"width":1600,"height":900,"url":"https:\/\/annaetmatteo.com\/blog\/wp-content\/uploads\/2019\/10\/salon-baby-2019-01.jpg","type":"image\/jpeg"}],"twitter_card":"summary_large_image","twitter_creator":"@AnnaEtMatteo","twitter_site":"@AnnaEtMatteo","twitter_misc":{"\u00c9crit par":"M\u00e9lanie &amp; Arnaud | Le Monde d'Anna et Matteo","Dur\u00e9e de lecture estim\u00e9e":"2 minutes"},"schema":{"@context":"https:\/\/schema.org","@graph":[{"@type":"Organization","@id":"https:\/\/annaetmatteo.com\/blog\/#organization","name":"Le Monde d'Anna et Matteo","url":"https:\/\/annaetmatteo.com\/blog\/","sameAs":["https:\/\/www.facebook.com\/AnnaEtMatteo\/","https:\/\/www.instagram.com\/annaetmatteo\/","https:\/\/www.youtube.com\/channel\/UCSce5n3L_8dmB8yTwbXnCwA\/f","https:\/\/www.pinterest.fr\/AnnaEtMatteo\/","https:\/\/twitter.com\/AnnaEtMatteo"],"logo":{"@type":"ImageObject","@id":"https:\/\/annaetmatteo.com\/blog\/#logo","inLanguage":"fr-FR","url":"https:\/\/annaetmatteo.com\/blog\/wp-content\/uploads\/2018\/04\/rbU69AmF_400x400-1.jpg","contentUrl":"https:\/\/annaetmatteo.com\/blog\/wp-content\/uploads\/2018\/04\/rbU69AmF_400x400-1.jpg","width":240,"height":240,"caption":"Le Monde d'Anna et Matteo"},"image":{"@id":"https:\/\/annaetmatteo.com\/blog\/#logo"}},{"@type":"WebSite","@id":"https:\/\/annaetmatteo.com\/blog\/#website","url":"https:\/\/annaetmatteo.com\/blog\/","name":"Blog du Monde d&#039;Anna et Matteo","description":"","publisher":{"@id":"https:\/\/annaetmatteo.com\/blog\/#organization"},"potentialAction":[{"@type":"SearchAction","target":{"@type":"EntryPoint","urlTemplate":"https:\/\/annaetmatteo.com\/blog\/?s={search_term_string}"},"query-input":"required name=search_term_string"}],"inLanguage":"fr-FR"},{"@type":"ImageObject","@id":"https:\/\/annaetmatteo.com\/blog\/le-saby-baby-2019-cest-fini\/#primaryimage","inLanguage":"fr-FR","url":"https:\/\/annaetmatteo.com\/blog\/wp-content\/uploads\/2019\/10\/salon-baby-2019-01.jpg","contentUrl":"https:\/\/annaetmatteo.com\/blog\/wp-content\/uploads\/2019\/10\/salon-baby-2019-01.jpg","width":1600,"height":900,"caption":"Stand Anna et Matteo Salon Baby"},{"@type":"WebPage","@id":"https:\/\/annaetmatteo.com\/blog\/le-saby-baby-2019-cest-fini\/#webpage","url":"https:\/\/annaetmatteo.com\/blog\/le-saby-baby-2019-cest-fini\/","name":"Le Saby Baby 2019, c'est fini ! - Blog du Monde d&#039;Anna et Matteo","isPartOf":{"@id":"https:\/\/annaetmatteo.com\/blog\/#website"},"primaryImageOfPage":{"@id":"https:\/\/annaetmatteo.com\/blog\/le-saby-baby-2019-cest-fini\/#primaryimage"},"datePublished":"2019-10-10T19:38:32+00:00","dateModified":"2019-10-10T19:38:32+00:00","breadcrumb":{"@id":"https:\/\/annaetmatteo.com\/blog\/le-saby-baby-2019-cest-fini\/#breadcrumb"},"inLanguage":"fr-FR","potentialAction":[{"@type":"ReadAction","target":["https:\/\/annaetmatteo.com\/blog\/le-saby-baby-2019-cest-fini\/"]}]},{"@type":"BreadcrumbList","@id":"https:\/\/annaetmatteo.com\/blog\/le-saby-baby-2019-cest-fini\/#breadcrumb","itemListElement":[{"@type":"ListItem","position":1,"name":"Accueil","item":"https:\/\/annaetmatteo.com\/blog\/"},{"@type":"ListItem","position":2,"name":"Le Saby Baby 2019, c&rsquo;est fini !"}]},{"@type":"Article","@id":"https:\/\/annaetmatteo.com\/blog\/le-saby-baby-2019-cest-fini\/#article","isPartOf":{"@id":"https:\/\/annaetmatteo.com\/blog\/le-saby-baby-2019-cest-fini\/#webpage"},"author":{"@id":"https:\/\/annaetmatteo.com\/blog\/#\/schema\/person\/324a22a04fc2477c15496ba8213c7eab"},"headline":"Le Saby Baby 2019, c&rsquo;est fini !","datePublished":"2019-10-10T19:38:32+00:00","dateModified":"2019-10-10T19:38:32+00:00","mainEntityOfPage":{"@id":"https:\/\/annaetmatteo.com\/blog\/le-saby-baby-2019-cest-fini\/#webpage"},"wordCount":333,"commentCount":0,"publisher":{"@id":"https:\/\/annaetmatteo.com\/blog\/#organization"},"image":{"@id":"https:\/\/annaetmatteo.com\/blog\/le-saby-baby-2019-cest-fini\/#primaryimage"},"thumbnailUrl":"https:\/\/annaetmatteo.com\/blog\/wp-content\/uploads\/2019\/10\/salon-baby-2019-01.jpg","inLanguage":"fr-FR","potentialAction":[{"@type":"CommentAction","name":"Comment","target":["https:\/\/annaetmatteo.com\/blog\/le-saby-baby-2019-cest-fini\/#respond"]}]},{"@type":"Person","@id":"https:\/\/annaetmatteo.com\/blog\/#\/schema\/person\/324a22a04fc2477c15496ba8213c7eab","name":"M\u00e9lanie &amp; Arnaud | Le Monde d'Anna et Matteo","image":{"@type":"ImageObject","@id":"https:\/\/annaetmatteo.com\/blog\/#personlogo","inLanguage":"fr-FR","url":"https:\/\/secure.gravatar.com\/avatar\/3c48cff264353bcb37bf9b52c1b769e7?s=96&d=mm&r=g","contentUrl":"https:\/\/secure.gravatar.com\/avatar\/3c48cff264353bcb37bf9b52c1b769e7?s=96&d=mm&r=g","caption":"M\u00e9lanie &amp; Arnaud | Le Monde d'Anna et Matteo"},"sameAs":["https:\/\/annaetmatteo.com","https:\/\/www.facebook.com\/AnnaEtMatteo\/","https:\/\/twitter.com\/AnnaEtMatteo"]}]}},"_links":{"self":[{"href":"https:\/\/annaetmatteo.com\/blog\/wp-json\/wp\/v2\/posts\/758"}],"collection":[{"href":"https:\/\/annaetmatteo.com\/blog\/wp-json\/wp\/v2\/posts"}],"about":[{"href":"https:\/\/annaetmatteo.com\/blog\/wp-json\/wp\/v2\/types\/post"}],"author":[{"embeddable":true,"href":"https:\/\/annaetmatteo.com\/blog\/wp-json\/wp\/v2\/users\/1"}],"replies":[{"embeddable":true,"href":"https:\/\/annaetmatteo.com\/blog\/wp-json\/wp\/v2\/comments?post=758"}],"version-history":[{"count":5,"href":"https:\/\/annaetmatteo.com\/blog\/wp-json\/wp\/v2\/posts\/758\/revisions"}],"predecessor-version":[{"id":767,"href":"https:\/\/annaetmatteo.com\/blog\/wp-json\/wp\/v2\/posts\/758\/revisions\/767"}],"wp:featuredmedia":[{"embeddable":true,"href":"https:\/\/annaetmatteo.com\/blog\/wp-json\/wp\/v2\/media\/765"}],"wp:attachment":[{"href":"https:\/\/annaetmatteo.com\/blog\/wp-json\/wp\/v2\/media?parent=758"}],"wp:term":[{"taxonomy":"category","embeddable":true,"href":"https:\/\/annaetmatteo.com\/blog\/wp-json\/wp\/v2\/categories?post=758"},{"taxonomy":"post_tag","embeddable":true,"href":"https:\/\/annaetmatteo.com\/blog\/wp-json\/wp\/v2\/tags?post=758"}],"curies":[{"name":"wp","href":"https:\/\/api.w.org\/{rel}","templated":true}]}}