{"id":752,"date":"2019-09-05T21:04:13","date_gmt":"2019-09-05T19:04:13","guid":{"rendered":"https:\/\/annaetmatteo.com\/blog\/?p=752"},"modified":"2019-09-05T21:04:13","modified_gmt":"2019-09-05T19:04:13","slug":"5-conseils-pour-gerer-la-separation-de-la-rentree","status":"publish","type":"post","link":"https:\/\/annaetmatteo.com\/blog\/5-conseils-pour-gerer-la-separation-de-la-rentree\/","title":{"rendered":"5 conseils pour g\u00e9rer la s\u00e9paration de la rentr\u00e9e"},"content":{"rendered":"<h2>Les premiers jours d&rsquo;\u00e9cole sont difficiles et la s\u00e9paration est rude le matin ? Pour limiter les pleurs et les cris, voici quelques conseils pour rendre la s\u00e9paration de la rentr\u00e9e moins douloureuse.<\/h2>\n<p><!--more--><\/p>\n<p>Si devant l&rsquo;\u00e9cole maternelle ou la cr\u00e8che, la phase de s\u00e9paration est difficile avec votre enfant, voici quelques conseils pour que les larmes ne coulent pas trop et rendre cette phase plus facile.<\/p>\n<h3>1- L&rsquo;option doudou<\/h3>\n<p>En cr\u00e8che comme en petite section de maternelle, un doudou est souvent demand\u00e9 pour l&rsquo;enfant. \u00c9vitez de prendre le pr\u00e9cieux nounours avec lequel votre bout&rsquo;chou dort bien la nuit, car en cas de perte cela pourrait \u00eatre le drame le soir. Mais pourquoi ne pas opter pour une autre peluche pr\u00e9f\u00e9r\u00e9e avec laquelle vous aurez dormi pour y mettre votre odeur ?<\/p>\n<p>Cela peut marcher aussi avec un doudou ou un v\u00eatement.<\/p>\n<h3>2- Le c\u0153ur de maman<\/h3>\n<p>Un petit objet rappelant maman et plac\u00e9 dans la poche est une option pour les plus grands (en maternelle). Ici, nous avons choisi un petit c\u0153ur en bois comme ceux utilis\u00e9s sur <a href=\"https:\/\/annaetmatteo.com\/29-attache-tetines\" target=\"_blank\" rel=\"noopener noreferrer\"><span style=\"color: #0000ff;\">nos attaches-t\u00e9tines<\/span><\/a> ou <span style=\"color: #0000ff;\"><a style=\"color: #0000ff;\" href=\"https:\/\/annaetmatteo.com\/78-colliers-de-portage\" target=\"_blank\" rel=\"noopener noreferrer\">collier de portage<\/a><\/span>. Il suffit de sentir son contact pour penser \u00e0 sa maman !<\/p>\n<h3>3- Eviter de s&rsquo;\u00e9terniser<\/h3>\n<p>Oui, cela parait dur et cruel, mais plus vite vous aurez rompu le contact et tourn\u00e9 les talons, plus vite la crise sera pass\u00e9. Alors \u00e9videmment cela n&#8217;emp\u00eache pas un bon gros c\u00e2lin et plein de bisous, mais 15 minutes de rupture, c&rsquo;est 15 minutes de souffrance pour votre petit comme pour vous. Tourner le dos peut vous faire pleurer et c&rsquo;est bien normal, mais trouvez la force de le faire.<\/p>\n<h3>4- Le petit mot dans la main<\/h3>\n<p>Pour les \u00ab\u00a0grands\u00a0\u00bb qui vont \u00e0 la maternelle, un petit mot \u00e9crit dans la main (mot d\u00e9cid\u00e9 avec l&rsquo;enfant) ou un dessin permet de se rappeler maman en le regardant. C&rsquo;est une variante du petit c\u0153ur.<\/p>\n<h3>5- Planifier et d\u00e9tailler la journ\u00e9e<\/h3>\n<p>Expliquez \u00e0 votre enfant toutes les \u00e9tapes de la journ\u00e9e afin de lui permettre de comprendre qu&rsquo;il va vite vous retrouver. Et \u00e0 chaque instant de la journ\u00e9e cela permettra mieux \u00e0 l&rsquo;enfant de se situer dans le temps.<\/p>\n<p>Et surtout, \u00e9cole comme cr\u00e8che doivent \u00eatre de bons moments qui sont pr\u00e9sent\u00e9s comme tels !<\/p>\n<p>Et vous, quelles sont vos astuces?<\/p>\n<p>&nbsp;<\/p>\n","protected":false},"excerpt":{"rendered":"<p>Les premiers jours d&rsquo;\u00e9cole sont difficiles et la s\u00e9paration est rude le matin ? Pour limiter les pleurs et les cris, voici quelques conseils pour rendre la s\u00e9paration de la rentr\u00e9e moins douloureuse.<\/p>\n","protected":false},"author":1,"featured_media":755,"comment_status":"open","ping_status":"open","sticky":false,"template":"","format":"standard","meta":[],"categories":[1],"tags":[],"yoast_head":"<!-- This site is optimized with the Yoast SEO plugin v18.0 - https:\/\/yoast.com\/wordpress\/plugins\/seo\/ -->\n<title>5 conseils pour g\u00e9rer la s\u00e9paration de la rentr\u00e9e . Limiter les pleurs \u00e0 l&#039;\u00e9cole<\/title>\n<meta name=\"robots\" content=\"index, follow, max-snippet:-1, max-image-preview:large, max-video-preview:-1\" \/>\n<link rel=\"canonical\" href=\"https:\/\/annaetmatteo.com\/blog\/5-conseils-pour-gerer-la-separation-de-la-rentree\/\" \/>\n<meta property=\"og:locale\" content=\"fr_FR\" \/>\n<meta property=\"og:type\" content=\"article\" \/>\n<meta property=\"og:title\" content=\"5 conseils pour g\u00e9rer la s\u00e9paration de la rentr\u00e9e . Limiter les pleurs \u00e0 l&#039;\u00e9cole\" \/>\n<meta property=\"og:description\" content=\"Les premiers jours d&rsquo;\u00e9cole sont difficiles et la s\u00e9paration est rude le matin ? Pour limiter les pleurs et les cris, voici quelques conseils pour rendre la s\u00e9paration de la rentr\u00e9e moins douloureuse.\" \/>\n<meta property=\"og:url\" content=\"https:\/\/annaetmatteo.com\/blog\/5-conseils-pour-gerer-la-separation-de-la-rentree\/\" \/>\n<meta property=\"og:site_name\" content=\"Blog du Monde d&#039;Anna et Matteo\" \/>\n<meta property=\"article:publisher\" content=\"https:\/\/www.facebook.com\/AnnaEtMatteo\/\" \/>\n<meta property=\"article:author\" content=\"https:\/\/www.facebook.com\/AnnaEtMatteo\/\" \/>\n<meta property=\"article:published_time\" content=\"2019-09-05T19:04:13+00:00\" \/>\n<meta property=\"og:image\" content=\"https:\/\/annaetmatteo.com\/blog\/wp-content\/uploads\/2019\/09\/separation-ecole-enfant.png\" \/>\n\t<meta property=\"og:image:width\" content=\"1000\" \/>\n\t<meta property=\"og:image:height\" content=\"400\" \/>\n\t<meta property=\"og:image:type\" content=\"image\/png\" \/>\n<meta name=\"twitter:card\" content=\"summary_large_image\" \/>\n<meta name=\"twitter:creator\" content=\"@AnnaEtMatteo\" \/>\n<meta name=\"twitter:site\" content=\"@AnnaEtMatteo\" \/>\n<meta name=\"twitter:label1\" content=\"\u00c9crit par\" \/>\n\t<meta name=\"twitter:data1\" content=\"M\u00e9lanie &amp; Arnaud | Le Monde d'Anna et Matteo\" \/>\n\t<meta name=\"twitter:label2\" content=\"Dur\u00e9e de lecture estim\u00e9e\" \/>\n\t<meta name=\"twitter:data2\" content=\"2 minutes\" \/>\n<script type=\"application\/ld+json\" class=\"yoast-schema-graph\">{\"@context\":\"https:\/\/schema.org\",\"@graph\":[{\"@type\":\"Organization\",\"@id\":\"https:\/\/annaetmatteo.com\/blog\/#organization\",\"name\":\"Le Monde d'Anna et Matteo\",\"url\":\"https:\/\/annaetmatteo.com\/blog\/\",\"sameAs\":[\"https:\/\/www.facebook.com\/AnnaEtMatteo\/\",\"https:\/\/www.instagram.com\/annaetmatteo\/\",\"https:\/\/www.youtube.com\/channel\/UCSce5n3L_8dmB8yTwbXnCwA\/f\",\"https:\/\/www.pinterest.fr\/AnnaEtMatteo\/\",\"https:\/\/twitter.com\/AnnaEtMatteo\"],\"logo\":{\"@type\":\"ImageObject\",\"@id\":\"https:\/\/annaetmatteo.com\/blog\/#logo\",\"inLanguage\":\"fr-FR\",\"url\":\"https:\/\/annaetmatteo.com\/blog\/wp-content\/uploads\/2018\/04\/rbU69AmF_400x400-1.jpg\",\"contentUrl\":\"https:\/\/annaetmatteo.com\/blog\/wp-content\/uploads\/2018\/04\/rbU69AmF_400x400-1.jpg\",\"width\":240,\"height\":240,\"caption\":\"Le Monde d'Anna et Matteo\"},\"image\":{\"@id\":\"https:\/\/annaetmatteo.com\/blog\/#logo\"}},{\"@type\":\"WebSite\",\"@id\":\"https:\/\/annaetmatteo.com\/blog\/#website\",\"url\":\"https:\/\/annaetmatteo.com\/blog\/\",\"name\":\"Blog du Monde d&#039;Anna et Matteo\",\"description\":\"\",\"publisher\":{\"@id\":\"https:\/\/annaetmatteo.com\/blog\/#organization\"},\"potentialAction\":[{\"@type\":\"SearchAction\",\"target\":{\"@type\":\"EntryPoint\",\"urlTemplate\":\"https:\/\/annaetmatteo.com\/blog\/?s={search_term_string}\"},\"query-input\":\"required name=search_term_string\"}],\"inLanguage\":\"fr-FR\"},{\"@type\":\"ImageObject\",\"@id\":\"https:\/\/annaetmatteo.com\/blog\/5-conseils-pour-gerer-la-separation-de-la-rentree\/#primaryimage\",\"inLanguage\":\"fr-FR\",\"url\":\"https:\/\/annaetmatteo.com\/blog\/wp-content\/uploads\/2019\/09\/separation-ecole-enfant.png\",\"contentUrl\":\"https:\/\/annaetmatteo.com\/blog\/wp-content\/uploads\/2019\/09\/separation-ecole-enfant.png\",\"width\":1000,\"height\":400,\"caption\":\"s\u00e9paration \u00e9cole enfant\"},{\"@type\":\"WebPage\",\"@id\":\"https:\/\/annaetmatteo.com\/blog\/5-conseils-pour-gerer-la-separation-de-la-rentree\/#webpage\",\"url\":\"https:\/\/annaetmatteo.com\/blog\/5-conseils-pour-gerer-la-separation-de-la-rentree\/\",\"name\":\"5 conseils pour g\u00e9rer la s\u00e9paration de la rentr\u00e9e . Limiter les pleurs \u00e0 l'\u00e9cole\",\"isPartOf\":{\"@id\":\"https:\/\/annaetmatteo.com\/blog\/#website\"},\"primaryImageOfPage\":{\"@id\":\"https:\/\/annaetmatteo.com\/blog\/5-conseils-pour-gerer-la-separation-de-la-rentree\/#primaryimage\"},\"datePublished\":\"2019-09-05T19:04:13+00:00\",\"dateModified\":\"2019-09-05T19:04:13+00:00\",\"breadcrumb\":{\"@id\":\"https:\/\/annaetmatteo.com\/blog\/5-conseils-pour-gerer-la-separation-de-la-rentree\/#breadcrumb\"},\"inLanguage\":\"fr-FR\",\"potentialAction\":[{\"@type\":\"ReadAction\",\"target\":[\"https:\/\/annaetmatteo.com\/blog\/5-conseils-pour-gerer-la-separation-de-la-rentree\/\"]}]},{\"@type\":\"BreadcrumbList\",\"@id\":\"https:\/\/annaetmatteo.com\/blog\/5-conseils-pour-gerer-la-separation-de-la-rentree\/#breadcrumb\",\"itemListElement\":[{\"@type\":\"ListItem\",\"position\":1,\"name\":\"Accueil\",\"item\":\"https:\/\/annaetmatteo.com\/blog\/\"},{\"@type\":\"ListItem\",\"position\":2,\"name\":\"5 conseils pour g\u00e9rer la s\u00e9paration de la rentr\u00e9e\"}]},{\"@type\":\"Article\",\"@id\":\"https:\/\/annaetmatteo.com\/blog\/5-conseils-pour-gerer-la-separation-de-la-rentree\/#article\",\"isPartOf\":{\"@id\":\"https:\/\/annaetmatteo.com\/blog\/5-conseils-pour-gerer-la-separation-de-la-rentree\/#webpage\"},\"author\":{\"@id\":\"https:\/\/annaetmatteo.com\/blog\/#\/schema\/person\/324a22a04fc2477c15496ba8213c7eab\"},\"headline\":\"5 conseils pour g\u00e9rer la s\u00e9paration de la rentr\u00e9e\",\"datePublished\":\"2019-09-05T19:04:13+00:00\",\"dateModified\":\"2019-09-05T19:04:13+00:00\",\"mainEntityOfPage\":{\"@id\":\"https:\/\/annaetmatteo.com\/blog\/5-conseils-pour-gerer-la-separation-de-la-rentree\/#webpage\"},\"wordCount\":411,\"commentCount\":0,\"publisher\":{\"@id\":\"https:\/\/annaetmatteo.com\/blog\/#organization\"},\"image\":{\"@id\":\"https:\/\/annaetmatteo.com\/blog\/5-conseils-pour-gerer-la-separation-de-la-rentree\/#primaryimage\"},\"thumbnailUrl\":\"https:\/\/annaetmatteo.com\/blog\/wp-content\/uploads\/2019\/09\/separation-ecole-enfant.png\",\"inLanguage\":\"fr-FR\",\"potentialAction\":[{\"@type\":\"CommentAction\",\"name\":\"Comment\",\"target\":[\"https:\/\/annaetmatteo.com\/blog\/5-conseils-pour-gerer-la-separation-de-la-rentree\/#respond\"]}]},{\"@type\":\"Person\",\"@id\":\"https:\/\/annaetmatteo.com\/blog\/#\/schema\/person\/324a22a04fc2477c15496ba8213c7eab\",\"name\":\"M\u00e9lanie &amp; Arnaud | Le Monde d'Anna et Matteo\",\"image\":{\"@type\":\"ImageObject\",\"@id\":\"https:\/\/annaetmatteo.com\/blog\/#personlogo\",\"inLanguage\":\"fr-FR\",\"url\":\"https:\/\/secure.gravatar.com\/avatar\/3c48cff264353bcb37bf9b52c1b769e7?s=96&d=mm&r=g\",\"contentUrl\":\"https:\/\/secure.gravatar.com\/avatar\/3c48cff264353bcb37bf9b52c1b769e7?s=96&d=mm&r=g\",\"caption\":\"M\u00e9lanie &amp; Arnaud | Le Monde d'Anna et Matteo\"},\"sameAs\":[\"https:\/\/annaetmatteo.com\",\"https:\/\/www.facebook.com\/AnnaEtMatteo\/\",\"https:\/\/twitter.com\/AnnaEtMatteo\"]}]}<\/script>\n<!-- \/ Yoast SEO plugin. -->","yoast_head_json":{"title":"5 conseils pour g\u00e9rer la s\u00e9paration de la rentr\u00e9e . Limiter les pleurs \u00e0 l'\u00e9cole","robots":{"index":"index","follow":"follow","max-snippet":"max-snippet:-1","max-image-preview":"max-image-preview:large","max-video-preview":"max-video-preview:-1"},"canonical":"https:\/\/annaetmatteo.com\/blog\/5-conseils-pour-gerer-la-separation-de-la-rentree\/","og_locale":"fr_FR","og_type":"article","og_title":"5 conseils pour g\u00e9rer la s\u00e9paration de la rentr\u00e9e . Limiter les pleurs \u00e0 l'\u00e9cole","og_description":"Les premiers jours d&rsquo;\u00e9cole sont difficiles et la s\u00e9paration est rude le matin ? Pour limiter les pleurs et les cris, voici quelques conseils pour rendre la s\u00e9paration de la rentr\u00e9e moins douloureuse.","og_url":"https:\/\/annaetmatteo.com\/blog\/5-conseils-pour-gerer-la-separation-de-la-rentree\/","og_site_name":"Blog du Monde d&#039;Anna et Matteo","article_publisher":"https:\/\/www.facebook.com\/AnnaEtMatteo\/","article_author":"https:\/\/www.facebook.com\/AnnaEtMatteo\/","article_published_time":"2019-09-05T19:04:13+00:00","og_image":[{"width":1000,"height":400,"url":"https:\/\/annaetmatteo.com\/blog\/wp-content\/uploads\/2019\/09\/separation-ecole-enfant.png","type":"image\/png"}],"twitter_card":"summary_large_image","twitter_creator":"@AnnaEtMatteo","twitter_site":"@AnnaEtMatteo","twitter_misc":{"\u00c9crit par":"M\u00e9lanie &amp; Arnaud | Le Monde d'Anna et Matteo","Dur\u00e9e de lecture estim\u00e9e":"2 minutes"},"schema":{"@context":"https:\/\/schema.org","@graph":[{"@type":"Organization","@id":"https:\/\/annaetmatteo.com\/blog\/#organization","name":"Le Monde d'Anna et Matteo","url":"https:\/\/annaetmatteo.com\/blog\/","sameAs":["https:\/\/www.facebook.com\/AnnaEtMatteo\/","https:\/\/www.instagram.com\/annaetmatteo\/","https:\/\/www.youtube.com\/channel\/UCSce5n3L_8dmB8yTwbXnCwA\/f","https:\/\/www.pinterest.fr\/AnnaEtMatteo\/","https:\/\/twitter.com\/AnnaEtMatteo"],"logo":{"@type":"ImageObject","@id":"https:\/\/annaetmatteo.com\/blog\/#logo","inLanguage":"fr-FR","url":"https:\/\/annaetmatteo.com\/blog\/wp-content\/uploads\/2018\/04\/rbU69AmF_400x400-1.jpg","contentUrl":"https:\/\/annaetmatteo.com\/blog\/wp-content\/uploads\/2018\/04\/rbU69AmF_400x400-1.jpg","width":240,"height":240,"caption":"Le Monde d'Anna et Matteo"},"image":{"@id":"https:\/\/annaetmatteo.com\/blog\/#logo"}},{"@type":"WebSite","@id":"https:\/\/annaetmatteo.com\/blog\/#website","url":"https:\/\/annaetmatteo.com\/blog\/","name":"Blog du Monde d&#039;Anna et Matteo","description":"","publisher":{"@id":"https:\/\/annaetmatteo.com\/blog\/#organization"},"potentialAction":[{"@type":"SearchAction","target":{"@type":"EntryPoint","urlTemplate":"https:\/\/annaetmatteo.com\/blog\/?s={search_term_string}"},"query-input":"required name=search_term_string"}],"inLanguage":"fr-FR"},{"@type":"ImageObject","@id":"https:\/\/annaetmatteo.com\/blog\/5-conseils-pour-gerer-la-separation-de-la-rentree\/#primaryimage","inLanguage":"fr-FR","url":"https:\/\/annaetmatteo.com\/blog\/wp-content\/uploads\/2019\/09\/separation-ecole-enfant.png","contentUrl":"https:\/\/annaetmatteo.com\/blog\/wp-content\/uploads\/2019\/09\/separation-ecole-enfant.png","width":1000,"height":400,"caption":"s\u00e9paration \u00e9cole enfant"},{"@type":"WebPage","@id":"https:\/\/annaetmatteo.com\/blog\/5-conseils-pour-gerer-la-separation-de-la-rentree\/#webpage","url":"https:\/\/annaetmatteo.com\/blog\/5-conseils-pour-gerer-la-separation-de-la-rentree\/","name":"5 conseils pour g\u00e9rer la s\u00e9paration de la rentr\u00e9e . Limiter les pleurs \u00e0 l'\u00e9cole","isPartOf":{"@id":"https:\/\/annaetmatteo.com\/blog\/#website"},"primaryImageOfPage":{"@id":"https:\/\/annaetmatteo.com\/blog\/5-conseils-pour-gerer-la-separation-de-la-rentree\/#primaryimage"},"datePublished":"2019-09-05T19:04:13+00:00","dateModified":"2019-09-05T19:04:13+00:00","breadcrumb":{"@id":"https:\/\/annaetmatteo.com\/blog\/5-conseils-pour-gerer-la-separation-de-la-rentree\/#breadcrumb"},"inLanguage":"fr-FR","potentialAction":[{"@type":"ReadAction","target":["https:\/\/annaetmatteo.com\/blog\/5-conseils-pour-gerer-la-separation-de-la-rentree\/"]}]},{"@type":"BreadcrumbList","@id":"https:\/\/annaetmatteo.com\/blog\/5-conseils-pour-gerer-la-separation-de-la-rentree\/#breadcrumb","itemListElement":[{"@type":"ListItem","position":1,"name":"Accueil","item":"https:\/\/annaetmatteo.com\/blog\/"},{"@type":"ListItem","position":2,"name":"5 conseils pour g\u00e9rer la s\u00e9paration de la rentr\u00e9e"}]},{"@type":"Article","@id":"https:\/\/annaetmatteo.com\/blog\/5-conseils-pour-gerer-la-separation-de-la-rentree\/#article","isPartOf":{"@id":"https:\/\/annaetmatteo.com\/blog\/5-conseils-pour-gerer-la-separation-de-la-rentree\/#webpage"},"author":{"@id":"https:\/\/annaetmatteo.com\/blog\/#\/schema\/person\/324a22a04fc2477c15496ba8213c7eab"},"headline":"5 conseils pour g\u00e9rer la s\u00e9paration de la rentr\u00e9e","datePublished":"2019-09-05T19:04:13+00:00","dateModified":"2019-09-05T19:04:13+00:00","mainEntityOfPage":{"@id":"https:\/\/annaetmatteo.com\/blog\/5-conseils-pour-gerer-la-separation-de-la-rentree\/#webpage"},"wordCount":411,"commentCount":0,"publisher":{"@id":"https:\/\/annaetmatteo.com\/blog\/#organization"},"image":{"@id":"https:\/\/annaetmatteo.com\/blog\/5-conseils-pour-gerer-la-separation-de-la-rentree\/#primaryimage"},"thumbnailUrl":"https:\/\/annaetmatteo.com\/blog\/wp-content\/uploads\/2019\/09\/separation-ecole-enfant.png","inLanguage":"fr-FR","potentialAction":[{"@type":"CommentAction","name":"Comment","target":["https:\/\/annaetmatteo.com\/blog\/5-conseils-pour-gerer-la-separation-de-la-rentree\/#respond"]}]},{"@type":"Person","@id":"https:\/\/annaetmatteo.com\/blog\/#\/schema\/person\/324a22a04fc2477c15496ba8213c7eab","name":"M\u00e9lanie &amp; Arnaud | Le Monde d'Anna et Matteo","image":{"@type":"ImageObject","@id":"https:\/\/annaetmatteo.com\/blog\/#personlogo","inLanguage":"fr-FR","url":"https:\/\/secure.gravatar.com\/avatar\/3c48cff264353bcb37bf9b52c1b769e7?s=96&d=mm&r=g","contentUrl":"https:\/\/secure.gravatar.com\/avatar\/3c48cff264353bcb37bf9b52c1b769e7?s=96&d=mm&r=g","caption":"M\u00e9lanie &amp; Arnaud | Le Monde d'Anna et Matteo"},"sameAs":["https:\/\/annaetmatteo.com","https:\/\/www.facebook.com\/AnnaEtMatteo\/","https:\/\/twitter.com\/AnnaEtMatteo"]}]}},"_links":{"self":[{"href":"https:\/\/annaetmatteo.com\/blog\/wp-json\/wp\/v2\/posts\/752"}],"collection":[{"href":"https:\/\/annaetmatteo.com\/blog\/wp-json\/wp\/v2\/posts"}],"about":[{"href":"https:\/\/annaetmatteo.com\/blog\/wp-json\/wp\/v2\/types\/post"}],"author":[{"embeddable":true,"href":"https:\/\/annaetmatteo.com\/blog\/wp-json\/wp\/v2\/users\/1"}],"replies":[{"embeddable":true,"href":"https:\/\/annaetmatteo.com\/blog\/wp-json\/wp\/v2\/comments?post=752"}],"version-history":[{"count":2,"href":"https:\/\/annaetmatteo.com\/blog\/wp-json\/wp\/v2\/posts\/752\/revisions"}],"predecessor-version":[{"id":756,"href":"https:\/\/annaetmatteo.com\/blog\/wp-json\/wp\/v2\/posts\/752\/revisions\/756"}],"wp:featuredmedia":[{"embeddable":true,"href":"https:\/\/annaetmatteo.com\/blog\/wp-json\/wp\/v2\/media\/755"}],"wp:attachment":[{"href":"https:\/\/annaetmatteo.com\/blog\/wp-json\/wp\/v2\/media?parent=752"}],"wp:term":[{"taxonomy":"category","embeddable":true,"href":"https:\/\/annaetmatteo.com\/blog\/wp-json\/wp\/v2\/categories?post=752"},{"taxonomy":"post_tag","embeddable":true,"href":"https:\/\/annaetmatteo.com\/blog\/wp-json\/wp\/v2\/tags?post=752"}],"curies":[{"name":"wp","href":"https:\/\/api.w.org\/{rel}","templated":true}]}}