{"id":745,"date":"2019-08-22T21:58:12","date_gmt":"2019-08-22T19:58:12","guid":{"rendered":"https:\/\/annaetmatteo.com\/blog\/?p=745"},"modified":"2019-08-22T21:58:12","modified_gmt":"2019-08-22T19:58:12","slug":"le-monde-danna-et-matteo-au-salon-baby-de-paris-la-villette","status":"publish","type":"post","link":"https:\/\/annaetmatteo.com\/blog\/le-monde-danna-et-matteo-au-salon-baby-de-paris-la-villette\/","title":{"rendered":"Le Monde d&rsquo;Anna et Matteo au Salon Baby de Paris la Villette !"},"content":{"rendered":"<h2>L&rsquo;atelier a beau avoir d\u00e9m\u00e9nag\u00e9 \u00e0 Grasse, Le Monde d&rsquo;Anna et Matteo rejoindra la capitale les 4-5-6 octobre 2019 pour participer au Salon Baby. Rendez-vous Porte de la Villette, \u00e0 Paris, et surveillez bien nos r\u00e9seaux sociaux ! On vous dit pourquoi&#8230;<\/h2>\n<p><!--more--><\/p>\n<p>Comme l&rsquo;an dernier, Le Monde d&rsquo;Anna et Matteo participera au Salon Baby \u00e0 Paris Event Center. Ce centre d&rsquo;exposition est situ\u00e9 Porte de la Villette et accueille l&rsquo;\u00e9v\u00e9nement organis\u00e9 par Enjoy Family les 4, 5 et 6 octobre 2019.<\/p>\n<h3>Gagnez des invitations !<\/h3>\n<p>Si vous souhaitez venir nous voir, alors gardez un \u0153il sur nos r\u00e9seaux sociaux (<span style=\"color: #0000ff;\"><a style=\"color: #0000ff;\" href=\"https:\/\/www.facebook.com\/AnnaEtMatteo\/\" target=\"_blank\" rel=\"noopener noreferrer\">Le Facebook d&rsquo;Anna et Matteo<\/a><\/span>, notre <a href=\"https:\/\/twitter.com\/AnnaEtMatteo\" target=\"_blank\" rel=\"noopener noreferrer\"><span style=\"color: #0000ff;\">compte Twitter<\/span>\u00a0<\/a>et <span style=\"color: #0000ff;\"><a style=\"color: #0000ff;\" href=\"https:\/\/www.instagram.com\/annaetmatteo\/\" target=\"_blank\" rel=\"noopener noreferrer\">notre compte Instagram<\/a><\/span>). Nous allons vous faire gagner r\u00e9guli\u00e8rement des invitations pour acc\u00e9der gratuitement au Salon Baby.<\/p>\n<p><img loading=\"lazy\" class=\"aligncenter size-large wp-image-72\" src=\"https:\/\/annaetmatteo.com\/blog\/wp-content\/uploads\/2018\/03\/Anneau_dentition-768x1024.jpg\" alt=\"\" width=\"525\" height=\"700\" srcset=\"https:\/\/annaetmatteo.com\/blog\/wp-content\/uploads\/2018\/03\/Anneau_dentition.jpg 768w, https:\/\/annaetmatteo.com\/blog\/wp-content\/uploads\/2018\/03\/Anneau_dentition-225x300.jpg 225w\" sizes=\"(max-width: 525px) 100vw, 525px\" \/><\/p>\n<h3>D\u00e9couvrez nos nouvelles cr\u00e9ations !<\/h3>\n<p>Sur place, vous retrouverez les cr\u00e9ations que vous connaissez d\u00e9j\u00e0 sur le site (ou si vous \u00eates venus l&rsquo;an dernier). Mais ce n&rsquo;est pas tout, car il y aura \u00e9videmment des nouveaut\u00e9s et des surprises !<\/p>\n<p>Des mod\u00e8les in\u00e9dits, con\u00e7us pour le salon, rejoindront nos collections faites mains d&rsquo;<span style=\"color: #0000ff;\"><a style=\"color: #0000ff;\" href=\"https:\/\/annaetmatteo.com\/29-attache-tetines\" target=\"_blank\" rel=\"noopener noreferrer\">attache-t\u00e9tines<\/a><\/span>, de <span style=\"color: #0000ff;\"><a style=\"color: #0000ff;\" href=\"https:\/\/annaetmatteo.com\/26-tour-de-lit\" target=\"_blank\" rel=\"noopener noreferrer\">tours de lit<\/a><\/span>, de <span style=\"color: #0000ff;\"><a style=\"color: #0000ff;\" href=\"https:\/\/annaetmatteo.com\/25-gigoteuses\" target=\"_blank\" rel=\"noopener noreferrer\">gigoteuses<\/a><\/span>, de <span style=\"color: #0000ff;\"><a style=\"color: #0000ff;\" href=\"https:\/\/annaetmatteo.com\/78-colliers-de-portage\" target=\"_blank\" rel=\"noopener noreferrer\">colliers de portage et d&rsquo;allaitement<\/a><\/span> ou encore d&rsquo;<span style=\"color: #0000ff;\"><a style=\"color: #0000ff;\" href=\"https:\/\/annaetmatteo.com\/31-anneaux-de-dentition\" target=\"_blank\" rel=\"noopener noreferrer\">anneaux de dentition<\/a><\/span>.<\/p>\n<p><img loading=\"lazy\" class=\"aligncenter size-full wp-image-226\" src=\"https:\/\/annaetmatteo.com\/blog\/wp-content\/uploads\/2018\/05\/collier-bleu-et-coeur-en-bois.jpg\" alt=\"collier de portage et d'allaitement bleu et c\u0153ur en bois\" width=\"800\" height=\"800\" srcset=\"https:\/\/annaetmatteo.com\/blog\/wp-content\/uploads\/2018\/05\/collier-bleu-et-coeur-en-bois.jpg 800w, https:\/\/annaetmatteo.com\/blog\/wp-content\/uploads\/2018\/05\/collier-bleu-et-coeur-en-bois-150x150.jpg 150w, https:\/\/annaetmatteo.com\/blog\/wp-content\/uploads\/2018\/05\/collier-bleu-et-coeur-en-bois-300x300.jpg 300w, https:\/\/annaetmatteo.com\/blog\/wp-content\/uploads\/2018\/05\/collier-bleu-et-coeur-en-bois-768x768.jpg 768w, https:\/\/annaetmatteo.com\/blog\/wp-content\/uploads\/2018\/05\/collier-bleu-et-coeur-en-bois-100x100.jpg 100w\" sizes=\"(max-width: 767px) 89vw, (max-width: 1000px) 54vw, (max-width: 1071px) 543px, 580px\" \/><\/p>\n<h3>Des offres sp\u00e9ciales Salon Baby<\/h3>\n<p>Pour l&rsquo;occasion, vous profiterez d&rsquo;offres exclusives sur notre stand du Salon Baby. Gardez un \u0153il sur <span style=\"color: #0000ff;\"><a style=\"color: #0000ff;\" href=\"https:\/\/www.enjoyfamily.fr\/salon-baby-salon-des-futurs-et-jeunes-parents\/offres-speciales-salon\/\" target=\"_blank\" rel=\"noopener noreferrer\">la page des offres du site Enjoy Family<\/a><\/span>, ces promotions ne tarderont pas \u00e0 \u00eatre publi\u00e9es !<\/p>\n<p>Alors, on se voit en octobre \u00e0 Paris ?<\/p>\n<p><iframe loading=\"lazy\" src=\"https:\/\/www.youtube.com\/embed\/LHs-XmxoUag\" width=\"560\" height=\"315\" frameborder=\"0\" allowfullscreen=\"allowfullscreen\"><\/iframe><\/p>\n<h4>En savoir plus :<\/h4>\n<p><span style=\"color: #0000ff;\"><a style=\"color: #0000ff;\" href=\"https:\/\/www.enjoyfamily.fr\/salon-baby-salon-des-futurs-et-jeunes-parents\/\" target=\"_blank\" rel=\"noopener noreferrer\">Le site officiel du Salon Baby-Enjoy Family<\/a><\/span><\/p>\n<h4>Ces articles pourraient aussi vous int\u00e9resser :<\/h4>\n<p><span style=\"color: #0000ff;\"><a style=\"color: #0000ff;\" href=\"https:\/\/annaetmatteo.com\/blog\/le-monde-danna-et-matteo-au-salon-baby\/\" target=\"_blank\" rel=\"noopener noreferrer\">Le Monde d&rsquo;Anna et Matteo au salon Baby !<\/a><\/span><\/p>\n<p><span style=\"color: #0000ff;\"><a style=\"color: #0000ff;\" href=\"https:\/\/annaetmatteo.com\/blog\/le-monde-danna-et-matteo-sinstalle-a-grasse\/\" target=\"_blank\" rel=\"noopener noreferrer\">Le Monde d&rsquo;Anna et Matteo s&rsquo;installe \u00e0 Grasse<\/a><\/span><\/p>\n<p><span style=\"color: #0000ff;\"><a style=\"color: #0000ff;\" href=\"https:\/\/annaetmatteo.com\/blog\/colliers-de-portage-et-d-allaitement\/\" target=\"_blank\" rel=\"noopener noreferrer\">Les colliers de portage et d&rsquo;allaitement, c&rsquo;est quoi ?<\/a><\/span><\/p>\n<p><span style=\"color: #0000ff;\"><a style=\"color: #0000ff;\" href=\"https:\/\/annaetmatteo.com\/blog\/attache-tetine-pourquoi-22-cm\/\" target=\"_blank\" rel=\"noopener noreferrer\">Attache-t\u00e9tine : pourquoi 22 cm ?<\/a><\/span><\/p>\n<p>&nbsp;<\/p>\n","protected":false},"excerpt":{"rendered":"<p>L&rsquo;atelier a beau avoir d\u00e9m\u00e9nag\u00e9 \u00e0 Grasse, Le Monde d&rsquo;Anna et Matteo rejoindra la capitale les 4-5-6 octobre 2019 pour participer au Salon Baby. Rendez-vous Porte de la Villette, \u00e0 Paris, et surveillez bien nos r\u00e9seaux sociaux ! On vous dit pourquoi&#8230;<\/p>\n","protected":false},"author":1,"featured_media":748,"comment_status":"open","ping_status":"open","sticky":false,"template":"","format":"standard","meta":[],"categories":[1],"tags":[],"yoast_head":"<!-- This site is optimized with the Yoast SEO plugin v18.0 - https:\/\/yoast.com\/wordpress\/plugins\/seo\/ -->\n<title>Le Monde d&#039;Anna et Matteo au Salon Baby de Paris la Villette !<\/title>\n<meta name=\"description\" content=\"Retrouvez-nous les 4-5-6 octobre 2019 au Salon Baby de Paris Porte de la Villette. Gagnez des invitations sur nos r\u00e9seaux sociaux !\" \/>\n<meta name=\"robots\" content=\"index, follow, max-snippet:-1, max-image-preview:large, max-video-preview:-1\" \/>\n<link rel=\"canonical\" href=\"https:\/\/annaetmatteo.com\/blog\/le-monde-danna-et-matteo-au-salon-baby-de-paris-la-villette\/\" \/>\n<meta property=\"og:locale\" content=\"fr_FR\" \/>\n<meta property=\"og:type\" content=\"article\" \/>\n<meta property=\"og:title\" content=\"Le Monde d&#039;Anna et Matteo au Salon Baby de Paris la Villette !\" \/>\n<meta property=\"og:description\" content=\"Retrouvez-nous les 4-5-6 octobre 2019 au Salon Baby de Paris Porte de la Villette. Gagnez des invitations sur nos r\u00e9seaux sociaux !\" \/>\n<meta property=\"og:url\" content=\"https:\/\/annaetmatteo.com\/blog\/le-monde-danna-et-matteo-au-salon-baby-de-paris-la-villette\/\" \/>\n<meta property=\"og:site_name\" content=\"Blog du Monde d&#039;Anna et Matteo\" \/>\n<meta property=\"article:publisher\" content=\"https:\/\/www.facebook.com\/AnnaEtMatteo\/\" \/>\n<meta property=\"article:author\" content=\"https:\/\/www.facebook.com\/AnnaEtMatteo\/\" \/>\n<meta property=\"article:published_time\" content=\"2019-08-22T19:58:12+00:00\" \/>\n<meta property=\"og:image\" content=\"https:\/\/annaetmatteo.com\/blog\/wp-content\/uploads\/2019\/08\/salon-baby-paris-la-villette.jpg\" \/>\n\t<meta property=\"og:image:width\" content=\"1000\" \/>\n\t<meta property=\"og:image:height\" content=\"400\" \/>\n\t<meta property=\"og:image:type\" content=\"image\/jpeg\" \/>\n<meta name=\"twitter:card\" content=\"summary_large_image\" \/>\n<meta name=\"twitter:creator\" content=\"@AnnaEtMatteo\" \/>\n<meta name=\"twitter:site\" content=\"@AnnaEtMatteo\" \/>\n<meta name=\"twitter:label1\" content=\"\u00c9crit par\" \/>\n\t<meta name=\"twitter:data1\" content=\"M\u00e9lanie &amp; Arnaud | Le Monde d'Anna et Matteo\" \/>\n\t<meta name=\"twitter:label2\" content=\"Dur\u00e9e de lecture estim\u00e9e\" \/>\n\t<meta name=\"twitter:data2\" content=\"1 minute\" \/>\n<script type=\"application\/ld+json\" class=\"yoast-schema-graph\">{\"@context\":\"https:\/\/schema.org\",\"@graph\":[{\"@type\":\"Organization\",\"@id\":\"https:\/\/annaetmatteo.com\/blog\/#organization\",\"name\":\"Le Monde d'Anna et Matteo\",\"url\":\"https:\/\/annaetmatteo.com\/blog\/\",\"sameAs\":[\"https:\/\/www.facebook.com\/AnnaEtMatteo\/\",\"https:\/\/www.instagram.com\/annaetmatteo\/\",\"https:\/\/www.youtube.com\/channel\/UCSce5n3L_8dmB8yTwbXnCwA\/f\",\"https:\/\/www.pinterest.fr\/AnnaEtMatteo\/\",\"https:\/\/twitter.com\/AnnaEtMatteo\"],\"logo\":{\"@type\":\"ImageObject\",\"@id\":\"https:\/\/annaetmatteo.com\/blog\/#logo\",\"inLanguage\":\"fr-FR\",\"url\":\"https:\/\/annaetmatteo.com\/blog\/wp-content\/uploads\/2018\/04\/rbU69AmF_400x400-1.jpg\",\"contentUrl\":\"https:\/\/annaetmatteo.com\/blog\/wp-content\/uploads\/2018\/04\/rbU69AmF_400x400-1.jpg\",\"width\":240,\"height\":240,\"caption\":\"Le Monde d'Anna et Matteo\"},\"image\":{\"@id\":\"https:\/\/annaetmatteo.com\/blog\/#logo\"}},{\"@type\":\"WebSite\",\"@id\":\"https:\/\/annaetmatteo.com\/blog\/#website\",\"url\":\"https:\/\/annaetmatteo.com\/blog\/\",\"name\":\"Blog du Monde d&#039;Anna et Matteo\",\"description\":\"\",\"publisher\":{\"@id\":\"https:\/\/annaetmatteo.com\/blog\/#organization\"},\"potentialAction\":[{\"@type\":\"SearchAction\",\"target\":{\"@type\":\"EntryPoint\",\"urlTemplate\":\"https:\/\/annaetmatteo.com\/blog\/?s={search_term_string}\"},\"query-input\":\"required name=search_term_string\"}],\"inLanguage\":\"fr-FR\"},{\"@type\":\"ImageObject\",\"@id\":\"https:\/\/annaetmatteo.com\/blog\/le-monde-danna-et-matteo-au-salon-baby-de-paris-la-villette\/#primaryimage\",\"inLanguage\":\"fr-FR\",\"url\":\"https:\/\/annaetmatteo.com\/blog\/wp-content\/uploads\/2019\/08\/salon-baby-paris-la-villette.jpg\",\"contentUrl\":\"https:\/\/annaetmatteo.com\/blog\/wp-content\/uploads\/2019\/08\/salon-baby-paris-la-villette.jpg\",\"width\":1000,\"height\":400,\"caption\":\"Salon Baby Paris Porte de la Villette\"},{\"@type\":\"WebPage\",\"@id\":\"https:\/\/annaetmatteo.com\/blog\/le-monde-danna-et-matteo-au-salon-baby-de-paris-la-villette\/#webpage\",\"url\":\"https:\/\/annaetmatteo.com\/blog\/le-monde-danna-et-matteo-au-salon-baby-de-paris-la-villette\/\",\"name\":\"Le Monde d'Anna et Matteo au Salon Baby de Paris la Villette !\",\"isPartOf\":{\"@id\":\"https:\/\/annaetmatteo.com\/blog\/#website\"},\"primaryImageOfPage\":{\"@id\":\"https:\/\/annaetmatteo.com\/blog\/le-monde-danna-et-matteo-au-salon-baby-de-paris-la-villette\/#primaryimage\"},\"datePublished\":\"2019-08-22T19:58:12+00:00\",\"dateModified\":\"2019-08-22T19:58:12+00:00\",\"description\":\"Retrouvez-nous les 4-5-6 octobre 2019 au Salon Baby de Paris Porte de la Villette. Gagnez des invitations sur nos r\u00e9seaux sociaux !\",\"breadcrumb\":{\"@id\":\"https:\/\/annaetmatteo.com\/blog\/le-monde-danna-et-matteo-au-salon-baby-de-paris-la-villette\/#breadcrumb\"},\"inLanguage\":\"fr-FR\",\"potentialAction\":[{\"@type\":\"ReadAction\",\"target\":[\"https:\/\/annaetmatteo.com\/blog\/le-monde-danna-et-matteo-au-salon-baby-de-paris-la-villette\/\"]}]},{\"@type\":\"BreadcrumbList\",\"@id\":\"https:\/\/annaetmatteo.com\/blog\/le-monde-danna-et-matteo-au-salon-baby-de-paris-la-villette\/#breadcrumb\",\"itemListElement\":[{\"@type\":\"ListItem\",\"position\":1,\"name\":\"Accueil\",\"item\":\"https:\/\/annaetmatteo.com\/blog\/\"},{\"@type\":\"ListItem\",\"position\":2,\"name\":\"Le Monde d&rsquo;Anna et Matteo au Salon Baby de Paris la Villette !\"}]},{\"@type\":\"Article\",\"@id\":\"https:\/\/annaetmatteo.com\/blog\/le-monde-danna-et-matteo-au-salon-baby-de-paris-la-villette\/#article\",\"isPartOf\":{\"@id\":\"https:\/\/annaetmatteo.com\/blog\/le-monde-danna-et-matteo-au-salon-baby-de-paris-la-villette\/#webpage\"},\"author\":{\"@id\":\"https:\/\/annaetmatteo.com\/blog\/#\/schema\/person\/324a22a04fc2477c15496ba8213c7eab\"},\"headline\":\"Le Monde d&rsquo;Anna et Matteo au Salon Baby de Paris la Villette !\",\"datePublished\":\"2019-08-22T19:58:12+00:00\",\"dateModified\":\"2019-08-22T19:58:12+00:00\",\"mainEntityOfPage\":{\"@id\":\"https:\/\/annaetmatteo.com\/blog\/le-monde-danna-et-matteo-au-salon-baby-de-paris-la-villette\/#webpage\"},\"wordCount\":305,\"commentCount\":0,\"publisher\":{\"@id\":\"https:\/\/annaetmatteo.com\/blog\/#organization\"},\"image\":{\"@id\":\"https:\/\/annaetmatteo.com\/blog\/le-monde-danna-et-matteo-au-salon-baby-de-paris-la-villette\/#primaryimage\"},\"thumbnailUrl\":\"https:\/\/annaetmatteo.com\/blog\/wp-content\/uploads\/2019\/08\/salon-baby-paris-la-villette.jpg\",\"inLanguage\":\"fr-FR\",\"potentialAction\":[{\"@type\":\"CommentAction\",\"name\":\"Comment\",\"target\":[\"https:\/\/annaetmatteo.com\/blog\/le-monde-danna-et-matteo-au-salon-baby-de-paris-la-villette\/#respond\"]}]},{\"@type\":\"Person\",\"@id\":\"https:\/\/annaetmatteo.com\/blog\/#\/schema\/person\/324a22a04fc2477c15496ba8213c7eab\",\"name\":\"M\u00e9lanie &amp; Arnaud | Le Monde d'Anna et Matteo\",\"image\":{\"@type\":\"ImageObject\",\"@id\":\"https:\/\/annaetmatteo.com\/blog\/#personlogo\",\"inLanguage\":\"fr-FR\",\"url\":\"https:\/\/secure.gravatar.com\/avatar\/3c48cff264353bcb37bf9b52c1b769e7?s=96&d=mm&r=g\",\"contentUrl\":\"https:\/\/secure.gravatar.com\/avatar\/3c48cff264353bcb37bf9b52c1b769e7?s=96&d=mm&r=g\",\"caption\":\"M\u00e9lanie &amp; Arnaud | Le Monde d'Anna et Matteo\"},\"sameAs\":[\"https:\/\/annaetmatteo.com\",\"https:\/\/www.facebook.com\/AnnaEtMatteo\/\",\"https:\/\/twitter.com\/AnnaEtMatteo\"]}]}<\/script>\n<!-- \/ Yoast SEO plugin. -->","yoast_head_json":{"title":"Le Monde d'Anna et Matteo au Salon Baby de Paris la Villette !","description":"Retrouvez-nous les 4-5-6 octobre 2019 au Salon Baby de Paris Porte de la Villette. Gagnez des invitations sur nos r\u00e9seaux sociaux !","robots":{"index":"index","follow":"follow","max-snippet":"max-snippet:-1","max-image-preview":"max-image-preview:large","max-video-preview":"max-video-preview:-1"},"canonical":"https:\/\/annaetmatteo.com\/blog\/le-monde-danna-et-matteo-au-salon-baby-de-paris-la-villette\/","og_locale":"fr_FR","og_type":"article","og_title":"Le Monde d'Anna et Matteo au Salon Baby de Paris la Villette !","og_description":"Retrouvez-nous les 4-5-6 octobre 2019 au Salon Baby de Paris Porte de la Villette. Gagnez des invitations sur nos r\u00e9seaux sociaux !","og_url":"https:\/\/annaetmatteo.com\/blog\/le-monde-danna-et-matteo-au-salon-baby-de-paris-la-villette\/","og_site_name":"Blog du Monde d&#039;Anna et Matteo","article_publisher":"https:\/\/www.facebook.com\/AnnaEtMatteo\/","article_author":"https:\/\/www.facebook.com\/AnnaEtMatteo\/","article_published_time":"2019-08-22T19:58:12+00:00","og_image":[{"width":1000,"height":400,"url":"https:\/\/annaetmatteo.com\/blog\/wp-content\/uploads\/2019\/08\/salon-baby-paris-la-villette.jpg","type":"image\/jpeg"}],"twitter_card":"summary_large_image","twitter_creator":"@AnnaEtMatteo","twitter_site":"@AnnaEtMatteo","twitter_misc":{"\u00c9crit par":"M\u00e9lanie &amp; Arnaud | Le Monde d'Anna et Matteo","Dur\u00e9e de lecture estim\u00e9e":"1 minute"},"schema":{"@context":"https:\/\/schema.org","@graph":[{"@type":"Organization","@id":"https:\/\/annaetmatteo.com\/blog\/#organization","name":"Le Monde d'Anna et Matteo","url":"https:\/\/annaetmatteo.com\/blog\/","sameAs":["https:\/\/www.facebook.com\/AnnaEtMatteo\/","https:\/\/www.instagram.com\/annaetmatteo\/","https:\/\/www.youtube.com\/channel\/UCSce5n3L_8dmB8yTwbXnCwA\/f","https:\/\/www.pinterest.fr\/AnnaEtMatteo\/","https:\/\/twitter.com\/AnnaEtMatteo"],"logo":{"@type":"ImageObject","@id":"https:\/\/annaetmatteo.com\/blog\/#logo","inLanguage":"fr-FR","url":"https:\/\/annaetmatteo.com\/blog\/wp-content\/uploads\/2018\/04\/rbU69AmF_400x400-1.jpg","contentUrl":"https:\/\/annaetmatteo.com\/blog\/wp-content\/uploads\/2018\/04\/rbU69AmF_400x400-1.jpg","width":240,"height":240,"caption":"Le Monde d'Anna et Matteo"},"image":{"@id":"https:\/\/annaetmatteo.com\/blog\/#logo"}},{"@type":"WebSite","@id":"https:\/\/annaetmatteo.com\/blog\/#website","url":"https:\/\/annaetmatteo.com\/blog\/","name":"Blog du Monde d&#039;Anna et Matteo","description":"","publisher":{"@id":"https:\/\/annaetmatteo.com\/blog\/#organization"},"potentialAction":[{"@type":"SearchAction","target":{"@type":"EntryPoint","urlTemplate":"https:\/\/annaetmatteo.com\/blog\/?s={search_term_string}"},"query-input":"required name=search_term_string"}],"inLanguage":"fr-FR"},{"@type":"ImageObject","@id":"https:\/\/annaetmatteo.com\/blog\/le-monde-danna-et-matteo-au-salon-baby-de-paris-la-villette\/#primaryimage","inLanguage":"fr-FR","url":"https:\/\/annaetmatteo.com\/blog\/wp-content\/uploads\/2019\/08\/salon-baby-paris-la-villette.jpg","contentUrl":"https:\/\/annaetmatteo.com\/blog\/wp-content\/uploads\/2019\/08\/salon-baby-paris-la-villette.jpg","width":1000,"height":400,"caption":"Salon Baby Paris Porte de la Villette"},{"@type":"WebPage","@id":"https:\/\/annaetmatteo.com\/blog\/le-monde-danna-et-matteo-au-salon-baby-de-paris-la-villette\/#webpage","url":"https:\/\/annaetmatteo.com\/blog\/le-monde-danna-et-matteo-au-salon-baby-de-paris-la-villette\/","name":"Le Monde d'Anna et Matteo au Salon Baby de Paris la Villette !","isPartOf":{"@id":"https:\/\/annaetmatteo.com\/blog\/#website"},"primaryImageOfPage":{"@id":"https:\/\/annaetmatteo.com\/blog\/le-monde-danna-et-matteo-au-salon-baby-de-paris-la-villette\/#primaryimage"},"datePublished":"2019-08-22T19:58:12+00:00","dateModified":"2019-08-22T19:58:12+00:00","description":"Retrouvez-nous les 4-5-6 octobre 2019 au Salon Baby de Paris Porte de la Villette. Gagnez des invitations sur nos r\u00e9seaux sociaux !","breadcrumb":{"@id":"https:\/\/annaetmatteo.com\/blog\/le-monde-danna-et-matteo-au-salon-baby-de-paris-la-villette\/#breadcrumb"},"inLanguage":"fr-FR","potentialAction":[{"@type":"ReadAction","target":["https:\/\/annaetmatteo.com\/blog\/le-monde-danna-et-matteo-au-salon-baby-de-paris-la-villette\/"]}]},{"@type":"BreadcrumbList","@id":"https:\/\/annaetmatteo.com\/blog\/le-monde-danna-et-matteo-au-salon-baby-de-paris-la-villette\/#breadcrumb","itemListElement":[{"@type":"ListItem","position":1,"name":"Accueil","item":"https:\/\/annaetmatteo.com\/blog\/"},{"@type":"ListItem","position":2,"name":"Le Monde d&rsquo;Anna et Matteo au Salon Baby de Paris la Villette !"}]},{"@type":"Article","@id":"https:\/\/annaetmatteo.com\/blog\/le-monde-danna-et-matteo-au-salon-baby-de-paris-la-villette\/#article","isPartOf":{"@id":"https:\/\/annaetmatteo.com\/blog\/le-monde-danna-et-matteo-au-salon-baby-de-paris-la-villette\/#webpage"},"author":{"@id":"https:\/\/annaetmatteo.com\/blog\/#\/schema\/person\/324a22a04fc2477c15496ba8213c7eab"},"headline":"Le Monde d&rsquo;Anna et Matteo au Salon Baby de Paris la Villette !","datePublished":"2019-08-22T19:58:12+00:00","dateModified":"2019-08-22T19:58:12+00:00","mainEntityOfPage":{"@id":"https:\/\/annaetmatteo.com\/blog\/le-monde-danna-et-matteo-au-salon-baby-de-paris-la-villette\/#webpage"},"wordCount":305,"commentCount":0,"publisher":{"@id":"https:\/\/annaetmatteo.com\/blog\/#organization"},"image":{"@id":"https:\/\/annaetmatteo.com\/blog\/le-monde-danna-et-matteo-au-salon-baby-de-paris-la-villette\/#primaryimage"},"thumbnailUrl":"https:\/\/annaetmatteo.com\/blog\/wp-content\/uploads\/2019\/08\/salon-baby-paris-la-villette.jpg","inLanguage":"fr-FR","potentialAction":[{"@type":"CommentAction","name":"Comment","target":["https:\/\/annaetmatteo.com\/blog\/le-monde-danna-et-matteo-au-salon-baby-de-paris-la-villette\/#respond"]}]},{"@type":"Person","@id":"https:\/\/annaetmatteo.com\/blog\/#\/schema\/person\/324a22a04fc2477c15496ba8213c7eab","name":"M\u00e9lanie &amp; Arnaud | Le Monde d'Anna et Matteo","image":{"@type":"ImageObject","@id":"https:\/\/annaetmatteo.com\/blog\/#personlogo","inLanguage":"fr-FR","url":"https:\/\/secure.gravatar.com\/avatar\/3c48cff264353bcb37bf9b52c1b769e7?s=96&d=mm&r=g","contentUrl":"https:\/\/secure.gravatar.com\/avatar\/3c48cff264353bcb37bf9b52c1b769e7?s=96&d=mm&r=g","caption":"M\u00e9lanie &amp; Arnaud | Le Monde d'Anna et Matteo"},"sameAs":["https:\/\/annaetmatteo.com","https:\/\/www.facebook.com\/AnnaEtMatteo\/","https:\/\/twitter.com\/AnnaEtMatteo"]}]}},"_links":{"self":[{"href":"https:\/\/annaetmatteo.com\/blog\/wp-json\/wp\/v2\/posts\/745"}],"collection":[{"href":"https:\/\/annaetmatteo.com\/blog\/wp-json\/wp\/v2\/posts"}],"about":[{"href":"https:\/\/annaetmatteo.com\/blog\/wp-json\/wp\/v2\/types\/post"}],"author":[{"embeddable":true,"href":"https:\/\/annaetmatteo.com\/blog\/wp-json\/wp\/v2\/users\/1"}],"replies":[{"embeddable":true,"href":"https:\/\/annaetmatteo.com\/blog\/wp-json\/wp\/v2\/comments?post=745"}],"version-history":[{"count":3,"href":"https:\/\/annaetmatteo.com\/blog\/wp-json\/wp\/v2\/posts\/745\/revisions"}],"predecessor-version":[{"id":749,"href":"https:\/\/annaetmatteo.com\/blog\/wp-json\/wp\/v2\/posts\/745\/revisions\/749"}],"wp:featuredmedia":[{"embeddable":true,"href":"https:\/\/annaetmatteo.com\/blog\/wp-json\/wp\/v2\/media\/748"}],"wp:attachment":[{"href":"https:\/\/annaetmatteo.com\/blog\/wp-json\/wp\/v2\/media?parent=745"}],"wp:term":[{"taxonomy":"category","embeddable":true,"href":"https:\/\/annaetmatteo.com\/blog\/wp-json\/wp\/v2\/categories?post=745"},{"taxonomy":"post_tag","embeddable":true,"href":"https:\/\/annaetmatteo.com\/blog\/wp-json\/wp\/v2\/tags?post=745"}],"curies":[{"name":"wp","href":"https:\/\/api.w.org\/{rel}","templated":true}]}}