{"id":736,"date":"2019-08-16T22:04:32","date_gmt":"2019-08-16T20:04:32","guid":{"rendered":"https:\/\/annaetmatteo.com\/blog\/?p=736"},"modified":"2019-08-16T22:04:32","modified_gmt":"2019-08-16T20:04:32","slug":"comment-poussent-les-dents-de-bebe","status":"publish","type":"post","link":"https:\/\/annaetmatteo.com\/blog\/comment-poussent-les-dents-de-bebe\/","title":{"rendered":"Comment poussent les dents de b\u00e9b\u00e9 ?"},"content":{"rendered":"<h2>A quel \u00e2ge et dans quel ordre poussent les dents de b\u00e9b\u00e9 ? Comment soulager b\u00e9b\u00e9 s&rsquo;il a mal pendant les pouss\u00e9es dentaires ? Nous vous proposons un \u00e9claircissement.<\/h2>\n<p><!--more--><\/p>\n<p>S&rsquo;il existe des cas d&rsquo;enfants naissant avec des dents, ou d&rsquo;autres dont les quenottes ne pointent pas leur nez avant 1 an, les dents de b\u00e9b\u00e9 poussent en g\u00e9n\u00e9ral autour de 6 mois.<\/p>\n<p>Les dents de lait sont au nombre de 20 et le d\u00e9veloppement de leurs bourgeons d\u00e9bute durant la vie <em>intra<\/em> ut\u00e9rine. Ces 20 dents, qui pr\u00e9c\u00e8dent les 28 dents d\u00e9finitives (plus 4 dents de sagesse), arrivent en g\u00e9n\u00e9ral dans un ordre bien pr\u00e9cis. D&rsquo;abord, ce sont les incisives, ensuite les canines, puis en dernier les molaires (jusqu&rsquo;\u00e0 l&rsquo;\u00e2ge de 31 mois).<\/p>\n<p><img loading=\"lazy\" class=\"aligncenter size-full wp-image-740\" src=\"https:\/\/annaetmatteo.com\/blog\/wp-content\/uploads\/2019\/08\/bebe-dent-2.png\" alt=\"dent de b\u00e9b\u00e9 qui pousse\" width=\"379\" height=\"640\" srcset=\"https:\/\/annaetmatteo.com\/blog\/wp-content\/uploads\/2019\/08\/bebe-dent-2.png 379w, https:\/\/annaetmatteo.com\/blog\/wp-content\/uploads\/2019\/08\/bebe-dent-2-178x300.png 178w\" sizes=\"(max-width: 379px) 100vw, 379px\" \/><\/p>\n<h3>Les pouss\u00e9es dentaires et leurs bobos<\/h3>\n<p>Tous les enfants ne sont pas \u00e9gaux devant les pouss\u00e9es dentaires. Certains ne se plaindront pas. Pour d&rsquo;autres, la douleurs les fera pleurer \u00e0 chaudes larmes. Dans le cas de notre fille, aucun cri, mais des otites \u00e0 r\u00e9p\u00e9tition ! Avec un seul signe : des pleurs au moment d&rsquo;aller au lit.<\/p>\n<p>Lors de la pouss\u00e9e dentaire, b\u00e9b\u00e9 pourra avoir des sels plus liquides, les fesses et joues rouges, et une salivation plus importante. Il va tenter de mordre tout objet passant entre ses doigts.<\/p>\n<p>Quand les dents de b\u00e9b\u00e9 poussent, il se peut que la gencive enfle au point de former un kyste. Dans ce cas il y a de fortes chances que cela s&rsquo;accompagne de pleurs de douleur.<\/p>\n<figure id=\"attachment_741\" aria-describedby=\"caption-attachment-741\" style=\"width: 800px\" class=\"wp-caption aligncenter\"><img loading=\"lazy\" class=\"size-full wp-image-741\" src=\"https:\/\/annaetmatteo.com\/blog\/wp-content\/uploads\/2019\/08\/bebe-dent-1.jpg\" alt=\"b\u00e9b\u00e9 qui se brosse les dents\" width=\"800\" height=\"571\" srcset=\"https:\/\/annaetmatteo.com\/blog\/wp-content\/uploads\/2019\/08\/bebe-dent-1.jpg 800w, https:\/\/annaetmatteo.com\/blog\/wp-content\/uploads\/2019\/08\/bebe-dent-1-300x214.jpg 300w, https:\/\/annaetmatteo.com\/blog\/wp-content\/uploads\/2019\/08\/bebe-dent-1-768x548.jpg 768w\" sizes=\"(max-width: 767px) 89vw, (max-width: 1000px) 54vw, (max-width: 1071px) 543px, 580px\" \/><figcaption id=\"caption-attachment-741\" class=\"wp-caption-text\">Ne pas oublier : d\u00e8s l&rsquo;apparition de la premi\u00e8re dent il est recommand\u00e9 de d\u00e9buter le brossage.<\/figcaption><\/figure>\n<h3>Comment soulager b\u00e9b\u00e9 quand ses dents poussent ?<\/h3>\n<p>Lors d&rsquo;une pouss\u00e9e dentaire, oubliez certaines id\u00e9es pr\u00e9con\u00e7ues:<\/p>\n<ul>\n<li><span style=\"color: #ff0000;\">On ne frotte pas les gencives avec un sucre, c&rsquo;est agressif et bonjour les caries !<\/span><\/li>\n<li><span style=\"color: #ff0000;\">A cause \u00e9galement du sucre, \u00e9vitez les biscuits de dentition, c&rsquo;est une fausse bonne id\u00e9e!<\/span><\/li>\n<li><span style=\"color: #ff0000;\">Oubliez \u00e9galement les morceaux de l\u00e9gumes crus, car gare au risque d&rsquo;\u00e9touffement !<\/span><\/li>\n<\/ul>\n<p>Parmi les bons gestes, il est possible de\u00a0 frotter les gencives avec vos doigts (propres !!) ou d&rsquo;opter pour <span style=\"color: #0000ff;\"><a style=\"color: #0000ff;\" href=\"https:\/\/annaetmatteo.com\/31-anneaux-de-dentition\" target=\"_blank\" rel=\"noopener noreferrer\">un anneau de dentition<\/a><\/span>. Un mod\u00e8le pourvu de perles en silicone alimentaire peut \u00eatre plac\u00e9 au r\u00e9frig\u00e9rateur, ce qui permet de le refroidir et d&rsquo;endormir la douleur de b\u00e9b\u00e9 gr\u00e2ce au froid quand il mordra dedans. On ne place JAMAIS l&rsquo;anneau au cong\u00e9lateur. Avec la temp\u00e9rature n\u00e9gative, il risquerait de coller aux gencives de b\u00e9b\u00e9 ! Et le froid de le br\u00fbler (oui, cela parait paradoxal).<\/p>\n<p>Et dans tous les cas, n&rsquo;oubliez pas : quand b\u00e9b\u00e9 a mal, rien ne vaut un c\u00e2lin de maman&#8230; Ou de papa \ud83d\ude09<\/p>\n<h4>Ces articles pourraient vous int\u00e9resser :<\/h4>\n<p><span style=\"color: #0000ff;\"><a style=\"color: #0000ff;\" href=\"https:\/\/annaetmatteo.com\/blog\/brosser-les-dents-de-bebe\/\" target=\"_blank\" rel=\"noopener noreferrer\">Quand et comment brosser les dents de b\u00e9b\u00e9 ?<\/a><\/span><\/p>\n<p><span style=\"color: #0000ff;\"><a style=\"color: #0000ff;\" href=\"https:\/\/annaetmatteo.com\/blog\/apprendre-la-proprete\/\" target=\"_blank\" rel=\"noopener noreferrer\">5 conseils pour apprendre la propret\u00e9 \u00e0 son enfant<\/a><\/span><\/p>\n<p><span style=\"color: #0000ff;\"><a style=\"color: #0000ff;\" href=\"https:\/\/annaetmatteo.com\/blog\/doit-on-laver-bebe-tous-les-jours\/\" target=\"_blank\" rel=\"noopener noreferrer\">Doit-on laver b\u00e9b\u00e9 tous les jours ?<\/a><\/span><\/p>\n<p>&nbsp;<\/p>\n","protected":false},"excerpt":{"rendered":"<p>A quel \u00e2ge et dans quel ordre poussent les dents de b\u00e9b\u00e9 ? Comment soulager b\u00e9b\u00e9 s&rsquo;il a mal pendant les pouss\u00e9es dentaires ? Nous vous proposons un \u00e9claircissement.<\/p>\n","protected":false},"author":1,"featured_media":739,"comment_status":"open","ping_status":"open","sticky":false,"template":"","format":"standard","meta":[],"categories":[1],"tags":[],"yoast_head":"<!-- This site is optimized with the Yoast SEO plugin v18.0 - https:\/\/yoast.com\/wordpress\/plugins\/seo\/ -->\n<title>Comment poussent les dents de b\u00e9b\u00e9 ? Nos plans pour le soulager !<\/title>\n<meta name=\"description\" content=\"Les pouss\u00e9es dentaires sont souvent douloureuses. Nous vous expliquons comment poussent les dents de b\u00e9b\u00e9 et comment soulager ses douleurs !\" \/>\n<meta name=\"robots\" content=\"index, follow, max-snippet:-1, max-image-preview:large, max-video-preview:-1\" \/>\n<link rel=\"canonical\" href=\"https:\/\/annaetmatteo.com\/blog\/comment-poussent-les-dents-de-bebe\/\" \/>\n<meta property=\"og:locale\" content=\"fr_FR\" \/>\n<meta property=\"og:type\" content=\"article\" \/>\n<meta property=\"og:title\" content=\"Comment poussent les dents de b\u00e9b\u00e9 ? Nos plans pour le soulager !\" \/>\n<meta property=\"og:description\" content=\"Les pouss\u00e9es dentaires sont souvent douloureuses. Nous vous expliquons comment poussent les dents de b\u00e9b\u00e9 et comment soulager ses douleurs !\" \/>\n<meta property=\"og:url\" content=\"https:\/\/annaetmatteo.com\/blog\/comment-poussent-les-dents-de-bebe\/\" \/>\n<meta property=\"og:site_name\" content=\"Blog du Monde d&#039;Anna et Matteo\" \/>\n<meta property=\"article:publisher\" content=\"https:\/\/www.facebook.com\/AnnaEtMatteo\/\" \/>\n<meta property=\"article:author\" content=\"https:\/\/www.facebook.com\/AnnaEtMatteo\/\" \/>\n<meta property=\"article:published_time\" content=\"2019-08-16T20:04:32+00:00\" \/>\n<meta property=\"og:image\" content=\"https:\/\/annaetmatteo.com\/blog\/wp-content\/uploads\/2019\/08\/bebe-dent-3.jpg\" \/>\n\t<meta property=\"og:image:width\" content=\"1000\" \/>\n\t<meta property=\"og:image:height\" content=\"400\" \/>\n\t<meta property=\"og:image:type\" content=\"image\/jpeg\" \/>\n<meta name=\"twitter:card\" content=\"summary_large_image\" \/>\n<meta name=\"twitter:creator\" content=\"@AnnaEtMatteo\" \/>\n<meta name=\"twitter:site\" content=\"@AnnaEtMatteo\" \/>\n<meta name=\"twitter:label1\" content=\"\u00c9crit par\" \/>\n\t<meta name=\"twitter:data1\" content=\"M\u00e9lanie &amp; Arnaud | Le Monde d'Anna et Matteo\" \/>\n\t<meta name=\"twitter:label2\" content=\"Dur\u00e9e de lecture estim\u00e9e\" \/>\n\t<meta name=\"twitter:data2\" content=\"2 minutes\" \/>\n<script type=\"application\/ld+json\" class=\"yoast-schema-graph\">{\"@context\":\"https:\/\/schema.org\",\"@graph\":[{\"@type\":\"Organization\",\"@id\":\"https:\/\/annaetmatteo.com\/blog\/#organization\",\"name\":\"Le Monde d'Anna et Matteo\",\"url\":\"https:\/\/annaetmatteo.com\/blog\/\",\"sameAs\":[\"https:\/\/www.facebook.com\/AnnaEtMatteo\/\",\"https:\/\/www.instagram.com\/annaetmatteo\/\",\"https:\/\/www.youtube.com\/channel\/UCSce5n3L_8dmB8yTwbXnCwA\/f\",\"https:\/\/www.pinterest.fr\/AnnaEtMatteo\/\",\"https:\/\/twitter.com\/AnnaEtMatteo\"],\"logo\":{\"@type\":\"ImageObject\",\"@id\":\"https:\/\/annaetmatteo.com\/blog\/#logo\",\"inLanguage\":\"fr-FR\",\"url\":\"https:\/\/annaetmatteo.com\/blog\/wp-content\/uploads\/2018\/04\/rbU69AmF_400x400-1.jpg\",\"contentUrl\":\"https:\/\/annaetmatteo.com\/blog\/wp-content\/uploads\/2018\/04\/rbU69AmF_400x400-1.jpg\",\"width\":240,\"height\":240,\"caption\":\"Le Monde d'Anna et Matteo\"},\"image\":{\"@id\":\"https:\/\/annaetmatteo.com\/blog\/#logo\"}},{\"@type\":\"WebSite\",\"@id\":\"https:\/\/annaetmatteo.com\/blog\/#website\",\"url\":\"https:\/\/annaetmatteo.com\/blog\/\",\"name\":\"Blog du Monde d&#039;Anna et Matteo\",\"description\":\"\",\"publisher\":{\"@id\":\"https:\/\/annaetmatteo.com\/blog\/#organization\"},\"potentialAction\":[{\"@type\":\"SearchAction\",\"target\":{\"@type\":\"EntryPoint\",\"urlTemplate\":\"https:\/\/annaetmatteo.com\/blog\/?s={search_term_string}\"},\"query-input\":\"required name=search_term_string\"}],\"inLanguage\":\"fr-FR\"},{\"@type\":\"ImageObject\",\"@id\":\"https:\/\/annaetmatteo.com\/blog\/comment-poussent-les-dents-de-bebe\/#primaryimage\",\"inLanguage\":\"fr-FR\",\"url\":\"https:\/\/annaetmatteo.com\/blog\/wp-content\/uploads\/2019\/08\/bebe-dent-3.jpg\",\"contentUrl\":\"https:\/\/annaetmatteo.com\/blog\/wp-content\/uploads\/2019\/08\/bebe-dent-3.jpg\",\"width\":1000,\"height\":400,\"caption\":\"B\u00e9b\u00e9 dents de lait qui poussent\"},{\"@type\":\"WebPage\",\"@id\":\"https:\/\/annaetmatteo.com\/blog\/comment-poussent-les-dents-de-bebe\/#webpage\",\"url\":\"https:\/\/annaetmatteo.com\/blog\/comment-poussent-les-dents-de-bebe\/\",\"name\":\"Comment poussent les dents de b\u00e9b\u00e9 ? Nos plans pour le soulager !\",\"isPartOf\":{\"@id\":\"https:\/\/annaetmatteo.com\/blog\/#website\"},\"primaryImageOfPage\":{\"@id\":\"https:\/\/annaetmatteo.com\/blog\/comment-poussent-les-dents-de-bebe\/#primaryimage\"},\"datePublished\":\"2019-08-16T20:04:32+00:00\",\"dateModified\":\"2019-08-16T20:04:32+00:00\",\"description\":\"Les pouss\u00e9es dentaires sont souvent douloureuses. Nous vous expliquons comment poussent les dents de b\u00e9b\u00e9 et comment soulager ses douleurs !\",\"breadcrumb\":{\"@id\":\"https:\/\/annaetmatteo.com\/blog\/comment-poussent-les-dents-de-bebe\/#breadcrumb\"},\"inLanguage\":\"fr-FR\",\"potentialAction\":[{\"@type\":\"ReadAction\",\"target\":[\"https:\/\/annaetmatteo.com\/blog\/comment-poussent-les-dents-de-bebe\/\"]}]},{\"@type\":\"BreadcrumbList\",\"@id\":\"https:\/\/annaetmatteo.com\/blog\/comment-poussent-les-dents-de-bebe\/#breadcrumb\",\"itemListElement\":[{\"@type\":\"ListItem\",\"position\":1,\"name\":\"Accueil\",\"item\":\"https:\/\/annaetmatteo.com\/blog\/\"},{\"@type\":\"ListItem\",\"position\":2,\"name\":\"Comment poussent les dents de b\u00e9b\u00e9 ?\"}]},{\"@type\":\"Article\",\"@id\":\"https:\/\/annaetmatteo.com\/blog\/comment-poussent-les-dents-de-bebe\/#article\",\"isPartOf\":{\"@id\":\"https:\/\/annaetmatteo.com\/blog\/comment-poussent-les-dents-de-bebe\/#webpage\"},\"author\":{\"@id\":\"https:\/\/annaetmatteo.com\/blog\/#\/schema\/person\/324a22a04fc2477c15496ba8213c7eab\"},\"headline\":\"Comment poussent les dents de b\u00e9b\u00e9 ?\",\"datePublished\":\"2019-08-16T20:04:32+00:00\",\"dateModified\":\"2019-08-16T20:04:32+00:00\",\"mainEntityOfPage\":{\"@id\":\"https:\/\/annaetmatteo.com\/blog\/comment-poussent-les-dents-de-bebe\/#webpage\"},\"wordCount\":504,\"commentCount\":0,\"publisher\":{\"@id\":\"https:\/\/annaetmatteo.com\/blog\/#organization\"},\"image\":{\"@id\":\"https:\/\/annaetmatteo.com\/blog\/comment-poussent-les-dents-de-bebe\/#primaryimage\"},\"thumbnailUrl\":\"https:\/\/annaetmatteo.com\/blog\/wp-content\/uploads\/2019\/08\/bebe-dent-3.jpg\",\"inLanguage\":\"fr-FR\",\"potentialAction\":[{\"@type\":\"CommentAction\",\"name\":\"Comment\",\"target\":[\"https:\/\/annaetmatteo.com\/blog\/comment-poussent-les-dents-de-bebe\/#respond\"]}]},{\"@type\":\"Person\",\"@id\":\"https:\/\/annaetmatteo.com\/blog\/#\/schema\/person\/324a22a04fc2477c15496ba8213c7eab\",\"name\":\"M\u00e9lanie &amp; Arnaud | Le Monde d'Anna et Matteo\",\"image\":{\"@type\":\"ImageObject\",\"@id\":\"https:\/\/annaetmatteo.com\/blog\/#personlogo\",\"inLanguage\":\"fr-FR\",\"url\":\"https:\/\/secure.gravatar.com\/avatar\/3c48cff264353bcb37bf9b52c1b769e7?s=96&d=mm&r=g\",\"contentUrl\":\"https:\/\/secure.gravatar.com\/avatar\/3c48cff264353bcb37bf9b52c1b769e7?s=96&d=mm&r=g\",\"caption\":\"M\u00e9lanie &amp; Arnaud | Le Monde d'Anna et Matteo\"},\"sameAs\":[\"https:\/\/annaetmatteo.com\",\"https:\/\/www.facebook.com\/AnnaEtMatteo\/\",\"https:\/\/twitter.com\/AnnaEtMatteo\"]}]}<\/script>\n<!-- \/ Yoast SEO plugin. -->","yoast_head_json":{"title":"Comment poussent les dents de b\u00e9b\u00e9 ? Nos plans pour le soulager !","description":"Les pouss\u00e9es dentaires sont souvent douloureuses. Nous vous expliquons comment poussent les dents de b\u00e9b\u00e9 et comment soulager ses douleurs !","robots":{"index":"index","follow":"follow","max-snippet":"max-snippet:-1","max-image-preview":"max-image-preview:large","max-video-preview":"max-video-preview:-1"},"canonical":"https:\/\/annaetmatteo.com\/blog\/comment-poussent-les-dents-de-bebe\/","og_locale":"fr_FR","og_type":"article","og_title":"Comment poussent les dents de b\u00e9b\u00e9 ? Nos plans pour le soulager !","og_description":"Les pouss\u00e9es dentaires sont souvent douloureuses. Nous vous expliquons comment poussent les dents de b\u00e9b\u00e9 et comment soulager ses douleurs !","og_url":"https:\/\/annaetmatteo.com\/blog\/comment-poussent-les-dents-de-bebe\/","og_site_name":"Blog du Monde d&#039;Anna et Matteo","article_publisher":"https:\/\/www.facebook.com\/AnnaEtMatteo\/","article_author":"https:\/\/www.facebook.com\/AnnaEtMatteo\/","article_published_time":"2019-08-16T20:04:32+00:00","og_image":[{"width":1000,"height":400,"url":"https:\/\/annaetmatteo.com\/blog\/wp-content\/uploads\/2019\/08\/bebe-dent-3.jpg","type":"image\/jpeg"}],"twitter_card":"summary_large_image","twitter_creator":"@AnnaEtMatteo","twitter_site":"@AnnaEtMatteo","twitter_misc":{"\u00c9crit par":"M\u00e9lanie &amp; Arnaud | Le Monde d'Anna et Matteo","Dur\u00e9e de lecture estim\u00e9e":"2 minutes"},"schema":{"@context":"https:\/\/schema.org","@graph":[{"@type":"Organization","@id":"https:\/\/annaetmatteo.com\/blog\/#organization","name":"Le Monde d'Anna et Matteo","url":"https:\/\/annaetmatteo.com\/blog\/","sameAs":["https:\/\/www.facebook.com\/AnnaEtMatteo\/","https:\/\/www.instagram.com\/annaetmatteo\/","https:\/\/www.youtube.com\/channel\/UCSce5n3L_8dmB8yTwbXnCwA\/f","https:\/\/www.pinterest.fr\/AnnaEtMatteo\/","https:\/\/twitter.com\/AnnaEtMatteo"],"logo":{"@type":"ImageObject","@id":"https:\/\/annaetmatteo.com\/blog\/#logo","inLanguage":"fr-FR","url":"https:\/\/annaetmatteo.com\/blog\/wp-content\/uploads\/2018\/04\/rbU69AmF_400x400-1.jpg","contentUrl":"https:\/\/annaetmatteo.com\/blog\/wp-content\/uploads\/2018\/04\/rbU69AmF_400x400-1.jpg","width":240,"height":240,"caption":"Le Monde d'Anna et Matteo"},"image":{"@id":"https:\/\/annaetmatteo.com\/blog\/#logo"}},{"@type":"WebSite","@id":"https:\/\/annaetmatteo.com\/blog\/#website","url":"https:\/\/annaetmatteo.com\/blog\/","name":"Blog du Monde d&#039;Anna et Matteo","description":"","publisher":{"@id":"https:\/\/annaetmatteo.com\/blog\/#organization"},"potentialAction":[{"@type":"SearchAction","target":{"@type":"EntryPoint","urlTemplate":"https:\/\/annaetmatteo.com\/blog\/?s={search_term_string}"},"query-input":"required name=search_term_string"}],"inLanguage":"fr-FR"},{"@type":"ImageObject","@id":"https:\/\/annaetmatteo.com\/blog\/comment-poussent-les-dents-de-bebe\/#primaryimage","inLanguage":"fr-FR","url":"https:\/\/annaetmatteo.com\/blog\/wp-content\/uploads\/2019\/08\/bebe-dent-3.jpg","contentUrl":"https:\/\/annaetmatteo.com\/blog\/wp-content\/uploads\/2019\/08\/bebe-dent-3.jpg","width":1000,"height":400,"caption":"B\u00e9b\u00e9 dents de lait qui poussent"},{"@type":"WebPage","@id":"https:\/\/annaetmatteo.com\/blog\/comment-poussent-les-dents-de-bebe\/#webpage","url":"https:\/\/annaetmatteo.com\/blog\/comment-poussent-les-dents-de-bebe\/","name":"Comment poussent les dents de b\u00e9b\u00e9 ? Nos plans pour le soulager !","isPartOf":{"@id":"https:\/\/annaetmatteo.com\/blog\/#website"},"primaryImageOfPage":{"@id":"https:\/\/annaetmatteo.com\/blog\/comment-poussent-les-dents-de-bebe\/#primaryimage"},"datePublished":"2019-08-16T20:04:32+00:00","dateModified":"2019-08-16T20:04:32+00:00","description":"Les pouss\u00e9es dentaires sont souvent douloureuses. Nous vous expliquons comment poussent les dents de b\u00e9b\u00e9 et comment soulager ses douleurs !","breadcrumb":{"@id":"https:\/\/annaetmatteo.com\/blog\/comment-poussent-les-dents-de-bebe\/#breadcrumb"},"inLanguage":"fr-FR","potentialAction":[{"@type":"ReadAction","target":["https:\/\/annaetmatteo.com\/blog\/comment-poussent-les-dents-de-bebe\/"]}]},{"@type":"BreadcrumbList","@id":"https:\/\/annaetmatteo.com\/blog\/comment-poussent-les-dents-de-bebe\/#breadcrumb","itemListElement":[{"@type":"ListItem","position":1,"name":"Accueil","item":"https:\/\/annaetmatteo.com\/blog\/"},{"@type":"ListItem","position":2,"name":"Comment poussent les dents de b\u00e9b\u00e9 ?"}]},{"@type":"Article","@id":"https:\/\/annaetmatteo.com\/blog\/comment-poussent-les-dents-de-bebe\/#article","isPartOf":{"@id":"https:\/\/annaetmatteo.com\/blog\/comment-poussent-les-dents-de-bebe\/#webpage"},"author":{"@id":"https:\/\/annaetmatteo.com\/blog\/#\/schema\/person\/324a22a04fc2477c15496ba8213c7eab"},"headline":"Comment poussent les dents de b\u00e9b\u00e9 ?","datePublished":"2019-08-16T20:04:32+00:00","dateModified":"2019-08-16T20:04:32+00:00","mainEntityOfPage":{"@id":"https:\/\/annaetmatteo.com\/blog\/comment-poussent-les-dents-de-bebe\/#webpage"},"wordCount":504,"commentCount":0,"publisher":{"@id":"https:\/\/annaetmatteo.com\/blog\/#organization"},"image":{"@id":"https:\/\/annaetmatteo.com\/blog\/comment-poussent-les-dents-de-bebe\/#primaryimage"},"thumbnailUrl":"https:\/\/annaetmatteo.com\/blog\/wp-content\/uploads\/2019\/08\/bebe-dent-3.jpg","inLanguage":"fr-FR","potentialAction":[{"@type":"CommentAction","name":"Comment","target":["https:\/\/annaetmatteo.com\/blog\/comment-poussent-les-dents-de-bebe\/#respond"]}]},{"@type":"Person","@id":"https:\/\/annaetmatteo.com\/blog\/#\/schema\/person\/324a22a04fc2477c15496ba8213c7eab","name":"M\u00e9lanie &amp; Arnaud | Le Monde d'Anna et Matteo","image":{"@type":"ImageObject","@id":"https:\/\/annaetmatteo.com\/blog\/#personlogo","inLanguage":"fr-FR","url":"https:\/\/secure.gravatar.com\/avatar\/3c48cff264353bcb37bf9b52c1b769e7?s=96&d=mm&r=g","contentUrl":"https:\/\/secure.gravatar.com\/avatar\/3c48cff264353bcb37bf9b52c1b769e7?s=96&d=mm&r=g","caption":"M\u00e9lanie &amp; Arnaud | Le Monde d'Anna et Matteo"},"sameAs":["https:\/\/annaetmatteo.com","https:\/\/www.facebook.com\/AnnaEtMatteo\/","https:\/\/twitter.com\/AnnaEtMatteo"]}]}},"_links":{"self":[{"href":"https:\/\/annaetmatteo.com\/blog\/wp-json\/wp\/v2\/posts\/736"}],"collection":[{"href":"https:\/\/annaetmatteo.com\/blog\/wp-json\/wp\/v2\/posts"}],"about":[{"href":"https:\/\/annaetmatteo.com\/blog\/wp-json\/wp\/v2\/types\/post"}],"author":[{"embeddable":true,"href":"https:\/\/annaetmatteo.com\/blog\/wp-json\/wp\/v2\/users\/1"}],"replies":[{"embeddable":true,"href":"https:\/\/annaetmatteo.com\/blog\/wp-json\/wp\/v2\/comments?post=736"}],"version-history":[{"count":5,"href":"https:\/\/annaetmatteo.com\/blog\/wp-json\/wp\/v2\/posts\/736\/revisions"}],"predecessor-version":[{"id":744,"href":"https:\/\/annaetmatteo.com\/blog\/wp-json\/wp\/v2\/posts\/736\/revisions\/744"}],"wp:featuredmedia":[{"embeddable":true,"href":"https:\/\/annaetmatteo.com\/blog\/wp-json\/wp\/v2\/media\/739"}],"wp:attachment":[{"href":"https:\/\/annaetmatteo.com\/blog\/wp-json\/wp\/v2\/media?parent=736"}],"wp:term":[{"taxonomy":"category","embeddable":true,"href":"https:\/\/annaetmatteo.com\/blog\/wp-json\/wp\/v2\/categories?post=736"},{"taxonomy":"post_tag","embeddable":true,"href":"https:\/\/annaetmatteo.com\/blog\/wp-json\/wp\/v2\/tags?post=736"}],"curies":[{"name":"wp","href":"https:\/\/api.w.org\/{rel}","templated":true}]}}