{"id":69,"date":"2017-07-18T17:15:00","date_gmt":"2017-07-18T15:15:00","guid":{"rendered":""},"modified":"2018-07-01T11:35:08","modified_gmt":"2018-07-01T09:35:08","slug":"5-choses-a-savoir-pour-un-ete-avec-bebe-a-la-plage","status":"publish","type":"post","link":"https:\/\/annaetmatteo.com\/blog\/5-choses-a-savoir-pour-un-ete-avec-bebe-a-la-plage\/","title":{"rendered":"5 choses \u00e0 savoir pour un \u00e9t\u00e9 avec b\u00e9b\u00e9 \u00e0 la plage"},"content":{"rendered":"<h2>Le soleil, c\u2019est doux, c\u2019est chaud. C\u2019est bon pour la vitamine D. Mais pour passer un bon \u00e9t\u00e9 sans risque \u00e0 la plage avec b\u00e9b\u00e9, il faut aussi savoir s\u2019en prot\u00e9ger. Sa sant\u00e9 en d\u00e9pend.<\/h2>\n<p><!--more--><\/p>\n<div style=\"text-align: left;\">L\u2019\u00e9t\u00e9 est arriv\u00e9, les grandes vacances ont d\u00e9but\u00e9. De nombreux Fran\u00e7ais vont traditionnellement chercher \u00e0 go\u00fbter aux joies du soleil et de la mer. Et quel plaisir de voir b\u00e9b\u00e9 d\u00e9couvrir pour la premi\u00e8re fois le sable, les vagues et la beaut\u00e9 de l\u2019oc\u00e9an\u00a0! Mais attention, car cela peut aussi marquer le d\u00e9but d\u2019une mauvaise aventure. B\u00e9b\u00e9 est fragile face \u00e0 la chaleur et au soleil. Vous tirez la langue en trouvant que la temp\u00e9rature tape dur\u00a0? C\u2019est encore pire pour lui\u00a0! Afin d\u2019\u00e9viter que ce moment de bonheur ne se termine en souvenir d\u00e9sagr\u00e9able, voici nos 5 conseils \u00e0 suivre.<\/div>\n<div><\/div>\n<h3 style=\"text-align: left;\"><span style=\"font-size: large;\">1. Chapeau et lunettes de soleil obligatoires !<\/span><\/h3>\n<div style=\"text-align: left;\">\n<p><span style=\"font-weight: normal;\">L\u2019insolation peut conduire \u00e0 l\u2019h\u00f4pital. Sur la plage, c\u2019est chapeau obligatoire. Oui, souvent un enfant refuse de garder quelque chose sur sa t\u00eate. Mais ce n\u2019est pas pour rien que les mod\u00e8les pour tout petit peuvent \u00eatre nou\u00e9s sous le menton.<\/span><\/p>\n<\/div>\n<div style=\"text-align: left;\">De m\u00eame pour les lunettes de soleil, avec des mod\u00e8les dot\u00e9s d\u2019un \u00e9lastique passant derri\u00e8re la t\u00eate. Le cristallin de l\u2019enfant est immature et le soleil peut causer des d\u00e9g\u00e2ts aux yeux de b\u00e9b\u00e9. On ne plaisante pas avec la qualit\u00e9 des lunettes solaires, la norme CE ne suffit pas. Les verres doivent \u00eatre au moins de cat\u00e9gorie 3. En cas de forte r\u00e9verb\u00e9ration comme en bateau (ou l\u2019hiver au ski) il faut opter pour des cat\u00e9gories 4. \u00c9videmment, on choisit des verres incassables.<\/div>\n<div><\/div>\n<h3 style=\"text-align: left;\"><span style=\"font-size: large;\">2. Parasol et v\u00eatements l\u00e9gers de rigueur<\/span><\/h3>\n<div style=\"text-align: left;\">\n<p>Quand votre enfant joue \u00e0 proximit\u00e9 sans se balader, c\u2019est sous un parasol ou une tente prot\u00e9geant des UV. Ne n\u00e9gligez pas la qualit\u00e9 du parasol, il existe des mod\u00e8les dot\u00e9s de tissus filtrant efficacement les ultra-violets.<\/p>\n<\/div>\n<div style=\"text-align: left;\">Un T-shirt anti-UV, g\u00e9n\u00e9ralement achet\u00e9 dans les boutiques de sport, n\u2019est pas \u00e0 n\u00e9gliger. Couvrez au moins b\u00e9b\u00e9 avec un v\u00eatement l\u00e9ger, m\u00eame s\u2019il n\u2019est trait\u00e9 anti-UV.<\/div>\n<div><\/div>\n<h3 style=\"text-align: left;\"><span style=\"font-size: large;\">3. Enduisez-le de cr\u00e8me solaire<\/span><\/h3>\n<div style=\"text-align: left;\">\n<p>Pour b\u00e9b\u00e9, c\u2019est de l\u2019indice 50+ qu\u2019il faut. Et rien de moins\u00a0! Pr\u00e9f\u00e9rez la cr\u00e8me classique aux pulv\u00e9risateurs. C\u2019est plus facile \u00e0 appliquer en bonnes grosses couches sur la peau. La cr\u00e8me solaire doit \u00eatre appliqu\u00e9e r\u00e9guli\u00e8rement, en particulier si l\u2019enfant s\u2019est baign\u00e9 ou a fortement transpir\u00e9.<\/p>\n<\/div>\n<div style=\"text-align: left;\">\u00a0<u>Attention\u00a0: l\u2019usage du parasol, d\u2019un chapeau et d\u2019un T-shirt anti-UV ne dispense pas de l\u2019utilisation de cr\u00e8me solaire\u00a0!<\/u><\/div>\n<div><\/div>\n<h3 style=\"text-align: left;\"><span style=\"font-size: large;\">4. Hydratez b\u00e9b\u00e9\u00a0!<\/span><\/h3>\n<div style=\"text-align: left;\">\n<p>Quand votre enfant joue, il ne pense pas \u00e0 boire. Vous devez y penser pour lui. Il est primordial de lui proposer r\u00e9guli\u00e8rement de l\u2019eau que vous aurez pris soin de laisser \u00e0 l\u2019ombre ou dans une glaci\u00e8re. Si \u00e7a permet de mieux faire passer, sucrez tr\u00e8s l\u00e9g\u00e8rement ou mettez une petite goutte de sirop. S\u2019il refuse de boire, humectez lui autant que possible les l\u00e8vres voire humidifiez son corps. Pas \u00e0 l\u2019eau de mer, bien \u00e9videmment\u00a0! Le sel qu\u2019elle contient a exactement l\u2019effet inverse.<\/p>\n<h3><span style=\"font-size: large;\">5. Choisissez des horaires adapt\u00e9s.<\/span><\/h3>\n<\/div>\n<div style=\"text-align: left;\">\n<p>Vous \u00eates en vacances, c\u2019est absurde de foncer \u00e0 la plage aussit\u00f4t le repas du midi aval\u00e9. Et c\u2019est nocif pour b\u00e9b\u00e9\u00a0! Le soleil tape fort l\u2019\u00e9t\u00e9, d\u2019autant plus quand il est proche de son z\u00e9nith. Mieux vaut aller \u00e0 la plage le matin jusqu\u2019\u00e0 11h maximum ou en fin d\u2019apr\u00e8s-midi \u00e0 partir de 17h. En plus, il y aura moins de monde. Profitez en pour laisser votre bambin faire sa sieste avant, il ne sera que plus en forme pour profiter des joies de la mer.<\/p>\n<\/div>\n<div style=\"text-align: left;\"><\/div>\n<div style=\"text-align: left;\"><\/div>\n<div style=\"text-align: left;\">\n<h4>En savoir plus :<\/h4>\n<\/div>\n<div style=\"text-align: left;\"><span style=\"color: #0000ff;\"><a style=\"color: #0000ff;\" href=\"http:\/\/www.pompiers.fr\/grand-public\/prevention-des-risques\/fortes-chaleurs?gclid=EAIaIQobChMIyPz2rLmS1QIVzbvtCh3CQAYfEAAYASAAEgJQfvD_BwE\" target=\"_blank\" rel=\"noopener\">Pr\u00e9venir les dangers des grandes chaleurs avec les Pompiers de France<\/a>.<\/span><\/div>\n<div style=\"text-align: left;\"><span style=\"color: #0000ff;\">\u00a0<\/span><\/div>\n<div style=\"text-align: left;\"><span style=\"color: #0000ff;\"><a style=\"color: #0000ff;\" href=\"http:\/\/www.doctissimo.fr\/html\/sante\/urgence\/sa_913_chaleur.htm\" target=\"_blank\" rel=\"noopener\">Identifier et r\u00e9agir au coup de chaleur avec Doctissimo<\/a><\/span><\/div>\n<div style=\"text-align: left;\"><span style=\"color: #0000ff;\">\u00a0<\/span><\/div>\n<div style=\"text-align: left;\"><span style=\"color: #0000ff;\"><a style=\"color: #0000ff;\" href=\"https:\/\/www.guide-vue.fr\/l-%C5%93il-en-3d\/la-pupille\" target=\"_blank\" rel=\"noopener\">Comprendre le fonctionnement de l\u2019\u0153il en 3D avec Guide-Vue.fr<\/a><\/span><\/div>\n<div style=\"text-align: left;\"><span style=\"color: #0000ff;\">\u00a0<\/span><\/div>\n<div style=\"text-align: left;\"><span style=\"color: #0000ff;\"><a style=\"color: #0000ff;\" href=\"https:\/\/www.quechoisir.org\/guide-d-achat-creme-solaire-n4471\/\" target=\"_blank\" rel=\"noopener\">Le guide d\u2019achat des cr\u00e8mes solaires de l\u2019UFC Que Choisir<\/a><\/span><\/div>\n<div style=\"text-align: left;\"><span style=\"color: #0000ff;\">\u00a0<\/span><\/div>\n<div style=\"text-align: left;\">\n<p><span style=\"color: #0000ff;\"><a style=\"color: #0000ff;\" href=\"http:\/\/www.e-sante.fr\/lunettes-soleil-bebe-aussi\/guide\/1013\" target=\"_blank\" rel=\"noopener\">E-Sant\u00e9 vous parle du choix des lunettes de soleil<\/a><\/span><\/p>\n<h4><\/h4>\n<h4><\/h4>\n<\/div>\n","protected":false},"excerpt":{"rendered":"<p>Le soleil, c\u2019est doux, c\u2019est chaud. C\u2019est bon pour la vitamine D. Mais pour passer un bon \u00e9t\u00e9 sans risque \u00e0 la plage avec b\u00e9b\u00e9, il faut aussi savoir s\u2019en prot\u00e9ger. Sa sant\u00e9 en d\u00e9pend.<\/p>\n","protected":false},"author":2,"featured_media":135,"comment_status":"open","ping_status":"open","sticky":false,"template":"","format":"standard","meta":[],"categories":[1],"tags":[],"yoast_head":"<!-- This site is optimized with the Yoast SEO plugin v18.0 - https:\/\/yoast.com\/wordpress\/plugins\/seo\/ -->\n<title>5 choses \u00e0 savoir pour un \u00e9t\u00e9 avec b\u00e9b\u00e9 \u00e0 la plage - Blog du Monde d&#039;Anna et Matteo<\/title>\n<meta name=\"robots\" content=\"index, follow, max-snippet:-1, max-image-preview:large, max-video-preview:-1\" \/>\n<link rel=\"canonical\" href=\"https:\/\/annaetmatteo.com\/blog\/5-choses-a-savoir-pour-un-ete-avec-bebe-a-la-plage\/\" \/>\n<meta property=\"og:locale\" content=\"fr_FR\" \/>\n<meta property=\"og:type\" content=\"article\" \/>\n<meta property=\"og:title\" content=\"5 choses \u00e0 savoir pour un \u00e9t\u00e9 avec b\u00e9b\u00e9 \u00e0 la plage - Blog du Monde d&#039;Anna et Matteo\" \/>\n<meta property=\"og:description\" content=\"Le soleil, c\u2019est doux, c\u2019est chaud. C\u2019est bon pour la vitamine D. Mais pour passer un bon \u00e9t\u00e9 sans risque \u00e0 la plage avec b\u00e9b\u00e9, il faut aussi savoir s\u2019en prot\u00e9ger. Sa sant\u00e9 en d\u00e9pend.\" \/>\n<meta property=\"og:url\" content=\"https:\/\/annaetmatteo.com\/blog\/5-choses-a-savoir-pour-un-ete-avec-bebe-a-la-plage\/\" \/>\n<meta property=\"og:site_name\" content=\"Blog du Monde d&#039;Anna et Matteo\" \/>\n<meta property=\"article:publisher\" content=\"https:\/\/www.facebook.com\/AnnaEtMatteo\/\" \/>\n<meta property=\"article:published_time\" content=\"2017-07-18T15:15:00+00:00\" \/>\n<meta property=\"article:modified_time\" content=\"2018-07-01T09:35:08+00:00\" \/>\n<meta property=\"og:image\" content=\"https:\/\/annaetmatteo.com\/blog\/wp-content\/uploads\/2017\/07\/child-587526_1280.jpg\" \/>\n\t<meta property=\"og:image:width\" content=\"1024\" \/>\n\t<meta property=\"og:image:height\" content=\"685\" \/>\n\t<meta property=\"og:image:type\" content=\"image\/jpeg\" \/>\n<meta name=\"twitter:card\" content=\"summary_large_image\" \/>\n<meta name=\"twitter:creator\" content=\"@AnnaEtMatteo\" \/>\n<meta name=\"twitter:site\" content=\"@AnnaEtMatteo\" \/>\n<meta name=\"twitter:label1\" content=\"\u00c9crit par\" \/>\n\t<meta name=\"twitter:data1\" content=\"Melanie G.\" \/>\n\t<meta name=\"twitter:label2\" content=\"Dur\u00e9e de lecture estim\u00e9e\" \/>\n\t<meta name=\"twitter:data2\" content=\"4 minutes\" \/>\n<script type=\"application\/ld+json\" class=\"yoast-schema-graph\">{\"@context\":\"https:\/\/schema.org\",\"@graph\":[{\"@type\":\"Organization\",\"@id\":\"https:\/\/annaetmatteo.com\/blog\/#organization\",\"name\":\"Le Monde d'Anna et Matteo\",\"url\":\"https:\/\/annaetmatteo.com\/blog\/\",\"sameAs\":[\"https:\/\/www.facebook.com\/AnnaEtMatteo\/\",\"https:\/\/www.instagram.com\/annaetmatteo\/\",\"https:\/\/www.youtube.com\/channel\/UCSce5n3L_8dmB8yTwbXnCwA\/f\",\"https:\/\/www.pinterest.fr\/AnnaEtMatteo\/\",\"https:\/\/twitter.com\/AnnaEtMatteo\"],\"logo\":{\"@type\":\"ImageObject\",\"@id\":\"https:\/\/annaetmatteo.com\/blog\/#logo\",\"inLanguage\":\"fr-FR\",\"url\":\"https:\/\/annaetmatteo.com\/blog\/wp-content\/uploads\/2018\/04\/rbU69AmF_400x400-1.jpg\",\"contentUrl\":\"https:\/\/annaetmatteo.com\/blog\/wp-content\/uploads\/2018\/04\/rbU69AmF_400x400-1.jpg\",\"width\":240,\"height\":240,\"caption\":\"Le Monde d'Anna et Matteo\"},\"image\":{\"@id\":\"https:\/\/annaetmatteo.com\/blog\/#logo\"}},{\"@type\":\"WebSite\",\"@id\":\"https:\/\/annaetmatteo.com\/blog\/#website\",\"url\":\"https:\/\/annaetmatteo.com\/blog\/\",\"name\":\"Blog du Monde d&#039;Anna et Matteo\",\"description\":\"\",\"publisher\":{\"@id\":\"https:\/\/annaetmatteo.com\/blog\/#organization\"},\"potentialAction\":[{\"@type\":\"SearchAction\",\"target\":{\"@type\":\"EntryPoint\",\"urlTemplate\":\"https:\/\/annaetmatteo.com\/blog\/?s={search_term_string}\"},\"query-input\":\"required name=search_term_string\"}],\"inLanguage\":\"fr-FR\"},{\"@type\":\"ImageObject\",\"@id\":\"https:\/\/annaetmatteo.com\/blog\/5-choses-a-savoir-pour-un-ete-avec-bebe-a-la-plage\/#primaryimage\",\"inLanguage\":\"fr-FR\",\"url\":\"https:\/\/annaetmatteo.com\/blog\/wp-content\/uploads\/2017\/07\/child-587526_1280.jpg\",\"contentUrl\":\"https:\/\/annaetmatteo.com\/blog\/wp-content\/uploads\/2017\/07\/child-587526_1280.jpg\",\"width\":1024,\"height\":685},{\"@type\":\"WebPage\",\"@id\":\"https:\/\/annaetmatteo.com\/blog\/5-choses-a-savoir-pour-un-ete-avec-bebe-a-la-plage\/#webpage\",\"url\":\"https:\/\/annaetmatteo.com\/blog\/5-choses-a-savoir-pour-un-ete-avec-bebe-a-la-plage\/\",\"name\":\"5 choses \u00e0 savoir pour un \u00e9t\u00e9 avec b\u00e9b\u00e9 \u00e0 la plage - Blog du Monde d&#039;Anna et Matteo\",\"isPartOf\":{\"@id\":\"https:\/\/annaetmatteo.com\/blog\/#website\"},\"primaryImageOfPage\":{\"@id\":\"https:\/\/annaetmatteo.com\/blog\/5-choses-a-savoir-pour-un-ete-avec-bebe-a-la-plage\/#primaryimage\"},\"datePublished\":\"2017-07-18T15:15:00+00:00\",\"dateModified\":\"2018-07-01T09:35:08+00:00\",\"breadcrumb\":{\"@id\":\"https:\/\/annaetmatteo.com\/blog\/5-choses-a-savoir-pour-un-ete-avec-bebe-a-la-plage\/#breadcrumb\"},\"inLanguage\":\"fr-FR\",\"potentialAction\":[{\"@type\":\"ReadAction\",\"target\":[\"https:\/\/annaetmatteo.com\/blog\/5-choses-a-savoir-pour-un-ete-avec-bebe-a-la-plage\/\"]}]},{\"@type\":\"BreadcrumbList\",\"@id\":\"https:\/\/annaetmatteo.com\/blog\/5-choses-a-savoir-pour-un-ete-avec-bebe-a-la-plage\/#breadcrumb\",\"itemListElement\":[{\"@type\":\"ListItem\",\"position\":1,\"name\":\"Accueil\",\"item\":\"https:\/\/annaetmatteo.com\/blog\/\"},{\"@type\":\"ListItem\",\"position\":2,\"name\":\"5 choses \u00e0 savoir pour un \u00e9t\u00e9 avec b\u00e9b\u00e9 \u00e0 la plage\"}]},{\"@type\":\"Article\",\"@id\":\"https:\/\/annaetmatteo.com\/blog\/5-choses-a-savoir-pour-un-ete-avec-bebe-a-la-plage\/#article\",\"isPartOf\":{\"@id\":\"https:\/\/annaetmatteo.com\/blog\/5-choses-a-savoir-pour-un-ete-avec-bebe-a-la-plage\/#webpage\"},\"author\":{\"@id\":\"https:\/\/annaetmatteo.com\/blog\/#\/schema\/person\/d40e11dbb5b04764907293292dfea887\"},\"headline\":\"5 choses \u00e0 savoir pour un \u00e9t\u00e9 avec b\u00e9b\u00e9 \u00e0 la plage\",\"datePublished\":\"2017-07-18T15:15:00+00:00\",\"dateModified\":\"2018-07-01T09:35:08+00:00\",\"mainEntityOfPage\":{\"@id\":\"https:\/\/annaetmatteo.com\/blog\/5-choses-a-savoir-pour-un-ete-avec-bebe-a-la-plage\/#webpage\"},\"wordCount\":743,\"commentCount\":6,\"publisher\":{\"@id\":\"https:\/\/annaetmatteo.com\/blog\/#organization\"},\"image\":{\"@id\":\"https:\/\/annaetmatteo.com\/blog\/5-choses-a-savoir-pour-un-ete-avec-bebe-a-la-plage\/#primaryimage\"},\"thumbnailUrl\":\"https:\/\/annaetmatteo.com\/blog\/wp-content\/uploads\/2017\/07\/child-587526_1280.jpg\",\"inLanguage\":\"fr-FR\",\"potentialAction\":[{\"@type\":\"CommentAction\",\"name\":\"Comment\",\"target\":[\"https:\/\/annaetmatteo.com\/blog\/5-choses-a-savoir-pour-un-ete-avec-bebe-a-la-plage\/#respond\"]}]},{\"@type\":\"Person\",\"@id\":\"https:\/\/annaetmatteo.com\/blog\/#\/schema\/person\/d40e11dbb5b04764907293292dfea887\",\"name\":\"Melanie G.\",\"image\":{\"@type\":\"ImageObject\",\"@id\":\"https:\/\/annaetmatteo.com\/blog\/#personlogo\",\"inLanguage\":\"fr-FR\",\"url\":\"https:\/\/secure.gravatar.com\/avatar\/?s=96&d=mm&r=g\",\"contentUrl\":\"https:\/\/secure.gravatar.com\/avatar\/?s=96&d=mm&r=g\",\"caption\":\"Melanie G.\"}}]}<\/script>\n<!-- \/ Yoast SEO plugin. -->","yoast_head_json":{"title":"5 choses \u00e0 savoir pour un \u00e9t\u00e9 avec b\u00e9b\u00e9 \u00e0 la plage - Blog du Monde d&#039;Anna et Matteo","robots":{"index":"index","follow":"follow","max-snippet":"max-snippet:-1","max-image-preview":"max-image-preview:large","max-video-preview":"max-video-preview:-1"},"canonical":"https:\/\/annaetmatteo.com\/blog\/5-choses-a-savoir-pour-un-ete-avec-bebe-a-la-plage\/","og_locale":"fr_FR","og_type":"article","og_title":"5 choses \u00e0 savoir pour un \u00e9t\u00e9 avec b\u00e9b\u00e9 \u00e0 la plage - Blog du Monde d&#039;Anna et Matteo","og_description":"Le soleil, c\u2019est doux, c\u2019est chaud. C\u2019est bon pour la vitamine D. Mais pour passer un bon \u00e9t\u00e9 sans risque \u00e0 la plage avec b\u00e9b\u00e9, il faut aussi savoir s\u2019en prot\u00e9ger. Sa sant\u00e9 en d\u00e9pend.","og_url":"https:\/\/annaetmatteo.com\/blog\/5-choses-a-savoir-pour-un-ete-avec-bebe-a-la-plage\/","og_site_name":"Blog du Monde d&#039;Anna et Matteo","article_publisher":"https:\/\/www.facebook.com\/AnnaEtMatteo\/","article_published_time":"2017-07-18T15:15:00+00:00","article_modified_time":"2018-07-01T09:35:08+00:00","og_image":[{"width":1024,"height":685,"url":"https:\/\/annaetmatteo.com\/blog\/wp-content\/uploads\/2017\/07\/child-587526_1280.jpg","type":"image\/jpeg"}],"twitter_card":"summary_large_image","twitter_creator":"@AnnaEtMatteo","twitter_site":"@AnnaEtMatteo","twitter_misc":{"\u00c9crit par":"Melanie G.","Dur\u00e9e de lecture estim\u00e9e":"4 minutes"},"schema":{"@context":"https:\/\/schema.org","@graph":[{"@type":"Organization","@id":"https:\/\/annaetmatteo.com\/blog\/#organization","name":"Le Monde d'Anna et Matteo","url":"https:\/\/annaetmatteo.com\/blog\/","sameAs":["https:\/\/www.facebook.com\/AnnaEtMatteo\/","https:\/\/www.instagram.com\/annaetmatteo\/","https:\/\/www.youtube.com\/channel\/UCSce5n3L_8dmB8yTwbXnCwA\/f","https:\/\/www.pinterest.fr\/AnnaEtMatteo\/","https:\/\/twitter.com\/AnnaEtMatteo"],"logo":{"@type":"ImageObject","@id":"https:\/\/annaetmatteo.com\/blog\/#logo","inLanguage":"fr-FR","url":"https:\/\/annaetmatteo.com\/blog\/wp-content\/uploads\/2018\/04\/rbU69AmF_400x400-1.jpg","contentUrl":"https:\/\/annaetmatteo.com\/blog\/wp-content\/uploads\/2018\/04\/rbU69AmF_400x400-1.jpg","width":240,"height":240,"caption":"Le Monde d'Anna et Matteo"},"image":{"@id":"https:\/\/annaetmatteo.com\/blog\/#logo"}},{"@type":"WebSite","@id":"https:\/\/annaetmatteo.com\/blog\/#website","url":"https:\/\/annaetmatteo.com\/blog\/","name":"Blog du Monde d&#039;Anna et Matteo","description":"","publisher":{"@id":"https:\/\/annaetmatteo.com\/blog\/#organization"},"potentialAction":[{"@type":"SearchAction","target":{"@type":"EntryPoint","urlTemplate":"https:\/\/annaetmatteo.com\/blog\/?s={search_term_string}"},"query-input":"required name=search_term_string"}],"inLanguage":"fr-FR"},{"@type":"ImageObject","@id":"https:\/\/annaetmatteo.com\/blog\/5-choses-a-savoir-pour-un-ete-avec-bebe-a-la-plage\/#primaryimage","inLanguage":"fr-FR","url":"https:\/\/annaetmatteo.com\/blog\/wp-content\/uploads\/2017\/07\/child-587526_1280.jpg","contentUrl":"https:\/\/annaetmatteo.com\/blog\/wp-content\/uploads\/2017\/07\/child-587526_1280.jpg","width":1024,"height":685},{"@type":"WebPage","@id":"https:\/\/annaetmatteo.com\/blog\/5-choses-a-savoir-pour-un-ete-avec-bebe-a-la-plage\/#webpage","url":"https:\/\/annaetmatteo.com\/blog\/5-choses-a-savoir-pour-un-ete-avec-bebe-a-la-plage\/","name":"5 choses \u00e0 savoir pour un \u00e9t\u00e9 avec b\u00e9b\u00e9 \u00e0 la plage - Blog du Monde d&#039;Anna et Matteo","isPartOf":{"@id":"https:\/\/annaetmatteo.com\/blog\/#website"},"primaryImageOfPage":{"@id":"https:\/\/annaetmatteo.com\/blog\/5-choses-a-savoir-pour-un-ete-avec-bebe-a-la-plage\/#primaryimage"},"datePublished":"2017-07-18T15:15:00+00:00","dateModified":"2018-07-01T09:35:08+00:00","breadcrumb":{"@id":"https:\/\/annaetmatteo.com\/blog\/5-choses-a-savoir-pour-un-ete-avec-bebe-a-la-plage\/#breadcrumb"},"inLanguage":"fr-FR","potentialAction":[{"@type":"ReadAction","target":["https:\/\/annaetmatteo.com\/blog\/5-choses-a-savoir-pour-un-ete-avec-bebe-a-la-plage\/"]}]},{"@type":"BreadcrumbList","@id":"https:\/\/annaetmatteo.com\/blog\/5-choses-a-savoir-pour-un-ete-avec-bebe-a-la-plage\/#breadcrumb","itemListElement":[{"@type":"ListItem","position":1,"name":"Accueil","item":"https:\/\/annaetmatteo.com\/blog\/"},{"@type":"ListItem","position":2,"name":"5 choses \u00e0 savoir pour un \u00e9t\u00e9 avec b\u00e9b\u00e9 \u00e0 la plage"}]},{"@type":"Article","@id":"https:\/\/annaetmatteo.com\/blog\/5-choses-a-savoir-pour-un-ete-avec-bebe-a-la-plage\/#article","isPartOf":{"@id":"https:\/\/annaetmatteo.com\/blog\/5-choses-a-savoir-pour-un-ete-avec-bebe-a-la-plage\/#webpage"},"author":{"@id":"https:\/\/annaetmatteo.com\/blog\/#\/schema\/person\/d40e11dbb5b04764907293292dfea887"},"headline":"5 choses \u00e0 savoir pour un \u00e9t\u00e9 avec b\u00e9b\u00e9 \u00e0 la plage","datePublished":"2017-07-18T15:15:00+00:00","dateModified":"2018-07-01T09:35:08+00:00","mainEntityOfPage":{"@id":"https:\/\/annaetmatteo.com\/blog\/5-choses-a-savoir-pour-un-ete-avec-bebe-a-la-plage\/#webpage"},"wordCount":743,"commentCount":6,"publisher":{"@id":"https:\/\/annaetmatteo.com\/blog\/#organization"},"image":{"@id":"https:\/\/annaetmatteo.com\/blog\/5-choses-a-savoir-pour-un-ete-avec-bebe-a-la-plage\/#primaryimage"},"thumbnailUrl":"https:\/\/annaetmatteo.com\/blog\/wp-content\/uploads\/2017\/07\/child-587526_1280.jpg","inLanguage":"fr-FR","potentialAction":[{"@type":"CommentAction","name":"Comment","target":["https:\/\/annaetmatteo.com\/blog\/5-choses-a-savoir-pour-un-ete-avec-bebe-a-la-plage\/#respond"]}]},{"@type":"Person","@id":"https:\/\/annaetmatteo.com\/blog\/#\/schema\/person\/d40e11dbb5b04764907293292dfea887","name":"Melanie G.","image":{"@type":"ImageObject","@id":"https:\/\/annaetmatteo.com\/blog\/#personlogo","inLanguage":"fr-FR","url":"https:\/\/secure.gravatar.com\/avatar\/?s=96&d=mm&r=g","contentUrl":"https:\/\/secure.gravatar.com\/avatar\/?s=96&d=mm&r=g","caption":"Melanie G."}}]}},"_links":{"self":[{"href":"https:\/\/annaetmatteo.com\/blog\/wp-json\/wp\/v2\/posts\/69"}],"collection":[{"href":"https:\/\/annaetmatteo.com\/blog\/wp-json\/wp\/v2\/posts"}],"about":[{"href":"https:\/\/annaetmatteo.com\/blog\/wp-json\/wp\/v2\/types\/post"}],"author":[{"embeddable":true,"href":"https:\/\/annaetmatteo.com\/blog\/wp-json\/wp\/v2\/users\/2"}],"replies":[{"embeddable":true,"href":"https:\/\/annaetmatteo.com\/blog\/wp-json\/wp\/v2\/comments?post=69"}],"version-history":[{"count":4,"href":"https:\/\/annaetmatteo.com\/blog\/wp-json\/wp\/v2\/posts\/69\/revisions"}],"predecessor-version":[{"id":318,"href":"https:\/\/annaetmatteo.com\/blog\/wp-json\/wp\/v2\/posts\/69\/revisions\/318"}],"wp:featuredmedia":[{"embeddable":true,"href":"https:\/\/annaetmatteo.com\/blog\/wp-json\/wp\/v2\/media\/135"}],"wp:attachment":[{"href":"https:\/\/annaetmatteo.com\/blog\/wp-json\/wp\/v2\/media?parent=69"}],"wp:term":[{"taxonomy":"category","embeddable":true,"href":"https:\/\/annaetmatteo.com\/blog\/wp-json\/wp\/v2\/categories?post=69"},{"taxonomy":"post_tag","embeddable":true,"href":"https:\/\/annaetmatteo.com\/blog\/wp-json\/wp\/v2\/tags?post=69"}],"curies":[{"name":"wp","href":"https:\/\/api.w.org\/{rel}","templated":true}]}}