{"id":666,"date":"2019-05-09T19:30:00","date_gmt":"2019-05-09T17:30:00","guid":{"rendered":"https:\/\/annaetmatteo.com\/blog\/?p=666"},"modified":"2019-05-09T19:30:00","modified_gmt":"2019-05-09T17:30:00","slug":"doit-on-laver-bebe-tous-les-jours","status":"publish","type":"post","link":"https:\/\/annaetmatteo.com\/blog\/doit-on-laver-bebe-tous-les-jours\/","title":{"rendered":"Doit-on laver b\u00e9b\u00e9 tous les jours ?"},"content":{"rendered":"<h2>La question du lavage de b\u00e9b\u00e9 est normalement abord\u00e9e \u00e0 la maternit\u00e9. Mais pourtant elle interroge toujours les parents qui se sentent coupables de ne pas donner un bain quotidien \u00e0 leurs nouveaux-n\u00e9s.<\/h2>\n<p><!--more--><\/p>\n<p>Quand on devient parent, on est souvent obnubil\u00e9 par l&rsquo;id\u00e9e de bien faire, et la crainte de mal agir. Doit-on laver b\u00e9b\u00e9 tous les jours ? En principe, \u00e0 la maternit\u00e9, le personnel m\u00e9dical ne vous fera donner un bain \u00e0 b\u00e9b\u00e9 que tous les 2 jours maximum. En rentrant chez vous, vous vous demandez souvent s&rsquo;il faut conserver ce rythme.<\/p>\n<p><img loading=\"lazy\" class=\"aligncenter size-full wp-image-669\" src=\"https:\/\/annaetmatteo.com\/blog\/wp-content\/uploads\/2019\/05\/bebe-bain-1.jpg\" alt=\"b\u00e9b\u00e9 dans le bain avec un canard jaune\" width=\"800\" height=\"800\" srcset=\"https:\/\/annaetmatteo.com\/blog\/wp-content\/uploads\/2019\/05\/bebe-bain-1.jpg 800w, https:\/\/annaetmatteo.com\/blog\/wp-content\/uploads\/2019\/05\/bebe-bain-1-150x150.jpg 150w, https:\/\/annaetmatteo.com\/blog\/wp-content\/uploads\/2019\/05\/bebe-bain-1-300x300.jpg 300w, https:\/\/annaetmatteo.com\/blog\/wp-content\/uploads\/2019\/05\/bebe-bain-1-768x768.jpg 768w, https:\/\/annaetmatteo.com\/blog\/wp-content\/uploads\/2019\/05\/bebe-bain-1-100x100.jpg 100w\" sizes=\"(max-width: 767px) 89vw, (max-width: 1000px) 54vw, (max-width: 1071px) 543px, 580px\" \/><\/p>\n<h3>Prot\u00e9ger la peau de b\u00e9b\u00e9<\/h3>\n<p>La peau de b\u00e9b\u00e9 est fine et fragile. En outre, les premiers mois de sa vie il n&rsquo;a pas vraiment l&rsquo;occasion de se salir. Il n&rsquo;est donc pas recommand\u00e9 de laver votre nouveau-n\u00e9 tous les jours. Utilisez bien le savon qui vous sera recommand\u00e9 \u00e0 la maternit\u00e9 et demandez les conseils d&rsquo;un pharmacien avant d&rsquo;en changer.<\/p>\n<p>De m\u00eame, il n&rsquo;est nul besoin de laver la t\u00eate de b\u00e9b\u00e9 \u00e0 chaque bain. D&rsquo;autant qu&rsquo;il faut bien veiller \u00e0 ce que l&rsquo;eau n&rsquo;entre pas dans ses oreilles. Pour laver les cheveux de b\u00e9b\u00e9, l&rsquo;eau seule peut suffire, ou le savon sp\u00e9cial utilis\u00e9 pour son corps. N&rsquo;achetez pas de shampoing enfant lors de ses premiers mois (voire ann\u00e9es) !<\/p>\n<p><img loading=\"lazy\" class=\"aligncenter size-full wp-image-671\" src=\"https:\/\/annaetmatteo.com\/blog\/wp-content\/uploads\/2019\/05\/bebe-bain-3.jpg\" alt=\"b\u00e9b\u00e9 dans le bain qui joue \u00e0 l'eau\" width=\"1000\" height=\"666\" srcset=\"https:\/\/annaetmatteo.com\/blog\/wp-content\/uploads\/2019\/05\/bebe-bain-3.jpg 1000w, https:\/\/annaetmatteo.com\/blog\/wp-content\/uploads\/2019\/05\/bebe-bain-3-300x200.jpg 300w, https:\/\/annaetmatteo.com\/blog\/wp-content\/uploads\/2019\/05\/bebe-bain-3-768x511.jpg 768w\" sizes=\"(max-width: 767px) 89vw, (max-width: 1000px) 54vw, (max-width: 1071px) 543px, 580px\" \/><\/p>\n<h3>Temp\u00e9rature de l&rsquo;eau et de la salle de bain<\/h3>\n<p>La temp\u00e9rature du bain doit \u00e9galement \u00eatre ma\u00eetris\u00e9e et en aucun cas sup\u00e9rieure \u00e0 37 degr\u00e9s. Il est m\u00eame recommand\u00e9 de la maintenir un peu en-dessous, \u00e0 36 degr\u00e9s.<\/p>\n<p>Attention enfin \u00e0 la temp\u00e9rature de la pi\u00e8ce o\u00f9 vous baignez b\u00e9b\u00e9. Pour qu&rsquo;il n\u2019attrape pas froid apr\u00e8s le bain, il ne faut pas h\u00e9siter \u00e0 utiliser un chauffage d&rsquo;appoint pour la maintenir autour de 25 degr\u00e9s !<\/p>\n<p>En suivant ces consignes, votre bambin apprendra avec joie \u00e0 d\u00e9couvrir les plaisirs de l&rsquo;eau et du bain !<\/p>\n<h4>Ces articles pourraient aussi vous int\u00e9resser :<\/h4>\n<p><span style=\"color: #0000ff;\"><a style=\"color: #0000ff;\" href=\"https:\/\/annaetmatteo.com\/blog\/chauffer-la-chambre-de-bebe-en-hiver\/\" target=\"_blank\" rel=\"noopener noreferrer\">Faut-il chauffer la chambre de b\u00e9b\u00e9 en hiver ?<\/a><\/span><\/p>\n<p><span style=\"color: #0000ff;\"><a style=\"color: #0000ff;\" href=\"https:\/\/annaetmatteo.com\/blog\/je-ne-veux-pas-allaiter-dois-je-vraiment-culpabiliser\/\" target=\"_blank\" rel=\"noopener noreferrer\">Je ne veux pas allaiter, dois-je vraiment culpabiliser ?<\/a><\/span><\/p>\n<p><span style=\"color: #0000ff;\"><a style=\"color: #0000ff;\" href=\"https:\/\/annaetmatteo.com\/blog\/comment-habiller-bebe-pour-dormir\/\" target=\"_blank\" rel=\"noopener noreferrer\">Comment habiller b\u00e9b\u00e9 pour dormir ?<\/a><\/span><\/p>\n<p>&nbsp;<\/p>\n","protected":false},"excerpt":{"rendered":"<p>La question du lavage de b\u00e9b\u00e9 est normalement abord\u00e9e \u00e0 la maternit\u00e9. Mais pourtant elle interroge toujours les parents qui se sentent coupables de ne pas donner un bain quotidien \u00e0 leurs nouveaux-n\u00e9s.<\/p>\n","protected":false},"author":1,"featured_media":670,"comment_status":"open","ping_status":"open","sticky":false,"template":"","format":"standard","meta":[],"categories":[1],"tags":[],"yoast_head":"<!-- This site is optimized with the Yoast SEO plugin v18.0 - https:\/\/yoast.com\/wordpress\/plugins\/seo\/ -->\n<title>Doit-on laver b\u00e9b\u00e9 tous les jours ? - Blog du Monde d&#039;Anna et Matteo<\/title>\n<meta name=\"robots\" content=\"index, follow, max-snippet:-1, max-image-preview:large, max-video-preview:-1\" \/>\n<link rel=\"canonical\" href=\"https:\/\/annaetmatteo.com\/blog\/doit-on-laver-bebe-tous-les-jours\/\" \/>\n<meta property=\"og:locale\" content=\"fr_FR\" \/>\n<meta property=\"og:type\" content=\"article\" \/>\n<meta property=\"og:title\" content=\"Doit-on laver b\u00e9b\u00e9 tous les jours ? - Blog du Monde d&#039;Anna et Matteo\" \/>\n<meta property=\"og:description\" content=\"La question du lavage de b\u00e9b\u00e9 est normalement abord\u00e9e \u00e0 la maternit\u00e9. Mais pourtant elle interroge toujours les parents qui se sentent coupables de ne pas donner un bain quotidien \u00e0 leurs nouveaux-n\u00e9s.\" \/>\n<meta property=\"og:url\" content=\"https:\/\/annaetmatteo.com\/blog\/doit-on-laver-bebe-tous-les-jours\/\" \/>\n<meta property=\"og:site_name\" content=\"Blog du Monde d&#039;Anna et Matteo\" \/>\n<meta property=\"article:publisher\" content=\"https:\/\/www.facebook.com\/AnnaEtMatteo\/\" \/>\n<meta property=\"article:author\" content=\"https:\/\/www.facebook.com\/AnnaEtMatteo\/\" \/>\n<meta property=\"article:published_time\" content=\"2019-05-09T17:30:00+00:00\" \/>\n<meta property=\"og:image\" content=\"https:\/\/annaetmatteo.com\/blog\/wp-content\/uploads\/2019\/05\/bebe-bain-2.jpg\" \/>\n\t<meta property=\"og:image:width\" content=\"1000\" \/>\n\t<meta property=\"og:image:height\" content=\"400\" \/>\n\t<meta property=\"og:image:type\" content=\"image\/jpeg\" \/>\n<meta name=\"twitter:card\" content=\"summary_large_image\" \/>\n<meta name=\"twitter:creator\" content=\"@AnnaEtMatteo\" \/>\n<meta name=\"twitter:site\" content=\"@AnnaEtMatteo\" \/>\n<meta name=\"twitter:label1\" content=\"\u00c9crit par\" \/>\n\t<meta name=\"twitter:data1\" content=\"M\u00e9lanie &amp; Arnaud | Le Monde d'Anna et Matteo\" \/>\n\t<meta name=\"twitter:label2\" content=\"Dur\u00e9e de lecture estim\u00e9e\" \/>\n\t<meta name=\"twitter:data2\" content=\"2 minutes\" \/>\n<script type=\"application\/ld+json\" class=\"yoast-schema-graph\">{\"@context\":\"https:\/\/schema.org\",\"@graph\":[{\"@type\":\"Organization\",\"@id\":\"https:\/\/annaetmatteo.com\/blog\/#organization\",\"name\":\"Le Monde d'Anna et Matteo\",\"url\":\"https:\/\/annaetmatteo.com\/blog\/\",\"sameAs\":[\"https:\/\/www.facebook.com\/AnnaEtMatteo\/\",\"https:\/\/www.instagram.com\/annaetmatteo\/\",\"https:\/\/www.youtube.com\/channel\/UCSce5n3L_8dmB8yTwbXnCwA\/f\",\"https:\/\/www.pinterest.fr\/AnnaEtMatteo\/\",\"https:\/\/twitter.com\/AnnaEtMatteo\"],\"logo\":{\"@type\":\"ImageObject\",\"@id\":\"https:\/\/annaetmatteo.com\/blog\/#logo\",\"inLanguage\":\"fr-FR\",\"url\":\"https:\/\/annaetmatteo.com\/blog\/wp-content\/uploads\/2018\/04\/rbU69AmF_400x400-1.jpg\",\"contentUrl\":\"https:\/\/annaetmatteo.com\/blog\/wp-content\/uploads\/2018\/04\/rbU69AmF_400x400-1.jpg\",\"width\":240,\"height\":240,\"caption\":\"Le Monde d'Anna et Matteo\"},\"image\":{\"@id\":\"https:\/\/annaetmatteo.com\/blog\/#logo\"}},{\"@type\":\"WebSite\",\"@id\":\"https:\/\/annaetmatteo.com\/blog\/#website\",\"url\":\"https:\/\/annaetmatteo.com\/blog\/\",\"name\":\"Blog du Monde d&#039;Anna et Matteo\",\"description\":\"\",\"publisher\":{\"@id\":\"https:\/\/annaetmatteo.com\/blog\/#organization\"},\"potentialAction\":[{\"@type\":\"SearchAction\",\"target\":{\"@type\":\"EntryPoint\",\"urlTemplate\":\"https:\/\/annaetmatteo.com\/blog\/?s={search_term_string}\"},\"query-input\":\"required name=search_term_string\"}],\"inLanguage\":\"fr-FR\"},{\"@type\":\"ImageObject\",\"@id\":\"https:\/\/annaetmatteo.com\/blog\/doit-on-laver-bebe-tous-les-jours\/#primaryimage\",\"inLanguage\":\"fr-FR\",\"url\":\"https:\/\/annaetmatteo.com\/blog\/wp-content\/uploads\/2019\/05\/bebe-bain-2.jpg\",\"contentUrl\":\"https:\/\/annaetmatteo.com\/blog\/wp-content\/uploads\/2019\/05\/bebe-bain-2.jpg\",\"width\":1000,\"height\":400,\"caption\":\"b\u00e9b\u00e9 dans sa sortie de bain\"},{\"@type\":\"WebPage\",\"@id\":\"https:\/\/annaetmatteo.com\/blog\/doit-on-laver-bebe-tous-les-jours\/#webpage\",\"url\":\"https:\/\/annaetmatteo.com\/blog\/doit-on-laver-bebe-tous-les-jours\/\",\"name\":\"Doit-on laver b\u00e9b\u00e9 tous les jours ? - Blog du Monde d&#039;Anna et Matteo\",\"isPartOf\":{\"@id\":\"https:\/\/annaetmatteo.com\/blog\/#website\"},\"primaryImageOfPage\":{\"@id\":\"https:\/\/annaetmatteo.com\/blog\/doit-on-laver-bebe-tous-les-jours\/#primaryimage\"},\"datePublished\":\"2019-05-09T17:30:00+00:00\",\"dateModified\":\"2019-05-09T17:30:00+00:00\",\"breadcrumb\":{\"@id\":\"https:\/\/annaetmatteo.com\/blog\/doit-on-laver-bebe-tous-les-jours\/#breadcrumb\"},\"inLanguage\":\"fr-FR\",\"potentialAction\":[{\"@type\":\"ReadAction\",\"target\":[\"https:\/\/annaetmatteo.com\/blog\/doit-on-laver-bebe-tous-les-jours\/\"]}]},{\"@type\":\"BreadcrumbList\",\"@id\":\"https:\/\/annaetmatteo.com\/blog\/doit-on-laver-bebe-tous-les-jours\/#breadcrumb\",\"itemListElement\":[{\"@type\":\"ListItem\",\"position\":1,\"name\":\"Accueil\",\"item\":\"https:\/\/annaetmatteo.com\/blog\/\"},{\"@type\":\"ListItem\",\"position\":2,\"name\":\"Doit-on laver b\u00e9b\u00e9 tous les jours ?\"}]},{\"@type\":\"Article\",\"@id\":\"https:\/\/annaetmatteo.com\/blog\/doit-on-laver-bebe-tous-les-jours\/#article\",\"isPartOf\":{\"@id\":\"https:\/\/annaetmatteo.com\/blog\/doit-on-laver-bebe-tous-les-jours\/#webpage\"},\"author\":{\"@id\":\"https:\/\/annaetmatteo.com\/blog\/#\/schema\/person\/324a22a04fc2477c15496ba8213c7eab\"},\"headline\":\"Doit-on laver b\u00e9b\u00e9 tous les jours ?\",\"datePublished\":\"2019-05-09T17:30:00+00:00\",\"dateModified\":\"2019-05-09T17:30:00+00:00\",\"mainEntityOfPage\":{\"@id\":\"https:\/\/annaetmatteo.com\/blog\/doit-on-laver-bebe-tous-les-jours\/#webpage\"},\"wordCount\":360,\"commentCount\":1,\"publisher\":{\"@id\":\"https:\/\/annaetmatteo.com\/blog\/#organization\"},\"image\":{\"@id\":\"https:\/\/annaetmatteo.com\/blog\/doit-on-laver-bebe-tous-les-jours\/#primaryimage\"},\"thumbnailUrl\":\"https:\/\/annaetmatteo.com\/blog\/wp-content\/uploads\/2019\/05\/bebe-bain-2.jpg\",\"inLanguage\":\"fr-FR\",\"potentialAction\":[{\"@type\":\"CommentAction\",\"name\":\"Comment\",\"target\":[\"https:\/\/annaetmatteo.com\/blog\/doit-on-laver-bebe-tous-les-jours\/#respond\"]}]},{\"@type\":\"Person\",\"@id\":\"https:\/\/annaetmatteo.com\/blog\/#\/schema\/person\/324a22a04fc2477c15496ba8213c7eab\",\"name\":\"M\u00e9lanie &amp; Arnaud | Le Monde d'Anna et Matteo\",\"image\":{\"@type\":\"ImageObject\",\"@id\":\"https:\/\/annaetmatteo.com\/blog\/#personlogo\",\"inLanguage\":\"fr-FR\",\"url\":\"https:\/\/secure.gravatar.com\/avatar\/3c48cff264353bcb37bf9b52c1b769e7?s=96&d=mm&r=g\",\"contentUrl\":\"https:\/\/secure.gravatar.com\/avatar\/3c48cff264353bcb37bf9b52c1b769e7?s=96&d=mm&r=g\",\"caption\":\"M\u00e9lanie &amp; Arnaud | Le Monde d'Anna et Matteo\"},\"sameAs\":[\"https:\/\/annaetmatteo.com\",\"https:\/\/www.facebook.com\/AnnaEtMatteo\/\",\"https:\/\/twitter.com\/AnnaEtMatteo\"]}]}<\/script>\n<!-- \/ Yoast SEO plugin. -->","yoast_head_json":{"title":"Doit-on laver b\u00e9b\u00e9 tous les jours ? - Blog du Monde d&#039;Anna et Matteo","robots":{"index":"index","follow":"follow","max-snippet":"max-snippet:-1","max-image-preview":"max-image-preview:large","max-video-preview":"max-video-preview:-1"},"canonical":"https:\/\/annaetmatteo.com\/blog\/doit-on-laver-bebe-tous-les-jours\/","og_locale":"fr_FR","og_type":"article","og_title":"Doit-on laver b\u00e9b\u00e9 tous les jours ? - Blog du Monde d&#039;Anna et Matteo","og_description":"La question du lavage de b\u00e9b\u00e9 est normalement abord\u00e9e \u00e0 la maternit\u00e9. Mais pourtant elle interroge toujours les parents qui se sentent coupables de ne pas donner un bain quotidien \u00e0 leurs nouveaux-n\u00e9s.","og_url":"https:\/\/annaetmatteo.com\/blog\/doit-on-laver-bebe-tous-les-jours\/","og_site_name":"Blog du Monde d&#039;Anna et Matteo","article_publisher":"https:\/\/www.facebook.com\/AnnaEtMatteo\/","article_author":"https:\/\/www.facebook.com\/AnnaEtMatteo\/","article_published_time":"2019-05-09T17:30:00+00:00","og_image":[{"width":1000,"height":400,"url":"https:\/\/annaetmatteo.com\/blog\/wp-content\/uploads\/2019\/05\/bebe-bain-2.jpg","type":"image\/jpeg"}],"twitter_card":"summary_large_image","twitter_creator":"@AnnaEtMatteo","twitter_site":"@AnnaEtMatteo","twitter_misc":{"\u00c9crit par":"M\u00e9lanie &amp; Arnaud | Le Monde d'Anna et Matteo","Dur\u00e9e de lecture estim\u00e9e":"2 minutes"},"schema":{"@context":"https:\/\/schema.org","@graph":[{"@type":"Organization","@id":"https:\/\/annaetmatteo.com\/blog\/#organization","name":"Le Monde d'Anna et Matteo","url":"https:\/\/annaetmatteo.com\/blog\/","sameAs":["https:\/\/www.facebook.com\/AnnaEtMatteo\/","https:\/\/www.instagram.com\/annaetmatteo\/","https:\/\/www.youtube.com\/channel\/UCSce5n3L_8dmB8yTwbXnCwA\/f","https:\/\/www.pinterest.fr\/AnnaEtMatteo\/","https:\/\/twitter.com\/AnnaEtMatteo"],"logo":{"@type":"ImageObject","@id":"https:\/\/annaetmatteo.com\/blog\/#logo","inLanguage":"fr-FR","url":"https:\/\/annaetmatteo.com\/blog\/wp-content\/uploads\/2018\/04\/rbU69AmF_400x400-1.jpg","contentUrl":"https:\/\/annaetmatteo.com\/blog\/wp-content\/uploads\/2018\/04\/rbU69AmF_400x400-1.jpg","width":240,"height":240,"caption":"Le Monde d'Anna et Matteo"},"image":{"@id":"https:\/\/annaetmatteo.com\/blog\/#logo"}},{"@type":"WebSite","@id":"https:\/\/annaetmatteo.com\/blog\/#website","url":"https:\/\/annaetmatteo.com\/blog\/","name":"Blog du Monde d&#039;Anna et Matteo","description":"","publisher":{"@id":"https:\/\/annaetmatteo.com\/blog\/#organization"},"potentialAction":[{"@type":"SearchAction","target":{"@type":"EntryPoint","urlTemplate":"https:\/\/annaetmatteo.com\/blog\/?s={search_term_string}"},"query-input":"required name=search_term_string"}],"inLanguage":"fr-FR"},{"@type":"ImageObject","@id":"https:\/\/annaetmatteo.com\/blog\/doit-on-laver-bebe-tous-les-jours\/#primaryimage","inLanguage":"fr-FR","url":"https:\/\/annaetmatteo.com\/blog\/wp-content\/uploads\/2019\/05\/bebe-bain-2.jpg","contentUrl":"https:\/\/annaetmatteo.com\/blog\/wp-content\/uploads\/2019\/05\/bebe-bain-2.jpg","width":1000,"height":400,"caption":"b\u00e9b\u00e9 dans sa sortie de bain"},{"@type":"WebPage","@id":"https:\/\/annaetmatteo.com\/blog\/doit-on-laver-bebe-tous-les-jours\/#webpage","url":"https:\/\/annaetmatteo.com\/blog\/doit-on-laver-bebe-tous-les-jours\/","name":"Doit-on laver b\u00e9b\u00e9 tous les jours ? - Blog du Monde d&#039;Anna et Matteo","isPartOf":{"@id":"https:\/\/annaetmatteo.com\/blog\/#website"},"primaryImageOfPage":{"@id":"https:\/\/annaetmatteo.com\/blog\/doit-on-laver-bebe-tous-les-jours\/#primaryimage"},"datePublished":"2019-05-09T17:30:00+00:00","dateModified":"2019-05-09T17:30:00+00:00","breadcrumb":{"@id":"https:\/\/annaetmatteo.com\/blog\/doit-on-laver-bebe-tous-les-jours\/#breadcrumb"},"inLanguage":"fr-FR","potentialAction":[{"@type":"ReadAction","target":["https:\/\/annaetmatteo.com\/blog\/doit-on-laver-bebe-tous-les-jours\/"]}]},{"@type":"BreadcrumbList","@id":"https:\/\/annaetmatteo.com\/blog\/doit-on-laver-bebe-tous-les-jours\/#breadcrumb","itemListElement":[{"@type":"ListItem","position":1,"name":"Accueil","item":"https:\/\/annaetmatteo.com\/blog\/"},{"@type":"ListItem","position":2,"name":"Doit-on laver b\u00e9b\u00e9 tous les jours ?"}]},{"@type":"Article","@id":"https:\/\/annaetmatteo.com\/blog\/doit-on-laver-bebe-tous-les-jours\/#article","isPartOf":{"@id":"https:\/\/annaetmatteo.com\/blog\/doit-on-laver-bebe-tous-les-jours\/#webpage"},"author":{"@id":"https:\/\/annaetmatteo.com\/blog\/#\/schema\/person\/324a22a04fc2477c15496ba8213c7eab"},"headline":"Doit-on laver b\u00e9b\u00e9 tous les jours ?","datePublished":"2019-05-09T17:30:00+00:00","dateModified":"2019-05-09T17:30:00+00:00","mainEntityOfPage":{"@id":"https:\/\/annaetmatteo.com\/blog\/doit-on-laver-bebe-tous-les-jours\/#webpage"},"wordCount":360,"commentCount":1,"publisher":{"@id":"https:\/\/annaetmatteo.com\/blog\/#organization"},"image":{"@id":"https:\/\/annaetmatteo.com\/blog\/doit-on-laver-bebe-tous-les-jours\/#primaryimage"},"thumbnailUrl":"https:\/\/annaetmatteo.com\/blog\/wp-content\/uploads\/2019\/05\/bebe-bain-2.jpg","inLanguage":"fr-FR","potentialAction":[{"@type":"CommentAction","name":"Comment","target":["https:\/\/annaetmatteo.com\/blog\/doit-on-laver-bebe-tous-les-jours\/#respond"]}]},{"@type":"Person","@id":"https:\/\/annaetmatteo.com\/blog\/#\/schema\/person\/324a22a04fc2477c15496ba8213c7eab","name":"M\u00e9lanie &amp; Arnaud | Le Monde d'Anna et Matteo","image":{"@type":"ImageObject","@id":"https:\/\/annaetmatteo.com\/blog\/#personlogo","inLanguage":"fr-FR","url":"https:\/\/secure.gravatar.com\/avatar\/3c48cff264353bcb37bf9b52c1b769e7?s=96&d=mm&r=g","contentUrl":"https:\/\/secure.gravatar.com\/avatar\/3c48cff264353bcb37bf9b52c1b769e7?s=96&d=mm&r=g","caption":"M\u00e9lanie &amp; Arnaud | Le Monde d'Anna et Matteo"},"sameAs":["https:\/\/annaetmatteo.com","https:\/\/www.facebook.com\/AnnaEtMatteo\/","https:\/\/twitter.com\/AnnaEtMatteo"]}]}},"_links":{"self":[{"href":"https:\/\/annaetmatteo.com\/blog\/wp-json\/wp\/v2\/posts\/666"}],"collection":[{"href":"https:\/\/annaetmatteo.com\/blog\/wp-json\/wp\/v2\/posts"}],"about":[{"href":"https:\/\/annaetmatteo.com\/blog\/wp-json\/wp\/v2\/types\/post"}],"author":[{"embeddable":true,"href":"https:\/\/annaetmatteo.com\/blog\/wp-json\/wp\/v2\/users\/1"}],"replies":[{"embeddable":true,"href":"https:\/\/annaetmatteo.com\/blog\/wp-json\/wp\/v2\/comments?post=666"}],"version-history":[{"count":2,"href":"https:\/\/annaetmatteo.com\/blog\/wp-json\/wp\/v2\/posts\/666\/revisions"}],"predecessor-version":[{"id":672,"href":"https:\/\/annaetmatteo.com\/blog\/wp-json\/wp\/v2\/posts\/666\/revisions\/672"}],"wp:featuredmedia":[{"embeddable":true,"href":"https:\/\/annaetmatteo.com\/blog\/wp-json\/wp\/v2\/media\/670"}],"wp:attachment":[{"href":"https:\/\/annaetmatteo.com\/blog\/wp-json\/wp\/v2\/media?parent=666"}],"wp:term":[{"taxonomy":"category","embeddable":true,"href":"https:\/\/annaetmatteo.com\/blog\/wp-json\/wp\/v2\/categories?post=666"},{"taxonomy":"post_tag","embeddable":true,"href":"https:\/\/annaetmatteo.com\/blog\/wp-json\/wp\/v2\/tags?post=666"}],"curies":[{"name":"wp","href":"https:\/\/api.w.org\/{rel}","templated":true}]}}