{"id":657,"date":"2019-05-02T13:56:24","date_gmt":"2019-05-02T11:56:24","guid":{"rendered":"https:\/\/annaetmatteo.com\/blog\/?p=657"},"modified":"2019-05-02T14:08:11","modified_gmt":"2019-05-02T12:08:11","slug":"quelles-lunettes-de-soleil-choisir-pour-bebe","status":"publish","type":"post","link":"https:\/\/annaetmatteo.com\/blog\/quelles-lunettes-de-soleil-choisir-pour-bebe\/","title":{"rendered":"Quelles lunettes de soleil choisir pour b\u00e9b\u00e9 ?"},"content":{"rendered":"<h2>Avec l&rsquo;arriv\u00e9e des beaux jours, le soleil apporte chaleur et r\u00e9confort. Mais pour les yeux de b\u00e9b\u00e9, c&rsquo;est aussi une agression. Afin de prot\u00e9ger les petits des rayons UV nocifs pour leurs yeux, il convient de choisir les bonnes lunettes de soleil !<\/h2>\n<p><!--more-->Avec le mois de mai, le soleil va se faire de plus en plus chaud. Oui, certes, en ce moment ce n&rsquo;est pas ce que la m\u00e9t\u00e9o dit partout&#8230; Mais \u00eates-vous bien pr\u00e9par\u00e9s pour prot\u00e9ger les yeux de b\u00e9b\u00e9 des UV ? Notamment, \u00e0 partir de juin, les lunettes de soleil vont devenir indispensables.<\/p>\n<h2>Gare aux UV pour les yeux de b\u00e9b\u00e9 !<\/h2>\n<p>Avant 1 an, le cristallin de b\u00e9b\u00e9 n&rsquo;est pas encore mature. Il est donc particuli\u00e8rement vuln\u00e9rable aux UV. Attention, cela ne veut pas dire qu&rsquo;apr\u00e8s un an les lunettes de soleil deviennent facultatives ! En pratique, le cristallin n&rsquo;est achev\u00e9 qu&rsquo;autour de 12 ans !<\/p>\n<p><img loading=\"lazy\" class=\"aligncenter size-large wp-image-661\" src=\"https:\/\/annaetmatteo.com\/blog\/wp-content\/uploads\/2019\/05\/bebe-lunettes-soleil-003-682x1024.jpg\" alt=\"b\u00e9b\u00e9 star avec des lunettes de soleil\" width=\"525\" height=\"788\" \/><\/p>\n<p>Dans tous les cas, avant 1 an comme apr\u00e8s, votre petit doit avoir des lunettes de soleil de qualit\u00e9 le prot\u00e9geant efficacement des rayons solaires.<\/p>\n<p>Une r\u00e8gle d&rsquo;or : \u00e9vitez toutes les lunettes \u00ab\u00a0fantaisie\u00a0\u00bb dont les verres sont souvent simplement teint\u00e9s. Or la teinte ne prot\u00e8ge en rien des UV !<\/p>\n<h3>Quel indice pour les lunettes de soleil de b\u00e9b\u00e9 ?<\/h3>\n<p>Les lunettes doivent porter la norme CE. Mais, en soit, cela ne suffit pas. Il convient de regarder \u00e0 quel indice correspond la protection solaire. Les verres doivent au moins avoir un indice de protection de 3. Rien en dessous ! L&rsquo;indice 3 permet \u00e9galement \u00e0 l&rsquo;enfant de conserver des couleurs proches de la r\u00e9alit\u00e9, ce qui est important pour son d\u00e9veloppement.<\/p>\n<p><img loading=\"lazy\" class=\"aligncenter size-full wp-image-660\" src=\"https:\/\/annaetmatteo.com\/blog\/wp-content\/uploads\/2019\/05\/bebe-lunettes-soleil-002.jpg\" alt=\"b\u00e9b\u00e9 qui joue de l'harmonica avec des lunettes de soleil\" width=\"853\" height=\"1280\" \/><\/p>\n<p>L&rsquo;indice 4, lui, tend \u00e0 modifier la perception des couleurs. Il est \u00e0 r\u00e9server aux milieux extr\u00eamement lumineux, comme \u00e0 la neige ou \u00e0 la mer.<\/p>\n<p>Un dernier conseil : gare au ciel couvert. Ce n&rsquo;est pas parce qu&rsquo;il y a des nuages que les UV ont disparu !<\/p>\n<h4>Ces articles pourraient aussi vous int\u00e9resser :<\/h4>\n<p><span style=\"color: #0000ff;\"><a style=\"color: #0000ff;\" href=\"https:\/\/annaetmatteo.com\/blog\/5-choses-a-savoir-pour-un-ete-avec-bebe-a-la-plage\/\" target=\"_blank\" rel=\"noopener noreferrer\">5 choses \u00e0 savoir pour un \u00e9t\u00e9 avec b\u00e9b\u00e9 \u00e0 la plage<\/a><\/span><\/p>\n<p><span style=\"color: #0000ff;\"><a style=\"color: #0000ff;\" href=\"https:\/\/annaetmatteo.com\/blog\/comment-bien-hydrater-bebe\/\" target=\"_blank\" rel=\"noopener noreferrer\">Comment bien hydrater b\u00e9b\u00e9 ?<\/a><\/span><\/p>\n<p><span style=\"color: #0000ff;\"><a style=\"color: #0000ff;\" href=\"https:\/\/annaetmatteo.com\/blog\/piqure-de-meduse\/\" target=\"_blank\" rel=\"noopener noreferrer\">Piq\u00fbre de m\u00e9duse : que faire et comment r\u00e9agir ?<\/a><\/span><\/p>\n<p>&nbsp;<\/p>\n","protected":false},"excerpt":{"rendered":"<p>Avec l&rsquo;arriv\u00e9e des beaux jours, le soleil apporte chaleur et r\u00e9confort. Mais pour les yeux de b\u00e9b\u00e9, c&rsquo;est aussi une agression. Afin de prot\u00e9ger les petits des rayons UV nocifs pour leurs yeux, il convient de choisir les bonnes lunettes de soleil !<\/p>\n","protected":false},"author":1,"featured_media":665,"comment_status":"open","ping_status":"open","sticky":false,"template":"","format":"standard","meta":[],"categories":[1],"tags":[],"yoast_head":"<!-- This site is optimized with the Yoast SEO plugin v18.0 - https:\/\/yoast.com\/wordpress\/plugins\/seo\/ -->\n<title>Quelles lunettes de soleil choisir pour b\u00e9b\u00e9 ? - Blog du Monde d&#039;Anna et Matteo<\/title>\n<meta name=\"robots\" content=\"index, follow, max-snippet:-1, max-image-preview:large, max-video-preview:-1\" \/>\n<link rel=\"canonical\" href=\"https:\/\/annaetmatteo.com\/blog\/quelles-lunettes-de-soleil-choisir-pour-bebe\/\" \/>\n<meta property=\"og:locale\" content=\"fr_FR\" \/>\n<meta property=\"og:type\" content=\"article\" \/>\n<meta property=\"og:title\" content=\"Quelles lunettes de soleil choisir pour b\u00e9b\u00e9 ? - Blog du Monde d&#039;Anna et Matteo\" \/>\n<meta property=\"og:description\" content=\"Avec l&rsquo;arriv\u00e9e des beaux jours, le soleil apporte chaleur et r\u00e9confort. Mais pour les yeux de b\u00e9b\u00e9, c&rsquo;est aussi une agression. Afin de prot\u00e9ger les petits des rayons UV nocifs pour leurs yeux, il convient de choisir les bonnes lunettes de soleil !\" \/>\n<meta property=\"og:url\" content=\"https:\/\/annaetmatteo.com\/blog\/quelles-lunettes-de-soleil-choisir-pour-bebe\/\" \/>\n<meta property=\"og:site_name\" content=\"Blog du Monde d&#039;Anna et Matteo\" \/>\n<meta property=\"article:publisher\" content=\"https:\/\/www.facebook.com\/AnnaEtMatteo\/\" \/>\n<meta property=\"article:author\" content=\"https:\/\/www.facebook.com\/AnnaEtMatteo\/\" \/>\n<meta property=\"article:published_time\" content=\"2019-05-02T11:56:24+00:00\" \/>\n<meta property=\"article:modified_time\" content=\"2019-05-02T12:08:11+00:00\" \/>\n<meta property=\"og:image\" content=\"https:\/\/annaetmatteo.com\/blog\/wp-content\/uploads\/2019\/05\/bebe-lunettes-soleil-001-e1556798866470.jpg\" \/>\n\t<meta property=\"og:image:width\" content=\"1000\" \/>\n\t<meta property=\"og:image:height\" content=\"400\" \/>\n\t<meta property=\"og:image:type\" content=\"image\/jpeg\" \/>\n<meta name=\"twitter:card\" content=\"summary_large_image\" \/>\n<meta name=\"twitter:creator\" content=\"@AnnaEtMatteo\" \/>\n<meta name=\"twitter:site\" content=\"@AnnaEtMatteo\" \/>\n<meta name=\"twitter:label1\" content=\"\u00c9crit par\" \/>\n\t<meta name=\"twitter:data1\" content=\"M\u00e9lanie &amp; Arnaud | Le Monde d'Anna et Matteo\" \/>\n\t<meta name=\"twitter:label2\" content=\"Dur\u00e9e de lecture estim\u00e9e\" \/>\n\t<meta name=\"twitter:data2\" content=\"2 minutes\" \/>\n<script type=\"application\/ld+json\" class=\"yoast-schema-graph\">{\"@context\":\"https:\/\/schema.org\",\"@graph\":[{\"@type\":\"Organization\",\"@id\":\"https:\/\/annaetmatteo.com\/blog\/#organization\",\"name\":\"Le Monde d'Anna et Matteo\",\"url\":\"https:\/\/annaetmatteo.com\/blog\/\",\"sameAs\":[\"https:\/\/www.facebook.com\/AnnaEtMatteo\/\",\"https:\/\/www.instagram.com\/annaetmatteo\/\",\"https:\/\/www.youtube.com\/channel\/UCSce5n3L_8dmB8yTwbXnCwA\/f\",\"https:\/\/www.pinterest.fr\/AnnaEtMatteo\/\",\"https:\/\/twitter.com\/AnnaEtMatteo\"],\"logo\":{\"@type\":\"ImageObject\",\"@id\":\"https:\/\/annaetmatteo.com\/blog\/#logo\",\"inLanguage\":\"fr-FR\",\"url\":\"https:\/\/annaetmatteo.com\/blog\/wp-content\/uploads\/2018\/04\/rbU69AmF_400x400-1.jpg\",\"contentUrl\":\"https:\/\/annaetmatteo.com\/blog\/wp-content\/uploads\/2018\/04\/rbU69AmF_400x400-1.jpg\",\"width\":240,\"height\":240,\"caption\":\"Le Monde d'Anna et Matteo\"},\"image\":{\"@id\":\"https:\/\/annaetmatteo.com\/blog\/#logo\"}},{\"@type\":\"WebSite\",\"@id\":\"https:\/\/annaetmatteo.com\/blog\/#website\",\"url\":\"https:\/\/annaetmatteo.com\/blog\/\",\"name\":\"Blog du Monde d&#039;Anna et Matteo\",\"description\":\"\",\"publisher\":{\"@id\":\"https:\/\/annaetmatteo.com\/blog\/#organization\"},\"potentialAction\":[{\"@type\":\"SearchAction\",\"target\":{\"@type\":\"EntryPoint\",\"urlTemplate\":\"https:\/\/annaetmatteo.com\/blog\/?s={search_term_string}\"},\"query-input\":\"required name=search_term_string\"}],\"inLanguage\":\"fr-FR\"},{\"@type\":\"ImageObject\",\"@id\":\"https:\/\/annaetmatteo.com\/blog\/quelles-lunettes-de-soleil-choisir-pour-bebe\/#primaryimage\",\"inLanguage\":\"fr-FR\",\"url\":\"https:\/\/annaetmatteo.com\/blog\/wp-content\/uploads\/2019\/05\/bebe-lunettes-soleil-001-e1556798866470.jpg\",\"contentUrl\":\"https:\/\/annaetmatteo.com\/blog\/wp-content\/uploads\/2019\/05\/bebe-lunettes-soleil-001-e1556798866470.jpg\",\"width\":1000,\"height\":400,\"caption\":\"b\u00e9b\u00e9 en poussette avec des lunettes de soleil\"},{\"@type\":\"WebPage\",\"@id\":\"https:\/\/annaetmatteo.com\/blog\/quelles-lunettes-de-soleil-choisir-pour-bebe\/#webpage\",\"url\":\"https:\/\/annaetmatteo.com\/blog\/quelles-lunettes-de-soleil-choisir-pour-bebe\/\",\"name\":\"Quelles lunettes de soleil choisir pour b\u00e9b\u00e9 ? - Blog du Monde d&#039;Anna et Matteo\",\"isPartOf\":{\"@id\":\"https:\/\/annaetmatteo.com\/blog\/#website\"},\"primaryImageOfPage\":{\"@id\":\"https:\/\/annaetmatteo.com\/blog\/quelles-lunettes-de-soleil-choisir-pour-bebe\/#primaryimage\"},\"datePublished\":\"2019-05-02T11:56:24+00:00\",\"dateModified\":\"2019-05-02T12:08:11+00:00\",\"breadcrumb\":{\"@id\":\"https:\/\/annaetmatteo.com\/blog\/quelles-lunettes-de-soleil-choisir-pour-bebe\/#breadcrumb\"},\"inLanguage\":\"fr-FR\",\"potentialAction\":[{\"@type\":\"ReadAction\",\"target\":[\"https:\/\/annaetmatteo.com\/blog\/quelles-lunettes-de-soleil-choisir-pour-bebe\/\"]}]},{\"@type\":\"BreadcrumbList\",\"@id\":\"https:\/\/annaetmatteo.com\/blog\/quelles-lunettes-de-soleil-choisir-pour-bebe\/#breadcrumb\",\"itemListElement\":[{\"@type\":\"ListItem\",\"position\":1,\"name\":\"Accueil\",\"item\":\"https:\/\/annaetmatteo.com\/blog\/\"},{\"@type\":\"ListItem\",\"position\":2,\"name\":\"Quelles lunettes de soleil choisir pour b\u00e9b\u00e9 ?\"}]},{\"@type\":\"Article\",\"@id\":\"https:\/\/annaetmatteo.com\/blog\/quelles-lunettes-de-soleil-choisir-pour-bebe\/#article\",\"isPartOf\":{\"@id\":\"https:\/\/annaetmatteo.com\/blog\/quelles-lunettes-de-soleil-choisir-pour-bebe\/#webpage\"},\"author\":{\"@id\":\"https:\/\/annaetmatteo.com\/blog\/#\/schema\/person\/324a22a04fc2477c15496ba8213c7eab\"},\"headline\":\"Quelles lunettes de soleil choisir pour b\u00e9b\u00e9 ?\",\"datePublished\":\"2019-05-02T11:56:24+00:00\",\"dateModified\":\"2019-05-02T12:08:11+00:00\",\"mainEntityOfPage\":{\"@id\":\"https:\/\/annaetmatteo.com\/blog\/quelles-lunettes-de-soleil-choisir-pour-bebe\/#webpage\"},\"wordCount\":366,\"commentCount\":2,\"publisher\":{\"@id\":\"https:\/\/annaetmatteo.com\/blog\/#organization\"},\"image\":{\"@id\":\"https:\/\/annaetmatteo.com\/blog\/quelles-lunettes-de-soleil-choisir-pour-bebe\/#primaryimage\"},\"thumbnailUrl\":\"https:\/\/annaetmatteo.com\/blog\/wp-content\/uploads\/2019\/05\/bebe-lunettes-soleil-001-e1556798866470.jpg\",\"inLanguage\":\"fr-FR\",\"potentialAction\":[{\"@type\":\"CommentAction\",\"name\":\"Comment\",\"target\":[\"https:\/\/annaetmatteo.com\/blog\/quelles-lunettes-de-soleil-choisir-pour-bebe\/#respond\"]}]},{\"@type\":\"Person\",\"@id\":\"https:\/\/annaetmatteo.com\/blog\/#\/schema\/person\/324a22a04fc2477c15496ba8213c7eab\",\"name\":\"M\u00e9lanie &amp; Arnaud | Le Monde d'Anna et Matteo\",\"image\":{\"@type\":\"ImageObject\",\"@id\":\"https:\/\/annaetmatteo.com\/blog\/#personlogo\",\"inLanguage\":\"fr-FR\",\"url\":\"https:\/\/secure.gravatar.com\/avatar\/3c48cff264353bcb37bf9b52c1b769e7?s=96&d=mm&r=g\",\"contentUrl\":\"https:\/\/secure.gravatar.com\/avatar\/3c48cff264353bcb37bf9b52c1b769e7?s=96&d=mm&r=g\",\"caption\":\"M\u00e9lanie &amp; Arnaud | Le Monde d'Anna et Matteo\"},\"sameAs\":[\"https:\/\/annaetmatteo.com\",\"https:\/\/www.facebook.com\/AnnaEtMatteo\/\",\"https:\/\/twitter.com\/AnnaEtMatteo\"]}]}<\/script>\n<!-- \/ Yoast SEO plugin. -->","yoast_head_json":{"title":"Quelles lunettes de soleil choisir pour b\u00e9b\u00e9 ? - Blog du Monde d&#039;Anna et Matteo","robots":{"index":"index","follow":"follow","max-snippet":"max-snippet:-1","max-image-preview":"max-image-preview:large","max-video-preview":"max-video-preview:-1"},"canonical":"https:\/\/annaetmatteo.com\/blog\/quelles-lunettes-de-soleil-choisir-pour-bebe\/","og_locale":"fr_FR","og_type":"article","og_title":"Quelles lunettes de soleil choisir pour b\u00e9b\u00e9 ? - Blog du Monde d&#039;Anna et Matteo","og_description":"Avec l&rsquo;arriv\u00e9e des beaux jours, le soleil apporte chaleur et r\u00e9confort. Mais pour les yeux de b\u00e9b\u00e9, c&rsquo;est aussi une agression. Afin de prot\u00e9ger les petits des rayons UV nocifs pour leurs yeux, il convient de choisir les bonnes lunettes de soleil !","og_url":"https:\/\/annaetmatteo.com\/blog\/quelles-lunettes-de-soleil-choisir-pour-bebe\/","og_site_name":"Blog du Monde d&#039;Anna et Matteo","article_publisher":"https:\/\/www.facebook.com\/AnnaEtMatteo\/","article_author":"https:\/\/www.facebook.com\/AnnaEtMatteo\/","article_published_time":"2019-05-02T11:56:24+00:00","article_modified_time":"2019-05-02T12:08:11+00:00","og_image":[{"width":1000,"height":400,"url":"https:\/\/annaetmatteo.com\/blog\/wp-content\/uploads\/2019\/05\/bebe-lunettes-soleil-001-e1556798866470.jpg","type":"image\/jpeg"}],"twitter_card":"summary_large_image","twitter_creator":"@AnnaEtMatteo","twitter_site":"@AnnaEtMatteo","twitter_misc":{"\u00c9crit par":"M\u00e9lanie &amp; Arnaud | Le Monde d'Anna et Matteo","Dur\u00e9e de lecture estim\u00e9e":"2 minutes"},"schema":{"@context":"https:\/\/schema.org","@graph":[{"@type":"Organization","@id":"https:\/\/annaetmatteo.com\/blog\/#organization","name":"Le Monde d'Anna et Matteo","url":"https:\/\/annaetmatteo.com\/blog\/","sameAs":["https:\/\/www.facebook.com\/AnnaEtMatteo\/","https:\/\/www.instagram.com\/annaetmatteo\/","https:\/\/www.youtube.com\/channel\/UCSce5n3L_8dmB8yTwbXnCwA\/f","https:\/\/www.pinterest.fr\/AnnaEtMatteo\/","https:\/\/twitter.com\/AnnaEtMatteo"],"logo":{"@type":"ImageObject","@id":"https:\/\/annaetmatteo.com\/blog\/#logo","inLanguage":"fr-FR","url":"https:\/\/annaetmatteo.com\/blog\/wp-content\/uploads\/2018\/04\/rbU69AmF_400x400-1.jpg","contentUrl":"https:\/\/annaetmatteo.com\/blog\/wp-content\/uploads\/2018\/04\/rbU69AmF_400x400-1.jpg","width":240,"height":240,"caption":"Le Monde d'Anna et Matteo"},"image":{"@id":"https:\/\/annaetmatteo.com\/blog\/#logo"}},{"@type":"WebSite","@id":"https:\/\/annaetmatteo.com\/blog\/#website","url":"https:\/\/annaetmatteo.com\/blog\/","name":"Blog du Monde d&#039;Anna et Matteo","description":"","publisher":{"@id":"https:\/\/annaetmatteo.com\/blog\/#organization"},"potentialAction":[{"@type":"SearchAction","target":{"@type":"EntryPoint","urlTemplate":"https:\/\/annaetmatteo.com\/blog\/?s={search_term_string}"},"query-input":"required name=search_term_string"}],"inLanguage":"fr-FR"},{"@type":"ImageObject","@id":"https:\/\/annaetmatteo.com\/blog\/quelles-lunettes-de-soleil-choisir-pour-bebe\/#primaryimage","inLanguage":"fr-FR","url":"https:\/\/annaetmatteo.com\/blog\/wp-content\/uploads\/2019\/05\/bebe-lunettes-soleil-001-e1556798866470.jpg","contentUrl":"https:\/\/annaetmatteo.com\/blog\/wp-content\/uploads\/2019\/05\/bebe-lunettes-soleil-001-e1556798866470.jpg","width":1000,"height":400,"caption":"b\u00e9b\u00e9 en poussette avec des lunettes de soleil"},{"@type":"WebPage","@id":"https:\/\/annaetmatteo.com\/blog\/quelles-lunettes-de-soleil-choisir-pour-bebe\/#webpage","url":"https:\/\/annaetmatteo.com\/blog\/quelles-lunettes-de-soleil-choisir-pour-bebe\/","name":"Quelles lunettes de soleil choisir pour b\u00e9b\u00e9 ? - Blog du Monde d&#039;Anna et Matteo","isPartOf":{"@id":"https:\/\/annaetmatteo.com\/blog\/#website"},"primaryImageOfPage":{"@id":"https:\/\/annaetmatteo.com\/blog\/quelles-lunettes-de-soleil-choisir-pour-bebe\/#primaryimage"},"datePublished":"2019-05-02T11:56:24+00:00","dateModified":"2019-05-02T12:08:11+00:00","breadcrumb":{"@id":"https:\/\/annaetmatteo.com\/blog\/quelles-lunettes-de-soleil-choisir-pour-bebe\/#breadcrumb"},"inLanguage":"fr-FR","potentialAction":[{"@type":"ReadAction","target":["https:\/\/annaetmatteo.com\/blog\/quelles-lunettes-de-soleil-choisir-pour-bebe\/"]}]},{"@type":"BreadcrumbList","@id":"https:\/\/annaetmatteo.com\/blog\/quelles-lunettes-de-soleil-choisir-pour-bebe\/#breadcrumb","itemListElement":[{"@type":"ListItem","position":1,"name":"Accueil","item":"https:\/\/annaetmatteo.com\/blog\/"},{"@type":"ListItem","position":2,"name":"Quelles lunettes de soleil choisir pour b\u00e9b\u00e9 ?"}]},{"@type":"Article","@id":"https:\/\/annaetmatteo.com\/blog\/quelles-lunettes-de-soleil-choisir-pour-bebe\/#article","isPartOf":{"@id":"https:\/\/annaetmatteo.com\/blog\/quelles-lunettes-de-soleil-choisir-pour-bebe\/#webpage"},"author":{"@id":"https:\/\/annaetmatteo.com\/blog\/#\/schema\/person\/324a22a04fc2477c15496ba8213c7eab"},"headline":"Quelles lunettes de soleil choisir pour b\u00e9b\u00e9 ?","datePublished":"2019-05-02T11:56:24+00:00","dateModified":"2019-05-02T12:08:11+00:00","mainEntityOfPage":{"@id":"https:\/\/annaetmatteo.com\/blog\/quelles-lunettes-de-soleil-choisir-pour-bebe\/#webpage"},"wordCount":366,"commentCount":2,"publisher":{"@id":"https:\/\/annaetmatteo.com\/blog\/#organization"},"image":{"@id":"https:\/\/annaetmatteo.com\/blog\/quelles-lunettes-de-soleil-choisir-pour-bebe\/#primaryimage"},"thumbnailUrl":"https:\/\/annaetmatteo.com\/blog\/wp-content\/uploads\/2019\/05\/bebe-lunettes-soleil-001-e1556798866470.jpg","inLanguage":"fr-FR","potentialAction":[{"@type":"CommentAction","name":"Comment","target":["https:\/\/annaetmatteo.com\/blog\/quelles-lunettes-de-soleil-choisir-pour-bebe\/#respond"]}]},{"@type":"Person","@id":"https:\/\/annaetmatteo.com\/blog\/#\/schema\/person\/324a22a04fc2477c15496ba8213c7eab","name":"M\u00e9lanie &amp; Arnaud | Le Monde d'Anna et Matteo","image":{"@type":"ImageObject","@id":"https:\/\/annaetmatteo.com\/blog\/#personlogo","inLanguage":"fr-FR","url":"https:\/\/secure.gravatar.com\/avatar\/3c48cff264353bcb37bf9b52c1b769e7?s=96&d=mm&r=g","contentUrl":"https:\/\/secure.gravatar.com\/avatar\/3c48cff264353bcb37bf9b52c1b769e7?s=96&d=mm&r=g","caption":"M\u00e9lanie &amp; Arnaud | Le Monde d'Anna et Matteo"},"sameAs":["https:\/\/annaetmatteo.com","https:\/\/www.facebook.com\/AnnaEtMatteo\/","https:\/\/twitter.com\/AnnaEtMatteo"]}]}},"_links":{"self":[{"href":"https:\/\/annaetmatteo.com\/blog\/wp-json\/wp\/v2\/posts\/657"}],"collection":[{"href":"https:\/\/annaetmatteo.com\/blog\/wp-json\/wp\/v2\/posts"}],"about":[{"href":"https:\/\/annaetmatteo.com\/blog\/wp-json\/wp\/v2\/types\/post"}],"author":[{"embeddable":true,"href":"https:\/\/annaetmatteo.com\/blog\/wp-json\/wp\/v2\/users\/1"}],"replies":[{"embeddable":true,"href":"https:\/\/annaetmatteo.com\/blog\/wp-json\/wp\/v2\/comments?post=657"}],"version-history":[{"count":3,"href":"https:\/\/annaetmatteo.com\/blog\/wp-json\/wp\/v2\/posts\/657\/revisions"}],"predecessor-version":[{"id":663,"href":"https:\/\/annaetmatteo.com\/blog\/wp-json\/wp\/v2\/posts\/657\/revisions\/663"}],"wp:featuredmedia":[{"embeddable":true,"href":"https:\/\/annaetmatteo.com\/blog\/wp-json\/wp\/v2\/media\/665"}],"wp:attachment":[{"href":"https:\/\/annaetmatteo.com\/blog\/wp-json\/wp\/v2\/media?parent=657"}],"wp:term":[{"taxonomy":"category","embeddable":true,"href":"https:\/\/annaetmatteo.com\/blog\/wp-json\/wp\/v2\/categories?post=657"},{"taxonomy":"post_tag","embeddable":true,"href":"https:\/\/annaetmatteo.com\/blog\/wp-json\/wp\/v2\/tags?post=657"}],"curies":[{"name":"wp","href":"https:\/\/api.w.org\/{rel}","templated":true}]}}