{"id":647,"date":"2019-04-18T19:39:06","date_gmt":"2019-04-18T17:39:06","guid":{"rendered":"https:\/\/annaetmatteo.com\/blog\/?p=647"},"modified":"2019-04-18T19:49:27","modified_gmt":"2019-04-18T17:49:27","slug":"le-monde-danna-et-matteo-sinstalle-a-grasse","status":"publish","type":"post","link":"https:\/\/annaetmatteo.com\/blog\/le-monde-danna-et-matteo-sinstalle-a-grasse\/","title":{"rendered":"Le Monde d&rsquo;Anna et Matteo s&rsquo;installe \u00e0 Grasse"},"content":{"rendered":"<h2>Grand changement pour Le Monde d&rsquo;Anna et Matteo qui a quitt\u00e9 Bagnolet, en Seine-Saint-Denis, pour la belle ville de Grasse, dans les Alpes-Maritimes. Dans la capitale mondiale du parfum, l&rsquo;atelier reprend son activit\u00e9.<\/h2>\n<p><!--more--><\/p>\n<p>Apr\u00e8s une longue travers\u00e9e de la France sur 920 Km, Le Monde d&rsquo;Anna et Matteo a quitt\u00e9 Bagnolet et la r\u00e9gion parisienne pour rejoindre la chaleur du soleil proven\u00e7al. Notre atelier s&rsquo;est \u00e9tabli dans la ville de Grasse. Et, apr\u00e8s quelques jours de r\u00e9installation du mat\u00e9riel, de rangement des fournitures et de r\u00e9organisation, Le Monde d&rsquo;Anna et Matteo est de nouveau op\u00e9rationnel.<\/p>\n<h3>Grasse et ses artisanats<\/h3>\n<p>L&rsquo;entreprise \u00e9tant avant tout une aventure familiale, c&rsquo;est suite \u00e0 une mutation que nous avons tous pris la route. Et c&rsquo;est un r\u00e9el plaisir de rejoindre la ville de Grasse connue sur tous les continents pour un artisanat bien particulier : la fabrication des parfums ! La cit\u00e9e proven\u00e7ale est, en effet, la capitale mondiale de la parfumerie. Vous y trouvez toujours aujourd&rsquo;hui les parfumeries Fragonard, Molinard et Galimard.<\/p>\n<p>A elle seule, la ville acquiert notamment l&rsquo;essentielle de la production de jasmin indienne.<\/p>\n<div id='gallery-1' class='gallery galleryid-647 gallery-columns-3 gallery-size-large'><figure class='gallery-item'>\n\t\t\t<div class='gallery-icon portrait'>\n\t\t\t\t<a href='https:\/\/annaetmatteo.com\/blog\/grasse002\/'><img width=\"525\" height=\"933\" src=\"https:\/\/annaetmatteo.com\/blog\/wp-content\/uploads\/2019\/04\/grasse002-e1555607108999-576x1024.jpg\" class=\"attachment-large size-large\" alt=\"rue de Grasse\" loading=\"lazy\" srcset=\"https:\/\/annaetmatteo.com\/blog\/wp-content\/uploads\/2019\/04\/grasse002-e1555607108999-576x1024.jpg 576w, https:\/\/annaetmatteo.com\/blog\/wp-content\/uploads\/2019\/04\/grasse002-e1555607108999-169x300.jpg 169w, https:\/\/annaetmatteo.com\/blog\/wp-content\/uploads\/2019\/04\/grasse002-e1555607108999-768x1366.jpg 768w\" sizes=\"100vw\" \/><\/a>\n\t\t\t<\/div><\/figure><figure class='gallery-item'>\n\t\t\t<div class='gallery-icon portrait'>\n\t\t\t\t<a href='https:\/\/annaetmatteo.com\/blog\/grasse001\/'><img width=\"525\" height=\"935\" src=\"https:\/\/annaetmatteo.com\/blog\/wp-content\/uploads\/2019\/04\/grasse001-e1555607040463-575x1024.jpg\" class=\"attachment-large size-large\" alt=\"\" loading=\"lazy\" srcset=\"https:\/\/annaetmatteo.com\/blog\/wp-content\/uploads\/2019\/04\/grasse001-e1555607040463-575x1024.jpg 575w, https:\/\/annaetmatteo.com\/blog\/wp-content\/uploads\/2019\/04\/grasse001-e1555607040463-169x300.jpg 169w, https:\/\/annaetmatteo.com\/blog\/wp-content\/uploads\/2019\/04\/grasse001-e1555607040463-768x1367.jpg 768w\" sizes=\"100vw\" \/><\/a>\n\t\t\t<\/div><\/figure><figure class='gallery-item'>\n\t\t\t<div class='gallery-icon portrait'>\n\t\t\t\t<a href='https:\/\/annaetmatteo.com\/blog\/grasse003\/'><img width=\"525\" height=\"932\" src=\"https:\/\/annaetmatteo.com\/blog\/wp-content\/uploads\/2019\/04\/grasse003-e1555605302798-577x1024.jpg\" class=\"attachment-large size-large\" alt=\"Grasse fontaine\" loading=\"lazy\" srcset=\"https:\/\/annaetmatteo.com\/blog\/wp-content\/uploads\/2019\/04\/grasse003-e1555605302798-577x1024.jpg 577w, https:\/\/annaetmatteo.com\/blog\/wp-content\/uploads\/2019\/04\/grasse003-e1555605302798-169x300.jpg 169w, https:\/\/annaetmatteo.com\/blog\/wp-content\/uploads\/2019\/04\/grasse003-e1555605302798-768x1364.jpg 768w\" sizes=\"100vw\" \/><\/a>\n\t\t\t<\/div><\/figure>\n\t\t<\/div>\n\n<h3>Pour les clients du Monde d&rsquo;Anna et Matteo<\/h3>\n<p>Concr\u00e8tement, pour vous cela ne change rien. La p\u00e9riode de transition et la r\u00e9installation de l&rsquo;atelier du Monde d&rsquo;Anna et Matteo \u00e9tant pass\u00e9es, tout reprend un cours normal. Les quelques retards dans le traitement des commandes sont combl\u00e9s et l&rsquo;activit\u00e9 sur les r\u00e9seaux sociaux retrouve son rythme.<\/p>\n<p>La seule diff\u00e9rence, c&rsquo;est qu&rsquo;avec chaque cr\u00e9ation pour b\u00e9b\u00e9 du Monde d&rsquo;Anna et Matteo, nous vous envoyons maintenant un petit bout de soleil parfum\u00e9 !<\/p>\n<p><strong><em>A signaler que nous maintenons notre pr\u00e9sence au Salon Baby de Paris Event Center, Porte de la Villette, les 4, 5 et 6 octobre 2019.<\/em><\/strong><\/p>\n<h4>Ces articles pourraient aussi vous int\u00e9resser :<\/h4>\n<p><span style=\"color: #0000ff;\"><a style=\"color: #0000ff;\" href=\"https:\/\/annaetmatteo.com\/blog\/comment-bien-gerer-un-demenagement-avec-un-jeune-enfant\/\" target=\"_blank\" rel=\"noopener noreferrer\">Comment bien g\u00e9rer un d\u00e9m\u00e9nagement avec un jeune enfant?<\/a><\/span><\/p>\n<p><span style=\"color: #0000ff;\"><a style=\"color: #0000ff;\" href=\"https:\/\/annaetmatteo.com\/blog\/le-monde-danna-et-matteo-au-salon-baby\/\" target=\"_blank\" rel=\"noopener noreferrer\">Le Monde d&rsquo;Anna et Matteo au salon Baby !<\/a><\/span><\/p>\n<p>&nbsp;<\/p>\n<p>&nbsp;<\/p>\n","protected":false},"excerpt":{"rendered":"<p>Grand changement pour Le Monde d&rsquo;Anna et Matteo qui a quitt\u00e9 Bagnolet, en Seine-Saint-Denis, pour la belle ville de Grasse, dans les Alpes-Maritimes. Dans la capitale mondiale du parfum, l&rsquo;atelier reprend son activit\u00e9.<\/p>\n","protected":false},"author":1,"featured_media":650,"comment_status":"open","ping_status":"open","sticky":false,"template":"","format":"standard","meta":[],"categories":[1],"tags":[],"yoast_head":"<!-- This site is optimized with the Yoast SEO plugin v18.0 - https:\/\/yoast.com\/wordpress\/plugins\/seo\/ -->\n<title>Le Monde d&#039;Anna et Matteo s&#039;installe \u00e0 Grasse - Cr\u00e9ations pour b\u00e9b\u00e9s<\/title>\n<meta name=\"description\" content=\"Le Monde d&#039;Anna et Matteo a quitt\u00e9 Bagnolet. L&#039;atelier de cr\u00e9ations pour b\u00e9b\u00e9s et jeunes enfants ouvre ses portes \u00e0 Grasse, capitale mondiale du parfum.\" \/>\n<meta name=\"robots\" content=\"index, follow, max-snippet:-1, max-image-preview:large, max-video-preview:-1\" \/>\n<link rel=\"canonical\" href=\"https:\/\/annaetmatteo.com\/blog\/le-monde-danna-et-matteo-sinstalle-a-grasse\/\" \/>\n<meta property=\"og:locale\" content=\"fr_FR\" \/>\n<meta property=\"og:type\" content=\"article\" \/>\n<meta property=\"og:title\" content=\"Le Monde d&#039;Anna et Matteo s&#039;installe \u00e0 Grasse - Cr\u00e9ations pour b\u00e9b\u00e9s\" \/>\n<meta property=\"og:description\" content=\"Le Monde d&#039;Anna et Matteo a quitt\u00e9 Bagnolet. L&#039;atelier de cr\u00e9ations pour b\u00e9b\u00e9s et jeunes enfants ouvre ses portes \u00e0 Grasse, capitale mondiale du parfum.\" \/>\n<meta property=\"og:url\" content=\"https:\/\/annaetmatteo.com\/blog\/le-monde-danna-et-matteo-sinstalle-a-grasse\/\" \/>\n<meta property=\"og:site_name\" content=\"Blog du Monde d&#039;Anna et Matteo\" \/>\n<meta property=\"article:publisher\" content=\"https:\/\/www.facebook.com\/AnnaEtMatteo\/\" \/>\n<meta property=\"article:author\" content=\"https:\/\/www.facebook.com\/AnnaEtMatteo\/\" \/>\n<meta property=\"article:published_time\" content=\"2019-04-18T17:39:06+00:00\" \/>\n<meta property=\"article:modified_time\" content=\"2019-04-18T17:49:27+00:00\" \/>\n<meta property=\"og:image\" content=\"https:\/\/annaetmatteo.com\/blog\/wp-content\/uploads\/2019\/04\/grasse004-e1555605365846.jpg\" \/>\n\t<meta property=\"og:image:width\" content=\"1000\" \/>\n\t<meta property=\"og:image:height\" content=\"399\" \/>\n\t<meta property=\"og:image:type\" content=\"image\/jpeg\" \/>\n<meta name=\"twitter:card\" content=\"summary_large_image\" \/>\n<meta name=\"twitter:creator\" content=\"@AnnaEtMatteo\" \/>\n<meta name=\"twitter:site\" content=\"@AnnaEtMatteo\" \/>\n<meta name=\"twitter:label1\" content=\"\u00c9crit par\" \/>\n\t<meta name=\"twitter:data1\" content=\"M\u00e9lanie &amp; Arnaud | Le Monde d'Anna et Matteo\" \/>\n\t<meta name=\"twitter:label2\" content=\"Dur\u00e9e de lecture estim\u00e9e\" \/>\n\t<meta name=\"twitter:data2\" content=\"2 minutes\" \/>\n<script type=\"application\/ld+json\" class=\"yoast-schema-graph\">{\"@context\":\"https:\/\/schema.org\",\"@graph\":[{\"@type\":\"Organization\",\"@id\":\"https:\/\/annaetmatteo.com\/blog\/#organization\",\"name\":\"Le Monde d'Anna et Matteo\",\"url\":\"https:\/\/annaetmatteo.com\/blog\/\",\"sameAs\":[\"https:\/\/www.facebook.com\/AnnaEtMatteo\/\",\"https:\/\/www.instagram.com\/annaetmatteo\/\",\"https:\/\/www.youtube.com\/channel\/UCSce5n3L_8dmB8yTwbXnCwA\/f\",\"https:\/\/www.pinterest.fr\/AnnaEtMatteo\/\",\"https:\/\/twitter.com\/AnnaEtMatteo\"],\"logo\":{\"@type\":\"ImageObject\",\"@id\":\"https:\/\/annaetmatteo.com\/blog\/#logo\",\"inLanguage\":\"fr-FR\",\"url\":\"https:\/\/annaetmatteo.com\/blog\/wp-content\/uploads\/2018\/04\/rbU69AmF_400x400-1.jpg\",\"contentUrl\":\"https:\/\/annaetmatteo.com\/blog\/wp-content\/uploads\/2018\/04\/rbU69AmF_400x400-1.jpg\",\"width\":240,\"height\":240,\"caption\":\"Le Monde d'Anna et Matteo\"},\"image\":{\"@id\":\"https:\/\/annaetmatteo.com\/blog\/#logo\"}},{\"@type\":\"WebSite\",\"@id\":\"https:\/\/annaetmatteo.com\/blog\/#website\",\"url\":\"https:\/\/annaetmatteo.com\/blog\/\",\"name\":\"Blog du Monde d&#039;Anna et Matteo\",\"description\":\"\",\"publisher\":{\"@id\":\"https:\/\/annaetmatteo.com\/blog\/#organization\"},\"potentialAction\":[{\"@type\":\"SearchAction\",\"target\":{\"@type\":\"EntryPoint\",\"urlTemplate\":\"https:\/\/annaetmatteo.com\/blog\/?s={search_term_string}\"},\"query-input\":\"required name=search_term_string\"}],\"inLanguage\":\"fr-FR\"},{\"@type\":\"ImageObject\",\"@id\":\"https:\/\/annaetmatteo.com\/blog\/le-monde-danna-et-matteo-sinstalle-a-grasse\/#primaryimage\",\"inLanguage\":\"fr-FR\",\"url\":\"https:\/\/annaetmatteo.com\/blog\/wp-content\/uploads\/2019\/04\/grasse004-e1555605365846.jpg\",\"contentUrl\":\"https:\/\/annaetmatteo.com\/blog\/wp-content\/uploads\/2019\/04\/grasse004-e1555605365846.jpg\",\"width\":1000,\"height\":399,\"caption\":\"cath\u00e9drale de Grasse\"},{\"@type\":\"WebPage\",\"@id\":\"https:\/\/annaetmatteo.com\/blog\/le-monde-danna-et-matteo-sinstalle-a-grasse\/#webpage\",\"url\":\"https:\/\/annaetmatteo.com\/blog\/le-monde-danna-et-matteo-sinstalle-a-grasse\/\",\"name\":\"Le Monde d'Anna et Matteo s'installe \u00e0 Grasse - Cr\u00e9ations pour b\u00e9b\u00e9s\",\"isPartOf\":{\"@id\":\"https:\/\/annaetmatteo.com\/blog\/#website\"},\"primaryImageOfPage\":{\"@id\":\"https:\/\/annaetmatteo.com\/blog\/le-monde-danna-et-matteo-sinstalle-a-grasse\/#primaryimage\"},\"datePublished\":\"2019-04-18T17:39:06+00:00\",\"dateModified\":\"2019-04-18T17:49:27+00:00\",\"description\":\"Le Monde d'Anna et Matteo a quitt\u00e9 Bagnolet. L'atelier de cr\u00e9ations pour b\u00e9b\u00e9s et jeunes enfants ouvre ses portes \u00e0 Grasse, capitale mondiale du parfum.\",\"breadcrumb\":{\"@id\":\"https:\/\/annaetmatteo.com\/blog\/le-monde-danna-et-matteo-sinstalle-a-grasse\/#breadcrumb\"},\"inLanguage\":\"fr-FR\",\"potentialAction\":[{\"@type\":\"ReadAction\",\"target\":[\"https:\/\/annaetmatteo.com\/blog\/le-monde-danna-et-matteo-sinstalle-a-grasse\/\"]}]},{\"@type\":\"BreadcrumbList\",\"@id\":\"https:\/\/annaetmatteo.com\/blog\/le-monde-danna-et-matteo-sinstalle-a-grasse\/#breadcrumb\",\"itemListElement\":[{\"@type\":\"ListItem\",\"position\":1,\"name\":\"Accueil\",\"item\":\"https:\/\/annaetmatteo.com\/blog\/\"},{\"@type\":\"ListItem\",\"position\":2,\"name\":\"Le Monde d&rsquo;Anna et Matteo s&rsquo;installe \u00e0 Grasse\"}]},{\"@type\":\"Article\",\"@id\":\"https:\/\/annaetmatteo.com\/blog\/le-monde-danna-et-matteo-sinstalle-a-grasse\/#article\",\"isPartOf\":{\"@id\":\"https:\/\/annaetmatteo.com\/blog\/le-monde-danna-et-matteo-sinstalle-a-grasse\/#webpage\"},\"author\":{\"@id\":\"https:\/\/annaetmatteo.com\/blog\/#\/schema\/person\/324a22a04fc2477c15496ba8213c7eab\"},\"headline\":\"Le Monde d&rsquo;Anna et Matteo s&rsquo;installe \u00e0 Grasse\",\"datePublished\":\"2019-04-18T17:39:06+00:00\",\"dateModified\":\"2019-04-18T17:49:27+00:00\",\"mainEntityOfPage\":{\"@id\":\"https:\/\/annaetmatteo.com\/blog\/le-monde-danna-et-matteo-sinstalle-a-grasse\/#webpage\"},\"wordCount\":342,\"commentCount\":1,\"publisher\":{\"@id\":\"https:\/\/annaetmatteo.com\/blog\/#organization\"},\"image\":{\"@id\":\"https:\/\/annaetmatteo.com\/blog\/le-monde-danna-et-matteo-sinstalle-a-grasse\/#primaryimage\"},\"thumbnailUrl\":\"https:\/\/annaetmatteo.com\/blog\/wp-content\/uploads\/2019\/04\/grasse004-e1555605365846.jpg\",\"inLanguage\":\"fr-FR\",\"potentialAction\":[{\"@type\":\"CommentAction\",\"name\":\"Comment\",\"target\":[\"https:\/\/annaetmatteo.com\/blog\/le-monde-danna-et-matteo-sinstalle-a-grasse\/#respond\"]}]},{\"@type\":\"Person\",\"@id\":\"https:\/\/annaetmatteo.com\/blog\/#\/schema\/person\/324a22a04fc2477c15496ba8213c7eab\",\"name\":\"M\u00e9lanie &amp; Arnaud | Le Monde d'Anna et Matteo\",\"image\":{\"@type\":\"ImageObject\",\"@id\":\"https:\/\/annaetmatteo.com\/blog\/#personlogo\",\"inLanguage\":\"fr-FR\",\"url\":\"https:\/\/secure.gravatar.com\/avatar\/3c48cff264353bcb37bf9b52c1b769e7?s=96&d=mm&r=g\",\"contentUrl\":\"https:\/\/secure.gravatar.com\/avatar\/3c48cff264353bcb37bf9b52c1b769e7?s=96&d=mm&r=g\",\"caption\":\"M\u00e9lanie &amp; Arnaud | Le Monde d'Anna et Matteo\"},\"sameAs\":[\"https:\/\/annaetmatteo.com\",\"https:\/\/www.facebook.com\/AnnaEtMatteo\/\",\"https:\/\/twitter.com\/AnnaEtMatteo\"]}]}<\/script>\n<!-- \/ Yoast SEO plugin. -->","yoast_head_json":{"title":"Le Monde d'Anna et Matteo s'installe \u00e0 Grasse - Cr\u00e9ations pour b\u00e9b\u00e9s","description":"Le Monde d'Anna et Matteo a quitt\u00e9 Bagnolet. L'atelier de cr\u00e9ations pour b\u00e9b\u00e9s et jeunes enfants ouvre ses portes \u00e0 Grasse, capitale mondiale du parfum.","robots":{"index":"index","follow":"follow","max-snippet":"max-snippet:-1","max-image-preview":"max-image-preview:large","max-video-preview":"max-video-preview:-1"},"canonical":"https:\/\/annaetmatteo.com\/blog\/le-monde-danna-et-matteo-sinstalle-a-grasse\/","og_locale":"fr_FR","og_type":"article","og_title":"Le Monde d'Anna et Matteo s'installe \u00e0 Grasse - Cr\u00e9ations pour b\u00e9b\u00e9s","og_description":"Le Monde d'Anna et Matteo a quitt\u00e9 Bagnolet. L'atelier de cr\u00e9ations pour b\u00e9b\u00e9s et jeunes enfants ouvre ses portes \u00e0 Grasse, capitale mondiale du parfum.","og_url":"https:\/\/annaetmatteo.com\/blog\/le-monde-danna-et-matteo-sinstalle-a-grasse\/","og_site_name":"Blog du Monde d&#039;Anna et Matteo","article_publisher":"https:\/\/www.facebook.com\/AnnaEtMatteo\/","article_author":"https:\/\/www.facebook.com\/AnnaEtMatteo\/","article_published_time":"2019-04-18T17:39:06+00:00","article_modified_time":"2019-04-18T17:49:27+00:00","og_image":[{"width":1000,"height":399,"url":"https:\/\/annaetmatteo.com\/blog\/wp-content\/uploads\/2019\/04\/grasse004-e1555605365846.jpg","type":"image\/jpeg"}],"twitter_card":"summary_large_image","twitter_creator":"@AnnaEtMatteo","twitter_site":"@AnnaEtMatteo","twitter_misc":{"\u00c9crit par":"M\u00e9lanie &amp; Arnaud | Le Monde d'Anna et Matteo","Dur\u00e9e de lecture estim\u00e9e":"2 minutes"},"schema":{"@context":"https:\/\/schema.org","@graph":[{"@type":"Organization","@id":"https:\/\/annaetmatteo.com\/blog\/#organization","name":"Le Monde d'Anna et Matteo","url":"https:\/\/annaetmatteo.com\/blog\/","sameAs":["https:\/\/www.facebook.com\/AnnaEtMatteo\/","https:\/\/www.instagram.com\/annaetmatteo\/","https:\/\/www.youtube.com\/channel\/UCSce5n3L_8dmB8yTwbXnCwA\/f","https:\/\/www.pinterest.fr\/AnnaEtMatteo\/","https:\/\/twitter.com\/AnnaEtMatteo"],"logo":{"@type":"ImageObject","@id":"https:\/\/annaetmatteo.com\/blog\/#logo","inLanguage":"fr-FR","url":"https:\/\/annaetmatteo.com\/blog\/wp-content\/uploads\/2018\/04\/rbU69AmF_400x400-1.jpg","contentUrl":"https:\/\/annaetmatteo.com\/blog\/wp-content\/uploads\/2018\/04\/rbU69AmF_400x400-1.jpg","width":240,"height":240,"caption":"Le Monde d'Anna et Matteo"},"image":{"@id":"https:\/\/annaetmatteo.com\/blog\/#logo"}},{"@type":"WebSite","@id":"https:\/\/annaetmatteo.com\/blog\/#website","url":"https:\/\/annaetmatteo.com\/blog\/","name":"Blog du Monde d&#039;Anna et Matteo","description":"","publisher":{"@id":"https:\/\/annaetmatteo.com\/blog\/#organization"},"potentialAction":[{"@type":"SearchAction","target":{"@type":"EntryPoint","urlTemplate":"https:\/\/annaetmatteo.com\/blog\/?s={search_term_string}"},"query-input":"required name=search_term_string"}],"inLanguage":"fr-FR"},{"@type":"ImageObject","@id":"https:\/\/annaetmatteo.com\/blog\/le-monde-danna-et-matteo-sinstalle-a-grasse\/#primaryimage","inLanguage":"fr-FR","url":"https:\/\/annaetmatteo.com\/blog\/wp-content\/uploads\/2019\/04\/grasse004-e1555605365846.jpg","contentUrl":"https:\/\/annaetmatteo.com\/blog\/wp-content\/uploads\/2019\/04\/grasse004-e1555605365846.jpg","width":1000,"height":399,"caption":"cath\u00e9drale de Grasse"},{"@type":"WebPage","@id":"https:\/\/annaetmatteo.com\/blog\/le-monde-danna-et-matteo-sinstalle-a-grasse\/#webpage","url":"https:\/\/annaetmatteo.com\/blog\/le-monde-danna-et-matteo-sinstalle-a-grasse\/","name":"Le Monde d'Anna et Matteo s'installe \u00e0 Grasse - Cr\u00e9ations pour b\u00e9b\u00e9s","isPartOf":{"@id":"https:\/\/annaetmatteo.com\/blog\/#website"},"primaryImageOfPage":{"@id":"https:\/\/annaetmatteo.com\/blog\/le-monde-danna-et-matteo-sinstalle-a-grasse\/#primaryimage"},"datePublished":"2019-04-18T17:39:06+00:00","dateModified":"2019-04-18T17:49:27+00:00","description":"Le Monde d'Anna et Matteo a quitt\u00e9 Bagnolet. L'atelier de cr\u00e9ations pour b\u00e9b\u00e9s et jeunes enfants ouvre ses portes \u00e0 Grasse, capitale mondiale du parfum.","breadcrumb":{"@id":"https:\/\/annaetmatteo.com\/blog\/le-monde-danna-et-matteo-sinstalle-a-grasse\/#breadcrumb"},"inLanguage":"fr-FR","potentialAction":[{"@type":"ReadAction","target":["https:\/\/annaetmatteo.com\/blog\/le-monde-danna-et-matteo-sinstalle-a-grasse\/"]}]},{"@type":"BreadcrumbList","@id":"https:\/\/annaetmatteo.com\/blog\/le-monde-danna-et-matteo-sinstalle-a-grasse\/#breadcrumb","itemListElement":[{"@type":"ListItem","position":1,"name":"Accueil","item":"https:\/\/annaetmatteo.com\/blog\/"},{"@type":"ListItem","position":2,"name":"Le Monde d&rsquo;Anna et Matteo s&rsquo;installe \u00e0 Grasse"}]},{"@type":"Article","@id":"https:\/\/annaetmatteo.com\/blog\/le-monde-danna-et-matteo-sinstalle-a-grasse\/#article","isPartOf":{"@id":"https:\/\/annaetmatteo.com\/blog\/le-monde-danna-et-matteo-sinstalle-a-grasse\/#webpage"},"author":{"@id":"https:\/\/annaetmatteo.com\/blog\/#\/schema\/person\/324a22a04fc2477c15496ba8213c7eab"},"headline":"Le Monde d&rsquo;Anna et Matteo s&rsquo;installe \u00e0 Grasse","datePublished":"2019-04-18T17:39:06+00:00","dateModified":"2019-04-18T17:49:27+00:00","mainEntityOfPage":{"@id":"https:\/\/annaetmatteo.com\/blog\/le-monde-danna-et-matteo-sinstalle-a-grasse\/#webpage"},"wordCount":342,"commentCount":1,"publisher":{"@id":"https:\/\/annaetmatteo.com\/blog\/#organization"},"image":{"@id":"https:\/\/annaetmatteo.com\/blog\/le-monde-danna-et-matteo-sinstalle-a-grasse\/#primaryimage"},"thumbnailUrl":"https:\/\/annaetmatteo.com\/blog\/wp-content\/uploads\/2019\/04\/grasse004-e1555605365846.jpg","inLanguage":"fr-FR","potentialAction":[{"@type":"CommentAction","name":"Comment","target":["https:\/\/annaetmatteo.com\/blog\/le-monde-danna-et-matteo-sinstalle-a-grasse\/#respond"]}]},{"@type":"Person","@id":"https:\/\/annaetmatteo.com\/blog\/#\/schema\/person\/324a22a04fc2477c15496ba8213c7eab","name":"M\u00e9lanie &amp; Arnaud | Le Monde d'Anna et Matteo","image":{"@type":"ImageObject","@id":"https:\/\/annaetmatteo.com\/blog\/#personlogo","inLanguage":"fr-FR","url":"https:\/\/secure.gravatar.com\/avatar\/3c48cff264353bcb37bf9b52c1b769e7?s=96&d=mm&r=g","contentUrl":"https:\/\/secure.gravatar.com\/avatar\/3c48cff264353bcb37bf9b52c1b769e7?s=96&d=mm&r=g","caption":"M\u00e9lanie &amp; Arnaud | Le Monde d'Anna et Matteo"},"sameAs":["https:\/\/annaetmatteo.com","https:\/\/www.facebook.com\/AnnaEtMatteo\/","https:\/\/twitter.com\/AnnaEtMatteo"]}]}},"_links":{"self":[{"href":"https:\/\/annaetmatteo.com\/blog\/wp-json\/wp\/v2\/posts\/647"}],"collection":[{"href":"https:\/\/annaetmatteo.com\/blog\/wp-json\/wp\/v2\/posts"}],"about":[{"href":"https:\/\/annaetmatteo.com\/blog\/wp-json\/wp\/v2\/types\/post"}],"author":[{"embeddable":true,"href":"https:\/\/annaetmatteo.com\/blog\/wp-json\/wp\/v2\/users\/1"}],"replies":[{"embeddable":true,"href":"https:\/\/annaetmatteo.com\/blog\/wp-json\/wp\/v2\/comments?post=647"}],"version-history":[{"count":4,"href":"https:\/\/annaetmatteo.com\/blog\/wp-json\/wp\/v2\/posts\/647\/revisions"}],"predecessor-version":[{"id":655,"href":"https:\/\/annaetmatteo.com\/blog\/wp-json\/wp\/v2\/posts\/647\/revisions\/655"}],"wp:featuredmedia":[{"embeddable":true,"href":"https:\/\/annaetmatteo.com\/blog\/wp-json\/wp\/v2\/media\/650"}],"wp:attachment":[{"href":"https:\/\/annaetmatteo.com\/blog\/wp-json\/wp\/v2\/media?parent=647"}],"wp:term":[{"taxonomy":"category","embeddable":true,"href":"https:\/\/annaetmatteo.com\/blog\/wp-json\/wp\/v2\/categories?post=647"},{"taxonomy":"post_tag","embeddable":true,"href":"https:\/\/annaetmatteo.com\/blog\/wp-json\/wp\/v2\/tags?post=647"}],"curies":[{"name":"wp","href":"https:\/\/api.w.org\/{rel}","templated":true}]}}