{"id":638,"date":"2019-03-28T20:57:26","date_gmt":"2019-03-28T19:57:26","guid":{"rendered":"https:\/\/annaetmatteo.com\/blog\/?p=638"},"modified":"2019-03-28T20:57:26","modified_gmt":"2019-03-28T19:57:26","slug":"comment-bien-gerer-un-demenagement-avec-un-jeune-enfant","status":"publish","type":"post","link":"https:\/\/annaetmatteo.com\/blog\/comment-bien-gerer-un-demenagement-avec-un-jeune-enfant\/","title":{"rendered":"Comment bien g\u00e9rer un d\u00e9m\u00e9nagement avec un jeune enfant?"},"content":{"rendered":"<h2>Vous avez d\u00e9m\u00e9nag\u00e9 et souhaitez que votre bambin se sente imm\u00e9diatement \u00e0 l&rsquo;aise dans son nouveau chez lui ? Voici la m\u00e9thode que nous avons nous m\u00eame employ\u00e9e !<\/h2>\n<p><!--more--><\/p>\n<p>Votre enfant aime sa chambre et son univers. Mais seulement voil\u00e0, vous d\u00e9m\u00e9nagez et il va falloir qu&rsquo;il s&rsquo;approprie son nouveau chez lui. Et s&rsquo;il ne s&rsquo;habitue pas \u00e0 sa nouvelle chambre? S&rsquo;il ne se l&rsquo;approprie pas? Il est possible de l&rsquo;aider \u00e0 d\u00e9couvrir cet espace, de mani\u00e8re simple. Voici comment nous avons proc\u00e9d\u00e9.<\/p>\n<p>Quand notre fille a \u00e9t\u00e9 soumise \u00e0 la terrible \u00e9preuve du d\u00e9m\u00e9nagement, elle n&rsquo;avait pas encore 2 ans. Elle n&rsquo;a \u00e9videmment pas particip\u00e9 \u00e0 l&rsquo;op\u00e9ration, mais est arriv\u00e9 in\u00e9vitablement le jour o\u00f9 il a fallu lui pr\u00e9senter les lieux.<\/p>\n<p><img loading=\"lazy\" class=\"aligncenter size-large wp-image-642\" src=\"https:\/\/annaetmatteo.com\/blog\/wp-content\/uploads\/2019\/03\/demenagement-003-1024x757.png\" alt=\"d\u00e9m\u00e9nagement\" width=\"525\" height=\"388\" \/><\/p>\n<h3>Contextualiser tout de suite<\/h3>\n<p>En allant la chercher chez ses grands-parents, imm\u00e9diatement nous lui avons dit : <em>\u00ab\u00a0Viens, on va voir ta nouvelle maison et ta nouvelle chambre. Papa et maman ont chang\u00e9 de maison pour avoir plus de place.\u00a0\u00bb<\/em> Ensemble nous avons d\u00e9couvert le nouveau trajet en expliquant bien que, oui, la route a chang\u00e9, on ne rentre pas par le m\u00eame chemin que d&rsquo;habitude.<\/p>\n<h3>Pr\u00e9parez la nouvelle chambre de l&rsquo;enfant<\/h3>\n<p>Avant l&rsquo;arriv\u00e9e, la chambre a \u00e9videmment \u00e9t\u00e9 enti\u00e8rement pr\u00e9par\u00e9e. Tous les jouets, les livres et les peluches ont \u00e9t\u00e9 replac\u00e9s. En arrivant, nous avons \u00e9t\u00e9 directement dans la nouvelle chambre de notre fille. Ensemble, nous avons fait le tour des jouets et des peluches. Montrez \u00e0 votre enfant que tout est l\u00e0, il ne manque rien. Passez en revue ainsi ses affaires en lui disant : <em>\u00ab\u00a0Tu vois, tu as tout, c&rsquo;est ta nouvelle chambre!\u00a0\u00bb\u00a0<\/em><\/p>\n<p>Laissez ensuite votre enfant faire librement le tour. S&rsquo;il commence \u00e0 jouer, alors le pari est quasi gagn\u00e9! Prenez m\u00eame du temps pour jouer dans cet espace nouveau en choisissant un jouet ensemble.<\/p>\n<p><img loading=\"lazy\" class=\"aligncenter size-large wp-image-641\" src=\"https:\/\/annaetmatteo.com\/blog\/wp-content\/uploads\/2019\/03\/demenagement-002-1024x682.jpg\" alt=\"jouet enfant d\u00e9m\u00e9nagement\" width=\"525\" height=\"350\" \/><\/p>\n<h3>Bien placer le lit apr\u00e8s le d\u00e9m\u00e9nagement<\/h3>\n<p>Plut\u00f4t que de tourner dans tous les sens avec le lit en vous demandant o\u00f9 il est le mieux plac\u00e9, gardez une r\u00e8gle simple en t\u00eate. Allong\u00e9 sur le dos, votre enfant doit pouvoir voir la porte, et donc qui p\u00e9n\u00e8tre dans sa chambre, sans avoir \u00e0 se contorsionner.<\/p>\n<p>Cette position est rassurante pour lui, surtout alors qu&rsquo;il devra affronter sa premi\u00e8re nuit dans un lieu inconnu. Car s&rsquo;il faut \u00e9videmment se montrer attentionn\u00e9 face au changement, il convient que d\u00e8s le d\u00e9but l&rsquo;enfant dorme dans sa chambre, quitte \u00e0 l&rsquo;y reconduire doucement mais fermement.<\/p>\n<h3>Aidez-le \u00e0 s&rsquo;approprier le lieu!<\/h3>\n<p>Avec ces petites astuces toutes simples, le but est d&rsquo;aider l&rsquo;enfant \u00e0 s&rsquo;approprier son nouvel espace et \u00e0 s&rsquo;y sentir en s\u00e9curit\u00e9. N&rsquo;h\u00e9sitez pas \u00e9galement \u00e0 partager vos tuyaux et vos m\u00e9thodes \u00e9prouv\u00e9es lors de vos propres exp\u00e9riences !<\/p>\n<h4>Ces articles pourraient aussi vous int\u00e9resser :<\/h4>\n<p><span style=\"color: #0000ff;\"><a style=\"color: #0000ff;\" href=\"https:\/\/annaetmatteo.com\/blog\/mon-enfant-ne-dort-pas-que-faire\/\" target=\"_blank\" rel=\"noopener noreferrer\">Mon enfant ne dort pas, que faire?<\/a><\/span><\/p>\n<p><span style=\"color: #0000ff;\"><a style=\"color: #0000ff;\" href=\"https:\/\/annaetmatteo.com\/blog\/ou-bebe-doit-il-dormir\/\" target=\"_blank\" rel=\"noopener noreferrer\">O\u00f9 b\u00e9b\u00e9 doit-il dormir ?<\/a><\/span><\/p>\n<p><span style=\"color: #0000ff;\"><a style=\"color: #0000ff;\" href=\"https:\/\/annaetmatteo.com\/blog\/freres-et-soeurs-conflits-disputes\/\" target=\"_blank\" rel=\"noopener noreferrer\">Fr\u00e8res et s\u0153urs : conflits, disputes, est-ce normale ?<\/a><\/span><\/p>\n","protected":false},"excerpt":{"rendered":"<p>Vous avez d\u00e9m\u00e9nag\u00e9 et souhaitez que votre bambin se sente imm\u00e9diatement \u00e0 l&rsquo;aise dans son nouveau chez lui ? Voici la m\u00e9thode que nous avons nous m\u00eame employ\u00e9e !<\/p>\n","protected":false},"author":1,"featured_media":640,"comment_status":"open","ping_status":"open","sticky":false,"template":"","format":"standard","meta":[],"categories":[1],"tags":[],"yoast_head":"<!-- This site is optimized with the Yoast SEO plugin v18.0 - https:\/\/yoast.com\/wordpress\/plugins\/seo\/ -->\n<title>Comment bien g\u00e9rer un d\u00e9m\u00e9nagement avec un jeune enfant? - Blog du Monde d&#039;Anna et Matteo<\/title>\n<meta name=\"robots\" content=\"index, follow, max-snippet:-1, max-image-preview:large, max-video-preview:-1\" \/>\n<link rel=\"canonical\" href=\"https:\/\/annaetmatteo.com\/blog\/comment-bien-gerer-un-demenagement-avec-un-jeune-enfant\/\" \/>\n<meta property=\"og:locale\" content=\"fr_FR\" \/>\n<meta property=\"og:type\" content=\"article\" \/>\n<meta property=\"og:title\" content=\"Comment bien g\u00e9rer un d\u00e9m\u00e9nagement avec un jeune enfant? - Blog du Monde d&#039;Anna et Matteo\" \/>\n<meta property=\"og:description\" content=\"Vous avez d\u00e9m\u00e9nag\u00e9 et souhaitez que votre bambin se sente imm\u00e9diatement \u00e0 l&rsquo;aise dans son nouveau chez lui ? Voici la m\u00e9thode que nous avons nous m\u00eame employ\u00e9e !\" \/>\n<meta property=\"og:url\" content=\"https:\/\/annaetmatteo.com\/blog\/comment-bien-gerer-un-demenagement-avec-un-jeune-enfant\/\" \/>\n<meta property=\"og:site_name\" content=\"Blog du Monde d&#039;Anna et Matteo\" \/>\n<meta property=\"article:publisher\" content=\"https:\/\/www.facebook.com\/AnnaEtMatteo\/\" \/>\n<meta property=\"article:author\" content=\"https:\/\/www.facebook.com\/AnnaEtMatteo\/\" \/>\n<meta property=\"article:published_time\" content=\"2019-03-28T19:57:26+00:00\" \/>\n<meta property=\"og:image\" content=\"https:\/\/annaetmatteo.com\/blog\/wp-content\/uploads\/2019\/03\/demenagement-001-e1553802459277.jpg\" \/>\n\t<meta property=\"og:image:width\" content=\"1000\" \/>\n\t<meta property=\"og:image:height\" content=\"400\" \/>\n\t<meta property=\"og:image:type\" content=\"image\/jpeg\" \/>\n<meta name=\"twitter:card\" content=\"summary_large_image\" \/>\n<meta name=\"twitter:creator\" content=\"@AnnaEtMatteo\" \/>\n<meta name=\"twitter:site\" content=\"@AnnaEtMatteo\" \/>\n<meta name=\"twitter:label1\" content=\"\u00c9crit par\" \/>\n\t<meta name=\"twitter:data1\" content=\"M\u00e9lanie &amp; Arnaud | Le Monde d'Anna et Matteo\" \/>\n\t<meta name=\"twitter:label2\" content=\"Dur\u00e9e de lecture estim\u00e9e\" \/>\n\t<meta name=\"twitter:data2\" content=\"2 minutes\" \/>\n<script type=\"application\/ld+json\" class=\"yoast-schema-graph\">{\"@context\":\"https:\/\/schema.org\",\"@graph\":[{\"@type\":\"Organization\",\"@id\":\"https:\/\/annaetmatteo.com\/blog\/#organization\",\"name\":\"Le Monde d'Anna et Matteo\",\"url\":\"https:\/\/annaetmatteo.com\/blog\/\",\"sameAs\":[\"https:\/\/www.facebook.com\/AnnaEtMatteo\/\",\"https:\/\/www.instagram.com\/annaetmatteo\/\",\"https:\/\/www.youtube.com\/channel\/UCSce5n3L_8dmB8yTwbXnCwA\/f\",\"https:\/\/www.pinterest.fr\/AnnaEtMatteo\/\",\"https:\/\/twitter.com\/AnnaEtMatteo\"],\"logo\":{\"@type\":\"ImageObject\",\"@id\":\"https:\/\/annaetmatteo.com\/blog\/#logo\",\"inLanguage\":\"fr-FR\",\"url\":\"https:\/\/annaetmatteo.com\/blog\/wp-content\/uploads\/2018\/04\/rbU69AmF_400x400-1.jpg\",\"contentUrl\":\"https:\/\/annaetmatteo.com\/blog\/wp-content\/uploads\/2018\/04\/rbU69AmF_400x400-1.jpg\",\"width\":240,\"height\":240,\"caption\":\"Le Monde d'Anna et Matteo\"},\"image\":{\"@id\":\"https:\/\/annaetmatteo.com\/blog\/#logo\"}},{\"@type\":\"WebSite\",\"@id\":\"https:\/\/annaetmatteo.com\/blog\/#website\",\"url\":\"https:\/\/annaetmatteo.com\/blog\/\",\"name\":\"Blog du Monde d&#039;Anna et Matteo\",\"description\":\"\",\"publisher\":{\"@id\":\"https:\/\/annaetmatteo.com\/blog\/#organization\"},\"potentialAction\":[{\"@type\":\"SearchAction\",\"target\":{\"@type\":\"EntryPoint\",\"urlTemplate\":\"https:\/\/annaetmatteo.com\/blog\/?s={search_term_string}\"},\"query-input\":\"required name=search_term_string\"}],\"inLanguage\":\"fr-FR\"},{\"@type\":\"ImageObject\",\"@id\":\"https:\/\/annaetmatteo.com\/blog\/comment-bien-gerer-un-demenagement-avec-un-jeune-enfant\/#primaryimage\",\"inLanguage\":\"fr-FR\",\"url\":\"https:\/\/annaetmatteo.com\/blog\/wp-content\/uploads\/2019\/03\/demenagement-001-e1553802459277.jpg\",\"contentUrl\":\"https:\/\/annaetmatteo.com\/blog\/wp-content\/uploads\/2019\/03\/demenagement-001-e1553802459277.jpg\",\"width\":1000,\"height\":400,\"caption\":\"carton d\u00e9m\u00e9nagement\"},{\"@type\":\"WebPage\",\"@id\":\"https:\/\/annaetmatteo.com\/blog\/comment-bien-gerer-un-demenagement-avec-un-jeune-enfant\/#webpage\",\"url\":\"https:\/\/annaetmatteo.com\/blog\/comment-bien-gerer-un-demenagement-avec-un-jeune-enfant\/\",\"name\":\"Comment bien g\u00e9rer un d\u00e9m\u00e9nagement avec un jeune enfant? - Blog du Monde d&#039;Anna et Matteo\",\"isPartOf\":{\"@id\":\"https:\/\/annaetmatteo.com\/blog\/#website\"},\"primaryImageOfPage\":{\"@id\":\"https:\/\/annaetmatteo.com\/blog\/comment-bien-gerer-un-demenagement-avec-un-jeune-enfant\/#primaryimage\"},\"datePublished\":\"2019-03-28T19:57:26+00:00\",\"dateModified\":\"2019-03-28T19:57:26+00:00\",\"breadcrumb\":{\"@id\":\"https:\/\/annaetmatteo.com\/blog\/comment-bien-gerer-un-demenagement-avec-un-jeune-enfant\/#breadcrumb\"},\"inLanguage\":\"fr-FR\",\"potentialAction\":[{\"@type\":\"ReadAction\",\"target\":[\"https:\/\/annaetmatteo.com\/blog\/comment-bien-gerer-un-demenagement-avec-un-jeune-enfant\/\"]}]},{\"@type\":\"BreadcrumbList\",\"@id\":\"https:\/\/annaetmatteo.com\/blog\/comment-bien-gerer-un-demenagement-avec-un-jeune-enfant\/#breadcrumb\",\"itemListElement\":[{\"@type\":\"ListItem\",\"position\":1,\"name\":\"Accueil\",\"item\":\"https:\/\/annaetmatteo.com\/blog\/\"},{\"@type\":\"ListItem\",\"position\":2,\"name\":\"Comment bien g\u00e9rer un d\u00e9m\u00e9nagement avec un jeune enfant?\"}]},{\"@type\":\"Article\",\"@id\":\"https:\/\/annaetmatteo.com\/blog\/comment-bien-gerer-un-demenagement-avec-un-jeune-enfant\/#article\",\"isPartOf\":{\"@id\":\"https:\/\/annaetmatteo.com\/blog\/comment-bien-gerer-un-demenagement-avec-un-jeune-enfant\/#webpage\"},\"author\":{\"@id\":\"https:\/\/annaetmatteo.com\/blog\/#\/schema\/person\/324a22a04fc2477c15496ba8213c7eab\"},\"headline\":\"Comment bien g\u00e9rer un d\u00e9m\u00e9nagement avec un jeune enfant?\",\"datePublished\":\"2019-03-28T19:57:26+00:00\",\"dateModified\":\"2019-03-28T19:57:26+00:00\",\"mainEntityOfPage\":{\"@id\":\"https:\/\/annaetmatteo.com\/blog\/comment-bien-gerer-un-demenagement-avec-un-jeune-enfant\/#webpage\"},\"wordCount\":511,\"commentCount\":1,\"publisher\":{\"@id\":\"https:\/\/annaetmatteo.com\/blog\/#organization\"},\"image\":{\"@id\":\"https:\/\/annaetmatteo.com\/blog\/comment-bien-gerer-un-demenagement-avec-un-jeune-enfant\/#primaryimage\"},\"thumbnailUrl\":\"https:\/\/annaetmatteo.com\/blog\/wp-content\/uploads\/2019\/03\/demenagement-001-e1553802459277.jpg\",\"inLanguage\":\"fr-FR\",\"potentialAction\":[{\"@type\":\"CommentAction\",\"name\":\"Comment\",\"target\":[\"https:\/\/annaetmatteo.com\/blog\/comment-bien-gerer-un-demenagement-avec-un-jeune-enfant\/#respond\"]}]},{\"@type\":\"Person\",\"@id\":\"https:\/\/annaetmatteo.com\/blog\/#\/schema\/person\/324a22a04fc2477c15496ba8213c7eab\",\"name\":\"M\u00e9lanie &amp; Arnaud | Le Monde d'Anna et Matteo\",\"image\":{\"@type\":\"ImageObject\",\"@id\":\"https:\/\/annaetmatteo.com\/blog\/#personlogo\",\"inLanguage\":\"fr-FR\",\"url\":\"https:\/\/secure.gravatar.com\/avatar\/3c48cff264353bcb37bf9b52c1b769e7?s=96&d=mm&r=g\",\"contentUrl\":\"https:\/\/secure.gravatar.com\/avatar\/3c48cff264353bcb37bf9b52c1b769e7?s=96&d=mm&r=g\",\"caption\":\"M\u00e9lanie &amp; Arnaud | Le Monde d'Anna et Matteo\"},\"sameAs\":[\"https:\/\/annaetmatteo.com\",\"https:\/\/www.facebook.com\/AnnaEtMatteo\/\",\"https:\/\/twitter.com\/AnnaEtMatteo\"]}]}<\/script>\n<!-- \/ Yoast SEO plugin. -->","yoast_head_json":{"title":"Comment bien g\u00e9rer un d\u00e9m\u00e9nagement avec un jeune enfant? - Blog du Monde d&#039;Anna et Matteo","robots":{"index":"index","follow":"follow","max-snippet":"max-snippet:-1","max-image-preview":"max-image-preview:large","max-video-preview":"max-video-preview:-1"},"canonical":"https:\/\/annaetmatteo.com\/blog\/comment-bien-gerer-un-demenagement-avec-un-jeune-enfant\/","og_locale":"fr_FR","og_type":"article","og_title":"Comment bien g\u00e9rer un d\u00e9m\u00e9nagement avec un jeune enfant? - Blog du Monde d&#039;Anna et Matteo","og_description":"Vous avez d\u00e9m\u00e9nag\u00e9 et souhaitez que votre bambin se sente imm\u00e9diatement \u00e0 l&rsquo;aise dans son nouveau chez lui ? Voici la m\u00e9thode que nous avons nous m\u00eame employ\u00e9e !","og_url":"https:\/\/annaetmatteo.com\/blog\/comment-bien-gerer-un-demenagement-avec-un-jeune-enfant\/","og_site_name":"Blog du Monde d&#039;Anna et Matteo","article_publisher":"https:\/\/www.facebook.com\/AnnaEtMatteo\/","article_author":"https:\/\/www.facebook.com\/AnnaEtMatteo\/","article_published_time":"2019-03-28T19:57:26+00:00","og_image":[{"width":1000,"height":400,"url":"https:\/\/annaetmatteo.com\/blog\/wp-content\/uploads\/2019\/03\/demenagement-001-e1553802459277.jpg","type":"image\/jpeg"}],"twitter_card":"summary_large_image","twitter_creator":"@AnnaEtMatteo","twitter_site":"@AnnaEtMatteo","twitter_misc":{"\u00c9crit par":"M\u00e9lanie &amp; Arnaud | Le Monde d'Anna et Matteo","Dur\u00e9e de lecture estim\u00e9e":"2 minutes"},"schema":{"@context":"https:\/\/schema.org","@graph":[{"@type":"Organization","@id":"https:\/\/annaetmatteo.com\/blog\/#organization","name":"Le Monde d'Anna et Matteo","url":"https:\/\/annaetmatteo.com\/blog\/","sameAs":["https:\/\/www.facebook.com\/AnnaEtMatteo\/","https:\/\/www.instagram.com\/annaetmatteo\/","https:\/\/www.youtube.com\/channel\/UCSce5n3L_8dmB8yTwbXnCwA\/f","https:\/\/www.pinterest.fr\/AnnaEtMatteo\/","https:\/\/twitter.com\/AnnaEtMatteo"],"logo":{"@type":"ImageObject","@id":"https:\/\/annaetmatteo.com\/blog\/#logo","inLanguage":"fr-FR","url":"https:\/\/annaetmatteo.com\/blog\/wp-content\/uploads\/2018\/04\/rbU69AmF_400x400-1.jpg","contentUrl":"https:\/\/annaetmatteo.com\/blog\/wp-content\/uploads\/2018\/04\/rbU69AmF_400x400-1.jpg","width":240,"height":240,"caption":"Le Monde d'Anna et Matteo"},"image":{"@id":"https:\/\/annaetmatteo.com\/blog\/#logo"}},{"@type":"WebSite","@id":"https:\/\/annaetmatteo.com\/blog\/#website","url":"https:\/\/annaetmatteo.com\/blog\/","name":"Blog du Monde d&#039;Anna et Matteo","description":"","publisher":{"@id":"https:\/\/annaetmatteo.com\/blog\/#organization"},"potentialAction":[{"@type":"SearchAction","target":{"@type":"EntryPoint","urlTemplate":"https:\/\/annaetmatteo.com\/blog\/?s={search_term_string}"},"query-input":"required name=search_term_string"}],"inLanguage":"fr-FR"},{"@type":"ImageObject","@id":"https:\/\/annaetmatteo.com\/blog\/comment-bien-gerer-un-demenagement-avec-un-jeune-enfant\/#primaryimage","inLanguage":"fr-FR","url":"https:\/\/annaetmatteo.com\/blog\/wp-content\/uploads\/2019\/03\/demenagement-001-e1553802459277.jpg","contentUrl":"https:\/\/annaetmatteo.com\/blog\/wp-content\/uploads\/2019\/03\/demenagement-001-e1553802459277.jpg","width":1000,"height":400,"caption":"carton d\u00e9m\u00e9nagement"},{"@type":"WebPage","@id":"https:\/\/annaetmatteo.com\/blog\/comment-bien-gerer-un-demenagement-avec-un-jeune-enfant\/#webpage","url":"https:\/\/annaetmatteo.com\/blog\/comment-bien-gerer-un-demenagement-avec-un-jeune-enfant\/","name":"Comment bien g\u00e9rer un d\u00e9m\u00e9nagement avec un jeune enfant? - Blog du Monde d&#039;Anna et Matteo","isPartOf":{"@id":"https:\/\/annaetmatteo.com\/blog\/#website"},"primaryImageOfPage":{"@id":"https:\/\/annaetmatteo.com\/blog\/comment-bien-gerer-un-demenagement-avec-un-jeune-enfant\/#primaryimage"},"datePublished":"2019-03-28T19:57:26+00:00","dateModified":"2019-03-28T19:57:26+00:00","breadcrumb":{"@id":"https:\/\/annaetmatteo.com\/blog\/comment-bien-gerer-un-demenagement-avec-un-jeune-enfant\/#breadcrumb"},"inLanguage":"fr-FR","potentialAction":[{"@type":"ReadAction","target":["https:\/\/annaetmatteo.com\/blog\/comment-bien-gerer-un-demenagement-avec-un-jeune-enfant\/"]}]},{"@type":"BreadcrumbList","@id":"https:\/\/annaetmatteo.com\/blog\/comment-bien-gerer-un-demenagement-avec-un-jeune-enfant\/#breadcrumb","itemListElement":[{"@type":"ListItem","position":1,"name":"Accueil","item":"https:\/\/annaetmatteo.com\/blog\/"},{"@type":"ListItem","position":2,"name":"Comment bien g\u00e9rer un d\u00e9m\u00e9nagement avec un jeune enfant?"}]},{"@type":"Article","@id":"https:\/\/annaetmatteo.com\/blog\/comment-bien-gerer-un-demenagement-avec-un-jeune-enfant\/#article","isPartOf":{"@id":"https:\/\/annaetmatteo.com\/blog\/comment-bien-gerer-un-demenagement-avec-un-jeune-enfant\/#webpage"},"author":{"@id":"https:\/\/annaetmatteo.com\/blog\/#\/schema\/person\/324a22a04fc2477c15496ba8213c7eab"},"headline":"Comment bien g\u00e9rer un d\u00e9m\u00e9nagement avec un jeune enfant?","datePublished":"2019-03-28T19:57:26+00:00","dateModified":"2019-03-28T19:57:26+00:00","mainEntityOfPage":{"@id":"https:\/\/annaetmatteo.com\/blog\/comment-bien-gerer-un-demenagement-avec-un-jeune-enfant\/#webpage"},"wordCount":511,"commentCount":1,"publisher":{"@id":"https:\/\/annaetmatteo.com\/blog\/#organization"},"image":{"@id":"https:\/\/annaetmatteo.com\/blog\/comment-bien-gerer-un-demenagement-avec-un-jeune-enfant\/#primaryimage"},"thumbnailUrl":"https:\/\/annaetmatteo.com\/blog\/wp-content\/uploads\/2019\/03\/demenagement-001-e1553802459277.jpg","inLanguage":"fr-FR","potentialAction":[{"@type":"CommentAction","name":"Comment","target":["https:\/\/annaetmatteo.com\/blog\/comment-bien-gerer-un-demenagement-avec-un-jeune-enfant\/#respond"]}]},{"@type":"Person","@id":"https:\/\/annaetmatteo.com\/blog\/#\/schema\/person\/324a22a04fc2477c15496ba8213c7eab","name":"M\u00e9lanie &amp; Arnaud | Le Monde d'Anna et Matteo","image":{"@type":"ImageObject","@id":"https:\/\/annaetmatteo.com\/blog\/#personlogo","inLanguage":"fr-FR","url":"https:\/\/secure.gravatar.com\/avatar\/3c48cff264353bcb37bf9b52c1b769e7?s=96&d=mm&r=g","contentUrl":"https:\/\/secure.gravatar.com\/avatar\/3c48cff264353bcb37bf9b52c1b769e7?s=96&d=mm&r=g","caption":"M\u00e9lanie &amp; Arnaud | Le Monde d'Anna et Matteo"},"sameAs":["https:\/\/annaetmatteo.com","https:\/\/www.facebook.com\/AnnaEtMatteo\/","https:\/\/twitter.com\/AnnaEtMatteo"]}]}},"_links":{"self":[{"href":"https:\/\/annaetmatteo.com\/blog\/wp-json\/wp\/v2\/posts\/638"}],"collection":[{"href":"https:\/\/annaetmatteo.com\/blog\/wp-json\/wp\/v2\/posts"}],"about":[{"href":"https:\/\/annaetmatteo.com\/blog\/wp-json\/wp\/v2\/types\/post"}],"author":[{"embeddable":true,"href":"https:\/\/annaetmatteo.com\/blog\/wp-json\/wp\/v2\/users\/1"}],"replies":[{"embeddable":true,"href":"https:\/\/annaetmatteo.com\/blog\/wp-json\/wp\/v2\/comments?post=638"}],"version-history":[{"count":3,"href":"https:\/\/annaetmatteo.com\/blog\/wp-json\/wp\/v2\/posts\/638\/revisions"}],"predecessor-version":[{"id":645,"href":"https:\/\/annaetmatteo.com\/blog\/wp-json\/wp\/v2\/posts\/638\/revisions\/645"}],"wp:featuredmedia":[{"embeddable":true,"href":"https:\/\/annaetmatteo.com\/blog\/wp-json\/wp\/v2\/media\/640"}],"wp:attachment":[{"href":"https:\/\/annaetmatteo.com\/blog\/wp-json\/wp\/v2\/media?parent=638"}],"wp:term":[{"taxonomy":"category","embeddable":true,"href":"https:\/\/annaetmatteo.com\/blog\/wp-json\/wp\/v2\/categories?post=638"},{"taxonomy":"post_tag","embeddable":true,"href":"https:\/\/annaetmatteo.com\/blog\/wp-json\/wp\/v2\/tags?post=638"}],"curies":[{"name":"wp","href":"https:\/\/api.w.org\/{rel}","templated":true}]}}