{"id":627,"date":"2019-03-07T19:51:38","date_gmt":"2019-03-07T18:51:38","guid":{"rendered":"https:\/\/annaetmatteo.com\/blog\/?p=627"},"modified":"2019-03-07T19:51:38","modified_gmt":"2019-03-07T18:51:38","slug":"une-adresse-a-connaitre-monenfant-fr","status":"publish","type":"post","link":"https:\/\/annaetmatteo.com\/blog\/une-adresse-a-connaitre-monenfant-fr\/","title":{"rendered":"Une adresse \u00e0 conna\u00eetre: monenfant.fr"},"content":{"rendered":"<h2>La CAF (Caisse d&rsquo;allocations familiale) a annonc\u00e9 le lancement fin f\u00e9vrier d&rsquo;un nouveau service qui doit vous aider \u00e0 trouver une solution d&rsquo;accueil pour vos bambins : monenfant.fr.<\/h2>\n<p><!--more--><\/p>\n<p>Si vous ne suivez pas les actualit\u00e9s de la CAF, vous avez peut-\u00eatre manqu\u00e9 l&rsquo;information. Or si vous \u00eates \u00e0 la recherche d&rsquo;une cr\u00e8che, d&rsquo;un centre de loisir ou de toute solution de garde pour votre enfant, ce nouveau service va vous int\u00e9resser.<\/p>\n<p>Sobrement intitul\u00e9<span style=\"color: #0000ff;\"> <a style=\"color: #0000ff;\" href=\"https:\/\/www.monenfant.fr\/\" target=\"_blank\" rel=\"noopener\">monenfant.fr<\/a><\/span>, ce portail permet, selon la CAF, de r\u00e9pertorier <em>\u00ab\u00a0la quasi-totalit\u00e9 des structures d\u2019accueil\u00a0destin\u00e9es aux petits (cr\u00e8che, centre de loisirs, etc.), des services existants pour informer et accompagner les parents (lieu d\u2019accueil parents-enfants, relais d\u2019assistants maternels, service de m\u00e9diation familiale\u2026) mais \u00e9galement pr\u00e8s de 75% des assistants maternels actuellement en activit\u00e9.\u00a0\u00bb<\/em><\/p>\n<p><img loading=\"lazy\" class=\"aligncenter size-large wp-image-631\" src=\"https:\/\/annaetmatteo.com\/blog\/wp-content\/uploads\/2019\/03\/monenfant-2-1024x683.jpg\" alt=\"b\u00e9b\u00e9 allong\u00e9 avec ses parents\" width=\"525\" height=\"350\" \/><\/p>\n<h3>Des outils pour aider les parents<\/h3>\n<p>La page offre aussi un r\u00e9capitulatif de vos aides, un simulateur pour estimer vos tarifs de cr\u00e8che ou encore une page permettant de conna\u00eetre votre \u00e9ligibilit\u00e9 \u00e0 ces services.<\/p>\n<p>De l&rsquo;enfance \u00e0 l&rsquo;adolescence, le site vous fournit des conseils. Pour le coup, le menu est presque trop touffus. Et compte tenu de la promesse d&rsquo;y maintenir une actualit\u00e9 constante, on se doute qu&rsquo;il faudra peut \u00eatre songer \u00e0 r\u00e9organiser un peu ces nombreuses entr\u00e9es !<\/p>\n<p>Quoi qu&rsquo;il en soit, pour tout parent, il s&rsquo;agit d&rsquo;une adresse utile \u00e0 garder dans vos favoris.<\/p>\n<h4>Ces articles pourraient aussi vous int\u00e9resser :<\/h4>\n<p><span style=\"color: #0000ff;\"><a style=\"color: #0000ff;\" href=\"https:\/\/annaetmatteo.com\/blog\/grands-parents-baby-sitters\/\" target=\"_blank\" rel=\"noopener\">Grands-parents baby-sitters ?<\/a><\/span><\/p>\n<p><span style=\"color: #0000ff;\"><a style=\"color: #0000ff;\" href=\"https:\/\/annaetmatteo.com\/blog\/comment-preparer-arrivee-second-bebe\/\" target=\"_blank\" rel=\"noopener\">Comment pr\u00e9parer l&rsquo;arriv\u00e9e d&rsquo;un second b\u00e9b\u00e9 ?<\/a><\/span><\/p>\n<p><span style=\"color: #0000ff;\"><a style=\"color: #0000ff;\" href=\"https:\/\/annaetmatteo.com\/blog\/jeux-ma-muse\/\" target=\"_blank\" rel=\"noopener\">D\u00e9couvrez Jeux Ma Muse : pour des f\u00eates enfantines r\u00e9ussies !<\/a><\/span><\/p>\n","protected":false},"excerpt":{"rendered":"<p>La CAF (Caisse d&rsquo;allocations familiale) a annonc\u00e9 le lancement fin f\u00e9vrier d&rsquo;un nouveau service qui doit vous aider \u00e0 trouver une solution d&rsquo;accueil pour vos bambins : monenfant.fr.<\/p>\n","protected":false},"author":1,"featured_media":630,"comment_status":"open","ping_status":"open","sticky":false,"template":"","format":"standard","meta":[],"categories":[1],"tags":[],"yoast_head":"<!-- This site is optimized with the Yoast SEO plugin v18.0 - https:\/\/yoast.com\/wordpress\/plugins\/seo\/ -->\n<title>Une adresse \u00e0 conna\u00eetre: monenfant.fr - Blog du Monde d&#039;Anna et Matteo<\/title>\n<meta name=\"robots\" content=\"index, follow, max-snippet:-1, max-image-preview:large, max-video-preview:-1\" \/>\n<link rel=\"canonical\" href=\"https:\/\/annaetmatteo.com\/blog\/une-adresse-a-connaitre-monenfant-fr\/\" \/>\n<meta property=\"og:locale\" content=\"fr_FR\" \/>\n<meta property=\"og:type\" content=\"article\" \/>\n<meta property=\"og:title\" content=\"Une adresse \u00e0 conna\u00eetre: monenfant.fr - Blog du Monde d&#039;Anna et Matteo\" \/>\n<meta property=\"og:description\" content=\"La CAF (Caisse d&rsquo;allocations familiale) a annonc\u00e9 le lancement fin f\u00e9vrier d&rsquo;un nouveau service qui doit vous aider \u00e0 trouver une solution d&rsquo;accueil pour vos bambins : monenfant.fr.\" \/>\n<meta property=\"og:url\" content=\"https:\/\/annaetmatteo.com\/blog\/une-adresse-a-connaitre-monenfant-fr\/\" \/>\n<meta property=\"og:site_name\" content=\"Blog du Monde d&#039;Anna et Matteo\" \/>\n<meta property=\"article:publisher\" content=\"https:\/\/www.facebook.com\/AnnaEtMatteo\/\" \/>\n<meta property=\"article:author\" content=\"https:\/\/www.facebook.com\/AnnaEtMatteo\/\" \/>\n<meta property=\"article:published_time\" content=\"2019-03-07T18:51:38+00:00\" \/>\n<meta property=\"og:image\" content=\"https:\/\/annaetmatteo.com\/blog\/wp-content\/uploads\/2019\/03\/monenfant-1-e1551984556842.jpg\" \/>\n\t<meta property=\"og:image:width\" content=\"1000\" \/>\n\t<meta property=\"og:image:height\" content=\"400\" \/>\n\t<meta property=\"og:image:type\" content=\"image\/jpeg\" \/>\n<meta name=\"twitter:card\" content=\"summary_large_image\" \/>\n<meta name=\"twitter:creator\" content=\"@AnnaEtMatteo\" \/>\n<meta name=\"twitter:site\" content=\"@AnnaEtMatteo\" \/>\n<meta name=\"twitter:label1\" content=\"\u00c9crit par\" \/>\n\t<meta name=\"twitter:data1\" content=\"M\u00e9lanie &amp; Arnaud | Le Monde d'Anna et Matteo\" \/>\n\t<meta name=\"twitter:label2\" content=\"Dur\u00e9e de lecture estim\u00e9e\" \/>\n\t<meta name=\"twitter:data2\" content=\"1 minute\" \/>\n<script type=\"application\/ld+json\" class=\"yoast-schema-graph\">{\"@context\":\"https:\/\/schema.org\",\"@graph\":[{\"@type\":\"Organization\",\"@id\":\"https:\/\/annaetmatteo.com\/blog\/#organization\",\"name\":\"Le Monde d'Anna et Matteo\",\"url\":\"https:\/\/annaetmatteo.com\/blog\/\",\"sameAs\":[\"https:\/\/www.facebook.com\/AnnaEtMatteo\/\",\"https:\/\/www.instagram.com\/annaetmatteo\/\",\"https:\/\/www.youtube.com\/channel\/UCSce5n3L_8dmB8yTwbXnCwA\/f\",\"https:\/\/www.pinterest.fr\/AnnaEtMatteo\/\",\"https:\/\/twitter.com\/AnnaEtMatteo\"],\"logo\":{\"@type\":\"ImageObject\",\"@id\":\"https:\/\/annaetmatteo.com\/blog\/#logo\",\"inLanguage\":\"fr-FR\",\"url\":\"https:\/\/annaetmatteo.com\/blog\/wp-content\/uploads\/2018\/04\/rbU69AmF_400x400-1.jpg\",\"contentUrl\":\"https:\/\/annaetmatteo.com\/blog\/wp-content\/uploads\/2018\/04\/rbU69AmF_400x400-1.jpg\",\"width\":240,\"height\":240,\"caption\":\"Le Monde d'Anna et Matteo\"},\"image\":{\"@id\":\"https:\/\/annaetmatteo.com\/blog\/#logo\"}},{\"@type\":\"WebSite\",\"@id\":\"https:\/\/annaetmatteo.com\/blog\/#website\",\"url\":\"https:\/\/annaetmatteo.com\/blog\/\",\"name\":\"Blog du Monde d&#039;Anna et Matteo\",\"description\":\"\",\"publisher\":{\"@id\":\"https:\/\/annaetmatteo.com\/blog\/#organization\"},\"potentialAction\":[{\"@type\":\"SearchAction\",\"target\":{\"@type\":\"EntryPoint\",\"urlTemplate\":\"https:\/\/annaetmatteo.com\/blog\/?s={search_term_string}\"},\"query-input\":\"required name=search_term_string\"}],\"inLanguage\":\"fr-FR\"},{\"@type\":\"ImageObject\",\"@id\":\"https:\/\/annaetmatteo.com\/blog\/une-adresse-a-connaitre-monenfant-fr\/#primaryimage\",\"inLanguage\":\"fr-FR\",\"url\":\"https:\/\/annaetmatteo.com\/blog\/wp-content\/uploads\/2019\/03\/monenfant-1-e1551984556842.jpg\",\"contentUrl\":\"https:\/\/annaetmatteo.com\/blog\/wp-content\/uploads\/2019\/03\/monenfant-1-e1551984556842.jpg\",\"width\":1000,\"height\":400,\"caption\":\"b\u00e9b\u00e9 \u00e0 4 pattes avec ses parents\"},{\"@type\":\"WebPage\",\"@id\":\"https:\/\/annaetmatteo.com\/blog\/une-adresse-a-connaitre-monenfant-fr\/#webpage\",\"url\":\"https:\/\/annaetmatteo.com\/blog\/une-adresse-a-connaitre-monenfant-fr\/\",\"name\":\"Une adresse \u00e0 conna\u00eetre: monenfant.fr - Blog du Monde d&#039;Anna et Matteo\",\"isPartOf\":{\"@id\":\"https:\/\/annaetmatteo.com\/blog\/#website\"},\"primaryImageOfPage\":{\"@id\":\"https:\/\/annaetmatteo.com\/blog\/une-adresse-a-connaitre-monenfant-fr\/#primaryimage\"},\"datePublished\":\"2019-03-07T18:51:38+00:00\",\"dateModified\":\"2019-03-07T18:51:38+00:00\",\"breadcrumb\":{\"@id\":\"https:\/\/annaetmatteo.com\/blog\/une-adresse-a-connaitre-monenfant-fr\/#breadcrumb\"},\"inLanguage\":\"fr-FR\",\"potentialAction\":[{\"@type\":\"ReadAction\",\"target\":[\"https:\/\/annaetmatteo.com\/blog\/une-adresse-a-connaitre-monenfant-fr\/\"]}]},{\"@type\":\"BreadcrumbList\",\"@id\":\"https:\/\/annaetmatteo.com\/blog\/une-adresse-a-connaitre-monenfant-fr\/#breadcrumb\",\"itemListElement\":[{\"@type\":\"ListItem\",\"position\":1,\"name\":\"Accueil\",\"item\":\"https:\/\/annaetmatteo.com\/blog\/\"},{\"@type\":\"ListItem\",\"position\":2,\"name\":\"Une adresse \u00e0 conna\u00eetre: monenfant.fr\"}]},{\"@type\":\"Article\",\"@id\":\"https:\/\/annaetmatteo.com\/blog\/une-adresse-a-connaitre-monenfant-fr\/#article\",\"isPartOf\":{\"@id\":\"https:\/\/annaetmatteo.com\/blog\/une-adresse-a-connaitre-monenfant-fr\/#webpage\"},\"author\":{\"@id\":\"https:\/\/annaetmatteo.com\/blog\/#\/schema\/person\/324a22a04fc2477c15496ba8213c7eab\"},\"headline\":\"Une adresse \u00e0 conna\u00eetre: monenfant.fr\",\"datePublished\":\"2019-03-07T18:51:38+00:00\",\"dateModified\":\"2019-03-07T18:51:38+00:00\",\"mainEntityOfPage\":{\"@id\":\"https:\/\/annaetmatteo.com\/blog\/une-adresse-a-connaitre-monenfant-fr\/#webpage\"},\"wordCount\":270,\"commentCount\":0,\"publisher\":{\"@id\":\"https:\/\/annaetmatteo.com\/blog\/#organization\"},\"image\":{\"@id\":\"https:\/\/annaetmatteo.com\/blog\/une-adresse-a-connaitre-monenfant-fr\/#primaryimage\"},\"thumbnailUrl\":\"https:\/\/annaetmatteo.com\/blog\/wp-content\/uploads\/2019\/03\/monenfant-1-e1551984556842.jpg\",\"inLanguage\":\"fr-FR\",\"potentialAction\":[{\"@type\":\"CommentAction\",\"name\":\"Comment\",\"target\":[\"https:\/\/annaetmatteo.com\/blog\/une-adresse-a-connaitre-monenfant-fr\/#respond\"]}]},{\"@type\":\"Person\",\"@id\":\"https:\/\/annaetmatteo.com\/blog\/#\/schema\/person\/324a22a04fc2477c15496ba8213c7eab\",\"name\":\"M\u00e9lanie &amp; Arnaud | Le Monde d'Anna et Matteo\",\"image\":{\"@type\":\"ImageObject\",\"@id\":\"https:\/\/annaetmatteo.com\/blog\/#personlogo\",\"inLanguage\":\"fr-FR\",\"url\":\"https:\/\/secure.gravatar.com\/avatar\/3c48cff264353bcb37bf9b52c1b769e7?s=96&d=mm&r=g\",\"contentUrl\":\"https:\/\/secure.gravatar.com\/avatar\/3c48cff264353bcb37bf9b52c1b769e7?s=96&d=mm&r=g\",\"caption\":\"M\u00e9lanie &amp; Arnaud | Le Monde d'Anna et Matteo\"},\"sameAs\":[\"https:\/\/annaetmatteo.com\",\"https:\/\/www.facebook.com\/AnnaEtMatteo\/\",\"https:\/\/twitter.com\/AnnaEtMatteo\"]}]}<\/script>\n<!-- \/ Yoast SEO plugin. -->","yoast_head_json":{"title":"Une adresse \u00e0 conna\u00eetre: monenfant.fr - Blog du Monde d&#039;Anna et Matteo","robots":{"index":"index","follow":"follow","max-snippet":"max-snippet:-1","max-image-preview":"max-image-preview:large","max-video-preview":"max-video-preview:-1"},"canonical":"https:\/\/annaetmatteo.com\/blog\/une-adresse-a-connaitre-monenfant-fr\/","og_locale":"fr_FR","og_type":"article","og_title":"Une adresse \u00e0 conna\u00eetre: monenfant.fr - Blog du Monde d&#039;Anna et Matteo","og_description":"La CAF (Caisse d&rsquo;allocations familiale) a annonc\u00e9 le lancement fin f\u00e9vrier d&rsquo;un nouveau service qui doit vous aider \u00e0 trouver une solution d&rsquo;accueil pour vos bambins : monenfant.fr.","og_url":"https:\/\/annaetmatteo.com\/blog\/une-adresse-a-connaitre-monenfant-fr\/","og_site_name":"Blog du Monde d&#039;Anna et Matteo","article_publisher":"https:\/\/www.facebook.com\/AnnaEtMatteo\/","article_author":"https:\/\/www.facebook.com\/AnnaEtMatteo\/","article_published_time":"2019-03-07T18:51:38+00:00","og_image":[{"width":1000,"height":400,"url":"https:\/\/annaetmatteo.com\/blog\/wp-content\/uploads\/2019\/03\/monenfant-1-e1551984556842.jpg","type":"image\/jpeg"}],"twitter_card":"summary_large_image","twitter_creator":"@AnnaEtMatteo","twitter_site":"@AnnaEtMatteo","twitter_misc":{"\u00c9crit par":"M\u00e9lanie &amp; Arnaud | Le Monde d'Anna et Matteo","Dur\u00e9e de lecture estim\u00e9e":"1 minute"},"schema":{"@context":"https:\/\/schema.org","@graph":[{"@type":"Organization","@id":"https:\/\/annaetmatteo.com\/blog\/#organization","name":"Le Monde d'Anna et Matteo","url":"https:\/\/annaetmatteo.com\/blog\/","sameAs":["https:\/\/www.facebook.com\/AnnaEtMatteo\/","https:\/\/www.instagram.com\/annaetmatteo\/","https:\/\/www.youtube.com\/channel\/UCSce5n3L_8dmB8yTwbXnCwA\/f","https:\/\/www.pinterest.fr\/AnnaEtMatteo\/","https:\/\/twitter.com\/AnnaEtMatteo"],"logo":{"@type":"ImageObject","@id":"https:\/\/annaetmatteo.com\/blog\/#logo","inLanguage":"fr-FR","url":"https:\/\/annaetmatteo.com\/blog\/wp-content\/uploads\/2018\/04\/rbU69AmF_400x400-1.jpg","contentUrl":"https:\/\/annaetmatteo.com\/blog\/wp-content\/uploads\/2018\/04\/rbU69AmF_400x400-1.jpg","width":240,"height":240,"caption":"Le Monde d'Anna et Matteo"},"image":{"@id":"https:\/\/annaetmatteo.com\/blog\/#logo"}},{"@type":"WebSite","@id":"https:\/\/annaetmatteo.com\/blog\/#website","url":"https:\/\/annaetmatteo.com\/blog\/","name":"Blog du Monde d&#039;Anna et Matteo","description":"","publisher":{"@id":"https:\/\/annaetmatteo.com\/blog\/#organization"},"potentialAction":[{"@type":"SearchAction","target":{"@type":"EntryPoint","urlTemplate":"https:\/\/annaetmatteo.com\/blog\/?s={search_term_string}"},"query-input":"required name=search_term_string"}],"inLanguage":"fr-FR"},{"@type":"ImageObject","@id":"https:\/\/annaetmatteo.com\/blog\/une-adresse-a-connaitre-monenfant-fr\/#primaryimage","inLanguage":"fr-FR","url":"https:\/\/annaetmatteo.com\/blog\/wp-content\/uploads\/2019\/03\/monenfant-1-e1551984556842.jpg","contentUrl":"https:\/\/annaetmatteo.com\/blog\/wp-content\/uploads\/2019\/03\/monenfant-1-e1551984556842.jpg","width":1000,"height":400,"caption":"b\u00e9b\u00e9 \u00e0 4 pattes avec ses parents"},{"@type":"WebPage","@id":"https:\/\/annaetmatteo.com\/blog\/une-adresse-a-connaitre-monenfant-fr\/#webpage","url":"https:\/\/annaetmatteo.com\/blog\/une-adresse-a-connaitre-monenfant-fr\/","name":"Une adresse \u00e0 conna\u00eetre: monenfant.fr - Blog du Monde d&#039;Anna et Matteo","isPartOf":{"@id":"https:\/\/annaetmatteo.com\/blog\/#website"},"primaryImageOfPage":{"@id":"https:\/\/annaetmatteo.com\/blog\/une-adresse-a-connaitre-monenfant-fr\/#primaryimage"},"datePublished":"2019-03-07T18:51:38+00:00","dateModified":"2019-03-07T18:51:38+00:00","breadcrumb":{"@id":"https:\/\/annaetmatteo.com\/blog\/une-adresse-a-connaitre-monenfant-fr\/#breadcrumb"},"inLanguage":"fr-FR","potentialAction":[{"@type":"ReadAction","target":["https:\/\/annaetmatteo.com\/blog\/une-adresse-a-connaitre-monenfant-fr\/"]}]},{"@type":"BreadcrumbList","@id":"https:\/\/annaetmatteo.com\/blog\/une-adresse-a-connaitre-monenfant-fr\/#breadcrumb","itemListElement":[{"@type":"ListItem","position":1,"name":"Accueil","item":"https:\/\/annaetmatteo.com\/blog\/"},{"@type":"ListItem","position":2,"name":"Une adresse \u00e0 conna\u00eetre: monenfant.fr"}]},{"@type":"Article","@id":"https:\/\/annaetmatteo.com\/blog\/une-adresse-a-connaitre-monenfant-fr\/#article","isPartOf":{"@id":"https:\/\/annaetmatteo.com\/blog\/une-adresse-a-connaitre-monenfant-fr\/#webpage"},"author":{"@id":"https:\/\/annaetmatteo.com\/blog\/#\/schema\/person\/324a22a04fc2477c15496ba8213c7eab"},"headline":"Une adresse \u00e0 conna\u00eetre: monenfant.fr","datePublished":"2019-03-07T18:51:38+00:00","dateModified":"2019-03-07T18:51:38+00:00","mainEntityOfPage":{"@id":"https:\/\/annaetmatteo.com\/blog\/une-adresse-a-connaitre-monenfant-fr\/#webpage"},"wordCount":270,"commentCount":0,"publisher":{"@id":"https:\/\/annaetmatteo.com\/blog\/#organization"},"image":{"@id":"https:\/\/annaetmatteo.com\/blog\/une-adresse-a-connaitre-monenfant-fr\/#primaryimage"},"thumbnailUrl":"https:\/\/annaetmatteo.com\/blog\/wp-content\/uploads\/2019\/03\/monenfant-1-e1551984556842.jpg","inLanguage":"fr-FR","potentialAction":[{"@type":"CommentAction","name":"Comment","target":["https:\/\/annaetmatteo.com\/blog\/une-adresse-a-connaitre-monenfant-fr\/#respond"]}]},{"@type":"Person","@id":"https:\/\/annaetmatteo.com\/blog\/#\/schema\/person\/324a22a04fc2477c15496ba8213c7eab","name":"M\u00e9lanie &amp; Arnaud | Le Monde d'Anna et Matteo","image":{"@type":"ImageObject","@id":"https:\/\/annaetmatteo.com\/blog\/#personlogo","inLanguage":"fr-FR","url":"https:\/\/secure.gravatar.com\/avatar\/3c48cff264353bcb37bf9b52c1b769e7?s=96&d=mm&r=g","contentUrl":"https:\/\/secure.gravatar.com\/avatar\/3c48cff264353bcb37bf9b52c1b769e7?s=96&d=mm&r=g","caption":"M\u00e9lanie &amp; Arnaud | Le Monde d'Anna et Matteo"},"sameAs":["https:\/\/annaetmatteo.com","https:\/\/www.facebook.com\/AnnaEtMatteo\/","https:\/\/twitter.com\/AnnaEtMatteo"]}]}},"_links":{"self":[{"href":"https:\/\/annaetmatteo.com\/blog\/wp-json\/wp\/v2\/posts\/627"}],"collection":[{"href":"https:\/\/annaetmatteo.com\/blog\/wp-json\/wp\/v2\/posts"}],"about":[{"href":"https:\/\/annaetmatteo.com\/blog\/wp-json\/wp\/v2\/types\/post"}],"author":[{"embeddable":true,"href":"https:\/\/annaetmatteo.com\/blog\/wp-json\/wp\/v2\/users\/1"}],"replies":[{"embeddable":true,"href":"https:\/\/annaetmatteo.com\/blog\/wp-json\/wp\/v2\/comments?post=627"}],"version-history":[{"count":3,"href":"https:\/\/annaetmatteo.com\/blog\/wp-json\/wp\/v2\/posts\/627\/revisions"}],"predecessor-version":[{"id":632,"href":"https:\/\/annaetmatteo.com\/blog\/wp-json\/wp\/v2\/posts\/627\/revisions\/632"}],"wp:featuredmedia":[{"embeddable":true,"href":"https:\/\/annaetmatteo.com\/blog\/wp-json\/wp\/v2\/media\/630"}],"wp:attachment":[{"href":"https:\/\/annaetmatteo.com\/blog\/wp-json\/wp\/v2\/media?parent=627"}],"wp:term":[{"taxonomy":"category","embeddable":true,"href":"https:\/\/annaetmatteo.com\/blog\/wp-json\/wp\/v2\/categories?post=627"},{"taxonomy":"post_tag","embeddable":true,"href":"https:\/\/annaetmatteo.com\/blog\/wp-json\/wp\/v2\/tags?post=627"}],"curies":[{"name":"wp","href":"https:\/\/api.w.org\/{rel}","templated":true}]}}