{"id":610,"date":"2019-02-21T15:31:49","date_gmt":"2019-02-21T14:31:49","guid":{"rendered":"https:\/\/annaetmatteo.com\/blog\/?p=610"},"modified":"2019-02-21T15:31:49","modified_gmt":"2019-02-21T14:31:49","slug":"ou-bebe-doit-il-dormir","status":"publish","type":"post","link":"https:\/\/annaetmatteo.com\/blog\/ou-bebe-doit-il-dormir\/","title":{"rendered":"O\u00f9 b\u00e9b\u00e9 doit-il dormir ?"},"content":{"rendered":"<h2>B\u00e9b\u00e9 est n\u00e9, le voici de retour \u00e0 la maison. Et souvent les parents se demandent o\u00f9 le faire dormir. Pour la nuit comme pour la sieste, faut-il le cantonner \u00e0 sa chambre ? L&rsquo;inviter dans la chambre des parents ? Et que penser du cododo (ou <em>co-sleeping<\/em>) ?<\/h2>\n<p><!--more--><\/p>\n<p>Nombreux sont les parents qui se demandent si b\u00e9b\u00e9 doit dormir syst\u00e9matiquement dans sa chambre, ou dans la leur. Surtout quand vous revenez de la maternit\u00e9 avec votre nouveau n\u00e9, il est difficile de se s\u00e9parer de lui, que cela soit par amour ou tout simplement par crainte qu&rsquo;il ne lui arrive quelque chose.<\/p>\n<h3>Jusqu&rsquo;\u00e0 6 mois b\u00e9b\u00e9 peut dormir dans la chambre des parents<\/h3>\n<p>Rassurez-vous, il n&rsquo;est pas n\u00e9faste pour le d\u00e9veloppement de b\u00e9b\u00e9 qu&rsquo;il partage la chambre parentale jusqu&rsquo;\u00e0 ses 6 mois. B\u00e9b\u00e9 \u00e9tant plus proche de vous, il y a de fortes chances que vous vous sentiez rassur\u00e9s. Tout comme lui, d&rsquo;ailleurs ! Chacun entend l&rsquo;autre et veille sur l&rsquo;autre. Tout petit, b\u00e9b\u00e9 se r\u00e9veille et alterne entre les phases de sommeil et de veille. Du coup il vous sentira pr\u00e8s de lui.<\/p>\n<p>Si vous allaitez, cela peut m\u00eame se r\u00e9v\u00e9ler plus confortable d&rsquo;avoir votre prog\u00e9niture \u00e0 port\u00e9e.<\/p>\n<p><img loading=\"lazy\" class=\"aligncenter size-full wp-image-613\" src=\"https:\/\/annaetmatteo.com\/blog\/wp-content\/uploads\/2019\/02\/bebe-dormir-2.jpg\" alt=\"b\u00e9b\u00e9 qui dort en pyjama bleu\" width=\"960\" height=\"640\" srcset=\"https:\/\/annaetmatteo.com\/blog\/wp-content\/uploads\/2019\/02\/bebe-dormir-2.jpg 960w, https:\/\/annaetmatteo.com\/blog\/wp-content\/uploads\/2019\/02\/bebe-dormir-2-300x200.jpg 300w, https:\/\/annaetmatteo.com\/blog\/wp-content\/uploads\/2019\/02\/bebe-dormir-2-768x512.jpg 768w\" sizes=\"(max-width: 767px) 89vw, (max-width: 1000px) 54vw, (max-width: 1071px) 543px, 580px\" \/><\/p>\n<h3>Les dangers du cododo (<em>co-sleeping<\/em>)<\/h3>\n<p>Par contre, et bien qu&rsquo;il ait des d\u00e9fenseurs et soit terriblement \u00e0 la mode, le cododo est \u00e0 \u00e9viter ! Aussi appel\u00e9e <em>co-sleeping<\/em>, cette pratique est dangereuse pour l&rsquo;enfant, quoi qu&rsquo;en disent ses partisans et quitte \u00e0 les agacer en \u00e9crivant ces lignes.<\/p>\n<p>Le principal risque du cododo est d&rsquo;\u00e9craser l&rsquo;enfant pendant qu&rsquo;un des adultes est en sommeil profond. Mais ce n&rsquo;est pas tout. B\u00e9b\u00e9 peut \u00eatre trop chaudement couvert, tomber du lit ou encore \u00eatre \u00e9touff\u00e9 sous un oreiller ou une couette. Les statistiques le disent : le <em>co-sleeping<\/em> multiplie par 5 le risque de mort subite du nourrisson !<\/p>\n<p>Si vraiment vous voulez avoir b\u00e9b\u00e9 \u00e0 c\u00f4t\u00e9 de vous, optez pour un lit <em>\u00ab\u00a0side-bed\u00a0\u00bb<\/em> qui r\u00e9serve \u00e0 b\u00e9b\u00e9 son espace et pr\u00e9serve sa s\u00e9curit\u00e9. Il dormira mieux et le contact sera par la suite plus ais\u00e9 \u00e0 rompre quand vous souhaiterez le faire dormir dans sa chambre.<\/p>\n<p>A propo du cododo, <span style=\"color: #0000ff;\"><a style=\"color: #0000ff;\" href=\"https:\/\/www.psychologies.com\/Culture\/Maitres-de-vie\/Francoise-Dolto\" target=\"_blank\" rel=\"noopener\">Fran\u00e7ois Dolto<\/a><\/span>, p\u00e9diatre et psychanalyste dont la r\u00e9putation n&rsquo;est plus \u00e0 faire, \u00e9crit dans\u00a0<em>Les \u00e9tapes majeures de l\u2019enfance\u00a0<\/em>(1994) :<\/p>\n<blockquote><p>\u00ab<em>Combien d&rsquo;enfants ont \u00e9t\u00e9 frein\u00e9s dans leur d\u00e9veloppement par ces c\u00e2lins, par le charme de la volupt\u00e9 et de la tendresse partag\u00e9e en silence, par ce corps \u00e0 corps voluptueux. On les retrouve ensuite avec des retards consid\u00e9rables de langage, de psychomotricit\u00e9 et de l&rsquo;affectivit\u00e9.\u00bb<\/em><\/p>\n<p><img loading=\"lazy\" class=\"aligncenter size-large wp-image-614\" src=\"https:\/\/annaetmatteo.com\/blog\/wp-content\/uploads\/2019\/02\/bebe-dormir-3-1024x680.jpg\" alt=\"image stylis\u00e9e de b\u00e9b\u00e9 dormant dans un panier\" width=\"525\" height=\"349\" \/><\/p><\/blockquote>\n<h3>G\u00e9rer la s\u00e9paration entre b\u00e9b\u00e9 et ses parents<\/h3>\n<p>Pass\u00e9 6 mois, la place de b\u00e9b\u00e9 est dans sa chambre. La s\u00e9paration peut provoquer des nuits difficiles, mais c&rsquo;est une \u00e9tape dans le d\u00e9veloppement de b\u00e9b\u00e9 que de g\u00e9rer cette rupture. C\u00e9der ou reporter la d\u00e9cision ne fait que retarder l&rsquo;in\u00e9vitable.<\/p>\n<p>B\u00e9b\u00e9 doit s&rsquo;approprier son espace et faire de sa chambre son lieu. Il va finir par l&rsquo;identifier comme l&rsquo;endroit o\u00f9 il dort, que ce soit pour la sieste ou pour la nuit.<\/p>\n<p>Pour la sieste, justement, il est recommand\u00e9 de ne pas fermer les volets. Dormir avec la lumi\u00e8re du jour va aider votre bout&rsquo;chou \u00e0 distinguer la sieste de la nuit et ainsi \u00e0 mieux faire ses nuits. M\u00eame en \u00e9t\u00e9, gardez donc les volets ouverts pour les repos diurnes.<\/p>\n<h3>Sieste : o\u00f9 b\u00e9b\u00e9 doit-il dormir?<\/h3>\n<p>Et pour cette sieste, o\u00f9 b\u00e9b\u00e9 doit-il dormir ? Nous vous recommandons ici de l&rsquo;habituer tout de suite \u00e0 sa chambre. Ainsi il ne sera pas en territoire inconnu quand il devra la rejoindre la nuit. B\u00e9b\u00e9 aura pris l&rsquo;habitude de dormir dans sa chambre et sera donc moins surpris.<\/p>\n<p>Et vous, comment et o\u00f9 faites-vous dormir b\u00e9b\u00e9 ?<\/p>\n<h4>Ces articles pourraient aussi vous int\u00e9resser :<\/h4>\n<p><span style=\"color: #0000ff;\"><a style=\"color: #0000ff;\" href=\"https:\/\/annaetmatteo.com\/blog\/que-penser-de-lemmaillotage\/\" target=\"_blank\" rel=\"noopener\">Que penser de l&#8217;emmaillotage ?<\/a><\/span><\/p>\n<p><span style=\"color: #0000ff;\"><a style=\"color: #0000ff;\" href=\"https:\/\/annaetmatteo.com\/blog\/comment-habiller-bebe-pour-dormir\/\" target=\"_blank\" rel=\"noopener\">Comment habiller b\u00e9b\u00e9 pour dormir ?<\/a><\/span><\/p>\n<p><span style=\"color: #0000ff;\"><a style=\"color: #0000ff;\" href=\"https:\/\/annaetmatteo.com\/blog\/mon-enfant-ne-dort-pas-que-faire\/\" target=\"_blank\" rel=\"noopener\">Mon enfant ne dort pas, que faire?<\/a><\/span><\/p>\n<h4>Retrouvez notre univers nuit dans la boutique du Monde d&rsquo;Anna et Matteo<\/h4>\n<p><span style=\"color: #0000ff;\"><a style=\"color: #0000ff;\" href=\"https:\/\/annaetmatteo.com\/25-gigoteuses\" target=\"_blank\" rel=\"noopener\">Nos gigoteuses (ou turbulettes)<\/a><\/span><\/p>\n<p><span style=\"color: #0000ff;\"><a style=\"color: #0000ff;\" href=\"https:\/\/annaetmatteo.com\/26-tour-de-lit\" target=\"_blank\" rel=\"noopener\">Nos tours de lit<\/a><\/span><\/p>\n","protected":false},"excerpt":{"rendered":"<p>B\u00e9b\u00e9 est n\u00e9, le voici de retour \u00e0 la maison. Et souvent les parents se demandent o\u00f9 le faire dormir. Pour la nuit comme pour la sieste, faut-il le cantonner \u00e0 sa chambre ? L&rsquo;inviter dans la chambre des parents ? Et que penser du cododo (ou co-sleeping) ?<\/p>\n","protected":false},"author":1,"featured_media":612,"comment_status":"open","ping_status":"open","sticky":false,"template":"","format":"standard","meta":[],"categories":[1],"tags":[],"yoast_head":"<!-- This site is optimized with the Yoast SEO plugin v18.0 - https:\/\/yoast.com\/wordpress\/plugins\/seo\/ -->\n<title>O\u00f9 b\u00e9b\u00e9 doit-il dormir ? Peut-il dormir dans la chambre de ses parents ?<\/title>\n<meta name=\"description\" content=\"Nombreux sont les parents qui se demandent o\u00f9 b\u00e9b\u00e9 doit-il dormir. Est-ce mal si on refuse de s&#039;en s\u00e9parer pendant les premiers mois ? Faisons le point !\" \/>\n<meta name=\"robots\" content=\"index, follow, max-snippet:-1, max-image-preview:large, max-video-preview:-1\" \/>\n<link rel=\"canonical\" href=\"https:\/\/annaetmatteo.com\/blog\/ou-bebe-doit-il-dormir\/\" \/>\n<meta property=\"og:locale\" content=\"fr_FR\" \/>\n<meta property=\"og:type\" content=\"article\" \/>\n<meta property=\"og:title\" content=\"O\u00f9 b\u00e9b\u00e9 doit-il dormir ? Peut-il dormir dans la chambre de ses parents ?\" \/>\n<meta property=\"og:description\" content=\"Nombreux sont les parents qui se demandent o\u00f9 b\u00e9b\u00e9 doit-il dormir. Est-ce mal si on refuse de s&#039;en s\u00e9parer pendant les premiers mois ? Faisons le point !\" \/>\n<meta property=\"og:url\" content=\"https:\/\/annaetmatteo.com\/blog\/ou-bebe-doit-il-dormir\/\" \/>\n<meta property=\"og:site_name\" content=\"Blog du Monde d&#039;Anna et Matteo\" \/>\n<meta property=\"article:publisher\" content=\"https:\/\/www.facebook.com\/AnnaEtMatteo\/\" \/>\n<meta property=\"article:author\" content=\"https:\/\/www.facebook.com\/AnnaEtMatteo\/\" \/>\n<meta property=\"article:published_time\" content=\"2019-02-21T14:31:49+00:00\" \/>\n<meta property=\"og:image\" content=\"https:\/\/annaetmatteo.com\/blog\/wp-content\/uploads\/2019\/02\/bebe-dormir-1-e1550759154857.jpg\" \/>\n\t<meta property=\"og:image:width\" content=\"1000\" \/>\n\t<meta property=\"og:image:height\" content=\"400\" \/>\n\t<meta property=\"og:image:type\" content=\"image\/jpeg\" \/>\n<meta name=\"twitter:card\" content=\"summary_large_image\" \/>\n<meta name=\"twitter:creator\" content=\"@AnnaEtMatteo\" \/>\n<meta name=\"twitter:site\" content=\"@AnnaEtMatteo\" \/>\n<meta name=\"twitter:label1\" content=\"\u00c9crit par\" \/>\n\t<meta name=\"twitter:data1\" content=\"M\u00e9lanie &amp; Arnaud | Le Monde d'Anna et Matteo\" \/>\n\t<meta name=\"twitter:label2\" content=\"Dur\u00e9e de lecture estim\u00e9e\" \/>\n\t<meta name=\"twitter:data2\" content=\"3 minutes\" \/>\n<script type=\"application\/ld+json\" class=\"yoast-schema-graph\">{\"@context\":\"https:\/\/schema.org\",\"@graph\":[{\"@type\":\"Organization\",\"@id\":\"https:\/\/annaetmatteo.com\/blog\/#organization\",\"name\":\"Le Monde d'Anna et Matteo\",\"url\":\"https:\/\/annaetmatteo.com\/blog\/\",\"sameAs\":[\"https:\/\/www.facebook.com\/AnnaEtMatteo\/\",\"https:\/\/www.instagram.com\/annaetmatteo\/\",\"https:\/\/www.youtube.com\/channel\/UCSce5n3L_8dmB8yTwbXnCwA\/f\",\"https:\/\/www.pinterest.fr\/AnnaEtMatteo\/\",\"https:\/\/twitter.com\/AnnaEtMatteo\"],\"logo\":{\"@type\":\"ImageObject\",\"@id\":\"https:\/\/annaetmatteo.com\/blog\/#logo\",\"inLanguage\":\"fr-FR\",\"url\":\"https:\/\/annaetmatteo.com\/blog\/wp-content\/uploads\/2018\/04\/rbU69AmF_400x400-1.jpg\",\"contentUrl\":\"https:\/\/annaetmatteo.com\/blog\/wp-content\/uploads\/2018\/04\/rbU69AmF_400x400-1.jpg\",\"width\":240,\"height\":240,\"caption\":\"Le Monde d'Anna et Matteo\"},\"image\":{\"@id\":\"https:\/\/annaetmatteo.com\/blog\/#logo\"}},{\"@type\":\"WebSite\",\"@id\":\"https:\/\/annaetmatteo.com\/blog\/#website\",\"url\":\"https:\/\/annaetmatteo.com\/blog\/\",\"name\":\"Blog du Monde d&#039;Anna et Matteo\",\"description\":\"\",\"publisher\":{\"@id\":\"https:\/\/annaetmatteo.com\/blog\/#organization\"},\"potentialAction\":[{\"@type\":\"SearchAction\",\"target\":{\"@type\":\"EntryPoint\",\"urlTemplate\":\"https:\/\/annaetmatteo.com\/blog\/?s={search_term_string}\"},\"query-input\":\"required name=search_term_string\"}],\"inLanguage\":\"fr-FR\"},{\"@type\":\"ImageObject\",\"@id\":\"https:\/\/annaetmatteo.com\/blog\/ou-bebe-doit-il-dormir\/#primaryimage\",\"inLanguage\":\"fr-FR\",\"url\":\"https:\/\/annaetmatteo.com\/blog\/wp-content\/uploads\/2019\/02\/bebe-dormir-1-e1550759154857.jpg\",\"contentUrl\":\"https:\/\/annaetmatteo.com\/blog\/wp-content\/uploads\/2019\/02\/bebe-dormir-1-e1550759154857.jpg\",\"width\":1000,\"height\":400,\"caption\":\"b\u00e9b\u00e9 qui dort\"},{\"@type\":\"WebPage\",\"@id\":\"https:\/\/annaetmatteo.com\/blog\/ou-bebe-doit-il-dormir\/#webpage\",\"url\":\"https:\/\/annaetmatteo.com\/blog\/ou-bebe-doit-il-dormir\/\",\"name\":\"O\u00f9 b\u00e9b\u00e9 doit-il dormir ? Peut-il dormir dans la chambre de ses parents ?\",\"isPartOf\":{\"@id\":\"https:\/\/annaetmatteo.com\/blog\/#website\"},\"primaryImageOfPage\":{\"@id\":\"https:\/\/annaetmatteo.com\/blog\/ou-bebe-doit-il-dormir\/#primaryimage\"},\"datePublished\":\"2019-02-21T14:31:49+00:00\",\"dateModified\":\"2019-02-21T14:31:49+00:00\",\"description\":\"Nombreux sont les parents qui se demandent o\u00f9 b\u00e9b\u00e9 doit-il dormir. Est-ce mal si on refuse de s'en s\u00e9parer pendant les premiers mois ? Faisons le point !\",\"breadcrumb\":{\"@id\":\"https:\/\/annaetmatteo.com\/blog\/ou-bebe-doit-il-dormir\/#breadcrumb\"},\"inLanguage\":\"fr-FR\",\"potentialAction\":[{\"@type\":\"ReadAction\",\"target\":[\"https:\/\/annaetmatteo.com\/blog\/ou-bebe-doit-il-dormir\/\"]}]},{\"@type\":\"BreadcrumbList\",\"@id\":\"https:\/\/annaetmatteo.com\/blog\/ou-bebe-doit-il-dormir\/#breadcrumb\",\"itemListElement\":[{\"@type\":\"ListItem\",\"position\":1,\"name\":\"Accueil\",\"item\":\"https:\/\/annaetmatteo.com\/blog\/\"},{\"@type\":\"ListItem\",\"position\":2,\"name\":\"O\u00f9 b\u00e9b\u00e9 doit-il dormir ?\"}]},{\"@type\":\"Article\",\"@id\":\"https:\/\/annaetmatteo.com\/blog\/ou-bebe-doit-il-dormir\/#article\",\"isPartOf\":{\"@id\":\"https:\/\/annaetmatteo.com\/blog\/ou-bebe-doit-il-dormir\/#webpage\"},\"author\":{\"@id\":\"https:\/\/annaetmatteo.com\/blog\/#\/schema\/person\/324a22a04fc2477c15496ba8213c7eab\"},\"headline\":\"O\u00f9 b\u00e9b\u00e9 doit-il dormir ?\",\"datePublished\":\"2019-02-21T14:31:49+00:00\",\"dateModified\":\"2019-02-21T14:31:49+00:00\",\"mainEntityOfPage\":{\"@id\":\"https:\/\/annaetmatteo.com\/blog\/ou-bebe-doit-il-dormir\/#webpage\"},\"wordCount\":694,\"commentCount\":1,\"publisher\":{\"@id\":\"https:\/\/annaetmatteo.com\/blog\/#organization\"},\"image\":{\"@id\":\"https:\/\/annaetmatteo.com\/blog\/ou-bebe-doit-il-dormir\/#primaryimage\"},\"thumbnailUrl\":\"https:\/\/annaetmatteo.com\/blog\/wp-content\/uploads\/2019\/02\/bebe-dormir-1-e1550759154857.jpg\",\"inLanguage\":\"fr-FR\",\"potentialAction\":[{\"@type\":\"CommentAction\",\"name\":\"Comment\",\"target\":[\"https:\/\/annaetmatteo.com\/blog\/ou-bebe-doit-il-dormir\/#respond\"]}]},{\"@type\":\"Person\",\"@id\":\"https:\/\/annaetmatteo.com\/blog\/#\/schema\/person\/324a22a04fc2477c15496ba8213c7eab\",\"name\":\"M\u00e9lanie &amp; Arnaud | Le Monde d'Anna et Matteo\",\"image\":{\"@type\":\"ImageObject\",\"@id\":\"https:\/\/annaetmatteo.com\/blog\/#personlogo\",\"inLanguage\":\"fr-FR\",\"url\":\"https:\/\/secure.gravatar.com\/avatar\/3c48cff264353bcb37bf9b52c1b769e7?s=96&d=mm&r=g\",\"contentUrl\":\"https:\/\/secure.gravatar.com\/avatar\/3c48cff264353bcb37bf9b52c1b769e7?s=96&d=mm&r=g\",\"caption\":\"M\u00e9lanie &amp; Arnaud | Le Monde d'Anna et Matteo\"},\"sameAs\":[\"https:\/\/annaetmatteo.com\",\"https:\/\/www.facebook.com\/AnnaEtMatteo\/\",\"https:\/\/twitter.com\/AnnaEtMatteo\"]}]}<\/script>\n<!-- \/ Yoast SEO plugin. -->","yoast_head_json":{"title":"O\u00f9 b\u00e9b\u00e9 doit-il dormir ? Peut-il dormir dans la chambre de ses parents ?","description":"Nombreux sont les parents qui se demandent o\u00f9 b\u00e9b\u00e9 doit-il dormir. Est-ce mal si on refuse de s'en s\u00e9parer pendant les premiers mois ? Faisons le point !","robots":{"index":"index","follow":"follow","max-snippet":"max-snippet:-1","max-image-preview":"max-image-preview:large","max-video-preview":"max-video-preview:-1"},"canonical":"https:\/\/annaetmatteo.com\/blog\/ou-bebe-doit-il-dormir\/","og_locale":"fr_FR","og_type":"article","og_title":"O\u00f9 b\u00e9b\u00e9 doit-il dormir ? Peut-il dormir dans la chambre de ses parents ?","og_description":"Nombreux sont les parents qui se demandent o\u00f9 b\u00e9b\u00e9 doit-il dormir. Est-ce mal si on refuse de s'en s\u00e9parer pendant les premiers mois ? Faisons le point !","og_url":"https:\/\/annaetmatteo.com\/blog\/ou-bebe-doit-il-dormir\/","og_site_name":"Blog du Monde d&#039;Anna et Matteo","article_publisher":"https:\/\/www.facebook.com\/AnnaEtMatteo\/","article_author":"https:\/\/www.facebook.com\/AnnaEtMatteo\/","article_published_time":"2019-02-21T14:31:49+00:00","og_image":[{"width":1000,"height":400,"url":"https:\/\/annaetmatteo.com\/blog\/wp-content\/uploads\/2019\/02\/bebe-dormir-1-e1550759154857.jpg","type":"image\/jpeg"}],"twitter_card":"summary_large_image","twitter_creator":"@AnnaEtMatteo","twitter_site":"@AnnaEtMatteo","twitter_misc":{"\u00c9crit par":"M\u00e9lanie &amp; Arnaud | Le Monde d'Anna et Matteo","Dur\u00e9e de lecture estim\u00e9e":"3 minutes"},"schema":{"@context":"https:\/\/schema.org","@graph":[{"@type":"Organization","@id":"https:\/\/annaetmatteo.com\/blog\/#organization","name":"Le Monde d'Anna et Matteo","url":"https:\/\/annaetmatteo.com\/blog\/","sameAs":["https:\/\/www.facebook.com\/AnnaEtMatteo\/","https:\/\/www.instagram.com\/annaetmatteo\/","https:\/\/www.youtube.com\/channel\/UCSce5n3L_8dmB8yTwbXnCwA\/f","https:\/\/www.pinterest.fr\/AnnaEtMatteo\/","https:\/\/twitter.com\/AnnaEtMatteo"],"logo":{"@type":"ImageObject","@id":"https:\/\/annaetmatteo.com\/blog\/#logo","inLanguage":"fr-FR","url":"https:\/\/annaetmatteo.com\/blog\/wp-content\/uploads\/2018\/04\/rbU69AmF_400x400-1.jpg","contentUrl":"https:\/\/annaetmatteo.com\/blog\/wp-content\/uploads\/2018\/04\/rbU69AmF_400x400-1.jpg","width":240,"height":240,"caption":"Le Monde d'Anna et Matteo"},"image":{"@id":"https:\/\/annaetmatteo.com\/blog\/#logo"}},{"@type":"WebSite","@id":"https:\/\/annaetmatteo.com\/blog\/#website","url":"https:\/\/annaetmatteo.com\/blog\/","name":"Blog du Monde d&#039;Anna et Matteo","description":"","publisher":{"@id":"https:\/\/annaetmatteo.com\/blog\/#organization"},"potentialAction":[{"@type":"SearchAction","target":{"@type":"EntryPoint","urlTemplate":"https:\/\/annaetmatteo.com\/blog\/?s={search_term_string}"},"query-input":"required name=search_term_string"}],"inLanguage":"fr-FR"},{"@type":"ImageObject","@id":"https:\/\/annaetmatteo.com\/blog\/ou-bebe-doit-il-dormir\/#primaryimage","inLanguage":"fr-FR","url":"https:\/\/annaetmatteo.com\/blog\/wp-content\/uploads\/2019\/02\/bebe-dormir-1-e1550759154857.jpg","contentUrl":"https:\/\/annaetmatteo.com\/blog\/wp-content\/uploads\/2019\/02\/bebe-dormir-1-e1550759154857.jpg","width":1000,"height":400,"caption":"b\u00e9b\u00e9 qui dort"},{"@type":"WebPage","@id":"https:\/\/annaetmatteo.com\/blog\/ou-bebe-doit-il-dormir\/#webpage","url":"https:\/\/annaetmatteo.com\/blog\/ou-bebe-doit-il-dormir\/","name":"O\u00f9 b\u00e9b\u00e9 doit-il dormir ? Peut-il dormir dans la chambre de ses parents ?","isPartOf":{"@id":"https:\/\/annaetmatteo.com\/blog\/#website"},"primaryImageOfPage":{"@id":"https:\/\/annaetmatteo.com\/blog\/ou-bebe-doit-il-dormir\/#primaryimage"},"datePublished":"2019-02-21T14:31:49+00:00","dateModified":"2019-02-21T14:31:49+00:00","description":"Nombreux sont les parents qui se demandent o\u00f9 b\u00e9b\u00e9 doit-il dormir. Est-ce mal si on refuse de s'en s\u00e9parer pendant les premiers mois ? Faisons le point !","breadcrumb":{"@id":"https:\/\/annaetmatteo.com\/blog\/ou-bebe-doit-il-dormir\/#breadcrumb"},"inLanguage":"fr-FR","potentialAction":[{"@type":"ReadAction","target":["https:\/\/annaetmatteo.com\/blog\/ou-bebe-doit-il-dormir\/"]}]},{"@type":"BreadcrumbList","@id":"https:\/\/annaetmatteo.com\/blog\/ou-bebe-doit-il-dormir\/#breadcrumb","itemListElement":[{"@type":"ListItem","position":1,"name":"Accueil","item":"https:\/\/annaetmatteo.com\/blog\/"},{"@type":"ListItem","position":2,"name":"O\u00f9 b\u00e9b\u00e9 doit-il dormir ?"}]},{"@type":"Article","@id":"https:\/\/annaetmatteo.com\/blog\/ou-bebe-doit-il-dormir\/#article","isPartOf":{"@id":"https:\/\/annaetmatteo.com\/blog\/ou-bebe-doit-il-dormir\/#webpage"},"author":{"@id":"https:\/\/annaetmatteo.com\/blog\/#\/schema\/person\/324a22a04fc2477c15496ba8213c7eab"},"headline":"O\u00f9 b\u00e9b\u00e9 doit-il dormir ?","datePublished":"2019-02-21T14:31:49+00:00","dateModified":"2019-02-21T14:31:49+00:00","mainEntityOfPage":{"@id":"https:\/\/annaetmatteo.com\/blog\/ou-bebe-doit-il-dormir\/#webpage"},"wordCount":694,"commentCount":1,"publisher":{"@id":"https:\/\/annaetmatteo.com\/blog\/#organization"},"image":{"@id":"https:\/\/annaetmatteo.com\/blog\/ou-bebe-doit-il-dormir\/#primaryimage"},"thumbnailUrl":"https:\/\/annaetmatteo.com\/blog\/wp-content\/uploads\/2019\/02\/bebe-dormir-1-e1550759154857.jpg","inLanguage":"fr-FR","potentialAction":[{"@type":"CommentAction","name":"Comment","target":["https:\/\/annaetmatteo.com\/blog\/ou-bebe-doit-il-dormir\/#respond"]}]},{"@type":"Person","@id":"https:\/\/annaetmatteo.com\/blog\/#\/schema\/person\/324a22a04fc2477c15496ba8213c7eab","name":"M\u00e9lanie &amp; Arnaud | Le Monde d'Anna et Matteo","image":{"@type":"ImageObject","@id":"https:\/\/annaetmatteo.com\/blog\/#personlogo","inLanguage":"fr-FR","url":"https:\/\/secure.gravatar.com\/avatar\/3c48cff264353bcb37bf9b52c1b769e7?s=96&d=mm&r=g","contentUrl":"https:\/\/secure.gravatar.com\/avatar\/3c48cff264353bcb37bf9b52c1b769e7?s=96&d=mm&r=g","caption":"M\u00e9lanie &amp; Arnaud | Le Monde d'Anna et Matteo"},"sameAs":["https:\/\/annaetmatteo.com","https:\/\/www.facebook.com\/AnnaEtMatteo\/","https:\/\/twitter.com\/AnnaEtMatteo"]}]}},"_links":{"self":[{"href":"https:\/\/annaetmatteo.com\/blog\/wp-json\/wp\/v2\/posts\/610"}],"collection":[{"href":"https:\/\/annaetmatteo.com\/blog\/wp-json\/wp\/v2\/posts"}],"about":[{"href":"https:\/\/annaetmatteo.com\/blog\/wp-json\/wp\/v2\/types\/post"}],"author":[{"embeddable":true,"href":"https:\/\/annaetmatteo.com\/blog\/wp-json\/wp\/v2\/users\/1"}],"replies":[{"embeddable":true,"href":"https:\/\/annaetmatteo.com\/blog\/wp-json\/wp\/v2\/comments?post=610"}],"version-history":[{"count":3,"href":"https:\/\/annaetmatteo.com\/blog\/wp-json\/wp\/v2\/posts\/610\/revisions"}],"predecessor-version":[{"id":616,"href":"https:\/\/annaetmatteo.com\/blog\/wp-json\/wp\/v2\/posts\/610\/revisions\/616"}],"wp:featuredmedia":[{"embeddable":true,"href":"https:\/\/annaetmatteo.com\/blog\/wp-json\/wp\/v2\/media\/612"}],"wp:attachment":[{"href":"https:\/\/annaetmatteo.com\/blog\/wp-json\/wp\/v2\/media?parent=610"}],"wp:term":[{"taxonomy":"category","embeddable":true,"href":"https:\/\/annaetmatteo.com\/blog\/wp-json\/wp\/v2\/categories?post=610"},{"taxonomy":"post_tag","embeddable":true,"href":"https:\/\/annaetmatteo.com\/blog\/wp-json\/wp\/v2\/tags?post=610"}],"curies":[{"name":"wp","href":"https:\/\/api.w.org\/{rel}","templated":true}]}}