{"id":604,"date":"2019-02-14T20:50:11","date_gmt":"2019-02-14T19:50:11","guid":{"rendered":"https:\/\/annaetmatteo.com\/blog\/?p=604"},"modified":"2019-02-14T20:50:11","modified_gmt":"2019-02-14T19:50:11","slug":"pourquoi-bebe-pleure-t-il-a-la-naissance","status":"publish","type":"post","link":"https:\/\/annaetmatteo.com\/blog\/pourquoi-bebe-pleure-t-il-a-la-naissance\/","title":{"rendered":"Pourquoi b\u00e9b\u00e9 pleure-t-il \u00e0 la naissance ?"},"content":{"rendered":"<h2>Nous avons tous en t\u00eate l&rsquo;image de la naissance accompagn\u00e9e des premiers cris et pleurs de b\u00e9b\u00e9. Dans notre imaginaire, c&rsquo;est m\u00eame le signe que le nouveau n\u00e9 va bien. Mais est-ce r\u00e9ellement le cas ? Pourquoi b\u00e9b\u00e9 pleure-t-il ?<\/h2>\n<p><!--more--><\/p>\n<p>A la naissance, beaucoup de parents s&rsquo;inqui\u00e8tent si b\u00e9b\u00e9 ne pleure pas. D&rsquo;ailleurs, notre deuxi\u00e8me enfant a \u00e9t\u00e9 plut\u00f4t discret \u00e0 la naissance&#8230; Sans que la sage-femme ne semble \u00eatre paniqu\u00e9e ! Mais en fait, pourquoi dans la majorit\u00e9 des cas b\u00e9b\u00e9 pleurent-il quand il na\u00eet ?<\/p>\n<h3>Un monde inconnu hors du ventre de maman<\/h3>\n<p>Pour le nouveau n\u00e9, la naissance n&rsquo;a rien de reposant. Si sa m\u00e8re pousse, lui aussi fait des efforts pour sortir et cette lutte se r\u00e9v\u00e8le souvent \u00e9puisante. Apr\u00e8s 9 mois pass\u00e9s dans un milieu aquatique (\u00e0 baigner dans le liquide amniotique), b\u00e9b\u00e9 se retrouve d&rsquo;un coup \u00e0 l&rsquo;air libre et \u00e0 la lumi\u00e8re !<\/p>\n<p>Et qui a donc pu couper le chauffage ? Votre enfant a v\u00e9cu bien au chaud \u00e0 37 degr\u00e9s et d&rsquo;un coup il a froid. La naissance constitue un d\u00e9ferlement d&rsquo;\u00e9motions, de nouveaut\u00e9s. C&rsquo;est un v\u00e9ritable choc: b\u00e9b\u00e9 est stress\u00e9 !<\/p>\n<p><img loading=\"lazy\" class=\"aligncenter size-large wp-image-607\" src=\"https:\/\/annaetmatteo.com\/blog\/wp-content\/uploads\/2019\/02\/bebe-pleure-naissance-2-1024x682.jpg\" alt=\"Pourquoi b\u00e9b\u00e9 pleure-t-il \u00e0 la naissance ?\" width=\"525\" height=\"350\" \/><\/p>\n<h3>La premi\u00e8re respiration de b\u00e9b\u00e9<\/h3>\n<p>Aujourd&rsquo;hui, on laisse b\u00e9b\u00e9 prendre sa premi\u00e8re respiration avant de couper le cordon qui, pendant 9 mois, l&rsquo;a aliment\u00e9 et lui a permis de recevoir de l&rsquo;oxyg\u00e8ne. Ceci afin d&rsquo;effectuer la transition vers la respiration plus en douceur.<\/p>\n<p>Enfin en douceur&#8230; Imaginez : les poumons sont encore repli\u00e9s, leurs alv\u00e9oles n&rsquo;ont jamais \u00e9t\u00e9 gonfl\u00e9es. D&rsquo;un coup b\u00e9b\u00e9 respire et tout se gonfle violemment. Pour le nouveau n\u00e9, respirer est \u00e0 la fois surprenant et douloureux. Alors vous n&rsquo;en voudrez pas \u00e0 b\u00e9b\u00e9 s&rsquo;il se met \u00e0 pleurer !<\/p>\n<p>Fort heureusement, cela passe vite. Petit \u00e0 petit, les respirations deviennent plus agr\u00e9ables et la chaleur du contact peau contre peau avec maman calme l&rsquo;enfant. Il entend \u00e0 nouveau le battement du c\u0153ur qui lui a \u00e9t\u00e9 si familier.<\/p>\n<h3>Et si b\u00e9b\u00e9 ne pleure pas \u00e0 la naissance ?<\/h3>\n<p>Cela arrive que le nouveau n\u00e9 ne pleure pas. Dans l&rsquo;imaginaire collectif, on imagine qu&rsquo;il est en mauvaise sant\u00e9 et on a l&rsquo;image de la sage-femme qui lui ass\u00e8ne une tape pour le faire pleurer (voire le tape en le tenant la t\u00eate en bas). Non, rien de cela ne se pratique. Personne ne tient b\u00e9b\u00e9 par les pieds ni ne le baffe pour le plaisir de le faire hurler.<\/p>\n<p>Personne dans l&rsquo;\u00e9quipe m\u00e9dicale ne s&rsquo;agite ? Aucun m\u00e9decin ne fonce en r\u00e9animation avec b\u00e9b\u00e9 ? Alors si tout va bien, pourquoi s&rsquo;inqui\u00e9ter qu&rsquo;il ne crie pas, ne pleure pas, ne hurle pas ?<\/p>\n<p>Profitez plut\u00f4t de l&rsquo;instant pr\u00e9sent avec lui. Car quoi qu&rsquo;il arrive, la naissance, vous ne la vivrez qu&rsquo;une seule fois avec votre enfant.<\/p>\n<h4><strong>Retrouvez sur notre site <span style=\"color: #0000ff;\"><a style=\"color: #0000ff;\" href=\"https:\/\/annaetmatteo.com\/24-bonnet-de-naissance\" target=\"_blank\" rel=\"noopener\">nos bonnets de naissance<\/a><\/span> et nos <span style=\"color: #0000ff;\"><a style=\"color: #0000ff;\" href=\"https:\/\/annaetmatteo.com\/53-bonnets-kits-de-naissance\" target=\"_blank\" rel=\"noopener\">kits de naissance<\/a><\/span><\/strong><\/h4>\n<h4>Ces articles pourraient aussi vous int\u00e9resser :<\/h4>\n<p><span style=\"color: #0000ff;\"><a style=\"color: #0000ff;\" href=\"https:\/\/annaetmatteo.com\/blog\/comment-identifier-les-troubles-de-lattention-chez-lenfant\/\">Comment identifier les troubles de l&rsquo;attention chez l&rsquo;enfant ?<\/a><\/span><\/p>\n<p><span style=\"color: #0000ff;\"><a style=\"color: #0000ff;\" href=\"https:\/\/annaetmatteo.com\/blog\/chauffer-la-chambre-de-bebe-en-hiver\/\">Faut-il chauffer la chambre de b\u00e9b\u00e9 en hiver ?<\/a><\/span><\/p>\n<p><span style=\"color: #0000ff;\"><a style=\"color: #0000ff;\" href=\"https:\/\/annaetmatteo.com\/blog\/comment-preparer-arrivee-second-bebe\/\">Comment pr\u00e9parer l&rsquo;arriv\u00e9e d&rsquo;un second b\u00e9b\u00e9 ?<\/a><\/span><\/p>\n<p><span style=\"color: #0000ff;\"><a style=\"color: #0000ff;\" href=\"https:\/\/annaetmatteo.com\/blog\/je-ne-veux-pas-allaiter-dois-je-vraiment-culpabiliser\/\">Je ne veux pas allaiter, dois-je vraiment culpabiliser ?<\/a><\/span><\/p>\n","protected":false},"excerpt":{"rendered":"<p>Nous avons tous en t\u00eate l&rsquo;image de la naissance accompagn\u00e9e des premiers cris et pleurs de b\u00e9b\u00e9. Dans notre imaginaire, c&rsquo;est m\u00eame le signe que le nouveau n\u00e9 va bien. Mais est-ce r\u00e9ellement le cas ? Pourquoi b\u00e9b\u00e9 pleure-t-il ?<\/p>\n","protected":false},"author":1,"featured_media":606,"comment_status":"open","ping_status":"open","sticky":false,"template":"","format":"standard","meta":[],"categories":[1],"tags":[],"yoast_head":"<!-- This site is optimized with the Yoast SEO plugin v18.0 - https:\/\/yoast.com\/wordpress\/plugins\/seo\/ -->\n<title>Pourquoi b\u00e9b\u00e9 pleure-t-il \u00e0 la naissance ? A-t-il peur ou mal ?<\/title>\n<meta name=\"description\" content=\"Beaucoup de parents se demandent pourquoi b\u00e9b\u00e9 pleure-t-il \u00e0 la naissance. Voire m\u00eame, s&#039;il est en bonne sant\u00e9 quand il ne pleure pas ! Explications...\" \/>\n<meta name=\"robots\" content=\"index, follow, max-snippet:-1, max-image-preview:large, max-video-preview:-1\" \/>\n<link rel=\"canonical\" href=\"https:\/\/annaetmatteo.com\/blog\/pourquoi-bebe-pleure-t-il-a-la-naissance\/\" \/>\n<meta property=\"og:locale\" content=\"fr_FR\" \/>\n<meta property=\"og:type\" content=\"article\" \/>\n<meta property=\"og:title\" content=\"Pourquoi b\u00e9b\u00e9 pleure-t-il \u00e0 la naissance ? A-t-il peur ou mal ?\" \/>\n<meta property=\"og:description\" content=\"Beaucoup de parents se demandent pourquoi b\u00e9b\u00e9 pleure-t-il \u00e0 la naissance. Voire m\u00eame, s&#039;il est en bonne sant\u00e9 quand il ne pleure pas ! Explications...\" \/>\n<meta property=\"og:url\" content=\"https:\/\/annaetmatteo.com\/blog\/pourquoi-bebe-pleure-t-il-a-la-naissance\/\" \/>\n<meta property=\"og:site_name\" content=\"Blog du Monde d&#039;Anna et Matteo\" \/>\n<meta property=\"article:publisher\" content=\"https:\/\/www.facebook.com\/AnnaEtMatteo\/\" \/>\n<meta property=\"article:author\" content=\"https:\/\/www.facebook.com\/AnnaEtMatteo\/\" \/>\n<meta property=\"article:published_time\" content=\"2019-02-14T19:50:11+00:00\" \/>\n<meta property=\"og:image\" content=\"https:\/\/annaetmatteo.com\/blog\/wp-content\/uploads\/2019\/02\/bebe-pleure-naissance-1-e1550153223291.jpg\" \/>\n\t<meta property=\"og:image:width\" content=\"1000\" \/>\n\t<meta property=\"og:image:height\" content=\"400\" \/>\n\t<meta property=\"og:image:type\" content=\"image\/jpeg\" \/>\n<meta name=\"twitter:card\" content=\"summary_large_image\" \/>\n<meta name=\"twitter:creator\" content=\"@AnnaEtMatteo\" \/>\n<meta name=\"twitter:site\" content=\"@AnnaEtMatteo\" \/>\n<meta name=\"twitter:label1\" content=\"\u00c9crit par\" \/>\n\t<meta name=\"twitter:data1\" content=\"M\u00e9lanie &amp; Arnaud | Le Monde d'Anna et Matteo\" \/>\n\t<meta name=\"twitter:label2\" content=\"Dur\u00e9e de lecture estim\u00e9e\" \/>\n\t<meta name=\"twitter:data2\" content=\"3 minutes\" \/>\n<script type=\"application\/ld+json\" class=\"yoast-schema-graph\">{\"@context\":\"https:\/\/schema.org\",\"@graph\":[{\"@type\":\"Organization\",\"@id\":\"https:\/\/annaetmatteo.com\/blog\/#organization\",\"name\":\"Le Monde d'Anna et Matteo\",\"url\":\"https:\/\/annaetmatteo.com\/blog\/\",\"sameAs\":[\"https:\/\/www.facebook.com\/AnnaEtMatteo\/\",\"https:\/\/www.instagram.com\/annaetmatteo\/\",\"https:\/\/www.youtube.com\/channel\/UCSce5n3L_8dmB8yTwbXnCwA\/f\",\"https:\/\/www.pinterest.fr\/AnnaEtMatteo\/\",\"https:\/\/twitter.com\/AnnaEtMatteo\"],\"logo\":{\"@type\":\"ImageObject\",\"@id\":\"https:\/\/annaetmatteo.com\/blog\/#logo\",\"inLanguage\":\"fr-FR\",\"url\":\"https:\/\/annaetmatteo.com\/blog\/wp-content\/uploads\/2018\/04\/rbU69AmF_400x400-1.jpg\",\"contentUrl\":\"https:\/\/annaetmatteo.com\/blog\/wp-content\/uploads\/2018\/04\/rbU69AmF_400x400-1.jpg\",\"width\":240,\"height\":240,\"caption\":\"Le Monde d'Anna et Matteo\"},\"image\":{\"@id\":\"https:\/\/annaetmatteo.com\/blog\/#logo\"}},{\"@type\":\"WebSite\",\"@id\":\"https:\/\/annaetmatteo.com\/blog\/#website\",\"url\":\"https:\/\/annaetmatteo.com\/blog\/\",\"name\":\"Blog du Monde d&#039;Anna et Matteo\",\"description\":\"\",\"publisher\":{\"@id\":\"https:\/\/annaetmatteo.com\/blog\/#organization\"},\"potentialAction\":[{\"@type\":\"SearchAction\",\"target\":{\"@type\":\"EntryPoint\",\"urlTemplate\":\"https:\/\/annaetmatteo.com\/blog\/?s={search_term_string}\"},\"query-input\":\"required name=search_term_string\"}],\"inLanguage\":\"fr-FR\"},{\"@type\":\"ImageObject\",\"@id\":\"https:\/\/annaetmatteo.com\/blog\/pourquoi-bebe-pleure-t-il-a-la-naissance\/#primaryimage\",\"inLanguage\":\"fr-FR\",\"url\":\"https:\/\/annaetmatteo.com\/blog\/wp-content\/uploads\/2019\/02\/bebe-pleure-naissance-1-e1550153223291.jpg\",\"contentUrl\":\"https:\/\/annaetmatteo.com\/blog\/wp-content\/uploads\/2019\/02\/bebe-pleure-naissance-1-e1550153223291.jpg\",\"width\":1000,\"height\":400,\"caption\":\"b\u00e9b\u00e9 pleure \u00e0 la naissance avec un bonnet sur sa t\u00eate\"},{\"@type\":\"WebPage\",\"@id\":\"https:\/\/annaetmatteo.com\/blog\/pourquoi-bebe-pleure-t-il-a-la-naissance\/#webpage\",\"url\":\"https:\/\/annaetmatteo.com\/blog\/pourquoi-bebe-pleure-t-il-a-la-naissance\/\",\"name\":\"Pourquoi b\u00e9b\u00e9 pleure-t-il \u00e0 la naissance ? A-t-il peur ou mal ?\",\"isPartOf\":{\"@id\":\"https:\/\/annaetmatteo.com\/blog\/#website\"},\"primaryImageOfPage\":{\"@id\":\"https:\/\/annaetmatteo.com\/blog\/pourquoi-bebe-pleure-t-il-a-la-naissance\/#primaryimage\"},\"datePublished\":\"2019-02-14T19:50:11+00:00\",\"dateModified\":\"2019-02-14T19:50:11+00:00\",\"description\":\"Beaucoup de parents se demandent pourquoi b\u00e9b\u00e9 pleure-t-il \u00e0 la naissance. Voire m\u00eame, s'il est en bonne sant\u00e9 quand il ne pleure pas ! Explications...\",\"breadcrumb\":{\"@id\":\"https:\/\/annaetmatteo.com\/blog\/pourquoi-bebe-pleure-t-il-a-la-naissance\/#breadcrumb\"},\"inLanguage\":\"fr-FR\",\"potentialAction\":[{\"@type\":\"ReadAction\",\"target\":[\"https:\/\/annaetmatteo.com\/blog\/pourquoi-bebe-pleure-t-il-a-la-naissance\/\"]}]},{\"@type\":\"BreadcrumbList\",\"@id\":\"https:\/\/annaetmatteo.com\/blog\/pourquoi-bebe-pleure-t-il-a-la-naissance\/#breadcrumb\",\"itemListElement\":[{\"@type\":\"ListItem\",\"position\":1,\"name\":\"Accueil\",\"item\":\"https:\/\/annaetmatteo.com\/blog\/\"},{\"@type\":\"ListItem\",\"position\":2,\"name\":\"Pourquoi b\u00e9b\u00e9 pleure-t-il \u00e0 la naissance ?\"}]},{\"@type\":\"Article\",\"@id\":\"https:\/\/annaetmatteo.com\/blog\/pourquoi-bebe-pleure-t-il-a-la-naissance\/#article\",\"isPartOf\":{\"@id\":\"https:\/\/annaetmatteo.com\/blog\/pourquoi-bebe-pleure-t-il-a-la-naissance\/#webpage\"},\"author\":{\"@id\":\"https:\/\/annaetmatteo.com\/blog\/#\/schema\/person\/324a22a04fc2477c15496ba8213c7eab\"},\"headline\":\"Pourquoi b\u00e9b\u00e9 pleure-t-il \u00e0 la naissance ?\",\"datePublished\":\"2019-02-14T19:50:11+00:00\",\"dateModified\":\"2019-02-14T19:50:11+00:00\",\"mainEntityOfPage\":{\"@id\":\"https:\/\/annaetmatteo.com\/blog\/pourquoi-bebe-pleure-t-il-a-la-naissance\/#webpage\"},\"wordCount\":544,\"commentCount\":3,\"publisher\":{\"@id\":\"https:\/\/annaetmatteo.com\/blog\/#organization\"},\"image\":{\"@id\":\"https:\/\/annaetmatteo.com\/blog\/pourquoi-bebe-pleure-t-il-a-la-naissance\/#primaryimage\"},\"thumbnailUrl\":\"https:\/\/annaetmatteo.com\/blog\/wp-content\/uploads\/2019\/02\/bebe-pleure-naissance-1-e1550153223291.jpg\",\"inLanguage\":\"fr-FR\",\"potentialAction\":[{\"@type\":\"CommentAction\",\"name\":\"Comment\",\"target\":[\"https:\/\/annaetmatteo.com\/blog\/pourquoi-bebe-pleure-t-il-a-la-naissance\/#respond\"]}]},{\"@type\":\"Person\",\"@id\":\"https:\/\/annaetmatteo.com\/blog\/#\/schema\/person\/324a22a04fc2477c15496ba8213c7eab\",\"name\":\"M\u00e9lanie &amp; Arnaud | Le Monde d'Anna et Matteo\",\"image\":{\"@type\":\"ImageObject\",\"@id\":\"https:\/\/annaetmatteo.com\/blog\/#personlogo\",\"inLanguage\":\"fr-FR\",\"url\":\"https:\/\/secure.gravatar.com\/avatar\/3c48cff264353bcb37bf9b52c1b769e7?s=96&d=mm&r=g\",\"contentUrl\":\"https:\/\/secure.gravatar.com\/avatar\/3c48cff264353bcb37bf9b52c1b769e7?s=96&d=mm&r=g\",\"caption\":\"M\u00e9lanie &amp; Arnaud | Le Monde d'Anna et Matteo\"},\"sameAs\":[\"https:\/\/annaetmatteo.com\",\"https:\/\/www.facebook.com\/AnnaEtMatteo\/\",\"https:\/\/twitter.com\/AnnaEtMatteo\"]}]}<\/script>\n<!-- \/ Yoast SEO plugin. -->","yoast_head_json":{"title":"Pourquoi b\u00e9b\u00e9 pleure-t-il \u00e0 la naissance ? A-t-il peur ou mal ?","description":"Beaucoup de parents se demandent pourquoi b\u00e9b\u00e9 pleure-t-il \u00e0 la naissance. Voire m\u00eame, s'il est en bonne sant\u00e9 quand il ne pleure pas ! Explications...","robots":{"index":"index","follow":"follow","max-snippet":"max-snippet:-1","max-image-preview":"max-image-preview:large","max-video-preview":"max-video-preview:-1"},"canonical":"https:\/\/annaetmatteo.com\/blog\/pourquoi-bebe-pleure-t-il-a-la-naissance\/","og_locale":"fr_FR","og_type":"article","og_title":"Pourquoi b\u00e9b\u00e9 pleure-t-il \u00e0 la naissance ? A-t-il peur ou mal ?","og_description":"Beaucoup de parents se demandent pourquoi b\u00e9b\u00e9 pleure-t-il \u00e0 la naissance. Voire m\u00eame, s'il est en bonne sant\u00e9 quand il ne pleure pas ! Explications...","og_url":"https:\/\/annaetmatteo.com\/blog\/pourquoi-bebe-pleure-t-il-a-la-naissance\/","og_site_name":"Blog du Monde d&#039;Anna et Matteo","article_publisher":"https:\/\/www.facebook.com\/AnnaEtMatteo\/","article_author":"https:\/\/www.facebook.com\/AnnaEtMatteo\/","article_published_time":"2019-02-14T19:50:11+00:00","og_image":[{"width":1000,"height":400,"url":"https:\/\/annaetmatteo.com\/blog\/wp-content\/uploads\/2019\/02\/bebe-pleure-naissance-1-e1550153223291.jpg","type":"image\/jpeg"}],"twitter_card":"summary_large_image","twitter_creator":"@AnnaEtMatteo","twitter_site":"@AnnaEtMatteo","twitter_misc":{"\u00c9crit par":"M\u00e9lanie &amp; Arnaud | Le Monde d'Anna et Matteo","Dur\u00e9e de lecture estim\u00e9e":"3 minutes"},"schema":{"@context":"https:\/\/schema.org","@graph":[{"@type":"Organization","@id":"https:\/\/annaetmatteo.com\/blog\/#organization","name":"Le Monde d'Anna et Matteo","url":"https:\/\/annaetmatteo.com\/blog\/","sameAs":["https:\/\/www.facebook.com\/AnnaEtMatteo\/","https:\/\/www.instagram.com\/annaetmatteo\/","https:\/\/www.youtube.com\/channel\/UCSce5n3L_8dmB8yTwbXnCwA\/f","https:\/\/www.pinterest.fr\/AnnaEtMatteo\/","https:\/\/twitter.com\/AnnaEtMatteo"],"logo":{"@type":"ImageObject","@id":"https:\/\/annaetmatteo.com\/blog\/#logo","inLanguage":"fr-FR","url":"https:\/\/annaetmatteo.com\/blog\/wp-content\/uploads\/2018\/04\/rbU69AmF_400x400-1.jpg","contentUrl":"https:\/\/annaetmatteo.com\/blog\/wp-content\/uploads\/2018\/04\/rbU69AmF_400x400-1.jpg","width":240,"height":240,"caption":"Le Monde d'Anna et Matteo"},"image":{"@id":"https:\/\/annaetmatteo.com\/blog\/#logo"}},{"@type":"WebSite","@id":"https:\/\/annaetmatteo.com\/blog\/#website","url":"https:\/\/annaetmatteo.com\/blog\/","name":"Blog du Monde d&#039;Anna et Matteo","description":"","publisher":{"@id":"https:\/\/annaetmatteo.com\/blog\/#organization"},"potentialAction":[{"@type":"SearchAction","target":{"@type":"EntryPoint","urlTemplate":"https:\/\/annaetmatteo.com\/blog\/?s={search_term_string}"},"query-input":"required name=search_term_string"}],"inLanguage":"fr-FR"},{"@type":"ImageObject","@id":"https:\/\/annaetmatteo.com\/blog\/pourquoi-bebe-pleure-t-il-a-la-naissance\/#primaryimage","inLanguage":"fr-FR","url":"https:\/\/annaetmatteo.com\/blog\/wp-content\/uploads\/2019\/02\/bebe-pleure-naissance-1-e1550153223291.jpg","contentUrl":"https:\/\/annaetmatteo.com\/blog\/wp-content\/uploads\/2019\/02\/bebe-pleure-naissance-1-e1550153223291.jpg","width":1000,"height":400,"caption":"b\u00e9b\u00e9 pleure \u00e0 la naissance avec un bonnet sur sa t\u00eate"},{"@type":"WebPage","@id":"https:\/\/annaetmatteo.com\/blog\/pourquoi-bebe-pleure-t-il-a-la-naissance\/#webpage","url":"https:\/\/annaetmatteo.com\/blog\/pourquoi-bebe-pleure-t-il-a-la-naissance\/","name":"Pourquoi b\u00e9b\u00e9 pleure-t-il \u00e0 la naissance ? A-t-il peur ou mal ?","isPartOf":{"@id":"https:\/\/annaetmatteo.com\/blog\/#website"},"primaryImageOfPage":{"@id":"https:\/\/annaetmatteo.com\/blog\/pourquoi-bebe-pleure-t-il-a-la-naissance\/#primaryimage"},"datePublished":"2019-02-14T19:50:11+00:00","dateModified":"2019-02-14T19:50:11+00:00","description":"Beaucoup de parents se demandent pourquoi b\u00e9b\u00e9 pleure-t-il \u00e0 la naissance. Voire m\u00eame, s'il est en bonne sant\u00e9 quand il ne pleure pas ! Explications...","breadcrumb":{"@id":"https:\/\/annaetmatteo.com\/blog\/pourquoi-bebe-pleure-t-il-a-la-naissance\/#breadcrumb"},"inLanguage":"fr-FR","potentialAction":[{"@type":"ReadAction","target":["https:\/\/annaetmatteo.com\/blog\/pourquoi-bebe-pleure-t-il-a-la-naissance\/"]}]},{"@type":"BreadcrumbList","@id":"https:\/\/annaetmatteo.com\/blog\/pourquoi-bebe-pleure-t-il-a-la-naissance\/#breadcrumb","itemListElement":[{"@type":"ListItem","position":1,"name":"Accueil","item":"https:\/\/annaetmatteo.com\/blog\/"},{"@type":"ListItem","position":2,"name":"Pourquoi b\u00e9b\u00e9 pleure-t-il \u00e0 la naissance ?"}]},{"@type":"Article","@id":"https:\/\/annaetmatteo.com\/blog\/pourquoi-bebe-pleure-t-il-a-la-naissance\/#article","isPartOf":{"@id":"https:\/\/annaetmatteo.com\/blog\/pourquoi-bebe-pleure-t-il-a-la-naissance\/#webpage"},"author":{"@id":"https:\/\/annaetmatteo.com\/blog\/#\/schema\/person\/324a22a04fc2477c15496ba8213c7eab"},"headline":"Pourquoi b\u00e9b\u00e9 pleure-t-il \u00e0 la naissance ?","datePublished":"2019-02-14T19:50:11+00:00","dateModified":"2019-02-14T19:50:11+00:00","mainEntityOfPage":{"@id":"https:\/\/annaetmatteo.com\/blog\/pourquoi-bebe-pleure-t-il-a-la-naissance\/#webpage"},"wordCount":544,"commentCount":3,"publisher":{"@id":"https:\/\/annaetmatteo.com\/blog\/#organization"},"image":{"@id":"https:\/\/annaetmatteo.com\/blog\/pourquoi-bebe-pleure-t-il-a-la-naissance\/#primaryimage"},"thumbnailUrl":"https:\/\/annaetmatteo.com\/blog\/wp-content\/uploads\/2019\/02\/bebe-pleure-naissance-1-e1550153223291.jpg","inLanguage":"fr-FR","potentialAction":[{"@type":"CommentAction","name":"Comment","target":["https:\/\/annaetmatteo.com\/blog\/pourquoi-bebe-pleure-t-il-a-la-naissance\/#respond"]}]},{"@type":"Person","@id":"https:\/\/annaetmatteo.com\/blog\/#\/schema\/person\/324a22a04fc2477c15496ba8213c7eab","name":"M\u00e9lanie &amp; Arnaud | Le Monde d'Anna et Matteo","image":{"@type":"ImageObject","@id":"https:\/\/annaetmatteo.com\/blog\/#personlogo","inLanguage":"fr-FR","url":"https:\/\/secure.gravatar.com\/avatar\/3c48cff264353bcb37bf9b52c1b769e7?s=96&d=mm&r=g","contentUrl":"https:\/\/secure.gravatar.com\/avatar\/3c48cff264353bcb37bf9b52c1b769e7?s=96&d=mm&r=g","caption":"M\u00e9lanie &amp; Arnaud | Le Monde d'Anna et Matteo"},"sameAs":["https:\/\/annaetmatteo.com","https:\/\/www.facebook.com\/AnnaEtMatteo\/","https:\/\/twitter.com\/AnnaEtMatteo"]}]}},"_links":{"self":[{"href":"https:\/\/annaetmatteo.com\/blog\/wp-json\/wp\/v2\/posts\/604"}],"collection":[{"href":"https:\/\/annaetmatteo.com\/blog\/wp-json\/wp\/v2\/posts"}],"about":[{"href":"https:\/\/annaetmatteo.com\/blog\/wp-json\/wp\/v2\/types\/post"}],"author":[{"embeddable":true,"href":"https:\/\/annaetmatteo.com\/blog\/wp-json\/wp\/v2\/users\/1"}],"replies":[{"embeddable":true,"href":"https:\/\/annaetmatteo.com\/blog\/wp-json\/wp\/v2\/comments?post=604"}],"version-history":[{"count":3,"href":"https:\/\/annaetmatteo.com\/blog\/wp-json\/wp\/v2\/posts\/604\/revisions"}],"predecessor-version":[{"id":609,"href":"https:\/\/annaetmatteo.com\/blog\/wp-json\/wp\/v2\/posts\/604\/revisions\/609"}],"wp:featuredmedia":[{"embeddable":true,"href":"https:\/\/annaetmatteo.com\/blog\/wp-json\/wp\/v2\/media\/606"}],"wp:attachment":[{"href":"https:\/\/annaetmatteo.com\/blog\/wp-json\/wp\/v2\/media?parent=604"}],"wp:term":[{"taxonomy":"category","embeddable":true,"href":"https:\/\/annaetmatteo.com\/blog\/wp-json\/wp\/v2\/categories?post=604"},{"taxonomy":"post_tag","embeddable":true,"href":"https:\/\/annaetmatteo.com\/blog\/wp-json\/wp\/v2\/tags?post=604"}],"curies":[{"name":"wp","href":"https:\/\/api.w.org\/{rel}","templated":true}]}}