{"id":59,"date":"2017-12-06T12:27:00","date_gmt":"2017-12-06T11:27:00","guid":{"rendered":""},"modified":"2018-04-21T23:55:04","modified_gmt":"2018-04-21T21:55:04","slug":"dois-je-dire-a-mes-enfants-que-le-pere-noel-nexiste-pas","status":"publish","type":"post","link":"https:\/\/annaetmatteo.com\/blog\/dois-je-dire-a-mes-enfants-que-le-pere-noel-nexiste-pas\/","title":{"rendered":"Dois-je dire \u00e0 mes enfants que le P\u00e8re No\u00ebl n&rsquo;existe pas ?"},"content":{"rendered":"<h2 style=\"text-align: left;\">C&rsquo;est le drame de tout parent : <i>\u00ab\u00a0Combien de temps dois-je mentir \u00e0 mes enfants \u00e0 propos du P\u00e8re No\u00ebl ?\u00a0\u00bb<\/i> Y a-t-il un \u00e2ge \u00e0 partir duquel le mythe doit s&rsquo;effacer ? Et pourtant, rappelez-vous, avez-vous \u00e9t\u00e9 traumatis\u00e9 par la v\u00e9rit\u00e9 ? Alors d\u00e9dramatisez.<\/h2>\n<p style=\"text-align: left;\"><!--more--><\/p>\n<div style=\"text-align: left;\">De g\u00e9n\u00e9ration en g\u00e9n\u00e9ration, les enfants devenus adultes, puis parents, entra\u00eenent \u00e0 leur tour leurs bambins dans le monde imaginaire du P\u00e8re No\u00ebl. \u00c9tonnamment, on installe ce\u00a0 gentil \u00ab\u00a0mensonge\u00a0\u00bb mais on ne sait jamais tr\u00e8s bien comment s&rsquo;en d\u00e9faire. Et pourtant, est-il vraiment bien n\u00e9cessaire d&rsquo;en faire une v\u00e9ritable affaire d&rsquo;Etat ? Rares sont ceux qui, parmi nous, ont mal v\u00e9cu l&rsquo;irruption de la terrible v\u00e9rit\u00e9 dans nos vies. Alors il n&rsquo;y a aucune raison pour que ce soit diff\u00e9rent pour nos enfants.<\/div>\n<div style=\"text-align: left;\"><\/div>\n<h3 style=\"text-align: left;\">Y a-t-il un \u00e2ge pour arr\u00eater de croire au P\u00e8re No\u00ebl ?<\/h3>\n<div style=\"text-align: left;\">\n<p><a style=\"clear: left; float: left; margin-bottom: 1em; margin-right: 1em;\" href=\"https:\/\/annaetmatteo.com\/blog\/wp-content\/uploads\/2017\/12\/sapin-2Bde-2Bnoel-2Bavec-2Bpetite-2Bfille.jpg\"><img loading=\"lazy\" title=\"\" src=\"https:\/\/annaetmatteo.com\/blog\/wp-content\/uploads\/2017\/12\/sapin-2Bde-2Bnoel-2Bavec-2Bpetite-2Bfille-300x200.jpg\" alt=\"petite fille d\u00e9couvre ses cadeaux devant le sapin de No\u00ebl\" width=\"320\" height=\"213\" border=\"0\" data-original-height=\"853\" data-original-width=\"1280\" \/><\/a><\/p>\n<div style=\"text-align: justify;\">Il n&rsquo;y a pas de r\u00e8gle \u00e9tablie concernant l&rsquo;\u00e2ge \u00e0 partir duquel il est d\u00e9raisonnable de croire encore au P\u00e8re No\u00ebl. A vrai dire, il n&rsquo;y a m\u00eame pas de raison de se poser la question car les choses vont se faire naturellement. La remise en cause arrive souvent autour de 5 \u00e0 7 ans, et ce par les discussions dans la cour de r\u00e9cr\u00e9ation.<\/div>\n<\/div>\n<div style=\"text-align: left;\"><\/div>\n<div style=\"text-align: left;\">Ou pas&#8230; A 7 ans, notre fille y croit encore. Et si elle n&rsquo;a pas eu cette discussion avec ses camarades, il n&rsquo;y a aucune raison pour mettre fin au mythe.<\/div>\n<div style=\"text-align: left;\"><\/div>\n<h3 style=\"text-align: left;\">Mon enfant doute de l&rsquo;existence du P\u00e8re No\u00ebl. Que faire ?<\/h3>\n<div style=\"text-align: left;\"><a style=\"clear: right; float: right; margin-bottom: 1em; margin-left: 1em;\" href=\"https:\/\/annaetmatteo.com\/blog\/wp-content\/uploads\/2017\/12\/cadeaux-2Bde-2BNo-25C3-25ABl.jpg\"><img loading=\"lazy\" title=\"\" src=\"https:\/\/annaetmatteo.com\/blog\/wp-content\/uploads\/2017\/12\/cadeaux-2Bde-2BNo-25C3-25ABl-300x300.jpg\" alt=\"cadeaux de No\u00ebl\" width=\"200\" height=\"199\" border=\"0\" data-original-height=\"1279\" data-original-width=\"1280\" \/><\/a>Si votre enfant \u00e9met des doutes, parlez-en tout simplement avec lui de mani\u00e8re d\u00e9contract\u00e9e. Demandez-lui ce qui le fait douter. En a-t-il parl\u00e9 \u00e0 l&rsquo;\u00e9cole ? Et qu&rsquo;en pensent les enfants de sa classe ? Et surtout, demandez-lui son avis, naturellement : <i>\u00ab\u00a0Et toi, qu&rsquo;en penses-tu ?\u00a0\u00bb <\/i>S&rsquo;il a vraiment des doutes et suspecte que les parents sont dans le coup, inutile de lui cacher plus longtemps.<\/div>\n<div style=\"text-align: left;\"><\/div>\n<div style=\"text-align: left;\">Et s&rsquo;il a un petit fr\u00e8re ou une petite s\u0153ur, faites de lui votre complice pour entretenir le mythe aupr\u00e8s de son (ses) cadet(s). C&rsquo;est un bon moyen d&rsquo;\u00e9viter qu&rsquo;il vende la m\u00e8che en cr\u00e9ant un jeu dans lequel l\u2019a\u00een\u00e9 devient partenaire de ses parents. Cacher les cadeaux ensemble, ce sera un jeu tr\u00e8s amusant !<\/div>\n<div style=\"text-align: left;\"><\/div>\n<h3 style=\"text-align: left;\">Mon a\u00een\u00e9\u00a0a dit \u00e0 ses fr\u00e8res et s\u0153urs que le P\u00e8re No\u00ebl n&rsquo;existait pas !<\/h3>\n<div style=\"text-align: left;\">Evidemment, vous n&rsquo;allez pas le f\u00e9liciter. Il y a de fortes chances que votre grand ait fait \u00e7a avec des intentions pas tr\u00e8s ang\u00e9liques dans le but de faire rager ses fr\u00e8res et s\u0153urs (et accessoirement asseoir sa position d\u2019a\u00een\u00e9 \u00ab\u00a0qui sait\u00a0\u00bb). Mais bon, il n&rsquo;y a pas non plus mort d&rsquo;homme, non ? Il n&rsquo;y a pas de quoi dramatiser, ni tenter de colmater les br\u00e8ches en essayant de convaincre vos enfants de l\u2019existence de l&rsquo;homme en rouge en d\u00e9gainant tous les arguments les plus improbables. Si la v\u00e9rit\u00e9 \u00e0 \u00e9clater, un r\u00e9trop\u00e9dalage peu convaincant ne sera que&#8230; peu efficace. Incitez plut\u00f4t les cadets \u00e0 se faire eux-m\u00eame leur avis sur la question. <i>\u00ab\u00a0Et toi, tu y crois ? Oui ? Alors tu as raison.\u00a0\u00bb<\/i><\/div>\n<div style=\"text-align: left;\"><\/div>\n<h3 style=\"text-align: left;\">Mon enfant prend tr\u00e8s mal la v\u00e9rit\u00e9 sur le P\u00e8re No\u00ebl et m&rsquo;en veut&#8230;<\/h3>\n<div style=\"clear: both; text-align: left;\"><a style=\"clear: left; float: left; margin-bottom: 1em; margin-right: 1em;\" href=\"https:\/\/annaetmatteo.com\/blog\/wp-content\/uploads\/2017\/12\/p-25C3-25A8re-2Bno-25C3-25ABl-2Bprenant-2Bun-2Bbiscuit.jpg\"><img loading=\"lazy\" title=\"\" src=\"https:\/\/annaetmatteo.com\/blog\/wp-content\/uploads\/2017\/12\/p-25C3-25A8re-2Bno-25C3-25ABl-2Bprenant-2Bun-2Bbiscuit-300x200.jpg\" alt=\"P\u00e8re No\u00ebl prend un biscuit dans une soucoupe pos\u00e9e devant le sapin de No\u00ebl\" width=\"320\" height=\"212\" border=\"0\" data-original-height=\"853\" data-original-width=\"1280\" \/><\/a><\/div>\n<div style=\"text-align: left;\">Essayez de pr\u00e9senter \u00e7a sous un angle positif. No\u00ebl est une f\u00eate avec des cadeaux pour les enfants. Et c&rsquo;est bien plus magique d&rsquo;imaginer un grand-p\u00e8re volant dans le ciel avec ses rennes magiques et son tra\u00eeneau, venant d\u00e9poser les cadeaux, plut\u00f4t que ce soient les parents.<\/div>\n<div style=\"text-align: left;\"><\/div>\n<div style=\"text-align: left;\">Dites \u00e0 vos enfants qu&rsquo;\u00e0 leur tour, quand ils seront parents, ils organiseront cette f\u00eate pour faire plaisir \u00e0 leurs enfants. C&rsquo;est comme un jeu. Ce n&rsquo;est pas un m\u00e9chant mensonge, mais un conte comme les histoires qu&rsquo;on lit dans les livres.<\/div>\n<div style=\"text-align: left;\"><\/div>\n<div style=\"text-align: left;\">Prenez \u00e7a \u00e0 l&rsquo;amusement, racontez les ruses que vous avez invent\u00e9es pour cacher les cadeaux \u00e0 son insu ! \u00c9tonnez-vous avez lui qu&rsquo;il ne vous ait pas surpris. Racontez les moments o\u00f9 vous avez failli \u00eatre d\u00e9masqu\u00e9s !<\/div>\n<div style=\"text-align: left;\"><\/div>\n<div style=\"text-align: left;\">Et si rien n&rsquo;y fait et qu&rsquo;il vous boude toujours, ne vous en faites pas. Laissez-le, il passera \u00e0 autre chose. Comme pour toute col\u00e8re, il n&rsquo;y a rien de mieux que d&rsquo;ignorer la crise. Plus vous argumenterez, moins la crise passera. Mieux vaut reprendre la discussion une fois la temp\u00eate pass\u00e9e.<\/div>\n<div style=\"text-align: left;\"><\/div>\n<div style=\"text-align: left;\">Surtout n&rsquo;oubliez pas : on n&rsquo;a jamais vu d&rsquo;enfant traumatis\u00e9 \u00e0 vie par la r\u00e9v\u00e9lation de la v\u00e9rit\u00e9 concernant le P\u00e8re No\u00ebl. Ce sont surtout les parents qui en font une v\u00e9ritable montagne.<\/div>\n","protected":false},"excerpt":{"rendered":"<p>C&rsquo;est le drame de tout parent : \u00ab\u00a0Combien de temps dois-je mentir \u00e0 mes enfants \u00e0 propos du P\u00e8re No\u00ebl ?\u00a0\u00bb Y a-t-il un \u00e2ge \u00e0 partir duquel le mythe doit s&rsquo;effacer ? Et pourtant, rappelez-vous, avez-vous \u00e9t\u00e9 traumatis\u00e9 par la v\u00e9rit\u00e9 ? Alors d\u00e9dramatisez.<\/p>\n","protected":false},"author":1,"featured_media":93,"comment_status":"open","ping_status":"open","sticky":false,"template":"","format":"standard","meta":[],"categories":[1],"tags":[],"yoast_head":"<!-- This site is optimized with the Yoast SEO plugin v18.0 - https:\/\/yoast.com\/wordpress\/plugins\/seo\/ -->\n<title>Dois-je dire \u00e0 mes enfants que le P\u00e8re No\u00ebl n&#039;existe pas ? - Blog du Monde d&#039;Anna et Matteo<\/title>\n<meta name=\"robots\" content=\"index, follow, max-snippet:-1, max-image-preview:large, max-video-preview:-1\" \/>\n<link rel=\"canonical\" href=\"https:\/\/annaetmatteo.com\/blog\/dois-je-dire-a-mes-enfants-que-le-pere-noel-nexiste-pas\/\" \/>\n<meta property=\"og:locale\" content=\"fr_FR\" \/>\n<meta property=\"og:type\" content=\"article\" \/>\n<meta property=\"og:title\" content=\"Dois-je dire \u00e0 mes enfants que le P\u00e8re No\u00ebl n&#039;existe pas ? - Blog du Monde d&#039;Anna et Matteo\" \/>\n<meta property=\"og:description\" content=\"C&rsquo;est le drame de tout parent : \u00ab\u00a0Combien de temps dois-je mentir \u00e0 mes enfants \u00e0 propos du P\u00e8re No\u00ebl ?\u00a0\u00bb Y a-t-il un \u00e2ge \u00e0 partir duquel le mythe doit s&rsquo;effacer ? Et pourtant, rappelez-vous, avez-vous \u00e9t\u00e9 traumatis\u00e9 par la v\u00e9rit\u00e9 ? Alors d\u00e9dramatisez.\" \/>\n<meta property=\"og:url\" content=\"https:\/\/annaetmatteo.com\/blog\/dois-je-dire-a-mes-enfants-que-le-pere-noel-nexiste-pas\/\" \/>\n<meta property=\"og:site_name\" content=\"Blog du Monde d&#039;Anna et Matteo\" \/>\n<meta property=\"article:publisher\" content=\"https:\/\/www.facebook.com\/AnnaEtMatteo\/\" \/>\n<meta property=\"article:author\" content=\"https:\/\/www.facebook.com\/AnnaEtMatteo\/\" \/>\n<meta property=\"article:published_time\" content=\"2017-12-06T11:27:00+00:00\" \/>\n<meta property=\"article:modified_time\" content=\"2018-04-21T21:55:04+00:00\" \/>\n<meta property=\"og:image\" content=\"https:\/\/annaetmatteo.com\/blog\/wp-content\/uploads\/2017\/12\/P-25C3-25A8re-2BNo-25C3-25ABl.jpg\" \/>\n\t<meta property=\"og:image:width\" content=\"1024\" \/>\n\t<meta property=\"og:image:height\" content=\"682\" \/>\n\t<meta property=\"og:image:type\" content=\"image\/jpeg\" \/>\n<meta name=\"twitter:card\" content=\"summary_large_image\" \/>\n<meta name=\"twitter:creator\" content=\"@AnnaEtMatteo\" \/>\n<meta name=\"twitter:site\" content=\"@AnnaEtMatteo\" \/>\n<meta name=\"twitter:label1\" content=\"\u00c9crit par\" \/>\n\t<meta name=\"twitter:data1\" content=\"M\u00e9lanie &amp; Arnaud | Le Monde d'Anna et Matteo\" \/>\n\t<meta name=\"twitter:label2\" content=\"Dur\u00e9e de lecture estim\u00e9e\" \/>\n\t<meta name=\"twitter:data2\" content=\"4 minutes\" \/>\n<script type=\"application\/ld+json\" class=\"yoast-schema-graph\">{\"@context\":\"https:\/\/schema.org\",\"@graph\":[{\"@type\":\"Organization\",\"@id\":\"https:\/\/annaetmatteo.com\/blog\/#organization\",\"name\":\"Le Monde d'Anna et Matteo\",\"url\":\"https:\/\/annaetmatteo.com\/blog\/\",\"sameAs\":[\"https:\/\/www.facebook.com\/AnnaEtMatteo\/\",\"https:\/\/www.instagram.com\/annaetmatteo\/\",\"https:\/\/www.youtube.com\/channel\/UCSce5n3L_8dmB8yTwbXnCwA\/f\",\"https:\/\/www.pinterest.fr\/AnnaEtMatteo\/\",\"https:\/\/twitter.com\/AnnaEtMatteo\"],\"logo\":{\"@type\":\"ImageObject\",\"@id\":\"https:\/\/annaetmatteo.com\/blog\/#logo\",\"inLanguage\":\"fr-FR\",\"url\":\"https:\/\/annaetmatteo.com\/blog\/wp-content\/uploads\/2018\/04\/rbU69AmF_400x400-1.jpg\",\"contentUrl\":\"https:\/\/annaetmatteo.com\/blog\/wp-content\/uploads\/2018\/04\/rbU69AmF_400x400-1.jpg\",\"width\":240,\"height\":240,\"caption\":\"Le Monde d'Anna et Matteo\"},\"image\":{\"@id\":\"https:\/\/annaetmatteo.com\/blog\/#logo\"}},{\"@type\":\"WebSite\",\"@id\":\"https:\/\/annaetmatteo.com\/blog\/#website\",\"url\":\"https:\/\/annaetmatteo.com\/blog\/\",\"name\":\"Blog du Monde d&#039;Anna et Matteo\",\"description\":\"\",\"publisher\":{\"@id\":\"https:\/\/annaetmatteo.com\/blog\/#organization\"},\"potentialAction\":[{\"@type\":\"SearchAction\",\"target\":{\"@type\":\"EntryPoint\",\"urlTemplate\":\"https:\/\/annaetmatteo.com\/blog\/?s={search_term_string}\"},\"query-input\":\"required name=search_term_string\"}],\"inLanguage\":\"fr-FR\"},{\"@type\":\"ImageObject\",\"@id\":\"https:\/\/annaetmatteo.com\/blog\/dois-je-dire-a-mes-enfants-que-le-pere-noel-nexiste-pas\/#primaryimage\",\"inLanguage\":\"fr-FR\",\"url\":\"https:\/\/annaetmatteo.com\/blog\/wp-content\/uploads\/2017\/12\/P-25C3-25A8re-2BNo-25C3-25ABl.jpg\",\"contentUrl\":\"https:\/\/annaetmatteo.com\/blog\/wp-content\/uploads\/2017\/12\/P-25C3-25A8re-2BNo-25C3-25ABl.jpg\",\"width\":1024,\"height\":682},{\"@type\":\"WebPage\",\"@id\":\"https:\/\/annaetmatteo.com\/blog\/dois-je-dire-a-mes-enfants-que-le-pere-noel-nexiste-pas\/#webpage\",\"url\":\"https:\/\/annaetmatteo.com\/blog\/dois-je-dire-a-mes-enfants-que-le-pere-noel-nexiste-pas\/\",\"name\":\"Dois-je dire \u00e0 mes enfants que le P\u00e8re No\u00ebl n'existe pas ? - Blog du Monde d&#039;Anna et Matteo\",\"isPartOf\":{\"@id\":\"https:\/\/annaetmatteo.com\/blog\/#website\"},\"primaryImageOfPage\":{\"@id\":\"https:\/\/annaetmatteo.com\/blog\/dois-je-dire-a-mes-enfants-que-le-pere-noel-nexiste-pas\/#primaryimage\"},\"datePublished\":\"2017-12-06T11:27:00+00:00\",\"dateModified\":\"2018-04-21T21:55:04+00:00\",\"breadcrumb\":{\"@id\":\"https:\/\/annaetmatteo.com\/blog\/dois-je-dire-a-mes-enfants-que-le-pere-noel-nexiste-pas\/#breadcrumb\"},\"inLanguage\":\"fr-FR\",\"potentialAction\":[{\"@type\":\"ReadAction\",\"target\":[\"https:\/\/annaetmatteo.com\/blog\/dois-je-dire-a-mes-enfants-que-le-pere-noel-nexiste-pas\/\"]}]},{\"@type\":\"BreadcrumbList\",\"@id\":\"https:\/\/annaetmatteo.com\/blog\/dois-je-dire-a-mes-enfants-que-le-pere-noel-nexiste-pas\/#breadcrumb\",\"itemListElement\":[{\"@type\":\"ListItem\",\"position\":1,\"name\":\"Accueil\",\"item\":\"https:\/\/annaetmatteo.com\/blog\/\"},{\"@type\":\"ListItem\",\"position\":2,\"name\":\"Dois-je dire \u00e0 mes enfants que le P\u00e8re No\u00ebl n&rsquo;existe pas ?\"}]},{\"@type\":\"Article\",\"@id\":\"https:\/\/annaetmatteo.com\/blog\/dois-je-dire-a-mes-enfants-que-le-pere-noel-nexiste-pas\/#article\",\"isPartOf\":{\"@id\":\"https:\/\/annaetmatteo.com\/blog\/dois-je-dire-a-mes-enfants-que-le-pere-noel-nexiste-pas\/#webpage\"},\"author\":{\"@id\":\"https:\/\/annaetmatteo.com\/blog\/#\/schema\/person\/324a22a04fc2477c15496ba8213c7eab\"},\"headline\":\"Dois-je dire \u00e0 mes enfants que le P\u00e8re No\u00ebl n&rsquo;existe pas ?\",\"datePublished\":\"2017-12-06T11:27:00+00:00\",\"dateModified\":\"2018-04-21T21:55:04+00:00\",\"mainEntityOfPage\":{\"@id\":\"https:\/\/annaetmatteo.com\/blog\/dois-je-dire-a-mes-enfants-que-le-pere-noel-nexiste-pas\/#webpage\"},\"wordCount\":802,\"commentCount\":2,\"publisher\":{\"@id\":\"https:\/\/annaetmatteo.com\/blog\/#organization\"},\"image\":{\"@id\":\"https:\/\/annaetmatteo.com\/blog\/dois-je-dire-a-mes-enfants-que-le-pere-noel-nexiste-pas\/#primaryimage\"},\"thumbnailUrl\":\"https:\/\/annaetmatteo.com\/blog\/wp-content\/uploads\/2017\/12\/P-25C3-25A8re-2BNo-25C3-25ABl.jpg\",\"inLanguage\":\"fr-FR\",\"potentialAction\":[{\"@type\":\"CommentAction\",\"name\":\"Comment\",\"target\":[\"https:\/\/annaetmatteo.com\/blog\/dois-je-dire-a-mes-enfants-que-le-pere-noel-nexiste-pas\/#respond\"]}]},{\"@type\":\"Person\",\"@id\":\"https:\/\/annaetmatteo.com\/blog\/#\/schema\/person\/324a22a04fc2477c15496ba8213c7eab\",\"name\":\"M\u00e9lanie &amp; Arnaud | Le Monde d'Anna et Matteo\",\"image\":{\"@type\":\"ImageObject\",\"@id\":\"https:\/\/annaetmatteo.com\/blog\/#personlogo\",\"inLanguage\":\"fr-FR\",\"url\":\"https:\/\/secure.gravatar.com\/avatar\/3c48cff264353bcb37bf9b52c1b769e7?s=96&d=mm&r=g\",\"contentUrl\":\"https:\/\/secure.gravatar.com\/avatar\/3c48cff264353bcb37bf9b52c1b769e7?s=96&d=mm&r=g\",\"caption\":\"M\u00e9lanie &amp; Arnaud | Le Monde d'Anna et Matteo\"},\"sameAs\":[\"https:\/\/annaetmatteo.com\",\"https:\/\/www.facebook.com\/AnnaEtMatteo\/\",\"https:\/\/twitter.com\/AnnaEtMatteo\"]}]}<\/script>\n<!-- \/ Yoast SEO plugin. -->","yoast_head_json":{"title":"Dois-je dire \u00e0 mes enfants que le P\u00e8re No\u00ebl n'existe pas ? - Blog du Monde d&#039;Anna et Matteo","robots":{"index":"index","follow":"follow","max-snippet":"max-snippet:-1","max-image-preview":"max-image-preview:large","max-video-preview":"max-video-preview:-1"},"canonical":"https:\/\/annaetmatteo.com\/blog\/dois-je-dire-a-mes-enfants-que-le-pere-noel-nexiste-pas\/","og_locale":"fr_FR","og_type":"article","og_title":"Dois-je dire \u00e0 mes enfants que le P\u00e8re No\u00ebl n'existe pas ? - Blog du Monde d&#039;Anna et Matteo","og_description":"C&rsquo;est le drame de tout parent : \u00ab\u00a0Combien de temps dois-je mentir \u00e0 mes enfants \u00e0 propos du P\u00e8re No\u00ebl ?\u00a0\u00bb Y a-t-il un \u00e2ge \u00e0 partir duquel le mythe doit s&rsquo;effacer ? Et pourtant, rappelez-vous, avez-vous \u00e9t\u00e9 traumatis\u00e9 par la v\u00e9rit\u00e9 ? Alors d\u00e9dramatisez.","og_url":"https:\/\/annaetmatteo.com\/blog\/dois-je-dire-a-mes-enfants-que-le-pere-noel-nexiste-pas\/","og_site_name":"Blog du Monde d&#039;Anna et Matteo","article_publisher":"https:\/\/www.facebook.com\/AnnaEtMatteo\/","article_author":"https:\/\/www.facebook.com\/AnnaEtMatteo\/","article_published_time":"2017-12-06T11:27:00+00:00","article_modified_time":"2018-04-21T21:55:04+00:00","og_image":[{"width":1024,"height":682,"url":"https:\/\/annaetmatteo.com\/blog\/wp-content\/uploads\/2017\/12\/P-25C3-25A8re-2BNo-25C3-25ABl.jpg","type":"image\/jpeg"}],"twitter_card":"summary_large_image","twitter_creator":"@AnnaEtMatteo","twitter_site":"@AnnaEtMatteo","twitter_misc":{"\u00c9crit par":"M\u00e9lanie &amp; Arnaud | Le Monde d'Anna et Matteo","Dur\u00e9e de lecture estim\u00e9e":"4 minutes"},"schema":{"@context":"https:\/\/schema.org","@graph":[{"@type":"Organization","@id":"https:\/\/annaetmatteo.com\/blog\/#organization","name":"Le Monde d'Anna et Matteo","url":"https:\/\/annaetmatteo.com\/blog\/","sameAs":["https:\/\/www.facebook.com\/AnnaEtMatteo\/","https:\/\/www.instagram.com\/annaetmatteo\/","https:\/\/www.youtube.com\/channel\/UCSce5n3L_8dmB8yTwbXnCwA\/f","https:\/\/www.pinterest.fr\/AnnaEtMatteo\/","https:\/\/twitter.com\/AnnaEtMatteo"],"logo":{"@type":"ImageObject","@id":"https:\/\/annaetmatteo.com\/blog\/#logo","inLanguage":"fr-FR","url":"https:\/\/annaetmatteo.com\/blog\/wp-content\/uploads\/2018\/04\/rbU69AmF_400x400-1.jpg","contentUrl":"https:\/\/annaetmatteo.com\/blog\/wp-content\/uploads\/2018\/04\/rbU69AmF_400x400-1.jpg","width":240,"height":240,"caption":"Le Monde d'Anna et Matteo"},"image":{"@id":"https:\/\/annaetmatteo.com\/blog\/#logo"}},{"@type":"WebSite","@id":"https:\/\/annaetmatteo.com\/blog\/#website","url":"https:\/\/annaetmatteo.com\/blog\/","name":"Blog du Monde d&#039;Anna et Matteo","description":"","publisher":{"@id":"https:\/\/annaetmatteo.com\/blog\/#organization"},"potentialAction":[{"@type":"SearchAction","target":{"@type":"EntryPoint","urlTemplate":"https:\/\/annaetmatteo.com\/blog\/?s={search_term_string}"},"query-input":"required name=search_term_string"}],"inLanguage":"fr-FR"},{"@type":"ImageObject","@id":"https:\/\/annaetmatteo.com\/blog\/dois-je-dire-a-mes-enfants-que-le-pere-noel-nexiste-pas\/#primaryimage","inLanguage":"fr-FR","url":"https:\/\/annaetmatteo.com\/blog\/wp-content\/uploads\/2017\/12\/P-25C3-25A8re-2BNo-25C3-25ABl.jpg","contentUrl":"https:\/\/annaetmatteo.com\/blog\/wp-content\/uploads\/2017\/12\/P-25C3-25A8re-2BNo-25C3-25ABl.jpg","width":1024,"height":682},{"@type":"WebPage","@id":"https:\/\/annaetmatteo.com\/blog\/dois-je-dire-a-mes-enfants-que-le-pere-noel-nexiste-pas\/#webpage","url":"https:\/\/annaetmatteo.com\/blog\/dois-je-dire-a-mes-enfants-que-le-pere-noel-nexiste-pas\/","name":"Dois-je dire \u00e0 mes enfants que le P\u00e8re No\u00ebl n'existe pas ? - Blog du Monde d&#039;Anna et Matteo","isPartOf":{"@id":"https:\/\/annaetmatteo.com\/blog\/#website"},"primaryImageOfPage":{"@id":"https:\/\/annaetmatteo.com\/blog\/dois-je-dire-a-mes-enfants-que-le-pere-noel-nexiste-pas\/#primaryimage"},"datePublished":"2017-12-06T11:27:00+00:00","dateModified":"2018-04-21T21:55:04+00:00","breadcrumb":{"@id":"https:\/\/annaetmatteo.com\/blog\/dois-je-dire-a-mes-enfants-que-le-pere-noel-nexiste-pas\/#breadcrumb"},"inLanguage":"fr-FR","potentialAction":[{"@type":"ReadAction","target":["https:\/\/annaetmatteo.com\/blog\/dois-je-dire-a-mes-enfants-que-le-pere-noel-nexiste-pas\/"]}]},{"@type":"BreadcrumbList","@id":"https:\/\/annaetmatteo.com\/blog\/dois-je-dire-a-mes-enfants-que-le-pere-noel-nexiste-pas\/#breadcrumb","itemListElement":[{"@type":"ListItem","position":1,"name":"Accueil","item":"https:\/\/annaetmatteo.com\/blog\/"},{"@type":"ListItem","position":2,"name":"Dois-je dire \u00e0 mes enfants que le P\u00e8re No\u00ebl n&rsquo;existe pas ?"}]},{"@type":"Article","@id":"https:\/\/annaetmatteo.com\/blog\/dois-je-dire-a-mes-enfants-que-le-pere-noel-nexiste-pas\/#article","isPartOf":{"@id":"https:\/\/annaetmatteo.com\/blog\/dois-je-dire-a-mes-enfants-que-le-pere-noel-nexiste-pas\/#webpage"},"author":{"@id":"https:\/\/annaetmatteo.com\/blog\/#\/schema\/person\/324a22a04fc2477c15496ba8213c7eab"},"headline":"Dois-je dire \u00e0 mes enfants que le P\u00e8re No\u00ebl n&rsquo;existe pas ?","datePublished":"2017-12-06T11:27:00+00:00","dateModified":"2018-04-21T21:55:04+00:00","mainEntityOfPage":{"@id":"https:\/\/annaetmatteo.com\/blog\/dois-je-dire-a-mes-enfants-que-le-pere-noel-nexiste-pas\/#webpage"},"wordCount":802,"commentCount":2,"publisher":{"@id":"https:\/\/annaetmatteo.com\/blog\/#organization"},"image":{"@id":"https:\/\/annaetmatteo.com\/blog\/dois-je-dire-a-mes-enfants-que-le-pere-noel-nexiste-pas\/#primaryimage"},"thumbnailUrl":"https:\/\/annaetmatteo.com\/blog\/wp-content\/uploads\/2017\/12\/P-25C3-25A8re-2BNo-25C3-25ABl.jpg","inLanguage":"fr-FR","potentialAction":[{"@type":"CommentAction","name":"Comment","target":["https:\/\/annaetmatteo.com\/blog\/dois-je-dire-a-mes-enfants-que-le-pere-noel-nexiste-pas\/#respond"]}]},{"@type":"Person","@id":"https:\/\/annaetmatteo.com\/blog\/#\/schema\/person\/324a22a04fc2477c15496ba8213c7eab","name":"M\u00e9lanie &amp; Arnaud | Le Monde d'Anna et Matteo","image":{"@type":"ImageObject","@id":"https:\/\/annaetmatteo.com\/blog\/#personlogo","inLanguage":"fr-FR","url":"https:\/\/secure.gravatar.com\/avatar\/3c48cff264353bcb37bf9b52c1b769e7?s=96&d=mm&r=g","contentUrl":"https:\/\/secure.gravatar.com\/avatar\/3c48cff264353bcb37bf9b52c1b769e7?s=96&d=mm&r=g","caption":"M\u00e9lanie &amp; Arnaud | Le Monde d'Anna et Matteo"},"sameAs":["https:\/\/annaetmatteo.com","https:\/\/www.facebook.com\/AnnaEtMatteo\/","https:\/\/twitter.com\/AnnaEtMatteo"]}]}},"_links":{"self":[{"href":"https:\/\/annaetmatteo.com\/blog\/wp-json\/wp\/v2\/posts\/59"}],"collection":[{"href":"https:\/\/annaetmatteo.com\/blog\/wp-json\/wp\/v2\/posts"}],"about":[{"href":"https:\/\/annaetmatteo.com\/blog\/wp-json\/wp\/v2\/types\/post"}],"author":[{"embeddable":true,"href":"https:\/\/annaetmatteo.com\/blog\/wp-json\/wp\/v2\/users\/1"}],"replies":[{"embeddable":true,"href":"https:\/\/annaetmatteo.com\/blog\/wp-json\/wp\/v2\/comments?post=59"}],"version-history":[{"count":5,"href":"https:\/\/annaetmatteo.com\/blog\/wp-json\/wp\/v2\/posts\/59\/revisions"}],"predecessor-version":[{"id":160,"href":"https:\/\/annaetmatteo.com\/blog\/wp-json\/wp\/v2\/posts\/59\/revisions\/160"}],"wp:featuredmedia":[{"embeddable":true,"href":"https:\/\/annaetmatteo.com\/blog\/wp-json\/wp\/v2\/media\/93"}],"wp:attachment":[{"href":"https:\/\/annaetmatteo.com\/blog\/wp-json\/wp\/v2\/media?parent=59"}],"wp:term":[{"taxonomy":"category","embeddable":true,"href":"https:\/\/annaetmatteo.com\/blog\/wp-json\/wp\/v2\/categories?post=59"},{"taxonomy":"post_tag","embeddable":true,"href":"https:\/\/annaetmatteo.com\/blog\/wp-json\/wp\/v2\/tags?post=59"}],"curies":[{"name":"wp","href":"https:\/\/api.w.org\/{rel}","templated":true}]}}