{"id":58,"date":"2017-12-17T23:30:00","date_gmt":"2017-12-17T22:30:00","guid":{"rendered":""},"modified":"2018-04-22T11:37:08","modified_gmt":"2018-04-22T09:37:08","slug":"critique-disney-sur-glace-le-voyage-imaginaire","status":"publish","type":"post","link":"https:\/\/annaetmatteo.com\/blog\/critique-disney-sur-glace-le-voyage-imaginaire\/","title":{"rendered":"Critique : Disney sur Glace &#8211; Le Voyage imaginaire"},"content":{"rendered":"<h2 style=\"text-align: left;\">Nous nous sommes rendu au Zenith de Paris entre m\u00e8re et fille pour d\u00e9couvrir le spectacle Disney sur Glace &#8211; Le Voyage imaginaire. Les petits ont visiblement ador\u00e9, et voici notre avis \u00e0 t\u00eate repos\u00e9e.<\/h2>\n<p><!--more--><\/p>\n<div style=\"margin-bottom: 0cm; text-align: left;\">Voil\u00e0 maintenant trois ans que ma fille et moi-m\u00eame nous allons voir le spectacle de Disney sur glace.<\/div>\n<div style=\"margin-bottom: 0cm; text-align: left;\"><\/div>\n<div style=\"margin-bottom: 0cm; text-align: left;\">Un tr\u00e8s beau spectacle pour petits et grands. Nous vous conseillons d&rsquo;y emmener vos enfants \u00e0 partir de 4 ans. Plus jeune, vous pouvez tester mais l\u2019an dernier notre fils de 2 ans et demi ne tenait pas en place et pleurnichait sans cesse. La premi\u00e8re fois, quand notre a\u00een\u00e9e n\u2019avait que 3 ans et demi, elle s&rsquo;\u00e9tait tr\u00e8s bien comport\u00e9e. Il n&rsquo;y a donc pas de r\u00e8gle. Mais pour qu&rsquo;il profite pleinement du spectacle, 4 ans nous semblent \u00eatre le bon \u00e2ge.<\/div>\n<div style=\"margin-bottom: 0cm; text-align: left;\"><\/div>\n<div style=\"margin-bottom: 0cm; text-align: left;\"><b>Vendredi 15 d\u00e9cembre 2017<\/b>, nous sommes donc allez au <b>Z\u00e9nith<\/b> <b>de Paris<\/b>, pour assister au spectacle de cette fin d\u2019ann\u00e9e intitul\u00e9 <b><i>Le voyage imaginaire<\/i><\/b>.<\/div>\n<div style=\"margin-bottom: 0cm; text-align: left;\">\n<p>&nbsp;<\/p>\n<div style=\"clear: both; text-align: center;\"><iframe loading=\"lazy\" src=\"https:\/\/www.youtube.com\/embed\/b4nY5uCfvnw?feature=player_embedded\" width=\"320\" height=\"266\" frameborder=\"0\" allowfullscreen=\"allowfullscreen\" data-thumbnail-src=\"https:\/\/i.ytimg.com\/vi\/b4nY5uCfvnw\/0.jpg\"><\/iframe><\/div>\n<p>&nbsp;<\/p>\n<\/div>\n<h3 style=\"margin-bottom: 0cm; text-align: left;\">Invasion de produits d\u00e9riv\u00e9s<\/h3>\n<div style=\"margin-bottom: 0cm; text-align: left;\"><\/div>\n<div style=\"margin-bottom: 0cm; text-align: left;\">Apr\u00e8s avoir franchi la s\u00e9curit\u00e9 (plan Vigipirate oblige), nous devons passer d&rsquo;envahissants stands de produits d\u00e9riv\u00e9s Disney qui ne sont l\u00e0 que pour app\u00e2ter vos enfants. Les prix pratiqu\u00e9s sont totalement d\u00e9raisonnables. Une boisson\u00a0? 8 euros\u00a0! Pr\u00e9voyez donc votre ravitaillement&#8230; Une fois bien assises, nous avons une tr\u00e8s bonne vue du spectacle &#8211; qui ne commence que tr\u00e8s rarement \u00e0 l&rsquo;heure.<\/div>\n<div style=\"margin-bottom: 0cm; text-align: left;\"><\/div>\n<div style=\"margin-bottom: 0cm; text-align: left;\">Les lumi\u00e8res \u00e9teintes, nous retrouvons tous les h\u00e9ros Disney pour le plus grand plaisir des enfants.<\/div>\n<div style=\"margin-bottom: 0cm; text-align: left;\">Le spectacle est pr\u00e9sent\u00e9 par Mickey, Minnie et tous leurs amis : Dingo, Donald et Daisy. Ils partent en voyage \u00e0 travers le monde afin de rencontrer leurs amis et vivre mille et une aventures.<\/div>\n<div style=\"margin-bottom: 0cm; text-align: left;\"><\/div>\n<div style=\"margin-bottom: 0cm; text-align: left;\">Plus de 50 personnages foulent tour \u00e0 tour la glace du Z\u00e9nith avec des chor\u00e9graphies plus belles les unes que les autres. Le Monde des Petits, Le Roi Lion, un (trop) long passage sur Peter Pan, le Capitaine Crochet, le gros crocodile et la F\u00e9e Clochette. Cette derni\u00e8re partie m\u2019a paru en-de\u00e7\u00e0 du reste. D\u2019ailleurs, ma fille s\u2019est assoupie&#8230; Apr\u00e8s un entracte de 15 minutes, nous nous replongeons sans probl\u00e8me dans la f\u00e9erie de Disney avec Ariel, la petite sir\u00e8ne, et le clou du spectacle pour tous les enfants qui n&rsquo;attendaient qu&rsquo;elle : la Reine des Neiges.<\/div>\n<div style=\"margin-bottom: 0cm; text-align: left;\">\n<p>&nbsp;<\/p>\n<div style=\"clear: both; text-align: center;\"><iframe loading=\"lazy\" src=\"https:\/\/www.youtube.com\/embed\/0f3fanjxGSw?feature=player_embedded\" width=\"320\" height=\"266\" frameborder=\"0\" allowfullscreen=\"allowfullscreen\" data-thumbnail-src=\"https:\/\/i.ytimg.com\/vi\/0f3fanjxGSw\/0.jpg\"><\/iframe><\/div>\n<p>&nbsp;<\/p>\n<\/div>\n<h3 style=\"margin-bottom: 0cm; text-align: left;\">Le carton de la Reine des Neiges<\/h3>\n<div style=\"margin-bottom: 0cm; text-align: left;\"><\/div>\n<div style=\"margin-bottom: 0cm; text-align: left;\">On sent que la production \u00e0 garder le meilleur &#8211; du moins le plus populaire &#8211; pour la fin. Tous les enfants ont commenc\u00e9 \u00e0 s&rsquo;agiter, on voyait les sourire sur tous les visages et les jouets lumineux achet\u00e9s ch\u00e8rement aux stands brillaient de milles feux dans toute la salle. Le final retrace, en un peu plus de vingt minutes, les principales sc\u00e8nes du film : L&rsquo;ouverture du ch\u00e2teau au public avec la chanson \u00ab\u00a0<b>Le renouveau<\/b>\u00ab\u00a0, \u00a0\u00ab\u00a0<b>Je voudrais un bonhomme de neige<\/b>\u00ab\u00a0. L&rsquo;arriv\u00e9e d&rsquo;Elsa provoque chez les enfants, qui \u00e9taient d\u00e9j\u00e0 bien enjou\u00e9s, une petite hyst\u00e9rie. Ils se mettent tous \u00e0 crier son pr\u00e9nom ou\u00a0: \u00ab\u00a0C&rsquo;est la Reine des neiges maman\u00a0!\u00a0\u00bb<\/div>\n<div style=\"margin-bottom: 0cm; text-align: left;\"><\/div>\n<div style=\"margin-bottom: 0cm; text-align: left;\">La rencontre d&rsquo;Anna et le Prince Hans des Iles du Sud suit avec la chanson \u00ab\u00a0<b>L&rsquo;amour est un cadeau<\/b>\u00ab\u00a0.<\/div>\n<div style=\"margin-bottom: 0cm; text-align: left;\"><\/div>\n<div style=\"margin-bottom: 0cm; text-align: left;\"><a style=\"clear: left; float: left; margin-bottom: 1em; margin-right: 1em;\" href=\"https:\/\/annaetmatteo.com\/blog\/wp-content\/uploads\/2017\/12\/disney-sur-glace-un-spectacle-evenement-2018-pour-toute-la-famille.jpg\"><img loading=\"lazy\" title=\"\" src=\"https:\/\/annaetmatteo.com\/blog\/wp-content\/uploads\/2017\/12\/disney-sur-glace-un-spectacle-evenement-2018-pour-toute-la-famille-200x300.jpg\" alt=\"Disney sur glace Crois en tes r\u00eaves 2018\" width=\"212\" height=\"320\" border=\"0\" data-original-height=\"538\" data-original-width=\"359\" \/><\/a>La fuite de la Reine des Neiges avec sa chanson maintenant devenue mythique : \u00ab\u00a0<b>Lib\u00e9r\u00e9e, d\u00e9livr\u00e9e<\/b>\u00a0\u00bb d\u00e9clenche chants et applaudissements. Il faut dire que Disney avait bien pr\u00e9par\u00e9 son final, comme toujours, avec d\u2019\u00e9blouissant effets lumineux. La rencontre avec Olaf, est \u00e9galement tr\u00e8s appr\u00e9ci\u00e9e par les enfants, quand il entonne sa chanson \u00ab\u00a0<b>En \u00e9t\u00e9<\/b>\u00ab\u00a0. Succ\u00e8de un final avec tous les personnages sur, \u00e0 nouveau, le refrain de \u00ab\u00a0<b>Lib\u00e9r\u00e9e, d\u00e9livr\u00e9e<\/b>\u00a0\u00bb avec tous les personnages du spectacle.<\/div>\n<div style=\"margin-bottom: 0cm; text-align: left;\"><\/div>\n<div style=\"margin-bottom: 0cm; text-align: left;\">Disney sur Glace <b><i>Le voyage imaginaire<\/i><\/b> constitue un tr\u00e8s beau spectacle \u00e0 voir en famille. Tr\u00e8s agr\u00e9able pour les adultes aussi, j&rsquo;ai vraiment appr\u00e9ci\u00e9 et chaque ann\u00e9e je ne suis pas d\u00e9\u00e7ue. Ma fille, bien s\u00fbr, en redemande.<\/div>\n<div style=\"margin-bottom: 0cm; text-align: left;\"><\/div>\n<div style=\"margin-bottom: 0cm; text-align: left;\">Pour le prix des places, comptez entre <b>25,50 \u20ac et 62,90 \u20ac<\/b> en fonction de la cat\u00e9gorie. Il faut savoir qu\u2019il existe chaque ann\u00e9e une offre de fid\u00e9lisation tr\u00e8s int\u00e9ressante. Lorsque vous assistez \u00e0 une repr\u00e9sentation, un livret vous attend sur votre si\u00e8ge pour avoir vos prochaines places pour le prochain spectacle \u00e0 <b>18 euros seulement ! <\/b>Un prix tr\u00e8s attractif accessible uniquement <u>pendant 48 h<\/u> en vous rendent sur le site de la production indiqu\u00e9 dans le livret.<\/div>\n<div style=\"margin-bottom: 0cm; text-align: left;\"><\/div>\n<div style=\"clear: both; text-align: left;\"><iframe loading=\"lazy\" src=\"https:\/\/www.youtube.com\/embed\/sJJvV3355OQ?feature=player_embedded\" width=\"320\" height=\"266\" frameborder=\"0\" allowfullscreen=\"allowfullscreen\" data-thumbnail-src=\"https:\/\/i.ytimg.com\/vi\/sJJvV3355OQ\/0.jpg\"><\/iframe><\/div>\n<h3 style=\"margin-bottom: 0cm; text-align: left;\"><\/h3>\n<h3 style=\"margin-bottom: 0cm; text-align: left;\">Les dates de la tourn\u00e9e<\/h3>\n<div style=\"margin-bottom: 0cm; text-align: left;\"><\/div>\n<div style=\"margin-bottom: 0cm; text-align: left;\">Vous pouvez encore voir le spectacle dans les villes suivantes :<\/div>\n<div style=\"margin-bottom: 0cm; text-align: left;\"><\/div>\n<div style=\"margin-bottom: 0cm; text-align: left;\">&#8211; Du 5 au 7 janvier 2018, Marseille d\u00f4me<\/div>\n<div style=\"margin-bottom: 0cm; text-align: left;\">&#8211; Du 10 au 14 janvier 2018, Lyon halle Tony Garnier<\/div>\n<div style=\"margin-bottom: 0cm; text-align: left;\">&#8211; Du 16 au 17 janvier 2018, Montpellier z\u00e9nith<\/div>\n<div style=\"margin-bottom: 0cm; text-align: left;\">&#8211; Du 19 au 21 janvier 2018, Gen\u00e8ve Ar\u00e9na de Gen\u00e8ve<\/div>\n<div style=\"margin-bottom: 0cm; text-align: left;\">&#8211; Du 23 au 24 janvier 2018, Nice palais de Nika\u00efa<\/div>\n<div style=\"margin-bottom: 0cm; text-align: left;\">&#8211; Du 26 au 28 janvier 2018, Toulouse z\u00e9nith<\/div>\n<div style=\"margin-bottom: 0cm; text-align: left;\">&#8211; Du 30 au 31 janvier 2018, Amn\u00e9ville Galaxie<\/div>\n<div style=\"margin-bottom: 0cm; text-align: left;\"><\/div>\n<div style=\"margin-bottom: 0cm; text-align: left;\">Et pour le prochain spectacle, qui s&rsquo;intitulera <b><i>Crois en tes r\u00eaves<\/i><\/b>, nous n&rsquo;avons pour l&rsquo;instant que les dates du Z\u00e9nith de Paris : <b>du 12 au 23 d\u00e9cembre 2018<\/b>.<\/div>\n<div style=\"margin-bottom: 0cm; text-align: left;\"><\/div>\n<div style=\"margin-bottom: 0cm; text-align: left;\">Billets disponibles sur : monticket.com et Disneysurglace.fr<\/div>\n<div style=\"margin-bottom: 0cm; text-align: left;\"><\/div>\n<div style=\"margin-bottom: 0cm; text-align: left;\">\n<p>N&rsquo;h\u00e9sitez pas \u00e0 partager nos vid\u00e9os sur les r\u00e9seaux sociaux\u00a0: filmer et diffuser le spectacle est autoris\u00e9. Nous esp\u00e9rons qu&rsquo;elles vous donneront un bon aper\u00e7u du spectacle.<\/p>\n<div style=\"clear: both; text-align: center;\"><iframe loading=\"lazy\" src=\"https:\/\/www.youtube.com\/embed\/IHKSghU2-vo?feature=player_embedded\" width=\"320\" height=\"266\" frameborder=\"0\" allowfullscreen=\"allowfullscreen\" data-thumbnail-src=\"https:\/\/i.ytimg.com\/vi\/IHKSghU2-vo\/0.jpg\"><\/iframe><\/div>\n<\/div>\n","protected":false},"excerpt":{"rendered":"<p>Nous nous sommes rendu au Zenith de Paris entre m\u00e8re et fille pour d\u00e9couvrir le spectacle Disney sur Glace &#8211; Le Voyage imaginaire. Les petits ont visiblement ador\u00e9, et voici notre avis \u00e0 t\u00eate repos\u00e9e.<\/p>\n","protected":false},"author":1,"featured_media":90,"comment_status":"open","ping_status":"open","sticky":false,"template":"","format":"standard","meta":[],"categories":[1],"tags":[],"yoast_head":"<!-- This site is optimized with the Yoast SEO plugin v18.0 - https:\/\/yoast.com\/wordpress\/plugins\/seo\/ -->\n<title>Critique : Disney sur Glace - Le Voyage imaginaire - Blog du Monde d&#039;Anna et Matteo<\/title>\n<meta name=\"robots\" content=\"index, follow, max-snippet:-1, max-image-preview:large, max-video-preview:-1\" \/>\n<link rel=\"canonical\" href=\"https:\/\/annaetmatteo.com\/blog\/critique-disney-sur-glace-le-voyage-imaginaire\/\" \/>\n<meta property=\"og:locale\" content=\"fr_FR\" \/>\n<meta property=\"og:type\" content=\"article\" \/>\n<meta property=\"og:title\" content=\"Critique : Disney sur Glace - Le Voyage imaginaire - Blog du Monde d&#039;Anna et Matteo\" \/>\n<meta property=\"og:description\" content=\"Nous nous sommes rendu au Zenith de Paris entre m\u00e8re et fille pour d\u00e9couvrir le spectacle Disney sur Glace &#8211; Le Voyage imaginaire. Les petits ont visiblement ador\u00e9, et voici notre avis \u00e0 t\u00eate repos\u00e9e.\" \/>\n<meta property=\"og:url\" content=\"https:\/\/annaetmatteo.com\/blog\/critique-disney-sur-glace-le-voyage-imaginaire\/\" \/>\n<meta property=\"og:site_name\" content=\"Blog du Monde d&#039;Anna et Matteo\" \/>\n<meta property=\"article:publisher\" content=\"https:\/\/www.facebook.com\/AnnaEtMatteo\/\" \/>\n<meta property=\"article:author\" content=\"https:\/\/www.facebook.com\/AnnaEtMatteo\/\" \/>\n<meta property=\"article:published_time\" content=\"2017-12-17T22:30:00+00:00\" \/>\n<meta property=\"article:modified_time\" content=\"2018-04-22T09:37:08+00:00\" \/>\n<meta property=\"og:image\" content=\"https:\/\/annaetmatteo.com\/blog\/wp-content\/uploads\/2017\/12\/disney-2Bzenith.jpg\" \/>\n\t<meta property=\"og:image:width\" content=\"1024\" \/>\n\t<meta property=\"og:image:height\" content=\"576\" \/>\n\t<meta property=\"og:image:type\" content=\"image\/jpeg\" \/>\n<meta name=\"twitter:card\" content=\"summary_large_image\" \/>\n<meta name=\"twitter:creator\" content=\"@AnnaEtMatteo\" \/>\n<meta name=\"twitter:site\" content=\"@AnnaEtMatteo\" \/>\n<meta name=\"twitter:label1\" content=\"\u00c9crit par\" \/>\n\t<meta name=\"twitter:data1\" content=\"M\u00e9lanie &amp; Arnaud | Le Monde d'Anna et Matteo\" \/>\n\t<meta name=\"twitter:label2\" content=\"Dur\u00e9e de lecture estim\u00e9e\" \/>\n\t<meta name=\"twitter:data2\" content=\"4 minutes\" \/>\n<script type=\"application\/ld+json\" class=\"yoast-schema-graph\">{\"@context\":\"https:\/\/schema.org\",\"@graph\":[{\"@type\":\"Organization\",\"@id\":\"https:\/\/annaetmatteo.com\/blog\/#organization\",\"name\":\"Le Monde d'Anna et Matteo\",\"url\":\"https:\/\/annaetmatteo.com\/blog\/\",\"sameAs\":[\"https:\/\/www.facebook.com\/AnnaEtMatteo\/\",\"https:\/\/www.instagram.com\/annaetmatteo\/\",\"https:\/\/www.youtube.com\/channel\/UCSce5n3L_8dmB8yTwbXnCwA\/f\",\"https:\/\/www.pinterest.fr\/AnnaEtMatteo\/\",\"https:\/\/twitter.com\/AnnaEtMatteo\"],\"logo\":{\"@type\":\"ImageObject\",\"@id\":\"https:\/\/annaetmatteo.com\/blog\/#logo\",\"inLanguage\":\"fr-FR\",\"url\":\"https:\/\/annaetmatteo.com\/blog\/wp-content\/uploads\/2018\/04\/rbU69AmF_400x400-1.jpg\",\"contentUrl\":\"https:\/\/annaetmatteo.com\/blog\/wp-content\/uploads\/2018\/04\/rbU69AmF_400x400-1.jpg\",\"width\":240,\"height\":240,\"caption\":\"Le Monde d'Anna et Matteo\"},\"image\":{\"@id\":\"https:\/\/annaetmatteo.com\/blog\/#logo\"}},{\"@type\":\"WebSite\",\"@id\":\"https:\/\/annaetmatteo.com\/blog\/#website\",\"url\":\"https:\/\/annaetmatteo.com\/blog\/\",\"name\":\"Blog du Monde d&#039;Anna et Matteo\",\"description\":\"\",\"publisher\":{\"@id\":\"https:\/\/annaetmatteo.com\/blog\/#organization\"},\"potentialAction\":[{\"@type\":\"SearchAction\",\"target\":{\"@type\":\"EntryPoint\",\"urlTemplate\":\"https:\/\/annaetmatteo.com\/blog\/?s={search_term_string}\"},\"query-input\":\"required name=search_term_string\"}],\"inLanguage\":\"fr-FR\"},{\"@type\":\"ImageObject\",\"@id\":\"https:\/\/annaetmatteo.com\/blog\/critique-disney-sur-glace-le-voyage-imaginaire\/#primaryimage\",\"inLanguage\":\"fr-FR\",\"url\":\"https:\/\/annaetmatteo.com\/blog\/wp-content\/uploads\/2017\/12\/disney-2Bzenith.jpg\",\"contentUrl\":\"https:\/\/annaetmatteo.com\/blog\/wp-content\/uploads\/2017\/12\/disney-2Bzenith.jpg\",\"width\":1024,\"height\":576},{\"@type\":\"WebPage\",\"@id\":\"https:\/\/annaetmatteo.com\/blog\/critique-disney-sur-glace-le-voyage-imaginaire\/#webpage\",\"url\":\"https:\/\/annaetmatteo.com\/blog\/critique-disney-sur-glace-le-voyage-imaginaire\/\",\"name\":\"Critique : Disney sur Glace - Le Voyage imaginaire - Blog du Monde d&#039;Anna et Matteo\",\"isPartOf\":{\"@id\":\"https:\/\/annaetmatteo.com\/blog\/#website\"},\"primaryImageOfPage\":{\"@id\":\"https:\/\/annaetmatteo.com\/blog\/critique-disney-sur-glace-le-voyage-imaginaire\/#primaryimage\"},\"datePublished\":\"2017-12-17T22:30:00+00:00\",\"dateModified\":\"2018-04-22T09:37:08+00:00\",\"breadcrumb\":{\"@id\":\"https:\/\/annaetmatteo.com\/blog\/critique-disney-sur-glace-le-voyage-imaginaire\/#breadcrumb\"},\"inLanguage\":\"fr-FR\",\"potentialAction\":[{\"@type\":\"ReadAction\",\"target\":[\"https:\/\/annaetmatteo.com\/blog\/critique-disney-sur-glace-le-voyage-imaginaire\/\"]}]},{\"@type\":\"BreadcrumbList\",\"@id\":\"https:\/\/annaetmatteo.com\/blog\/critique-disney-sur-glace-le-voyage-imaginaire\/#breadcrumb\",\"itemListElement\":[{\"@type\":\"ListItem\",\"position\":1,\"name\":\"Accueil\",\"item\":\"https:\/\/annaetmatteo.com\/blog\/\"},{\"@type\":\"ListItem\",\"position\":2,\"name\":\"Critique : Disney sur Glace &#8211; Le Voyage imaginaire\"}]},{\"@type\":\"Article\",\"@id\":\"https:\/\/annaetmatteo.com\/blog\/critique-disney-sur-glace-le-voyage-imaginaire\/#article\",\"isPartOf\":{\"@id\":\"https:\/\/annaetmatteo.com\/blog\/critique-disney-sur-glace-le-voyage-imaginaire\/#webpage\"},\"author\":{\"@id\":\"https:\/\/annaetmatteo.com\/blog\/#\/schema\/person\/324a22a04fc2477c15496ba8213c7eab\"},\"headline\":\"Critique : Disney sur Glace &#8211; Le Voyage imaginaire\",\"datePublished\":\"2017-12-17T22:30:00+00:00\",\"dateModified\":\"2018-04-22T09:37:08+00:00\",\"mainEntityOfPage\":{\"@id\":\"https:\/\/annaetmatteo.com\/blog\/critique-disney-sur-glace-le-voyage-imaginaire\/#webpage\"},\"wordCount\":906,\"commentCount\":0,\"publisher\":{\"@id\":\"https:\/\/annaetmatteo.com\/blog\/#organization\"},\"image\":{\"@id\":\"https:\/\/annaetmatteo.com\/blog\/critique-disney-sur-glace-le-voyage-imaginaire\/#primaryimage\"},\"thumbnailUrl\":\"https:\/\/annaetmatteo.com\/blog\/wp-content\/uploads\/2017\/12\/disney-2Bzenith.jpg\",\"inLanguage\":\"fr-FR\",\"potentialAction\":[{\"@type\":\"CommentAction\",\"name\":\"Comment\",\"target\":[\"https:\/\/annaetmatteo.com\/blog\/critique-disney-sur-glace-le-voyage-imaginaire\/#respond\"]}]},{\"@type\":\"Person\",\"@id\":\"https:\/\/annaetmatteo.com\/blog\/#\/schema\/person\/324a22a04fc2477c15496ba8213c7eab\",\"name\":\"M\u00e9lanie &amp; Arnaud | Le Monde d'Anna et Matteo\",\"image\":{\"@type\":\"ImageObject\",\"@id\":\"https:\/\/annaetmatteo.com\/blog\/#personlogo\",\"inLanguage\":\"fr-FR\",\"url\":\"https:\/\/secure.gravatar.com\/avatar\/3c48cff264353bcb37bf9b52c1b769e7?s=96&d=mm&r=g\",\"contentUrl\":\"https:\/\/secure.gravatar.com\/avatar\/3c48cff264353bcb37bf9b52c1b769e7?s=96&d=mm&r=g\",\"caption\":\"M\u00e9lanie &amp; Arnaud | Le Monde d'Anna et Matteo\"},\"sameAs\":[\"https:\/\/annaetmatteo.com\",\"https:\/\/www.facebook.com\/AnnaEtMatteo\/\",\"https:\/\/twitter.com\/AnnaEtMatteo\"]}]}<\/script>\n<!-- \/ Yoast SEO plugin. -->","yoast_head_json":{"title":"Critique : Disney sur Glace - Le Voyage imaginaire - Blog du Monde d&#039;Anna et Matteo","robots":{"index":"index","follow":"follow","max-snippet":"max-snippet:-1","max-image-preview":"max-image-preview:large","max-video-preview":"max-video-preview:-1"},"canonical":"https:\/\/annaetmatteo.com\/blog\/critique-disney-sur-glace-le-voyage-imaginaire\/","og_locale":"fr_FR","og_type":"article","og_title":"Critique : Disney sur Glace - Le Voyage imaginaire - Blog du Monde d&#039;Anna et Matteo","og_description":"Nous nous sommes rendu au Zenith de Paris entre m\u00e8re et fille pour d\u00e9couvrir le spectacle Disney sur Glace &#8211; Le Voyage imaginaire. Les petits ont visiblement ador\u00e9, et voici notre avis \u00e0 t\u00eate repos\u00e9e.","og_url":"https:\/\/annaetmatteo.com\/blog\/critique-disney-sur-glace-le-voyage-imaginaire\/","og_site_name":"Blog du Monde d&#039;Anna et Matteo","article_publisher":"https:\/\/www.facebook.com\/AnnaEtMatteo\/","article_author":"https:\/\/www.facebook.com\/AnnaEtMatteo\/","article_published_time":"2017-12-17T22:30:00+00:00","article_modified_time":"2018-04-22T09:37:08+00:00","og_image":[{"width":1024,"height":576,"url":"https:\/\/annaetmatteo.com\/blog\/wp-content\/uploads\/2017\/12\/disney-2Bzenith.jpg","type":"image\/jpeg"}],"twitter_card":"summary_large_image","twitter_creator":"@AnnaEtMatteo","twitter_site":"@AnnaEtMatteo","twitter_misc":{"\u00c9crit par":"M\u00e9lanie &amp; Arnaud | Le Monde d'Anna et Matteo","Dur\u00e9e de lecture estim\u00e9e":"4 minutes"},"schema":{"@context":"https:\/\/schema.org","@graph":[{"@type":"Organization","@id":"https:\/\/annaetmatteo.com\/blog\/#organization","name":"Le Monde d'Anna et Matteo","url":"https:\/\/annaetmatteo.com\/blog\/","sameAs":["https:\/\/www.facebook.com\/AnnaEtMatteo\/","https:\/\/www.instagram.com\/annaetmatteo\/","https:\/\/www.youtube.com\/channel\/UCSce5n3L_8dmB8yTwbXnCwA\/f","https:\/\/www.pinterest.fr\/AnnaEtMatteo\/","https:\/\/twitter.com\/AnnaEtMatteo"],"logo":{"@type":"ImageObject","@id":"https:\/\/annaetmatteo.com\/blog\/#logo","inLanguage":"fr-FR","url":"https:\/\/annaetmatteo.com\/blog\/wp-content\/uploads\/2018\/04\/rbU69AmF_400x400-1.jpg","contentUrl":"https:\/\/annaetmatteo.com\/blog\/wp-content\/uploads\/2018\/04\/rbU69AmF_400x400-1.jpg","width":240,"height":240,"caption":"Le Monde d'Anna et Matteo"},"image":{"@id":"https:\/\/annaetmatteo.com\/blog\/#logo"}},{"@type":"WebSite","@id":"https:\/\/annaetmatteo.com\/blog\/#website","url":"https:\/\/annaetmatteo.com\/blog\/","name":"Blog du Monde d&#039;Anna et Matteo","description":"","publisher":{"@id":"https:\/\/annaetmatteo.com\/blog\/#organization"},"potentialAction":[{"@type":"SearchAction","target":{"@type":"EntryPoint","urlTemplate":"https:\/\/annaetmatteo.com\/blog\/?s={search_term_string}"},"query-input":"required name=search_term_string"}],"inLanguage":"fr-FR"},{"@type":"ImageObject","@id":"https:\/\/annaetmatteo.com\/blog\/critique-disney-sur-glace-le-voyage-imaginaire\/#primaryimage","inLanguage":"fr-FR","url":"https:\/\/annaetmatteo.com\/blog\/wp-content\/uploads\/2017\/12\/disney-2Bzenith.jpg","contentUrl":"https:\/\/annaetmatteo.com\/blog\/wp-content\/uploads\/2017\/12\/disney-2Bzenith.jpg","width":1024,"height":576},{"@type":"WebPage","@id":"https:\/\/annaetmatteo.com\/blog\/critique-disney-sur-glace-le-voyage-imaginaire\/#webpage","url":"https:\/\/annaetmatteo.com\/blog\/critique-disney-sur-glace-le-voyage-imaginaire\/","name":"Critique : Disney sur Glace - Le Voyage imaginaire - Blog du Monde d&#039;Anna et Matteo","isPartOf":{"@id":"https:\/\/annaetmatteo.com\/blog\/#website"},"primaryImageOfPage":{"@id":"https:\/\/annaetmatteo.com\/blog\/critique-disney-sur-glace-le-voyage-imaginaire\/#primaryimage"},"datePublished":"2017-12-17T22:30:00+00:00","dateModified":"2018-04-22T09:37:08+00:00","breadcrumb":{"@id":"https:\/\/annaetmatteo.com\/blog\/critique-disney-sur-glace-le-voyage-imaginaire\/#breadcrumb"},"inLanguage":"fr-FR","potentialAction":[{"@type":"ReadAction","target":["https:\/\/annaetmatteo.com\/blog\/critique-disney-sur-glace-le-voyage-imaginaire\/"]}]},{"@type":"BreadcrumbList","@id":"https:\/\/annaetmatteo.com\/blog\/critique-disney-sur-glace-le-voyage-imaginaire\/#breadcrumb","itemListElement":[{"@type":"ListItem","position":1,"name":"Accueil","item":"https:\/\/annaetmatteo.com\/blog\/"},{"@type":"ListItem","position":2,"name":"Critique : Disney sur Glace &#8211; Le Voyage imaginaire"}]},{"@type":"Article","@id":"https:\/\/annaetmatteo.com\/blog\/critique-disney-sur-glace-le-voyage-imaginaire\/#article","isPartOf":{"@id":"https:\/\/annaetmatteo.com\/blog\/critique-disney-sur-glace-le-voyage-imaginaire\/#webpage"},"author":{"@id":"https:\/\/annaetmatteo.com\/blog\/#\/schema\/person\/324a22a04fc2477c15496ba8213c7eab"},"headline":"Critique : Disney sur Glace &#8211; Le Voyage imaginaire","datePublished":"2017-12-17T22:30:00+00:00","dateModified":"2018-04-22T09:37:08+00:00","mainEntityOfPage":{"@id":"https:\/\/annaetmatteo.com\/blog\/critique-disney-sur-glace-le-voyage-imaginaire\/#webpage"},"wordCount":906,"commentCount":0,"publisher":{"@id":"https:\/\/annaetmatteo.com\/blog\/#organization"},"image":{"@id":"https:\/\/annaetmatteo.com\/blog\/critique-disney-sur-glace-le-voyage-imaginaire\/#primaryimage"},"thumbnailUrl":"https:\/\/annaetmatteo.com\/blog\/wp-content\/uploads\/2017\/12\/disney-2Bzenith.jpg","inLanguage":"fr-FR","potentialAction":[{"@type":"CommentAction","name":"Comment","target":["https:\/\/annaetmatteo.com\/blog\/critique-disney-sur-glace-le-voyage-imaginaire\/#respond"]}]},{"@type":"Person","@id":"https:\/\/annaetmatteo.com\/blog\/#\/schema\/person\/324a22a04fc2477c15496ba8213c7eab","name":"M\u00e9lanie &amp; Arnaud | Le Monde d'Anna et Matteo","image":{"@type":"ImageObject","@id":"https:\/\/annaetmatteo.com\/blog\/#personlogo","inLanguage":"fr-FR","url":"https:\/\/secure.gravatar.com\/avatar\/3c48cff264353bcb37bf9b52c1b769e7?s=96&d=mm&r=g","contentUrl":"https:\/\/secure.gravatar.com\/avatar\/3c48cff264353bcb37bf9b52c1b769e7?s=96&d=mm&r=g","caption":"M\u00e9lanie &amp; Arnaud | Le Monde d'Anna et Matteo"},"sameAs":["https:\/\/annaetmatteo.com","https:\/\/www.facebook.com\/AnnaEtMatteo\/","https:\/\/twitter.com\/AnnaEtMatteo"]}]}},"_links":{"self":[{"href":"https:\/\/annaetmatteo.com\/blog\/wp-json\/wp\/v2\/posts\/58"}],"collection":[{"href":"https:\/\/annaetmatteo.com\/blog\/wp-json\/wp\/v2\/posts"}],"about":[{"href":"https:\/\/annaetmatteo.com\/blog\/wp-json\/wp\/v2\/types\/post"}],"author":[{"embeddable":true,"href":"https:\/\/annaetmatteo.com\/blog\/wp-json\/wp\/v2\/users\/1"}],"replies":[{"embeddable":true,"href":"https:\/\/annaetmatteo.com\/blog\/wp-json\/wp\/v2\/comments?post=58"}],"version-history":[{"count":7,"href":"https:\/\/annaetmatteo.com\/blog\/wp-json\/wp\/v2\/posts\/58\/revisions"}],"predecessor-version":[{"id":196,"href":"https:\/\/annaetmatteo.com\/blog\/wp-json\/wp\/v2\/posts\/58\/revisions\/196"}],"wp:featuredmedia":[{"embeddable":true,"href":"https:\/\/annaetmatteo.com\/blog\/wp-json\/wp\/v2\/media\/90"}],"wp:attachment":[{"href":"https:\/\/annaetmatteo.com\/blog\/wp-json\/wp\/v2\/media?parent=58"}],"wp:term":[{"taxonomy":"category","embeddable":true,"href":"https:\/\/annaetmatteo.com\/blog\/wp-json\/wp\/v2\/categories?post=58"},{"taxonomy":"post_tag","embeddable":true,"href":"https:\/\/annaetmatteo.com\/blog\/wp-json\/wp\/v2\/tags?post=58"}],"curies":[{"name":"wp","href":"https:\/\/api.w.org\/{rel}","templated":true}]}}