{"id":53,"date":"2018-03-31T19:20:00","date_gmt":"2018-03-31T17:20:00","guid":{"rendered":""},"modified":"2018-04-22T00:30:28","modified_gmt":"2018-04-21T22:30:28","slug":"gros-plan-sur-les-normes-de-securite","status":"publish","type":"post","link":"https:\/\/annaetmatteo.com\/blog\/gros-plan-sur-les-normes-de-securite\/","title":{"rendered":"Gros plan sur la s\u00e9curit\u00e9 de b\u00e9b\u00e9"},"content":{"rendered":"<h2 style=\"text-align: left;\">La s\u00e9curit\u00e9 de b\u00e9b\u00e9 est importante. Nous avons donc d\u00e9cid\u00e9 de vous expliquer certaines normes utilis\u00e9es par Le Monde d&rsquo;Anna et Matteo pour ses produits. En particulier, les attaches-t\u00e9tines, attaches-doudous et anneaux de dentition sont concern\u00e9s.<\/h2>\n<div style=\"clear: both; text-align: left;\"><\/div>\n<p><!--more--><\/p>\n<div style=\"text-align: left;\"><\/div>\n<div style=\"text-align: left;\">Quand on est parent, il est naturel de s\u2019inqui\u00e9ter pour la sant\u00e9 de ses enfants. Notamment, pour un b\u00e9b\u00e9 qui met \u00e0 la bouche, on veut toujours savoir si c&rsquo;est sans danger. Nous avons donc choisi de vous expliquer comment et pourquoi nous avons choisi les mat\u00e9riaux employ\u00e9s dans notre atelier.<\/div>\n<div style=\"text-align: left;\"><\/div>\n<h3 style=\"text-align: left;\">Eviter l&rsquo;asphyxie<\/h3>\n<div style=\"text-align: left;\">Dans le cas des <a href=\"https:\/\/annaetmatteo.com\/29-attache-tetines\" target=\"_blank\" rel=\"noopener\"><span style=\"color: blue;\">attaches-t\u00e9tines<\/span><\/a> \/ <span style=\"color: blue;\"><a href=\"https:\/\/annaetmatteo.com\/30-attache-doudous\" target=\"_blank\" rel=\"noopener\">attaches-doudous<\/a>\u00a0\/ <a href=\"https:\/\/annaetmatteo.com\/31-anneaux-de-dentition\" target=\"_blank\" rel=\"noopener\">anneaux de dentition<\/a><\/span>\u00a0propos\u00e9s dans la boutique du Monde d&rsquo;Anna et Matteo, tout commence par le choix de la pince d&rsquo;accroche au v\u00eatement. Celle-ci dispose de trois trous de ventilation. Leur r\u00f4le est simple : m\u00eame si b\u00e9b\u00e9 venait \u00e0 se coincer l&rsquo;attache dans la bouche, le flux d&rsquo;air vers les poumons ne seraient pas interrompu.<\/div>\n<div style=\"text-align: left;\"><\/div>\n<div style=\"text-align: left;\">\n<p>Outre le risque de mort par asphyxie, un manque d&rsquo;oxyg\u00e8ne peut conduire \u00e0 des dommages c\u00e9r\u00e9braux importants. Cette s\u00e9curit\u00e9 est l\u00e0 pour faire en sorte que cela n&rsquo;arrive pas !<\/p>\n<div style=\"clear: both; text-align: center;\"><\/div>\n<p>&nbsp;<\/p>\n<div style=\"clear: both; text-align: center;\"><a style=\"margin-left: 1em; margin-right: 1em;\" href=\"https:\/\/annaetmatteo.com\/blog\/wp-content\/uploads\/2018\/03\/attache-doudou-anna.jpg\"><img title=\"\" src=\"https:\/\/annaetmatteo.com\/blog\/wp-content\/uploads\/2018\/03\/attache-doudou-anna.jpg\" alt=\"attache doudou Anna\" border=\"0\" data-original-height=\"375\" data-original-width=\"500\" \/><\/a><\/div>\n<p>&nbsp;<\/p>\n<div style=\"clear: both; text-align: center;\"><\/div>\n<p>&nbsp;<\/p>\n<\/div>\n<div style=\"text-align: left;\"><\/div>\n<h3 style=\"text-align: left;\">Pas de produits chimiques !<\/h3>\n<div style=\"text-align: left;\">B\u00e9b\u00e9 met naturellement les objets \u00e0 la bouche. Il s&rsquo;agit de sa fa\u00e7on \u00e0 lui de prendre contact avec le monde. La bouche est comme une extension du toucher pour nos petits. Il faut donc \u00e9viter toute migration de produits chimiques et autres perturbateurs endocriniens qui seraient mauvais pour son d\u00e9veloppement.<\/div>\n<div style=\"text-align: left;\"><\/div>\n<div style=\"text-align: left;\">Pour cela, <span style=\"color: #0000ff;\"><a style=\"color: #0000ff;\" href=\"https:\/\/normalisation.afnor.org\/biens-de-consommation-sports-et-loisirs\/securite-la-norme-nf-en-71-3-specifie-les-exigences-en-matiere-de-migration-de-substances-chimiques-dans-les-jouets\/\" target=\"_blank\" rel=\"noopener\">la norme EN 71-3<\/a><\/span> d\u00e9finit 19 produits chimiques qui doivent absolument \u00eatre \u00e9vit\u00e9s dans la fabrication d&rsquo;objets pour b\u00e9b\u00e9. Le respect de cette norme assure que votre bambin peut porter l&rsquo;objet ou le jouet \u00e0 la bouche sans risque.<\/div>\n<div style=\"text-align: left;\"><\/div>\n<div style=\"text-align: left;\">\n<p>Pour approvisionner notre atelier, nous avons donc choisi des perles et mat\u00e9riaux respectant cette norme afin que les attaches-t\u00e9tines \/ attaches-doudous et anneaux de dentition soient les plus s\u00fbrs possibles !<\/p>\n<h3><span style=\"color: #073763;\"><br \/>\n<\/span>Pourquoi 22 cm ?<\/h3>\n<\/div>\n<div style=\"text-align: left;\"><a style=\"clear: left; float: left; margin-bottom: 1em; margin-right: 1em;\" href=\"https:\/\/annaetmatteo.com\/blog\/wp-content\/uploads\/2018\/03\/Anneau_dentition.jpg\"><img loading=\"lazy\" title=\"\" src=\"https:\/\/annaetmatteo.com\/blog\/wp-content\/uploads\/2018\/03\/Anneau_dentition-225x300.jpg\" alt=\"Anneau de dentition Noelie\" width=\"240\" height=\"320\" border=\"0\" data-original-height=\"1365\" data-original-width=\"1024\" \/><\/a>Ces cr\u00e9ations faites main ne peuvent mesurer plus de 22 cm. Du coup, il est arriv\u00e9 que nous refusions certaines personnalisations avec des pr\u00e9noms trop longs. Mais cela a une raison ! La taille maximale de 22 cm emp\u00eache votre b\u00e9b\u00e9 de passer ses attaches-t\u00e9tines \/ attaches-doudous ou hochet de dentition autour du coup et de s&rsquo;\u00e9trangler avec ! Il est donc capitale pour nous, pour assurer la s\u00e9curit\u00e9 de votre enfant, de ne pas d\u00e9passer cette limite.<\/div>\n<div style=\"text-align: left;\"><\/div>\n<div style=\"text-align: left;\">Par cons\u00e9quent, toute personnalisation d&rsquo;un attache-t\u00e9tine \/ attache-doudou ou hochet de dentition est limit\u00e9e \u00e0 un pr\u00e9nom de 8 lettres. Pas une de plus.<\/div>\n<div style=\"text-align: left;\"><\/div>\n<div style=\"text-align: left;\">\n<p>En outre, sachez que le fil de polyester particuli\u00e8rement solide employ\u00e9 pour les confectionner est doubl\u00e9 \u00e0 l&rsquo;int\u00e9rieur. Nous avons d\u00e9velopp\u00e9 une fa\u00e7on bien \u00e0 nous de le passer. Et si nous avons d\u00e9j\u00e0 r\u00e9ussi \u00e0 casser certains mod\u00e8les achet\u00e9s sur Internet pour comparer, nous n&rsquo;avons jamais pu faire c\u00e9der ceux assembl\u00e9s avec notre m\u00e9thode.<\/p>\n<p>Chaque attache-t\u00e9tine\/ attache-doudou ou anneau de dentition est fourni avec un certificat de conformit\u00e9. Tous nos produits sont \u00e9galement envoy\u00e9s avec une notice.<\/p>\n<\/div>\n<div style=\"text-align: left;\"><\/div>\n<h3 style=\"text-align: left;\">D&rsquo;accord, et les poup\u00e9es ?<\/h3>\n<div style=\"text-align: left;\">\n<p>Nos <a href=\"https:\/\/annaetmatteo.com\/38-poupees\" target=\"_blank\" rel=\"noopener\"><span style=\"color: blue;\">poup\u00e9es faites \u00e0 la main<\/span><\/a> ne sont pas en reste. Chaque couture est doubl\u00e9e pour \u00e9viter tout arrachement. Mais surtout, nous employons un rembourrage en fibre de polyester trait\u00e9\u00a0anti-acarien, anti-microbien et anti-moisissure. Ainsi, votre enfant peut leur faire des c\u00e2lins en toute s\u00e9curit\u00e9 !<\/p>\n<div style=\"clear: both; text-align: center;\"><a style=\"margin-left: 1em; margin-right: 1em;\" href=\"https:\/\/annaetmatteo.com\/blog\/wp-content\/uploads\/2018\/03\/attache-doudou-lea.jpg\"><img title=\"\" src=\"https:\/\/annaetmatteo.com\/blog\/wp-content\/uploads\/2018\/03\/attache-doudou-lea.jpg\" alt=\"attache doudou Lea\" border=\"0\" data-original-height=\"375\" data-original-width=\"500\" \/><\/a><\/div>\n<p>&nbsp;<\/p>\n<\/div>\n<div style=\"text-align: left;\"><\/div>\n<div style=\"text-align: left;\">Attention, nous vous rappelons que ce type de jouet est destin\u00e9 aux enfants de 3 ans et plus !<\/div>\n<div style=\"text-align: left;\"><\/div>\n<div style=\"text-align: left;\">\n<p><a href=\"https:\/\/annaetmatteo.com\/\" target=\"_blank\" rel=\"noopener\"><span style=\"color: blue;\">Le Monde d&rsquo;Anna et Matteo<\/span><\/a> reste ouvert \u00e0 toutes vos questions relative \u00e0 la s\u00e9curit\u00e9. N&rsquo;h\u00e9sitez pas \u00e0 nous laisser vos commentaires.<\/p>\n<div style=\"clear: both; text-align: center;\"><a href=\"https:\/\/annaetmatteo.com\/blog\/wp-content\/uploads\/2018\/03\/attache-doudou-matteo.jpg\"><img title=\"\" src=\"https:\/\/annaetmatteo.com\/blog\/wp-content\/uploads\/2018\/03\/attache-doudou-matteo.jpg\" alt=\"Attache-doudou Matteo\" border=\"0\" data-original-height=\"375\" data-original-width=\"500\" \/><\/a><\/div>\n<p>&nbsp;<\/p>\n<\/div>\n","protected":false},"excerpt":{"rendered":"<p>La s\u00e9curit\u00e9 de b\u00e9b\u00e9 est importante. Nous avons donc d\u00e9cid\u00e9 de vous expliquer certaines normes utilis\u00e9es par Le Monde d&rsquo;Anna et Matteo pour ses produits. En particulier, les attaches-t\u00e9tines, attaches-doudous et anneaux de dentition sont concern\u00e9s.<\/p>\n","protected":false},"author":1,"featured_media":70,"comment_status":"open","ping_status":"open","sticky":false,"template":"","format":"standard","meta":[],"categories":[1],"tags":[],"yoast_head":"<!-- This site is optimized with the Yoast SEO plugin v18.0 - https:\/\/yoast.com\/wordpress\/plugins\/seo\/ -->\n<title>Gros plan sur la s\u00e9curit\u00e9 de b\u00e9b\u00e9 - Blog du Monde d&#039;Anna et Matteo<\/title>\n<meta name=\"robots\" content=\"index, follow, max-snippet:-1, max-image-preview:large, max-video-preview:-1\" \/>\n<link rel=\"canonical\" href=\"https:\/\/annaetmatteo.com\/blog\/gros-plan-sur-les-normes-de-securite\/\" \/>\n<meta property=\"og:locale\" content=\"fr_FR\" \/>\n<meta property=\"og:type\" content=\"article\" \/>\n<meta property=\"og:title\" content=\"Gros plan sur la s\u00e9curit\u00e9 de b\u00e9b\u00e9 - Blog du Monde d&#039;Anna et Matteo\" \/>\n<meta property=\"og:description\" content=\"La s\u00e9curit\u00e9 de b\u00e9b\u00e9 est importante. Nous avons donc d\u00e9cid\u00e9 de vous expliquer certaines normes utilis\u00e9es par Le Monde d&rsquo;Anna et Matteo pour ses produits. En particulier, les attaches-t\u00e9tines, attaches-doudous et anneaux de dentition sont concern\u00e9s.\" \/>\n<meta property=\"og:url\" content=\"https:\/\/annaetmatteo.com\/blog\/gros-plan-sur-les-normes-de-securite\/\" \/>\n<meta property=\"og:site_name\" content=\"Blog du Monde d&#039;Anna et Matteo\" \/>\n<meta property=\"article:publisher\" content=\"https:\/\/www.facebook.com\/AnnaEtMatteo\/\" \/>\n<meta property=\"article:author\" content=\"https:\/\/www.facebook.com\/AnnaEtMatteo\/\" \/>\n<meta property=\"article:published_time\" content=\"2018-03-31T17:20:00+00:00\" \/>\n<meta property=\"article:modified_time\" content=\"2018-04-21T22:30:28+00:00\" \/>\n<meta property=\"og:image\" content=\"https:\/\/annaetmatteo.com\/blog\/wp-content\/uploads\/2018\/03\/blog-s-25C3-25A9curit-25C3-25A9-e1524349784245.png\" \/>\n\t<meta property=\"og:image:width\" content=\"640\" \/>\n\t<meta property=\"og:image:height\" content=\"463\" \/>\n\t<meta property=\"og:image:type\" content=\"image\/png\" \/>\n<meta name=\"twitter:card\" content=\"summary_large_image\" \/>\n<meta name=\"twitter:creator\" content=\"@AnnaEtMatteo\" \/>\n<meta name=\"twitter:site\" content=\"@AnnaEtMatteo\" \/>\n<meta name=\"twitter:label1\" content=\"\u00c9crit par\" \/>\n\t<meta name=\"twitter:data1\" content=\"M\u00e9lanie &amp; Arnaud | Le Monde d'Anna et Matteo\" \/>\n\t<meta name=\"twitter:label2\" content=\"Dur\u00e9e de lecture estim\u00e9e\" \/>\n\t<meta name=\"twitter:data2\" content=\"3 minutes\" \/>\n<script type=\"application\/ld+json\" class=\"yoast-schema-graph\">{\"@context\":\"https:\/\/schema.org\",\"@graph\":[{\"@type\":\"Organization\",\"@id\":\"https:\/\/annaetmatteo.com\/blog\/#organization\",\"name\":\"Le Monde d'Anna et Matteo\",\"url\":\"https:\/\/annaetmatteo.com\/blog\/\",\"sameAs\":[\"https:\/\/www.facebook.com\/AnnaEtMatteo\/\",\"https:\/\/www.instagram.com\/annaetmatteo\/\",\"https:\/\/www.youtube.com\/channel\/UCSce5n3L_8dmB8yTwbXnCwA\/f\",\"https:\/\/www.pinterest.fr\/AnnaEtMatteo\/\",\"https:\/\/twitter.com\/AnnaEtMatteo\"],\"logo\":{\"@type\":\"ImageObject\",\"@id\":\"https:\/\/annaetmatteo.com\/blog\/#logo\",\"inLanguage\":\"fr-FR\",\"url\":\"https:\/\/annaetmatteo.com\/blog\/wp-content\/uploads\/2018\/04\/rbU69AmF_400x400-1.jpg\",\"contentUrl\":\"https:\/\/annaetmatteo.com\/blog\/wp-content\/uploads\/2018\/04\/rbU69AmF_400x400-1.jpg\",\"width\":240,\"height\":240,\"caption\":\"Le Monde d'Anna et Matteo\"},\"image\":{\"@id\":\"https:\/\/annaetmatteo.com\/blog\/#logo\"}},{\"@type\":\"WebSite\",\"@id\":\"https:\/\/annaetmatteo.com\/blog\/#website\",\"url\":\"https:\/\/annaetmatteo.com\/blog\/\",\"name\":\"Blog du Monde d&#039;Anna et Matteo\",\"description\":\"\",\"publisher\":{\"@id\":\"https:\/\/annaetmatteo.com\/blog\/#organization\"},\"potentialAction\":[{\"@type\":\"SearchAction\",\"target\":{\"@type\":\"EntryPoint\",\"urlTemplate\":\"https:\/\/annaetmatteo.com\/blog\/?s={search_term_string}\"},\"query-input\":\"required name=search_term_string\"}],\"inLanguage\":\"fr-FR\"},{\"@type\":\"ImageObject\",\"@id\":\"https:\/\/annaetmatteo.com\/blog\/gros-plan-sur-les-normes-de-securite\/#primaryimage\",\"inLanguage\":\"fr-FR\",\"url\":\"https:\/\/annaetmatteo.com\/blog\/wp-content\/uploads\/2018\/03\/blog-s-25C3-25A9curit-25C3-25A9-e1524349784245.png\",\"contentUrl\":\"https:\/\/annaetmatteo.com\/blog\/wp-content\/uploads\/2018\/03\/blog-s-25C3-25A9curit-25C3-25A9-e1524349784245.png\",\"width\":640,\"height\":463,\"caption\":\"famille s\u00e9curit\u00e9\"},{\"@type\":\"WebPage\",\"@id\":\"https:\/\/annaetmatteo.com\/blog\/gros-plan-sur-les-normes-de-securite\/#webpage\",\"url\":\"https:\/\/annaetmatteo.com\/blog\/gros-plan-sur-les-normes-de-securite\/\",\"name\":\"Gros plan sur la s\u00e9curit\u00e9 de b\u00e9b\u00e9 - Blog du Monde d&#039;Anna et Matteo\",\"isPartOf\":{\"@id\":\"https:\/\/annaetmatteo.com\/blog\/#website\"},\"primaryImageOfPage\":{\"@id\":\"https:\/\/annaetmatteo.com\/blog\/gros-plan-sur-les-normes-de-securite\/#primaryimage\"},\"datePublished\":\"2018-03-31T17:20:00+00:00\",\"dateModified\":\"2018-04-21T22:30:28+00:00\",\"breadcrumb\":{\"@id\":\"https:\/\/annaetmatteo.com\/blog\/gros-plan-sur-les-normes-de-securite\/#breadcrumb\"},\"inLanguage\":\"fr-FR\",\"potentialAction\":[{\"@type\":\"ReadAction\",\"target\":[\"https:\/\/annaetmatteo.com\/blog\/gros-plan-sur-les-normes-de-securite\/\"]}]},{\"@type\":\"BreadcrumbList\",\"@id\":\"https:\/\/annaetmatteo.com\/blog\/gros-plan-sur-les-normes-de-securite\/#breadcrumb\",\"itemListElement\":[{\"@type\":\"ListItem\",\"position\":1,\"name\":\"Accueil\",\"item\":\"https:\/\/annaetmatteo.com\/blog\/\"},{\"@type\":\"ListItem\",\"position\":2,\"name\":\"Gros plan sur la s\u00e9curit\u00e9 de b\u00e9b\u00e9\"}]},{\"@type\":\"Article\",\"@id\":\"https:\/\/annaetmatteo.com\/blog\/gros-plan-sur-les-normes-de-securite\/#article\",\"isPartOf\":{\"@id\":\"https:\/\/annaetmatteo.com\/blog\/gros-plan-sur-les-normes-de-securite\/#webpage\"},\"author\":{\"@id\":\"https:\/\/annaetmatteo.com\/blog\/#\/schema\/person\/324a22a04fc2477c15496ba8213c7eab\"},\"headline\":\"Gros plan sur la s\u00e9curit\u00e9 de b\u00e9b\u00e9\",\"datePublished\":\"2018-03-31T17:20:00+00:00\",\"dateModified\":\"2018-04-21T22:30:28+00:00\",\"mainEntityOfPage\":{\"@id\":\"https:\/\/annaetmatteo.com\/blog\/gros-plan-sur-les-normes-de-securite\/#webpage\"},\"wordCount\":628,\"commentCount\":3,\"publisher\":{\"@id\":\"https:\/\/annaetmatteo.com\/blog\/#organization\"},\"image\":{\"@id\":\"https:\/\/annaetmatteo.com\/blog\/gros-plan-sur-les-normes-de-securite\/#primaryimage\"},\"thumbnailUrl\":\"https:\/\/annaetmatteo.com\/blog\/wp-content\/uploads\/2018\/03\/blog-s-25C3-25A9curit-25C3-25A9-e1524349784245.png\",\"inLanguage\":\"fr-FR\",\"potentialAction\":[{\"@type\":\"CommentAction\",\"name\":\"Comment\",\"target\":[\"https:\/\/annaetmatteo.com\/blog\/gros-plan-sur-les-normes-de-securite\/#respond\"]}]},{\"@type\":\"Person\",\"@id\":\"https:\/\/annaetmatteo.com\/blog\/#\/schema\/person\/324a22a04fc2477c15496ba8213c7eab\",\"name\":\"M\u00e9lanie &amp; Arnaud | Le Monde d'Anna et Matteo\",\"image\":{\"@type\":\"ImageObject\",\"@id\":\"https:\/\/annaetmatteo.com\/blog\/#personlogo\",\"inLanguage\":\"fr-FR\",\"url\":\"https:\/\/secure.gravatar.com\/avatar\/3c48cff264353bcb37bf9b52c1b769e7?s=96&d=mm&r=g\",\"contentUrl\":\"https:\/\/secure.gravatar.com\/avatar\/3c48cff264353bcb37bf9b52c1b769e7?s=96&d=mm&r=g\",\"caption\":\"M\u00e9lanie &amp; Arnaud | Le Monde d'Anna et Matteo\"},\"sameAs\":[\"https:\/\/annaetmatteo.com\",\"https:\/\/www.facebook.com\/AnnaEtMatteo\/\",\"https:\/\/twitter.com\/AnnaEtMatteo\"]}]}<\/script>\n<!-- \/ Yoast SEO plugin. -->","yoast_head_json":{"title":"Gros plan sur la s\u00e9curit\u00e9 de b\u00e9b\u00e9 - Blog du Monde d&#039;Anna et Matteo","robots":{"index":"index","follow":"follow","max-snippet":"max-snippet:-1","max-image-preview":"max-image-preview:large","max-video-preview":"max-video-preview:-1"},"canonical":"https:\/\/annaetmatteo.com\/blog\/gros-plan-sur-les-normes-de-securite\/","og_locale":"fr_FR","og_type":"article","og_title":"Gros plan sur la s\u00e9curit\u00e9 de b\u00e9b\u00e9 - Blog du Monde d&#039;Anna et Matteo","og_description":"La s\u00e9curit\u00e9 de b\u00e9b\u00e9 est importante. Nous avons donc d\u00e9cid\u00e9 de vous expliquer certaines normes utilis\u00e9es par Le Monde d&rsquo;Anna et Matteo pour ses produits. En particulier, les attaches-t\u00e9tines, attaches-doudous et anneaux de dentition sont concern\u00e9s.","og_url":"https:\/\/annaetmatteo.com\/blog\/gros-plan-sur-les-normes-de-securite\/","og_site_name":"Blog du Monde d&#039;Anna et Matteo","article_publisher":"https:\/\/www.facebook.com\/AnnaEtMatteo\/","article_author":"https:\/\/www.facebook.com\/AnnaEtMatteo\/","article_published_time":"2018-03-31T17:20:00+00:00","article_modified_time":"2018-04-21T22:30:28+00:00","og_image":[{"width":640,"height":463,"url":"https:\/\/annaetmatteo.com\/blog\/wp-content\/uploads\/2018\/03\/blog-s-25C3-25A9curit-25C3-25A9-e1524349784245.png","type":"image\/png"}],"twitter_card":"summary_large_image","twitter_creator":"@AnnaEtMatteo","twitter_site":"@AnnaEtMatteo","twitter_misc":{"\u00c9crit par":"M\u00e9lanie &amp; Arnaud | Le Monde d'Anna et Matteo","Dur\u00e9e de lecture estim\u00e9e":"3 minutes"},"schema":{"@context":"https:\/\/schema.org","@graph":[{"@type":"Organization","@id":"https:\/\/annaetmatteo.com\/blog\/#organization","name":"Le Monde d'Anna et Matteo","url":"https:\/\/annaetmatteo.com\/blog\/","sameAs":["https:\/\/www.facebook.com\/AnnaEtMatteo\/","https:\/\/www.instagram.com\/annaetmatteo\/","https:\/\/www.youtube.com\/channel\/UCSce5n3L_8dmB8yTwbXnCwA\/f","https:\/\/www.pinterest.fr\/AnnaEtMatteo\/","https:\/\/twitter.com\/AnnaEtMatteo"],"logo":{"@type":"ImageObject","@id":"https:\/\/annaetmatteo.com\/blog\/#logo","inLanguage":"fr-FR","url":"https:\/\/annaetmatteo.com\/blog\/wp-content\/uploads\/2018\/04\/rbU69AmF_400x400-1.jpg","contentUrl":"https:\/\/annaetmatteo.com\/blog\/wp-content\/uploads\/2018\/04\/rbU69AmF_400x400-1.jpg","width":240,"height":240,"caption":"Le Monde d'Anna et Matteo"},"image":{"@id":"https:\/\/annaetmatteo.com\/blog\/#logo"}},{"@type":"WebSite","@id":"https:\/\/annaetmatteo.com\/blog\/#website","url":"https:\/\/annaetmatteo.com\/blog\/","name":"Blog du Monde d&#039;Anna et Matteo","description":"","publisher":{"@id":"https:\/\/annaetmatteo.com\/blog\/#organization"},"potentialAction":[{"@type":"SearchAction","target":{"@type":"EntryPoint","urlTemplate":"https:\/\/annaetmatteo.com\/blog\/?s={search_term_string}"},"query-input":"required name=search_term_string"}],"inLanguage":"fr-FR"},{"@type":"ImageObject","@id":"https:\/\/annaetmatteo.com\/blog\/gros-plan-sur-les-normes-de-securite\/#primaryimage","inLanguage":"fr-FR","url":"https:\/\/annaetmatteo.com\/blog\/wp-content\/uploads\/2018\/03\/blog-s-25C3-25A9curit-25C3-25A9-e1524349784245.png","contentUrl":"https:\/\/annaetmatteo.com\/blog\/wp-content\/uploads\/2018\/03\/blog-s-25C3-25A9curit-25C3-25A9-e1524349784245.png","width":640,"height":463,"caption":"famille s\u00e9curit\u00e9"},{"@type":"WebPage","@id":"https:\/\/annaetmatteo.com\/blog\/gros-plan-sur-les-normes-de-securite\/#webpage","url":"https:\/\/annaetmatteo.com\/blog\/gros-plan-sur-les-normes-de-securite\/","name":"Gros plan sur la s\u00e9curit\u00e9 de b\u00e9b\u00e9 - Blog du Monde d&#039;Anna et Matteo","isPartOf":{"@id":"https:\/\/annaetmatteo.com\/blog\/#website"},"primaryImageOfPage":{"@id":"https:\/\/annaetmatteo.com\/blog\/gros-plan-sur-les-normes-de-securite\/#primaryimage"},"datePublished":"2018-03-31T17:20:00+00:00","dateModified":"2018-04-21T22:30:28+00:00","breadcrumb":{"@id":"https:\/\/annaetmatteo.com\/blog\/gros-plan-sur-les-normes-de-securite\/#breadcrumb"},"inLanguage":"fr-FR","potentialAction":[{"@type":"ReadAction","target":["https:\/\/annaetmatteo.com\/blog\/gros-plan-sur-les-normes-de-securite\/"]}]},{"@type":"BreadcrumbList","@id":"https:\/\/annaetmatteo.com\/blog\/gros-plan-sur-les-normes-de-securite\/#breadcrumb","itemListElement":[{"@type":"ListItem","position":1,"name":"Accueil","item":"https:\/\/annaetmatteo.com\/blog\/"},{"@type":"ListItem","position":2,"name":"Gros plan sur la s\u00e9curit\u00e9 de b\u00e9b\u00e9"}]},{"@type":"Article","@id":"https:\/\/annaetmatteo.com\/blog\/gros-plan-sur-les-normes-de-securite\/#article","isPartOf":{"@id":"https:\/\/annaetmatteo.com\/blog\/gros-plan-sur-les-normes-de-securite\/#webpage"},"author":{"@id":"https:\/\/annaetmatteo.com\/blog\/#\/schema\/person\/324a22a04fc2477c15496ba8213c7eab"},"headline":"Gros plan sur la s\u00e9curit\u00e9 de b\u00e9b\u00e9","datePublished":"2018-03-31T17:20:00+00:00","dateModified":"2018-04-21T22:30:28+00:00","mainEntityOfPage":{"@id":"https:\/\/annaetmatteo.com\/blog\/gros-plan-sur-les-normes-de-securite\/#webpage"},"wordCount":628,"commentCount":3,"publisher":{"@id":"https:\/\/annaetmatteo.com\/blog\/#organization"},"image":{"@id":"https:\/\/annaetmatteo.com\/blog\/gros-plan-sur-les-normes-de-securite\/#primaryimage"},"thumbnailUrl":"https:\/\/annaetmatteo.com\/blog\/wp-content\/uploads\/2018\/03\/blog-s-25C3-25A9curit-25C3-25A9-e1524349784245.png","inLanguage":"fr-FR","potentialAction":[{"@type":"CommentAction","name":"Comment","target":["https:\/\/annaetmatteo.com\/blog\/gros-plan-sur-les-normes-de-securite\/#respond"]}]},{"@type":"Person","@id":"https:\/\/annaetmatteo.com\/blog\/#\/schema\/person\/324a22a04fc2477c15496ba8213c7eab","name":"M\u00e9lanie &amp; Arnaud | Le Monde d'Anna et Matteo","image":{"@type":"ImageObject","@id":"https:\/\/annaetmatteo.com\/blog\/#personlogo","inLanguage":"fr-FR","url":"https:\/\/secure.gravatar.com\/avatar\/3c48cff264353bcb37bf9b52c1b769e7?s=96&d=mm&r=g","contentUrl":"https:\/\/secure.gravatar.com\/avatar\/3c48cff264353bcb37bf9b52c1b769e7?s=96&d=mm&r=g","caption":"M\u00e9lanie &amp; Arnaud | Le Monde d'Anna et Matteo"},"sameAs":["https:\/\/annaetmatteo.com","https:\/\/www.facebook.com\/AnnaEtMatteo\/","https:\/\/twitter.com\/AnnaEtMatteo"]}]}},"_links":{"self":[{"href":"https:\/\/annaetmatteo.com\/blog\/wp-json\/wp\/v2\/posts\/53"}],"collection":[{"href":"https:\/\/annaetmatteo.com\/blog\/wp-json\/wp\/v2\/posts"}],"about":[{"href":"https:\/\/annaetmatteo.com\/blog\/wp-json\/wp\/v2\/types\/post"}],"author":[{"embeddable":true,"href":"https:\/\/annaetmatteo.com\/blog\/wp-json\/wp\/v2\/users\/1"}],"replies":[{"embeddable":true,"href":"https:\/\/annaetmatteo.com\/blog\/wp-json\/wp\/v2\/comments?post=53"}],"version-history":[{"count":6,"href":"https:\/\/annaetmatteo.com\/blog\/wp-json\/wp\/v2\/posts\/53\/revisions"}],"predecessor-version":[{"id":145,"href":"https:\/\/annaetmatteo.com\/blog\/wp-json\/wp\/v2\/posts\/53\/revisions\/145"}],"wp:featuredmedia":[{"embeddable":true,"href":"https:\/\/annaetmatteo.com\/blog\/wp-json\/wp\/v2\/media\/70"}],"wp:attachment":[{"href":"https:\/\/annaetmatteo.com\/blog\/wp-json\/wp\/v2\/media?parent=53"}],"wp:term":[{"taxonomy":"category","embeddable":true,"href":"https:\/\/annaetmatteo.com\/blog\/wp-json\/wp\/v2\/categories?post=53"},{"taxonomy":"post_tag","embeddable":true,"href":"https:\/\/annaetmatteo.com\/blog\/wp-json\/wp\/v2\/tags?post=53"}],"curies":[{"name":"wp","href":"https:\/\/api.w.org\/{rel}","templated":true}]}}