{"id":478,"date":"2018-10-25T16:44:15","date_gmt":"2018-10-25T14:44:15","guid":{"rendered":"https:\/\/annaetmatteo.com\/blog\/?p=478"},"modified":"2018-10-29T15:45:01","modified_gmt":"2018-10-29T14:45:01","slug":"halloween-mais-dou-vient-cette-fete","status":"publish","type":"post","link":"https:\/\/annaetmatteo.com\/blog\/halloween-mais-dou-vient-cette-fete\/","title":{"rendered":"Halloween : mais d&rsquo;o\u00f9 vient cette f\u00eate ?"},"content":{"rendered":"<h2>Pr\u00e9c\u00e9dant la Toussaint, Halloween est \u00e9galement une f\u00eate en l&rsquo;honneur des morts. En France, elle est associ\u00e9e \u00e0 la culture am\u00e9ricaine&#8230; \u00e0 tort ! Mais alors, d&rsquo;o\u00f9 vient Halloween ?<\/h2>\n<p><!--more--><\/p>\n<p>Et non, la f\u00eate d&rsquo;Halloween, le 31 octobre, n&rsquo;a pas \u00e9t\u00e9 invent\u00e9e par une multinationale am\u00e9ricaine dans le but de standardiser le monde. Son introduction progressive en France depuis les ann\u00e9es 90 ne constitue, quelque part, qu&rsquo;un retour aux sources. En effet, Halloween est une f\u00eate europ\u00e9enne, celte plus pr\u00e9cis\u00e9ment !<\/p>\n<p><img loading=\"lazy\" class=\"aligncenter size-full wp-image-493\" src=\"https:\/\/annaetmatteo.com\/blog\/wp-content\/uploads\/2018\/10\/halloween-2.jpg\" alt=\"manoir hant\u00e9, citrouilles et squelette pour halloween\" width=\"1000\" height=\"750\" srcset=\"https:\/\/annaetmatteo.com\/blog\/wp-content\/uploads\/2018\/10\/halloween-2.jpg 1000w, https:\/\/annaetmatteo.com\/blog\/wp-content\/uploads\/2018\/10\/halloween-2-300x225.jpg 300w, https:\/\/annaetmatteo.com\/blog\/wp-content\/uploads\/2018\/10\/halloween-2-768x576.jpg 768w\" sizes=\"(max-width: 767px) 89vw, (max-width: 1000px) 54vw, (max-width: 1071px) 543px, 580px\" \/><\/p>\n<h3>Halloween : une f\u00eate celte !<\/h3>\n<p>Il y an entre 2500 et 3000 ans, le calendrier Celte prenait fin en octobre. La f\u00eate d&rsquo;Halloween descend des festivit\u00e9s de la Samain qui marquaient le nouvel an. En octobre, les nuits rallongent et on pensait alors que les morts rendaient visite aux vivants.<\/p>\n<p>Le mot Halloween est une contraction de l&rsquo;anglais\u00a0<i><span class=\"lang-en\" lang=\"en\">All Hallows-Even\u00a0<\/span><\/i><span class=\"lang-en\" lang=\"en\">qui signifie \u00ab\u00a0la veille de tous les saints\u00a0\u00bb. Et tiens, d&rsquo;ailleurs, qu&rsquo;y a-t-il le lendemain du 31 octobre ? La f\u00eate chr\u00e9tienne de la Toussaint (Tous les saints) qui c\u00e9l\u00e8bre \u00e9galement les morts. Ce n&rsquo;est pas par hasard, le christianisme a toujours voulu supplanter les f\u00eates pa\u00efennes pr\u00e9-existantes. Ce n&rsquo;est pas pour rien, par exemple, que la naissance du Christ (et donc No\u00ebl) est c\u00e9l\u00e9br\u00e9e le 25 d\u00e9cembre. Pile au moment o\u00f9 se trouvait la f\u00eate pa\u00efenne du solstice d&rsquo;hiver ! Et d&rsquo;ailleurs, la f\u00eate de la Toussaint a justement \u00e9t\u00e9 d\u00e9plac\u00e9e au VIIIe si\u00e8cle pour prendre la place d&rsquo;Halloween.<\/span><\/p>\n<p><img loading=\"lazy\" class=\"aligncenter size-full wp-image-492\" src=\"https:\/\/annaetmatteo.com\/blog\/wp-content\/uploads\/2018\/10\/halloween-1.jpg\" alt=\"fant\u00f4mes halloween\" width=\"1000\" height=\"666\" srcset=\"https:\/\/annaetmatteo.com\/blog\/wp-content\/uploads\/2018\/10\/halloween-1.jpg 1000w, https:\/\/annaetmatteo.com\/blog\/wp-content\/uploads\/2018\/10\/halloween-1-300x200.jpg 300w, https:\/\/annaetmatteo.com\/blog\/wp-content\/uploads\/2018\/10\/halloween-1-768x511.jpg 768w\" sizes=\"(max-width: 767px) 89vw, (max-width: 1000px) 54vw, (max-width: 1071px) 543px, 580px\" \/><\/p>\n<h3>L&rsquo;origine irlandaise d&rsquo;Halloween aux Etats-Unis<\/h3>\n<p>Halloween ne d\u00e9barque aux Etats-Unis qu&rsquo;au XIXe si\u00e8cle, avec une vague de migration venue d&rsquo;Irlande, fuyant la famine. C&rsquo;est aussi \u00e0 ce moment qu&rsquo;apparaissent les citrouilles sculpt\u00e9es puisqu&rsquo;en Europe ce genre d&rsquo;exercice se pratiquait avec un navet.<\/p>\n<p>Du coup, il n&rsquo;y a rien de purement am\u00e9ricain dans la f\u00eate&#8230; Si ce n&rsquo;est la citrouille !<\/p>\n<hr \/>\n<p>D\u00e9couvrez notre collection de <span style=\"color: #0000ff;\"><a style=\"color: #0000ff;\" href=\"https:\/\/annaetmatteo.com\/accessoires\/235-29679-happy-halloween-.html\" target=\"_blank\" rel=\"noopener\">t\u00e9tines personnalisables sp\u00e9ciales Halloween<\/a><\/span> !<\/p>\n<hr \/>\n<h4>Ces articles pourraient aussi vous int\u00e9resser :<\/h4>\n<p><span style=\"color: #0000ff;\"><a style=\"color: #0000ff;\" href=\"https:\/\/annaetmatteo.com\/blog\/dois-je-dire-a-mes-enfants-que-le-pere-noel-nexiste-pas\/\" target=\"_blank\" rel=\"noopener\">Dois-je dire \u00e0 mes enfants que le P\u00e8re No\u00ebl n&rsquo;existe pas ?<\/a><\/span><\/p>\n<p><span style=\"color: #0000ff;\"><a style=\"color: #0000ff;\" href=\"https:\/\/annaetmatteo.com\/blog\/recette-petits-sables-maison\/\" target=\"_blank\" rel=\"noopener\">Recette : petits sabl\u00e9s maison<\/a><\/span><\/p>\n","protected":false},"excerpt":{"rendered":"<p>Pr\u00e9c\u00e9dant la Toussaint, Halloween est \u00e9galement une f\u00eate en l&rsquo;honneur des morts. En France, elle est associ\u00e9e \u00e0 la culture am\u00e9ricaine&#8230; \u00e0 tort ! Mais alors, d&rsquo;o\u00f9 vient Halloween ?<\/p>\n","protected":false},"author":1,"featured_media":487,"comment_status":"open","ping_status":"open","sticky":false,"template":"","format":"standard","meta":[],"categories":[1],"tags":[],"yoast_head":"<!-- This site is optimized with the Yoast SEO plugin v18.0 - https:\/\/yoast.com\/wordpress\/plugins\/seo\/ -->\n<title>Halloween : mais d&#039;o\u00f9 vient cette f\u00eate ? - Blog du Monde d&#039;Anna et Matteo<\/title>\n<meta name=\"description\" content=\"F\u00eatez-vous halloween avec vos enfants ? Si vous pensez qu&#039;il s&#039;agit d&#039;une f\u00eate am\u00e9ricaine, alors vous faites erreur. Venez d\u00e9couvrir sa vraie histoire !\" \/>\n<meta name=\"robots\" content=\"index, follow, max-snippet:-1, max-image-preview:large, max-video-preview:-1\" \/>\n<link rel=\"canonical\" href=\"https:\/\/annaetmatteo.com\/blog\/halloween-mais-dou-vient-cette-fete\/\" \/>\n<meta property=\"og:locale\" content=\"fr_FR\" \/>\n<meta property=\"og:type\" content=\"article\" \/>\n<meta property=\"og:title\" content=\"Halloween : mais d&#039;o\u00f9 vient cette f\u00eate ? - Blog du Monde d&#039;Anna et Matteo\" \/>\n<meta property=\"og:description\" content=\"F\u00eatez-vous halloween avec vos enfants ? Si vous pensez qu&#039;il s&#039;agit d&#039;une f\u00eate am\u00e9ricaine, alors vous faites erreur. Venez d\u00e9couvrir sa vraie histoire !\" \/>\n<meta property=\"og:url\" content=\"https:\/\/annaetmatteo.com\/blog\/halloween-mais-dou-vient-cette-fete\/\" \/>\n<meta property=\"og:site_name\" content=\"Blog du Monde d&#039;Anna et Matteo\" \/>\n<meta property=\"article:publisher\" content=\"https:\/\/www.facebook.com\/AnnaEtMatteo\/\" \/>\n<meta property=\"article:author\" content=\"https:\/\/www.facebook.com\/AnnaEtMatteo\/\" \/>\n<meta property=\"article:published_time\" content=\"2018-10-25T14:44:15+00:00\" \/>\n<meta property=\"article:modified_time\" content=\"2018-10-29T14:45:01+00:00\" \/>\n<meta property=\"og:image\" content=\"https:\/\/annaetmatteo.com\/blog\/wp-content\/uploads\/2018\/10\/halloween-3-e1540823694463.jpg\" \/>\n\t<meta property=\"og:image:width\" content=\"1000\" \/>\n\t<meta property=\"og:image:height\" content=\"400\" \/>\n\t<meta property=\"og:image:type\" content=\"image\/jpeg\" \/>\n<meta name=\"twitter:card\" content=\"summary_large_image\" \/>\n<meta name=\"twitter:creator\" content=\"@AnnaEtMatteo\" \/>\n<meta name=\"twitter:site\" content=\"@AnnaEtMatteo\" \/>\n<meta name=\"twitter:label1\" content=\"\u00c9crit par\" \/>\n\t<meta name=\"twitter:data1\" content=\"M\u00e9lanie &amp; Arnaud | Le Monde d'Anna et Matteo\" \/>\n\t<meta name=\"twitter:label2\" content=\"Dur\u00e9e de lecture estim\u00e9e\" \/>\n\t<meta name=\"twitter:data2\" content=\"2 minutes\" \/>\n<script type=\"application\/ld+json\" class=\"yoast-schema-graph\">{\"@context\":\"https:\/\/schema.org\",\"@graph\":[{\"@type\":\"Organization\",\"@id\":\"https:\/\/annaetmatteo.com\/blog\/#organization\",\"name\":\"Le Monde d'Anna et Matteo\",\"url\":\"https:\/\/annaetmatteo.com\/blog\/\",\"sameAs\":[\"https:\/\/www.facebook.com\/AnnaEtMatteo\/\",\"https:\/\/www.instagram.com\/annaetmatteo\/\",\"https:\/\/www.youtube.com\/channel\/UCSce5n3L_8dmB8yTwbXnCwA\/f\",\"https:\/\/www.pinterest.fr\/AnnaEtMatteo\/\",\"https:\/\/twitter.com\/AnnaEtMatteo\"],\"logo\":{\"@type\":\"ImageObject\",\"@id\":\"https:\/\/annaetmatteo.com\/blog\/#logo\",\"inLanguage\":\"fr-FR\",\"url\":\"https:\/\/annaetmatteo.com\/blog\/wp-content\/uploads\/2018\/04\/rbU69AmF_400x400-1.jpg\",\"contentUrl\":\"https:\/\/annaetmatteo.com\/blog\/wp-content\/uploads\/2018\/04\/rbU69AmF_400x400-1.jpg\",\"width\":240,\"height\":240,\"caption\":\"Le Monde d'Anna et Matteo\"},\"image\":{\"@id\":\"https:\/\/annaetmatteo.com\/blog\/#logo\"}},{\"@type\":\"WebSite\",\"@id\":\"https:\/\/annaetmatteo.com\/blog\/#website\",\"url\":\"https:\/\/annaetmatteo.com\/blog\/\",\"name\":\"Blog du Monde d&#039;Anna et Matteo\",\"description\":\"\",\"publisher\":{\"@id\":\"https:\/\/annaetmatteo.com\/blog\/#organization\"},\"potentialAction\":[{\"@type\":\"SearchAction\",\"target\":{\"@type\":\"EntryPoint\",\"urlTemplate\":\"https:\/\/annaetmatteo.com\/blog\/?s={search_term_string}\"},\"query-input\":\"required name=search_term_string\"}],\"inLanguage\":\"fr-FR\"},{\"@type\":\"ImageObject\",\"@id\":\"https:\/\/annaetmatteo.com\/blog\/halloween-mais-dou-vient-cette-fete\/#primaryimage\",\"inLanguage\":\"fr-FR\",\"url\":\"https:\/\/annaetmatteo.com\/blog\/wp-content\/uploads\/2018\/10\/halloween-3-e1540823694463.jpg\",\"contentUrl\":\"https:\/\/annaetmatteo.com\/blog\/wp-content\/uploads\/2018\/10\/halloween-3-e1540823694463.jpg\",\"width\":1000,\"height\":400,\"caption\":\"citrouille halloween\"},{\"@type\":\"WebPage\",\"@id\":\"https:\/\/annaetmatteo.com\/blog\/halloween-mais-dou-vient-cette-fete\/#webpage\",\"url\":\"https:\/\/annaetmatteo.com\/blog\/halloween-mais-dou-vient-cette-fete\/\",\"name\":\"Halloween : mais d'o\u00f9 vient cette f\u00eate ? - Blog du Monde d&#039;Anna et Matteo\",\"isPartOf\":{\"@id\":\"https:\/\/annaetmatteo.com\/blog\/#website\"},\"primaryImageOfPage\":{\"@id\":\"https:\/\/annaetmatteo.com\/blog\/halloween-mais-dou-vient-cette-fete\/#primaryimage\"},\"datePublished\":\"2018-10-25T14:44:15+00:00\",\"dateModified\":\"2018-10-29T14:45:01+00:00\",\"description\":\"F\u00eatez-vous halloween avec vos enfants ? Si vous pensez qu'il s'agit d'une f\u00eate am\u00e9ricaine, alors vous faites erreur. Venez d\u00e9couvrir sa vraie histoire !\",\"breadcrumb\":{\"@id\":\"https:\/\/annaetmatteo.com\/blog\/halloween-mais-dou-vient-cette-fete\/#breadcrumb\"},\"inLanguage\":\"fr-FR\",\"potentialAction\":[{\"@type\":\"ReadAction\",\"target\":[\"https:\/\/annaetmatteo.com\/blog\/halloween-mais-dou-vient-cette-fete\/\"]}]},{\"@type\":\"BreadcrumbList\",\"@id\":\"https:\/\/annaetmatteo.com\/blog\/halloween-mais-dou-vient-cette-fete\/#breadcrumb\",\"itemListElement\":[{\"@type\":\"ListItem\",\"position\":1,\"name\":\"Accueil\",\"item\":\"https:\/\/annaetmatteo.com\/blog\/\"},{\"@type\":\"ListItem\",\"position\":2,\"name\":\"Halloween : mais d&rsquo;o\u00f9 vient cette f\u00eate ?\"}]},{\"@type\":\"Article\",\"@id\":\"https:\/\/annaetmatteo.com\/blog\/halloween-mais-dou-vient-cette-fete\/#article\",\"isPartOf\":{\"@id\":\"https:\/\/annaetmatteo.com\/blog\/halloween-mais-dou-vient-cette-fete\/#webpage\"},\"author\":{\"@id\":\"https:\/\/annaetmatteo.com\/blog\/#\/schema\/person\/324a22a04fc2477c15496ba8213c7eab\"},\"headline\":\"Halloween : mais d&rsquo;o\u00f9 vient cette f\u00eate ?\",\"datePublished\":\"2018-10-25T14:44:15+00:00\",\"dateModified\":\"2018-10-29T14:45:01+00:00\",\"mainEntityOfPage\":{\"@id\":\"https:\/\/annaetmatteo.com\/blog\/halloween-mais-dou-vient-cette-fete\/#webpage\"},\"wordCount\":366,\"commentCount\":3,\"publisher\":{\"@id\":\"https:\/\/annaetmatteo.com\/blog\/#organization\"},\"image\":{\"@id\":\"https:\/\/annaetmatteo.com\/blog\/halloween-mais-dou-vient-cette-fete\/#primaryimage\"},\"thumbnailUrl\":\"https:\/\/annaetmatteo.com\/blog\/wp-content\/uploads\/2018\/10\/halloween-3-e1540823694463.jpg\",\"inLanguage\":\"fr-FR\",\"potentialAction\":[{\"@type\":\"CommentAction\",\"name\":\"Comment\",\"target\":[\"https:\/\/annaetmatteo.com\/blog\/halloween-mais-dou-vient-cette-fete\/#respond\"]}]},{\"@type\":\"Person\",\"@id\":\"https:\/\/annaetmatteo.com\/blog\/#\/schema\/person\/324a22a04fc2477c15496ba8213c7eab\",\"name\":\"M\u00e9lanie &amp; Arnaud | Le Monde d'Anna et Matteo\",\"image\":{\"@type\":\"ImageObject\",\"@id\":\"https:\/\/annaetmatteo.com\/blog\/#personlogo\",\"inLanguage\":\"fr-FR\",\"url\":\"https:\/\/secure.gravatar.com\/avatar\/3c48cff264353bcb37bf9b52c1b769e7?s=96&d=mm&r=g\",\"contentUrl\":\"https:\/\/secure.gravatar.com\/avatar\/3c48cff264353bcb37bf9b52c1b769e7?s=96&d=mm&r=g\",\"caption\":\"M\u00e9lanie &amp; Arnaud | Le Monde d'Anna et Matteo\"},\"sameAs\":[\"https:\/\/annaetmatteo.com\",\"https:\/\/www.facebook.com\/AnnaEtMatteo\/\",\"https:\/\/twitter.com\/AnnaEtMatteo\"]}]}<\/script>\n<!-- \/ Yoast SEO plugin. -->","yoast_head_json":{"title":"Halloween : mais d'o\u00f9 vient cette f\u00eate ? - Blog du Monde d&#039;Anna et Matteo","description":"F\u00eatez-vous halloween avec vos enfants ? Si vous pensez qu'il s'agit d'une f\u00eate am\u00e9ricaine, alors vous faites erreur. Venez d\u00e9couvrir sa vraie histoire !","robots":{"index":"index","follow":"follow","max-snippet":"max-snippet:-1","max-image-preview":"max-image-preview:large","max-video-preview":"max-video-preview:-1"},"canonical":"https:\/\/annaetmatteo.com\/blog\/halloween-mais-dou-vient-cette-fete\/","og_locale":"fr_FR","og_type":"article","og_title":"Halloween : mais d'o\u00f9 vient cette f\u00eate ? - Blog du Monde d&#039;Anna et Matteo","og_description":"F\u00eatez-vous halloween avec vos enfants ? Si vous pensez qu'il s'agit d'une f\u00eate am\u00e9ricaine, alors vous faites erreur. Venez d\u00e9couvrir sa vraie histoire !","og_url":"https:\/\/annaetmatteo.com\/blog\/halloween-mais-dou-vient-cette-fete\/","og_site_name":"Blog du Monde d&#039;Anna et Matteo","article_publisher":"https:\/\/www.facebook.com\/AnnaEtMatteo\/","article_author":"https:\/\/www.facebook.com\/AnnaEtMatteo\/","article_published_time":"2018-10-25T14:44:15+00:00","article_modified_time":"2018-10-29T14:45:01+00:00","og_image":[{"width":1000,"height":400,"url":"https:\/\/annaetmatteo.com\/blog\/wp-content\/uploads\/2018\/10\/halloween-3-e1540823694463.jpg","type":"image\/jpeg"}],"twitter_card":"summary_large_image","twitter_creator":"@AnnaEtMatteo","twitter_site":"@AnnaEtMatteo","twitter_misc":{"\u00c9crit par":"M\u00e9lanie &amp; Arnaud | Le Monde d'Anna et Matteo","Dur\u00e9e de lecture estim\u00e9e":"2 minutes"},"schema":{"@context":"https:\/\/schema.org","@graph":[{"@type":"Organization","@id":"https:\/\/annaetmatteo.com\/blog\/#organization","name":"Le Monde d'Anna et Matteo","url":"https:\/\/annaetmatteo.com\/blog\/","sameAs":["https:\/\/www.facebook.com\/AnnaEtMatteo\/","https:\/\/www.instagram.com\/annaetmatteo\/","https:\/\/www.youtube.com\/channel\/UCSce5n3L_8dmB8yTwbXnCwA\/f","https:\/\/www.pinterest.fr\/AnnaEtMatteo\/","https:\/\/twitter.com\/AnnaEtMatteo"],"logo":{"@type":"ImageObject","@id":"https:\/\/annaetmatteo.com\/blog\/#logo","inLanguage":"fr-FR","url":"https:\/\/annaetmatteo.com\/blog\/wp-content\/uploads\/2018\/04\/rbU69AmF_400x400-1.jpg","contentUrl":"https:\/\/annaetmatteo.com\/blog\/wp-content\/uploads\/2018\/04\/rbU69AmF_400x400-1.jpg","width":240,"height":240,"caption":"Le Monde d'Anna et Matteo"},"image":{"@id":"https:\/\/annaetmatteo.com\/blog\/#logo"}},{"@type":"WebSite","@id":"https:\/\/annaetmatteo.com\/blog\/#website","url":"https:\/\/annaetmatteo.com\/blog\/","name":"Blog du Monde d&#039;Anna et Matteo","description":"","publisher":{"@id":"https:\/\/annaetmatteo.com\/blog\/#organization"},"potentialAction":[{"@type":"SearchAction","target":{"@type":"EntryPoint","urlTemplate":"https:\/\/annaetmatteo.com\/blog\/?s={search_term_string}"},"query-input":"required name=search_term_string"}],"inLanguage":"fr-FR"},{"@type":"ImageObject","@id":"https:\/\/annaetmatteo.com\/blog\/halloween-mais-dou-vient-cette-fete\/#primaryimage","inLanguage":"fr-FR","url":"https:\/\/annaetmatteo.com\/blog\/wp-content\/uploads\/2018\/10\/halloween-3-e1540823694463.jpg","contentUrl":"https:\/\/annaetmatteo.com\/blog\/wp-content\/uploads\/2018\/10\/halloween-3-e1540823694463.jpg","width":1000,"height":400,"caption":"citrouille halloween"},{"@type":"WebPage","@id":"https:\/\/annaetmatteo.com\/blog\/halloween-mais-dou-vient-cette-fete\/#webpage","url":"https:\/\/annaetmatteo.com\/blog\/halloween-mais-dou-vient-cette-fete\/","name":"Halloween : mais d'o\u00f9 vient cette f\u00eate ? - Blog du Monde d&#039;Anna et Matteo","isPartOf":{"@id":"https:\/\/annaetmatteo.com\/blog\/#website"},"primaryImageOfPage":{"@id":"https:\/\/annaetmatteo.com\/blog\/halloween-mais-dou-vient-cette-fete\/#primaryimage"},"datePublished":"2018-10-25T14:44:15+00:00","dateModified":"2018-10-29T14:45:01+00:00","description":"F\u00eatez-vous halloween avec vos enfants ? Si vous pensez qu'il s'agit d'une f\u00eate am\u00e9ricaine, alors vous faites erreur. Venez d\u00e9couvrir sa vraie histoire !","breadcrumb":{"@id":"https:\/\/annaetmatteo.com\/blog\/halloween-mais-dou-vient-cette-fete\/#breadcrumb"},"inLanguage":"fr-FR","potentialAction":[{"@type":"ReadAction","target":["https:\/\/annaetmatteo.com\/blog\/halloween-mais-dou-vient-cette-fete\/"]}]},{"@type":"BreadcrumbList","@id":"https:\/\/annaetmatteo.com\/blog\/halloween-mais-dou-vient-cette-fete\/#breadcrumb","itemListElement":[{"@type":"ListItem","position":1,"name":"Accueil","item":"https:\/\/annaetmatteo.com\/blog\/"},{"@type":"ListItem","position":2,"name":"Halloween : mais d&rsquo;o\u00f9 vient cette f\u00eate ?"}]},{"@type":"Article","@id":"https:\/\/annaetmatteo.com\/blog\/halloween-mais-dou-vient-cette-fete\/#article","isPartOf":{"@id":"https:\/\/annaetmatteo.com\/blog\/halloween-mais-dou-vient-cette-fete\/#webpage"},"author":{"@id":"https:\/\/annaetmatteo.com\/blog\/#\/schema\/person\/324a22a04fc2477c15496ba8213c7eab"},"headline":"Halloween : mais d&rsquo;o\u00f9 vient cette f\u00eate ?","datePublished":"2018-10-25T14:44:15+00:00","dateModified":"2018-10-29T14:45:01+00:00","mainEntityOfPage":{"@id":"https:\/\/annaetmatteo.com\/blog\/halloween-mais-dou-vient-cette-fete\/#webpage"},"wordCount":366,"commentCount":3,"publisher":{"@id":"https:\/\/annaetmatteo.com\/blog\/#organization"},"image":{"@id":"https:\/\/annaetmatteo.com\/blog\/halloween-mais-dou-vient-cette-fete\/#primaryimage"},"thumbnailUrl":"https:\/\/annaetmatteo.com\/blog\/wp-content\/uploads\/2018\/10\/halloween-3-e1540823694463.jpg","inLanguage":"fr-FR","potentialAction":[{"@type":"CommentAction","name":"Comment","target":["https:\/\/annaetmatteo.com\/blog\/halloween-mais-dou-vient-cette-fete\/#respond"]}]},{"@type":"Person","@id":"https:\/\/annaetmatteo.com\/blog\/#\/schema\/person\/324a22a04fc2477c15496ba8213c7eab","name":"M\u00e9lanie &amp; Arnaud | Le Monde d'Anna et Matteo","image":{"@type":"ImageObject","@id":"https:\/\/annaetmatteo.com\/blog\/#personlogo","inLanguage":"fr-FR","url":"https:\/\/secure.gravatar.com\/avatar\/3c48cff264353bcb37bf9b52c1b769e7?s=96&d=mm&r=g","contentUrl":"https:\/\/secure.gravatar.com\/avatar\/3c48cff264353bcb37bf9b52c1b769e7?s=96&d=mm&r=g","caption":"M\u00e9lanie &amp; Arnaud | Le Monde d'Anna et Matteo"},"sameAs":["https:\/\/annaetmatteo.com","https:\/\/www.facebook.com\/AnnaEtMatteo\/","https:\/\/twitter.com\/AnnaEtMatteo"]}]}},"_links":{"self":[{"href":"https:\/\/annaetmatteo.com\/blog\/wp-json\/wp\/v2\/posts\/478"}],"collection":[{"href":"https:\/\/annaetmatteo.com\/blog\/wp-json\/wp\/v2\/posts"}],"about":[{"href":"https:\/\/annaetmatteo.com\/blog\/wp-json\/wp\/v2\/types\/post"}],"author":[{"embeddable":true,"href":"https:\/\/annaetmatteo.com\/blog\/wp-json\/wp\/v2\/users\/1"}],"replies":[{"embeddable":true,"href":"https:\/\/annaetmatteo.com\/blog\/wp-json\/wp\/v2\/comments?post=478"}],"version-history":[{"count":8,"href":"https:\/\/annaetmatteo.com\/blog\/wp-json\/wp\/v2\/posts\/478\/revisions"}],"predecessor-version":[{"id":497,"href":"https:\/\/annaetmatteo.com\/blog\/wp-json\/wp\/v2\/posts\/478\/revisions\/497"}],"wp:featuredmedia":[{"embeddable":true,"href":"https:\/\/annaetmatteo.com\/blog\/wp-json\/wp\/v2\/media\/487"}],"wp:attachment":[{"href":"https:\/\/annaetmatteo.com\/blog\/wp-json\/wp\/v2\/media?parent=478"}],"wp:term":[{"taxonomy":"category","embeddable":true,"href":"https:\/\/annaetmatteo.com\/blog\/wp-json\/wp\/v2\/categories?post=478"},{"taxonomy":"post_tag","embeddable":true,"href":"https:\/\/annaetmatteo.com\/blog\/wp-json\/wp\/v2\/tags?post=478"}],"curies":[{"name":"wp","href":"https:\/\/api.w.org\/{rel}","templated":true}]}}