{"id":439,"date":"2018-09-20T21:21:38","date_gmt":"2018-09-20T19:21:38","guid":{"rendered":"https:\/\/annaetmatteo.com\/blog\/?p=439"},"modified":"2018-09-20T21:26:06","modified_gmt":"2018-09-20T19:26:06","slug":"le-monde-danna-et-matteo-au-salon-baby","status":"publish","type":"post","link":"https:\/\/annaetmatteo.com\/blog\/le-monde-danna-et-matteo-au-salon-baby\/","title":{"rendered":"Le Monde d&rsquo;Anna et Matteo au salon Baby !"},"content":{"rendered":"<h2>Le Monde d&rsquo;Anna et Matteo fait parti des exposants au salon Baby &#8211; Enjoy Family de Paris. Celui-ci se tient du 5 au 7 octobre 2018 \u00e0 Paris Event Center, porte de la Villette. Venez rencontrer l&rsquo;\u00e9quipe !<\/h2>\n<p><!--more--><\/p>\n<p>Envie de voir les cr\u00e9ations du Monde d&rsquo;Anna et Matteo de pr\u00e8s, de les toucher ? Bref, d&rsquo;avoir ce contact qu&rsquo;on ne peut vivre avec une boutique en ligne ? Alors sortez vos agendas, et si vous passez par Paris du 5 au 7 octobre, nous vous accueillerons avec plaisir au salon Baby (Enjoy Family).<\/p>\n<p><img loading=\"lazy\" class=\"alignnone\" src=\"https:\/\/www.enjoyfamily.fr\/wp-content\/uploads\/2018\/09\/Pubsalon.png\" alt=\"Le Monde d'Anna et Matteo au salon Baby Enjoy family\" width=\"940\" height=\"788\" \/><\/p>\n<p>Pour en savoir plus sur l&rsquo;\u00e9v\u00e9nement, notamment les tarifs et l&rsquo;acc\u00e8s \u00e0 l&rsquo;exposition, consultez<span style=\"color: #0000ff;\"> <a style=\"color: #0000ff;\" href=\"https:\/\/www.enjoyfamily.fr\/salon\/salon-baby-paris-event-center\/\" target=\"_blank\" rel=\"noopener\">le site officiel du salon Baby<\/a><\/span>.<\/p>\n<h3>Vos places gratuites au salon Baby !<\/h3>\n<p>Restez connectez \u00e0 notre <span style=\"color: #0000ff;\"><a style=\"color: #0000ff;\" href=\"https:\/\/www.facebook.com\/AnnaEtMatteo\/\" target=\"_blank\" rel=\"noopener\">page Facebook<\/a><\/span> ainsi qu&rsquo;\u00e0 notre<span style=\"color: #0000ff;\"> <a style=\"color: #0000ff;\" href=\"https:\/\/twitter.com\/AnnaEtMatteo\" target=\"_blank\" rel=\"noopener\">compte Twitter<\/a> <\/span>car nous allons, dans les jours qui viennent, mettre en place des concours pour gagner vos places gratuites !<\/p>\n<p>Allez, osons m\u00eame le dire, ce sera \u00e0 partir de ce week-end ! Comme \u00e7a aucune excuse pour ne pas venir nous rencontrer au salon Baby.<\/p>\n<p>Les cr\u00e9ations du Mondes d&rsquo;Anna et Matteo expos\u00e9es incluront des bavoirs bandanas, des gigoteuses, tours de lit, t\u00e9tines personnalisables (sur commande) ou encore des prot\u00e8ges-\u00e9paules. Sur place, vous aurez aussi la possibilit\u00e9 de choisir vos perles pour faire r\u00e9aliser vos colliers de portage et d&rsquo;allaitement, vos attache-t\u00e9tines et attache-doudous ! De quoi ramener un souvenir \u00ab\u00a0fait main\u00a0\u00bb fabriqu\u00e9 directement au salon Baby ! Mais ce n&rsquo;est pas tout, le reste est \u00e0 d\u00e9couvrir sur place, \u00e0 notre stand.<\/p>\n<p>Ah, j&rsquo;entends dire qu&rsquo;il y aurait aussi des r\u00e9ductions sur nos tarifs !<\/p>\n<p>Pour vous faire une id\u00e9e des cr\u00e9ations du Monde d&rsquo;Anna et Matteo, rendez-vous sur le <span style=\"color: #0000ff;\"><a style=\"color: #0000ff;\" href=\"https:\/\/annaetmatteo.com\" target=\"_blank\" rel=\"noopener\">site de notre e-boutique<\/a><\/span>. Et si vous avez une demande sp\u00e9cifique, n&rsquo;h\u00e9sitez pas \u00e0 nous en faire part.<\/p>\n<h4>Ces articles pourraient aussi vous int\u00e9resser :<\/h4>\n<p><span style=\"color: #0000ff;\"><a style=\"color: #0000ff;\" href=\"https:\/\/annaetmatteo.com\/blog\/colliers-de-portage-et-d-allaitement\/\" target=\"_blank\" rel=\"noopener\">Les colliers de portage et d&rsquo;allaitement, c&rsquo;est quoi ?<\/a><\/span><\/p>\n<p><span style=\"color: #0000ff;\"><a style=\"color: #0000ff;\" href=\"https:\/\/annaetmatteo.com\/blog\/gros-plan-sur-les-normes-de-securite\/\" target=\"_blank\" rel=\"noopener\">Gros plan sur la s\u00e9curit\u00e9 de b\u00e9b\u00e9<\/a><\/span><\/p>\n","protected":false},"excerpt":{"rendered":"<p>Le Monde d&rsquo;Anna et Matteo fait parti des exposants au salon Baby &#8211; Enjoy Family de Paris. Celui-ci se tient du 5 au 7 octobre 2018 \u00e0 Paris Event Center, porte de la Villette. Venez rencontrer l&rsquo;\u00e9quipe !<\/p>\n","protected":false},"author":1,"featured_media":446,"comment_status":"open","ping_status":"open","sticky":false,"template":"","format":"standard","meta":[],"categories":[1],"tags":[],"yoast_head":"<!-- This site is optimized with the Yoast SEO plugin v18.0 - https:\/\/yoast.com\/wordpress\/plugins\/seo\/ -->\n<title>Rencontrez Le Monde d&#039;Anna et Matteo au salon Baby de Paris !<\/title>\n<meta name=\"description\" content=\"Du 5 au 7 octobre 2018, venez rencontrer la fondatrice du Monde d&#039;Anna et Matteo au salon Baby - Enjoy Family de Paris (porte de la Villette) !\" \/>\n<meta name=\"robots\" content=\"index, follow, max-snippet:-1, max-image-preview:large, max-video-preview:-1\" \/>\n<link rel=\"canonical\" href=\"https:\/\/annaetmatteo.com\/blog\/le-monde-danna-et-matteo-au-salon-baby\/\" \/>\n<meta property=\"og:locale\" content=\"fr_FR\" \/>\n<meta property=\"og:type\" content=\"article\" \/>\n<meta property=\"og:title\" content=\"Rencontrez Le Monde d&#039;Anna et Matteo au salon Baby de Paris !\" \/>\n<meta property=\"og:description\" content=\"Du 5 au 7 octobre 2018, venez rencontrer la fondatrice du Monde d&#039;Anna et Matteo au salon Baby - Enjoy Family de Paris (porte de la Villette) !\" \/>\n<meta property=\"og:url\" content=\"https:\/\/annaetmatteo.com\/blog\/le-monde-danna-et-matteo-au-salon-baby\/\" \/>\n<meta property=\"og:site_name\" content=\"Blog du Monde d&#039;Anna et Matteo\" \/>\n<meta property=\"article:publisher\" content=\"https:\/\/www.facebook.com\/AnnaEtMatteo\/\" \/>\n<meta property=\"article:author\" content=\"https:\/\/www.facebook.com\/AnnaEtMatteo\/\" \/>\n<meta property=\"article:published_time\" content=\"2018-09-20T19:21:38+00:00\" \/>\n<meta property=\"article:modified_time\" content=\"2018-09-20T19:26:06+00:00\" \/>\n<meta property=\"og:image\" content=\"https:\/\/annaetmatteo.com\/blog\/wp-content\/uploads\/2018\/09\/SALON-BABY-PARIS_3935399244041113736.jpg\" \/>\n\t<meta property=\"og:image:width\" content=\"600\" \/>\n\t<meta property=\"og:image:height\" content=\"687\" \/>\n\t<meta property=\"og:image:type\" content=\"image\/jpeg\" \/>\n<meta name=\"twitter:card\" content=\"summary_large_image\" \/>\n<meta name=\"twitter:creator\" content=\"@AnnaEtMatteo\" \/>\n<meta name=\"twitter:site\" content=\"@AnnaEtMatteo\" \/>\n<meta name=\"twitter:label1\" content=\"\u00c9crit par\" \/>\n\t<meta name=\"twitter:data1\" content=\"M\u00e9lanie &amp; Arnaud | Le Monde d'Anna et Matteo\" \/>\n\t<meta name=\"twitter:label2\" content=\"Dur\u00e9e de lecture estim\u00e9e\" \/>\n\t<meta name=\"twitter:data2\" content=\"2 minutes\" \/>\n<script type=\"application\/ld+json\" class=\"yoast-schema-graph\">{\"@context\":\"https:\/\/schema.org\",\"@graph\":[{\"@type\":\"Organization\",\"@id\":\"https:\/\/annaetmatteo.com\/blog\/#organization\",\"name\":\"Le Monde d'Anna et Matteo\",\"url\":\"https:\/\/annaetmatteo.com\/blog\/\",\"sameAs\":[\"https:\/\/www.facebook.com\/AnnaEtMatteo\/\",\"https:\/\/www.instagram.com\/annaetmatteo\/\",\"https:\/\/www.youtube.com\/channel\/UCSce5n3L_8dmB8yTwbXnCwA\/f\",\"https:\/\/www.pinterest.fr\/AnnaEtMatteo\/\",\"https:\/\/twitter.com\/AnnaEtMatteo\"],\"logo\":{\"@type\":\"ImageObject\",\"@id\":\"https:\/\/annaetmatteo.com\/blog\/#logo\",\"inLanguage\":\"fr-FR\",\"url\":\"https:\/\/annaetmatteo.com\/blog\/wp-content\/uploads\/2018\/04\/rbU69AmF_400x400-1.jpg\",\"contentUrl\":\"https:\/\/annaetmatteo.com\/blog\/wp-content\/uploads\/2018\/04\/rbU69AmF_400x400-1.jpg\",\"width\":240,\"height\":240,\"caption\":\"Le Monde d'Anna et Matteo\"},\"image\":{\"@id\":\"https:\/\/annaetmatteo.com\/blog\/#logo\"}},{\"@type\":\"WebSite\",\"@id\":\"https:\/\/annaetmatteo.com\/blog\/#website\",\"url\":\"https:\/\/annaetmatteo.com\/blog\/\",\"name\":\"Blog du Monde d&#039;Anna et Matteo\",\"description\":\"\",\"publisher\":{\"@id\":\"https:\/\/annaetmatteo.com\/blog\/#organization\"},\"potentialAction\":[{\"@type\":\"SearchAction\",\"target\":{\"@type\":\"EntryPoint\",\"urlTemplate\":\"https:\/\/annaetmatteo.com\/blog\/?s={search_term_string}\"},\"query-input\":\"required name=search_term_string\"}],\"inLanguage\":\"fr-FR\"},{\"@type\":\"ImageObject\",\"@id\":\"https:\/\/annaetmatteo.com\/blog\/le-monde-danna-et-matteo-au-salon-baby\/#primaryimage\",\"inLanguage\":\"fr-FR\",\"url\":\"https:\/\/annaetmatteo.com\/blog\/wp-content\/uploads\/2018\/09\/SALON-BABY-PARIS_3935399244041113736.jpg\",\"contentUrl\":\"https:\/\/annaetmatteo.com\/blog\/wp-content\/uploads\/2018\/09\/SALON-BABY-PARIS_3935399244041113736.jpg\",\"width\":600,\"height\":687,\"caption\":\"salon baby\"},{\"@type\":\"WebPage\",\"@id\":\"https:\/\/annaetmatteo.com\/blog\/le-monde-danna-et-matteo-au-salon-baby\/#webpage\",\"url\":\"https:\/\/annaetmatteo.com\/blog\/le-monde-danna-et-matteo-au-salon-baby\/\",\"name\":\"Rencontrez Le Monde d'Anna et Matteo au salon Baby de Paris !\",\"isPartOf\":{\"@id\":\"https:\/\/annaetmatteo.com\/blog\/#website\"},\"primaryImageOfPage\":{\"@id\":\"https:\/\/annaetmatteo.com\/blog\/le-monde-danna-et-matteo-au-salon-baby\/#primaryimage\"},\"datePublished\":\"2018-09-20T19:21:38+00:00\",\"dateModified\":\"2018-09-20T19:26:06+00:00\",\"description\":\"Du 5 au 7 octobre 2018, venez rencontrer la fondatrice du Monde d'Anna et Matteo au salon Baby - Enjoy Family de Paris (porte de la Villette) !\",\"breadcrumb\":{\"@id\":\"https:\/\/annaetmatteo.com\/blog\/le-monde-danna-et-matteo-au-salon-baby\/#breadcrumb\"},\"inLanguage\":\"fr-FR\",\"potentialAction\":[{\"@type\":\"ReadAction\",\"target\":[\"https:\/\/annaetmatteo.com\/blog\/le-monde-danna-et-matteo-au-salon-baby\/\"]}]},{\"@type\":\"BreadcrumbList\",\"@id\":\"https:\/\/annaetmatteo.com\/blog\/le-monde-danna-et-matteo-au-salon-baby\/#breadcrumb\",\"itemListElement\":[{\"@type\":\"ListItem\",\"position\":1,\"name\":\"Accueil\",\"item\":\"https:\/\/annaetmatteo.com\/blog\/\"},{\"@type\":\"ListItem\",\"position\":2,\"name\":\"Le Monde d&rsquo;Anna et Matteo au salon Baby !\"}]},{\"@type\":\"Article\",\"@id\":\"https:\/\/annaetmatteo.com\/blog\/le-monde-danna-et-matteo-au-salon-baby\/#article\",\"isPartOf\":{\"@id\":\"https:\/\/annaetmatteo.com\/blog\/le-monde-danna-et-matteo-au-salon-baby\/#webpage\"},\"author\":{\"@id\":\"https:\/\/annaetmatteo.com\/blog\/#\/schema\/person\/324a22a04fc2477c15496ba8213c7eab\"},\"headline\":\"Le Monde d&rsquo;Anna et Matteo au salon Baby !\",\"datePublished\":\"2018-09-20T19:21:38+00:00\",\"dateModified\":\"2018-09-20T19:26:06+00:00\",\"mainEntityOfPage\":{\"@id\":\"https:\/\/annaetmatteo.com\/blog\/le-monde-danna-et-matteo-au-salon-baby\/#webpage\"},\"wordCount\":331,\"commentCount\":2,\"publisher\":{\"@id\":\"https:\/\/annaetmatteo.com\/blog\/#organization\"},\"image\":{\"@id\":\"https:\/\/annaetmatteo.com\/blog\/le-monde-danna-et-matteo-au-salon-baby\/#primaryimage\"},\"thumbnailUrl\":\"https:\/\/annaetmatteo.com\/blog\/wp-content\/uploads\/2018\/09\/SALON-BABY-PARIS_3935399244041113736.jpg\",\"inLanguage\":\"fr-FR\",\"potentialAction\":[{\"@type\":\"CommentAction\",\"name\":\"Comment\",\"target\":[\"https:\/\/annaetmatteo.com\/blog\/le-monde-danna-et-matteo-au-salon-baby\/#respond\"]}]},{\"@type\":\"Person\",\"@id\":\"https:\/\/annaetmatteo.com\/blog\/#\/schema\/person\/324a22a04fc2477c15496ba8213c7eab\",\"name\":\"M\u00e9lanie &amp; Arnaud | Le Monde d'Anna et Matteo\",\"image\":{\"@type\":\"ImageObject\",\"@id\":\"https:\/\/annaetmatteo.com\/blog\/#personlogo\",\"inLanguage\":\"fr-FR\",\"url\":\"https:\/\/secure.gravatar.com\/avatar\/3c48cff264353bcb37bf9b52c1b769e7?s=96&d=mm&r=g\",\"contentUrl\":\"https:\/\/secure.gravatar.com\/avatar\/3c48cff264353bcb37bf9b52c1b769e7?s=96&d=mm&r=g\",\"caption\":\"M\u00e9lanie &amp; Arnaud | Le Monde d'Anna et Matteo\"},\"sameAs\":[\"https:\/\/annaetmatteo.com\",\"https:\/\/www.facebook.com\/AnnaEtMatteo\/\",\"https:\/\/twitter.com\/AnnaEtMatteo\"]}]}<\/script>\n<!-- \/ Yoast SEO plugin. -->","yoast_head_json":{"title":"Rencontrez Le Monde d'Anna et Matteo au salon Baby de Paris !","description":"Du 5 au 7 octobre 2018, venez rencontrer la fondatrice du Monde d'Anna et Matteo au salon Baby - Enjoy Family de Paris (porte de la Villette) !","robots":{"index":"index","follow":"follow","max-snippet":"max-snippet:-1","max-image-preview":"max-image-preview:large","max-video-preview":"max-video-preview:-1"},"canonical":"https:\/\/annaetmatteo.com\/blog\/le-monde-danna-et-matteo-au-salon-baby\/","og_locale":"fr_FR","og_type":"article","og_title":"Rencontrez Le Monde d'Anna et Matteo au salon Baby de Paris !","og_description":"Du 5 au 7 octobre 2018, venez rencontrer la fondatrice du Monde d'Anna et Matteo au salon Baby - Enjoy Family de Paris (porte de la Villette) !","og_url":"https:\/\/annaetmatteo.com\/blog\/le-monde-danna-et-matteo-au-salon-baby\/","og_site_name":"Blog du Monde d&#039;Anna et Matteo","article_publisher":"https:\/\/www.facebook.com\/AnnaEtMatteo\/","article_author":"https:\/\/www.facebook.com\/AnnaEtMatteo\/","article_published_time":"2018-09-20T19:21:38+00:00","article_modified_time":"2018-09-20T19:26:06+00:00","og_image":[{"width":600,"height":687,"url":"https:\/\/annaetmatteo.com\/blog\/wp-content\/uploads\/2018\/09\/SALON-BABY-PARIS_3935399244041113736.jpg","type":"image\/jpeg"}],"twitter_card":"summary_large_image","twitter_creator":"@AnnaEtMatteo","twitter_site":"@AnnaEtMatteo","twitter_misc":{"\u00c9crit par":"M\u00e9lanie &amp; Arnaud | Le Monde d'Anna et Matteo","Dur\u00e9e de lecture estim\u00e9e":"2 minutes"},"schema":{"@context":"https:\/\/schema.org","@graph":[{"@type":"Organization","@id":"https:\/\/annaetmatteo.com\/blog\/#organization","name":"Le Monde d'Anna et Matteo","url":"https:\/\/annaetmatteo.com\/blog\/","sameAs":["https:\/\/www.facebook.com\/AnnaEtMatteo\/","https:\/\/www.instagram.com\/annaetmatteo\/","https:\/\/www.youtube.com\/channel\/UCSce5n3L_8dmB8yTwbXnCwA\/f","https:\/\/www.pinterest.fr\/AnnaEtMatteo\/","https:\/\/twitter.com\/AnnaEtMatteo"],"logo":{"@type":"ImageObject","@id":"https:\/\/annaetmatteo.com\/blog\/#logo","inLanguage":"fr-FR","url":"https:\/\/annaetmatteo.com\/blog\/wp-content\/uploads\/2018\/04\/rbU69AmF_400x400-1.jpg","contentUrl":"https:\/\/annaetmatteo.com\/blog\/wp-content\/uploads\/2018\/04\/rbU69AmF_400x400-1.jpg","width":240,"height":240,"caption":"Le Monde d'Anna et Matteo"},"image":{"@id":"https:\/\/annaetmatteo.com\/blog\/#logo"}},{"@type":"WebSite","@id":"https:\/\/annaetmatteo.com\/blog\/#website","url":"https:\/\/annaetmatteo.com\/blog\/","name":"Blog du Monde d&#039;Anna et Matteo","description":"","publisher":{"@id":"https:\/\/annaetmatteo.com\/blog\/#organization"},"potentialAction":[{"@type":"SearchAction","target":{"@type":"EntryPoint","urlTemplate":"https:\/\/annaetmatteo.com\/blog\/?s={search_term_string}"},"query-input":"required name=search_term_string"}],"inLanguage":"fr-FR"},{"@type":"ImageObject","@id":"https:\/\/annaetmatteo.com\/blog\/le-monde-danna-et-matteo-au-salon-baby\/#primaryimage","inLanguage":"fr-FR","url":"https:\/\/annaetmatteo.com\/blog\/wp-content\/uploads\/2018\/09\/SALON-BABY-PARIS_3935399244041113736.jpg","contentUrl":"https:\/\/annaetmatteo.com\/blog\/wp-content\/uploads\/2018\/09\/SALON-BABY-PARIS_3935399244041113736.jpg","width":600,"height":687,"caption":"salon baby"},{"@type":"WebPage","@id":"https:\/\/annaetmatteo.com\/blog\/le-monde-danna-et-matteo-au-salon-baby\/#webpage","url":"https:\/\/annaetmatteo.com\/blog\/le-monde-danna-et-matteo-au-salon-baby\/","name":"Rencontrez Le Monde d'Anna et Matteo au salon Baby de Paris !","isPartOf":{"@id":"https:\/\/annaetmatteo.com\/blog\/#website"},"primaryImageOfPage":{"@id":"https:\/\/annaetmatteo.com\/blog\/le-monde-danna-et-matteo-au-salon-baby\/#primaryimage"},"datePublished":"2018-09-20T19:21:38+00:00","dateModified":"2018-09-20T19:26:06+00:00","description":"Du 5 au 7 octobre 2018, venez rencontrer la fondatrice du Monde d'Anna et Matteo au salon Baby - Enjoy Family de Paris (porte de la Villette) !","breadcrumb":{"@id":"https:\/\/annaetmatteo.com\/blog\/le-monde-danna-et-matteo-au-salon-baby\/#breadcrumb"},"inLanguage":"fr-FR","potentialAction":[{"@type":"ReadAction","target":["https:\/\/annaetmatteo.com\/blog\/le-monde-danna-et-matteo-au-salon-baby\/"]}]},{"@type":"BreadcrumbList","@id":"https:\/\/annaetmatteo.com\/blog\/le-monde-danna-et-matteo-au-salon-baby\/#breadcrumb","itemListElement":[{"@type":"ListItem","position":1,"name":"Accueil","item":"https:\/\/annaetmatteo.com\/blog\/"},{"@type":"ListItem","position":2,"name":"Le Monde d&rsquo;Anna et Matteo au salon Baby !"}]},{"@type":"Article","@id":"https:\/\/annaetmatteo.com\/blog\/le-monde-danna-et-matteo-au-salon-baby\/#article","isPartOf":{"@id":"https:\/\/annaetmatteo.com\/blog\/le-monde-danna-et-matteo-au-salon-baby\/#webpage"},"author":{"@id":"https:\/\/annaetmatteo.com\/blog\/#\/schema\/person\/324a22a04fc2477c15496ba8213c7eab"},"headline":"Le Monde d&rsquo;Anna et Matteo au salon Baby !","datePublished":"2018-09-20T19:21:38+00:00","dateModified":"2018-09-20T19:26:06+00:00","mainEntityOfPage":{"@id":"https:\/\/annaetmatteo.com\/blog\/le-monde-danna-et-matteo-au-salon-baby\/#webpage"},"wordCount":331,"commentCount":2,"publisher":{"@id":"https:\/\/annaetmatteo.com\/blog\/#organization"},"image":{"@id":"https:\/\/annaetmatteo.com\/blog\/le-monde-danna-et-matteo-au-salon-baby\/#primaryimage"},"thumbnailUrl":"https:\/\/annaetmatteo.com\/blog\/wp-content\/uploads\/2018\/09\/SALON-BABY-PARIS_3935399244041113736.jpg","inLanguage":"fr-FR","potentialAction":[{"@type":"CommentAction","name":"Comment","target":["https:\/\/annaetmatteo.com\/blog\/le-monde-danna-et-matteo-au-salon-baby\/#respond"]}]},{"@type":"Person","@id":"https:\/\/annaetmatteo.com\/blog\/#\/schema\/person\/324a22a04fc2477c15496ba8213c7eab","name":"M\u00e9lanie &amp; Arnaud | Le Monde d'Anna et Matteo","image":{"@type":"ImageObject","@id":"https:\/\/annaetmatteo.com\/blog\/#personlogo","inLanguage":"fr-FR","url":"https:\/\/secure.gravatar.com\/avatar\/3c48cff264353bcb37bf9b52c1b769e7?s=96&d=mm&r=g","contentUrl":"https:\/\/secure.gravatar.com\/avatar\/3c48cff264353bcb37bf9b52c1b769e7?s=96&d=mm&r=g","caption":"M\u00e9lanie &amp; Arnaud | Le Monde d'Anna et Matteo"},"sameAs":["https:\/\/annaetmatteo.com","https:\/\/www.facebook.com\/AnnaEtMatteo\/","https:\/\/twitter.com\/AnnaEtMatteo"]}]}},"_links":{"self":[{"href":"https:\/\/annaetmatteo.com\/blog\/wp-json\/wp\/v2\/posts\/439"}],"collection":[{"href":"https:\/\/annaetmatteo.com\/blog\/wp-json\/wp\/v2\/posts"}],"about":[{"href":"https:\/\/annaetmatteo.com\/blog\/wp-json\/wp\/v2\/types\/post"}],"author":[{"embeddable":true,"href":"https:\/\/annaetmatteo.com\/blog\/wp-json\/wp\/v2\/users\/1"}],"replies":[{"embeddable":true,"href":"https:\/\/annaetmatteo.com\/blog\/wp-json\/wp\/v2\/comments?post=439"}],"version-history":[{"count":6,"href":"https:\/\/annaetmatteo.com\/blog\/wp-json\/wp\/v2\/posts\/439\/revisions"}],"predecessor-version":[{"id":445,"href":"https:\/\/annaetmatteo.com\/blog\/wp-json\/wp\/v2\/posts\/439\/revisions\/445"}],"wp:featuredmedia":[{"embeddable":true,"href":"https:\/\/annaetmatteo.com\/blog\/wp-json\/wp\/v2\/media\/446"}],"wp:attachment":[{"href":"https:\/\/annaetmatteo.com\/blog\/wp-json\/wp\/v2\/media?parent=439"}],"wp:term":[{"taxonomy":"category","embeddable":true,"href":"https:\/\/annaetmatteo.com\/blog\/wp-json\/wp\/v2\/categories?post=439"},{"taxonomy":"post_tag","embeddable":true,"href":"https:\/\/annaetmatteo.com\/blog\/wp-json\/wp\/v2\/tags?post=439"}],"curies":[{"name":"wp","href":"https:\/\/api.w.org\/{rel}","templated":true}]}}