{"id":399,"date":"2018-08-23T19:05:18","date_gmt":"2018-08-23T17:05:18","guid":{"rendered":"https:\/\/annaetmatteo.com\/blog\/?p=399"},"modified":"2018-08-24T10:37:25","modified_gmt":"2018-08-24T08:37:25","slug":"parc-asterix-en-famille","status":"publish","type":"post","link":"https:\/\/annaetmatteo.com\/blog\/parc-asterix-en-famille\/","title":{"rendered":"Une visite en famille au Parc Ast\u00e9rix"},"content":{"rendered":"<h2>Le Parc Ast\u00e9rix, terre des irr\u00e9ductibles Gaulois face au g\u00e9ant Disneyland Paris. Apr\u00e8s de longues ann\u00e9es, nous voici de retour dans ce lieu de distraction au Nord de la capitale. D\u00e9couvrez nos impressions !<\/h2>\n<p><!--more--><\/p>\n<p>Nous avons profit\u00e9 du soleil d&rsquo;ao\u00fbt pour red\u00e9couvrir le Parc Ast\u00e9rix. Car il n&rsquo;y a pas que Disneyland Paris dans la vie ! Plus de 10 ans apr\u00e8s nos derni\u00e8res visites, nous avons particuli\u00e8rement ador\u00e9, ainsi que notre fils Mathieu dont c&rsquo;\u00e9tait le cadeau d&rsquo;anniversaire (en retard).<\/p>\n<p>L&rsquo;accueil dans le parc s&rsquo;est imm\u00e9diatement r\u00e9v\u00e9l\u00e9 amical. L&rsquo;ambiance y semble plus familiale, plus d\u00e9tendue et moins touristique. \u00c9tait-ce d\u00fb \u00e0 notre passage en pleine semaine et en plein mois d&rsquo;ao\u00fbt ? Toujours est-il que les files d&rsquo;attente de 5-10 minutes seulement, cela fait un bien fou ! Au cours de cette journ\u00e9e, seules quelques attractions ont atteint les 45 minutes.<\/p>\n<figure id=\"attachment_404\" aria-describedby=\"caption-attachment-404\" style=\"width: 1000px\" class=\"wp-caption aligncenter\"><img loading=\"lazy\" class=\"size-full wp-image-404\" src=\"https:\/\/annaetmatteo.com\/blog\/wp-content\/uploads\/2018\/08\/DSC_0380.jpg\" alt=\"Romus et Rapidus parc Ast\u00e9rix\" width=\"1000\" height=\"750\" srcset=\"https:\/\/annaetmatteo.com\/blog\/wp-content\/uploads\/2018\/08\/DSC_0380.jpg 1000w, https:\/\/annaetmatteo.com\/blog\/wp-content\/uploads\/2018\/08\/DSC_0380-300x225.jpg 300w, https:\/\/annaetmatteo.com\/blog\/wp-content\/uploads\/2018\/08\/DSC_0380-768x576.jpg 768w\" sizes=\"(max-width: 767px) 89vw, (max-width: 1000px) 54vw, (max-width: 1071px) 543px, 580px\" \/><figcaption id=\"caption-attachment-404\" class=\"wp-caption-text\">Mathieu ne fait pas le fier dans Romus et Rapidus&#8230;<\/figcaption><\/figure>\n<h3>Des spectacles vari\u00e9s !<\/h3>\n<p>Certes moins exub\u00e9rant et flashy qu&rsquo;un Disneyland qui en met plein les yeux, j&rsquo;ai l&rsquo;impression que le Parc Ast\u00e9rix offre un environnement plus soign\u00e9 que dans mes souvenirs. Au fil de la journ\u00e9e, les annonces de spectacles se succ\u00e8dent. Dans le bassin du Th\u00e9\u00e2tre de Pos\u00e9idon, otaries et dauphins font leur show.\u00a0 Ils sont tout simplement \u00e9blouissants ! Mention sp\u00e9ciales aux otaries dansantes.<\/p>\n<p>Direction ensuite le spectacle \u00ab\u00a0Main Basse sur la Joconde\u00a0\u00bb riche en cascades mais un peu d\u00e9cousu. Comme s&rsquo;il manquait une ligne directrice \u00e0 une histoire \u00e9clips\u00e9e par une volont\u00e9 de jouer trop la carte du spectaculaire.<\/p>\n<p>Nous n&rsquo;avons pas vu les autres spectacles, car Ast\u00e9rix c&rsquo;est aussi le temple des man\u00e8ges. Et sur ce point, la vari\u00e9t\u00e9 est au rendez-vous !<\/p>\n<p><center><iframe loading=\"lazy\" src=\"https:\/\/www.youtube.com\/embed\/9WQ7TvQSMC4?rel=0\" width=\"560\" height=\"315\" frameborder=\"0\" allowfullscreen=\"allowfullscreen\"><\/iframe><\/center><\/p>\n<h3>Des attractions pour tous !<\/h3>\n<p>Dans le Jardin d&rsquo;Id\u00e9fix, les plus petits sont dans leur monde. Balade en train, en petits bateaux mais aussi classique terrain de jeu avec ses \u00e9chelles de corde et autres obstacles placent le Parc Ast\u00e9rix sur un cr\u00e9neau diff\u00e9rent de son rival am\u00e9ricain. Il me semble que les plus jeunes ont un choix plus vari\u00e9s.<\/p>\n<div id='gallery-1' class='gallery galleryid-399 gallery-columns-3 gallery-size-medium'><figure class='gallery-item'>\n\t\t\t<div class='gallery-icon landscape'>\n\t\t\t\t<a href='https:\/\/annaetmatteo.com\/blog\/parc-asterix-en-famille\/dsc_0376\/'><img width=\"300\" height=\"225\" src=\"https:\/\/annaetmatteo.com\/blog\/wp-content\/uploads\/2018\/08\/DSC_0376-300x225.jpg\" class=\"attachment-medium size-medium\" alt=\"entr\u00e9e du parc Ast\u00e9rix\" loading=\"lazy\" aria-describedby=\"gallery-1-405\" srcset=\"https:\/\/annaetmatteo.com\/blog\/wp-content\/uploads\/2018\/08\/DSC_0376-300x225.jpg 300w, https:\/\/annaetmatteo.com\/blog\/wp-content\/uploads\/2018\/08\/DSC_0376-768x576.jpg 768w, https:\/\/annaetmatteo.com\/blog\/wp-content\/uploads\/2018\/08\/DSC_0376.jpg 1000w\" sizes=\"100vw\" \/><\/a>\n\t\t\t<\/div>\n\t\t\t\t<figcaption class='wp-caption-text gallery-caption' id='gallery-1-405'>\n\t\t\t\tL&rsquo;entr\u00e9e du Parc Ast\u00e9rix\n\t\t\t\t<\/figcaption><\/figure><figure class='gallery-item'>\n\t\t\t<div class='gallery-icon portrait'>\n\t\t\t\t<a href='https:\/\/annaetmatteo.com\/blog\/parc-asterix-en-famille\/dsc_0381\/'><img width=\"225\" height=\"300\" src=\"https:\/\/annaetmatteo.com\/blog\/wp-content\/uploads\/2018\/08\/DSC_0381-225x300.jpg\" class=\"attachment-medium size-medium\" alt=\"Ast\u00e9rix sur son rocher\" loading=\"lazy\" aria-describedby=\"gallery-1-406\" srcset=\"https:\/\/annaetmatteo.com\/blog\/wp-content\/uploads\/2018\/08\/DSC_0381-225x300.jpg 225w, https:\/\/annaetmatteo.com\/blog\/wp-content\/uploads\/2018\/08\/DSC_0381-768x1024.jpg 768w, https:\/\/annaetmatteo.com\/blog\/wp-content\/uploads\/2018\/08\/DSC_0381.jpg 1000w\" sizes=\"100vw\" \/><\/a>\n\t\t\t<\/div>\n\t\t\t\t<figcaption class='wp-caption-text gallery-caption' id='gallery-1-406'>\n\t\t\t\tTiens, un Gaulois perch\u00e9 : il va faire beau.\n\t\t\t\t<\/figcaption><\/figure><figure class='gallery-item'>\n\t\t\t<div class='gallery-icon landscape'>\n\t\t\t\t<a href='https:\/\/annaetmatteo.com\/blog\/parc-asterix-en-famille\/dsc_0384\/'><img width=\"300\" height=\"225\" src=\"https:\/\/annaetmatteo.com\/blog\/wp-content\/uploads\/2018\/08\/DSC_0384-300x225.jpg\" class=\"attachment-medium size-medium\" alt=\"Abraracourcix et les irr\u00e9ductibles Gaulois du Parc Ast\u00e9rix\" loading=\"lazy\" aria-describedby=\"gallery-1-407\" srcset=\"https:\/\/annaetmatteo.com\/blog\/wp-content\/uploads\/2018\/08\/DSC_0384-300x225.jpg 300w, https:\/\/annaetmatteo.com\/blog\/wp-content\/uploads\/2018\/08\/DSC_0384-768x576.jpg 768w, https:\/\/annaetmatteo.com\/blog\/wp-content\/uploads\/2018\/08\/DSC_0384.jpg 1000w\" sizes=\"100vw\" \/><\/a>\n\t\t\t<\/div>\n\t\t\t\t<figcaption class='wp-caption-text gallery-caption' id='gallery-1-407'>\n\t\t\t\tIrr\u00e9ductibles Gaulois !\n\t\t\t\t<\/figcaption><\/figure>\n\t\t<\/div>\n\n<p>Pour les plus grands, le Menhir Express ou Romus et Rapidus assurent de belles descentes, mais aussi beaucoup d&rsquo;eau. Sans oublier le Grand Splash au registre des attractions qui mouillent !<\/p>\n<p>Plus loin, Nationale 7 permet une promenade en tacots qui plait aux plus petits et \u00e9veillera pas mal de nostalgie aux amateurs de cette c\u00e9l\u00e8bre route.<\/p>\n<h3>Sensations fortes !<\/h3>\n<p>Le Parc Ast\u00e9rix, c&rsquo;est aussi le monde des \u00e9motions fortes avec Goudurix et Tonnerre de Zeus. Ne vous y trompez pas, si le second n&rsquo;a pas de looping, je le trouve bien plus impressionnant avec ses successions de descentes qui ram\u00e8nent vos intestins au niveau de votre langue.<\/p>\n<figure id=\"attachment_409\" aria-describedby=\"caption-attachment-409\" style=\"width: 1000px\" class=\"wp-caption aligncenter\"><img loading=\"lazy\" class=\"size-full wp-image-409\" src=\"https:\/\/annaetmatteo.com\/blog\/wp-content\/uploads\/2018\/08\/parc-asterix-7.jpeg\" alt=\"Parc Ast\u00e9rix\" width=\"1000\" height=\"750\" srcset=\"https:\/\/annaetmatteo.com\/blog\/wp-content\/uploads\/2018\/08\/parc-asterix-7.jpeg 1000w, https:\/\/annaetmatteo.com\/blog\/wp-content\/uploads\/2018\/08\/parc-asterix-7-300x225.jpeg 300w, https:\/\/annaetmatteo.com\/blog\/wp-content\/uploads\/2018\/08\/parc-asterix-7-768x576.jpeg 768w\" sizes=\"(max-width: 767px) 89vw, (max-width: 1000px) 54vw, (max-width: 1071px) 543px, 580px\" \/><figcaption id=\"caption-attachment-409\" class=\"wp-caption-text\">Un peu de calme pour ceux qui n&rsquo;aiment pas avoir la t\u00eate en bas.<\/figcaption><\/figure>\n<p>Avec pas mal de craintes, direction OzIris que je n&rsquo;avais jamais test\u00e9. Ici, les rails sont au-dessus de vos t\u00eates, et vos pieds dans le vide&#8230; La peur c\u00e8de rapidement la place \u00e0 un plaisir d\u00e9mesur\u00e9. Bien que plus impressionnant que Goudurix, le man\u00e8ge est plus moderne, vibre beaucoup moins ce qui accentue l&rsquo;impression de glisser dans les cieux. A titre personnel, c&rsquo;est pour moi la plus formidable montagne russe que je n&rsquo;ai jamais test\u00e9e !\u00a0 A la sortie c&rsquo;est avec un sourire b\u00e9at que madame (courageusement rest\u00e9e en retrait) me r\u00e9cup\u00e8re.<\/p>\n<h3>Le prix des repas<\/h3>\n<p>Evidemment, on ne peut pas parler de nourriture \u00ab\u00a0pas ch\u00e8re\u00a0\u00bb. Mais en comparaison avec le monde de la souris am\u00e9ricaine, les diff\u00e9rents points de restauration s&rsquo;av\u00e8rent plus accessibles. Que ce soit pour les sandwicheries comme pour la restauration assise. Un hot dog dans de la vraie baguette, c&rsquo;est aussi bien mieux ! Donc qualitativement, on est un cran au-dessus de Disneyland.<\/p>\n<figure id=\"attachment_408\" aria-describedby=\"caption-attachment-408\" style=\"width: 750px\" class=\"wp-caption aligncenter\"><img loading=\"lazy\" class=\"wp-image-408 size-full\" src=\"https:\/\/annaetmatteo.com\/blog\/wp-content\/uploads\/2018\/08\/parc-asterix-5-e1535043122985.jpeg\" alt=\"Ast\u00e9rix et Ob\u00e9lix portant un menhir\" width=\"750\" height=\"1000\" srcset=\"https:\/\/annaetmatteo.com\/blog\/wp-content\/uploads\/2018\/08\/parc-asterix-5-e1535043122985.jpeg 750w, https:\/\/annaetmatteo.com\/blog\/wp-content\/uploads\/2018\/08\/parc-asterix-5-e1535043122985-225x300.jpeg 225w\" sizes=\"(max-width: 706px) 89vw, (max-width: 767px) 82vw, 740px\" \/><figcaption id=\"caption-attachment-408\" class=\"wp-caption-text\">Ca vous dit un p&rsquo;tit menhir en souvenir ?<\/figcaption><\/figure>\n<p>Les tarifs des produits d\u00e9riv\u00e9s sont \u00e9galement un peu plus bas. M\u00eame s&rsquo;il faut reconna\u00eetre un choix moins vaste.<\/p>\n<p>Le bilan de cette journ\u00e9e est plus que positif. Le Parc Ast\u00e9rix garde son c\u00f4t\u00e9 plus familial, on s&rsquo;y sent plus d\u00e9contract\u00e9. Mais surtout les man\u00e8ges s&rsquo;y r\u00e9v\u00e8lent plus vari\u00e9s. D\u00e9cid\u00e9ment, les irr\u00e9ductibles Gaulois r\u00e9sistent toujours et encore \u00e0 l&rsquo;envahisseur !<\/p>\n<h4>Ces articles pourraient aussi vous int\u00e9resser<\/h4>\n<p><span style=\"color: #0000ff;\"><a style=\"color: #0000ff;\" href=\"https:\/\/annaetmatteo.com\/blog\/un-noel-ou-presque-a-disneyland-paris\/\" target=\"_blank\" rel=\"noopener\">Un No\u00ebl (ou presque) \u00e0 Disneyland Paris<\/a><\/span><\/p>\n<p><span style=\"color: #0000ff;\"><a style=\"color: #0000ff;\" href=\"https:\/\/annaetmatteo.com\/blog\/critique-disney-sur-glace-le-voyage-imaginaire\/\" target=\"_blank\" rel=\"noopener\">Critique : Disney sur Glace &#8211; Le Voyage imaginaire<\/a><\/span><\/p>\n<p><span style=\"color: #0000ff;\"><a style=\"color: #0000ff;\" href=\"https:\/\/annaetmatteo.com\/blog\/parc-zoologique-de-paris\/\" target=\"_blank\" rel=\"noopener\">Parc zoologique de Paris : une visite en famille<\/a><\/span><\/p>\n","protected":false},"excerpt":{"rendered":"<p>Le Parc Ast\u00e9rix, terre des irr\u00e9ductibles Gaulois face au g\u00e9ant Disneyland Paris. Apr\u00e8s de longues ann\u00e9es, nous voici de retour dans ce lieu de distraction au Nord de la capitale. D\u00e9couvrez nos impressions !<\/p>\n","protected":false},"author":1,"featured_media":403,"comment_status":"open","ping_status":"open","sticky":false,"template":"","format":"standard","meta":[],"categories":[1],"tags":[],"yoast_head":"<!-- This site is optimized with the Yoast SEO plugin v18.0 - https:\/\/yoast.com\/wordpress\/plugins\/seo\/ -->\n<title>Visite en famille au Parc Ast\u00e9rix : d\u00e9couvrez notre irr\u00e9ductible avis !<\/title>\n<meta name=\"description\" content=\"Retour au Parc Ast\u00e9rix apr\u00e8s plusieurs ann\u00e9es. Et quel plaisir de red\u00e9couvrir ce parc d&#039;attractions qui r\u00e9siste toujours et encore \u00e0 la souris de Disney !\" \/>\n<meta name=\"robots\" content=\"index, follow, max-snippet:-1, max-image-preview:large, max-video-preview:-1\" \/>\n<link rel=\"canonical\" href=\"https:\/\/annaetmatteo.com\/blog\/parc-asterix-en-famille\/\" \/>\n<meta property=\"og:locale\" content=\"fr_FR\" \/>\n<meta property=\"og:type\" content=\"article\" \/>\n<meta property=\"og:title\" content=\"Visite en famille au Parc Ast\u00e9rix : d\u00e9couvrez notre irr\u00e9ductible avis !\" \/>\n<meta property=\"og:description\" content=\"Retour au Parc Ast\u00e9rix apr\u00e8s plusieurs ann\u00e9es. Et quel plaisir de red\u00e9couvrir ce parc d&#039;attractions qui r\u00e9siste toujours et encore \u00e0 la souris de Disney !\" \/>\n<meta property=\"og:url\" content=\"https:\/\/annaetmatteo.com\/blog\/parc-asterix-en-famille\/\" \/>\n<meta property=\"og:site_name\" content=\"Blog du Monde d&#039;Anna et Matteo\" \/>\n<meta property=\"article:publisher\" content=\"https:\/\/www.facebook.com\/AnnaEtMatteo\/\" \/>\n<meta property=\"article:author\" content=\"https:\/\/www.facebook.com\/AnnaEtMatteo\/\" \/>\n<meta property=\"article:published_time\" content=\"2018-08-23T17:05:18+00:00\" \/>\n<meta property=\"article:modified_time\" content=\"2018-08-24T08:37:25+00:00\" \/>\n<meta property=\"og:image\" content=\"https:\/\/annaetmatteo.com\/blog\/wp-content\/uploads\/2018\/08\/bandeau-ast\u00e9rix.jpg\" \/>\n\t<meta property=\"og:image:width\" content=\"1000\" \/>\n\t<meta property=\"og:image:height\" content=\"400\" \/>\n\t<meta property=\"og:image:type\" content=\"image\/jpeg\" \/>\n<meta name=\"twitter:card\" content=\"summary_large_image\" \/>\n<meta name=\"twitter:creator\" content=\"@AnnaEtMatteo\" \/>\n<meta name=\"twitter:site\" content=\"@AnnaEtMatteo\" \/>\n<meta name=\"twitter:label1\" content=\"\u00c9crit par\" \/>\n\t<meta name=\"twitter:data1\" content=\"M\u00e9lanie &amp; Arnaud | Le Monde d'Anna et Matteo\" \/>\n\t<meta name=\"twitter:label2\" content=\"Dur\u00e9e de lecture estim\u00e9e\" \/>\n\t<meta name=\"twitter:data2\" content=\"4 minutes\" \/>\n<script type=\"application\/ld+json\" class=\"yoast-schema-graph\">{\"@context\":\"https:\/\/schema.org\",\"@graph\":[{\"@type\":\"Organization\",\"@id\":\"https:\/\/annaetmatteo.com\/blog\/#organization\",\"name\":\"Le Monde d'Anna et Matteo\",\"url\":\"https:\/\/annaetmatteo.com\/blog\/\",\"sameAs\":[\"https:\/\/www.facebook.com\/AnnaEtMatteo\/\",\"https:\/\/www.instagram.com\/annaetmatteo\/\",\"https:\/\/www.youtube.com\/channel\/UCSce5n3L_8dmB8yTwbXnCwA\/f\",\"https:\/\/www.pinterest.fr\/AnnaEtMatteo\/\",\"https:\/\/twitter.com\/AnnaEtMatteo\"],\"logo\":{\"@type\":\"ImageObject\",\"@id\":\"https:\/\/annaetmatteo.com\/blog\/#logo\",\"inLanguage\":\"fr-FR\",\"url\":\"https:\/\/annaetmatteo.com\/blog\/wp-content\/uploads\/2018\/04\/rbU69AmF_400x400-1.jpg\",\"contentUrl\":\"https:\/\/annaetmatteo.com\/blog\/wp-content\/uploads\/2018\/04\/rbU69AmF_400x400-1.jpg\",\"width\":240,\"height\":240,\"caption\":\"Le Monde d'Anna et Matteo\"},\"image\":{\"@id\":\"https:\/\/annaetmatteo.com\/blog\/#logo\"}},{\"@type\":\"WebSite\",\"@id\":\"https:\/\/annaetmatteo.com\/blog\/#website\",\"url\":\"https:\/\/annaetmatteo.com\/blog\/\",\"name\":\"Blog du Monde d&#039;Anna et Matteo\",\"description\":\"\",\"publisher\":{\"@id\":\"https:\/\/annaetmatteo.com\/blog\/#organization\"},\"potentialAction\":[{\"@type\":\"SearchAction\",\"target\":{\"@type\":\"EntryPoint\",\"urlTemplate\":\"https:\/\/annaetmatteo.com\/blog\/?s={search_term_string}\"},\"query-input\":\"required name=search_term_string\"}],\"inLanguage\":\"fr-FR\"},{\"@type\":\"ImageObject\",\"@id\":\"https:\/\/annaetmatteo.com\/blog\/parc-asterix-en-famille\/#primaryimage\",\"inLanguage\":\"fr-FR\",\"url\":\"https:\/\/annaetmatteo.com\/blog\/wp-content\/uploads\/2018\/08\/bandeau-ast\u00e9rix.jpg\",\"contentUrl\":\"https:\/\/annaetmatteo.com\/blog\/wp-content\/uploads\/2018\/08\/bandeau-ast\u00e9rix.jpg\",\"width\":1000,\"height\":400,\"caption\":\"parc ast\u00e9rix visite en famille abraracourcix et les gaulois\"},{\"@type\":\"WebPage\",\"@id\":\"https:\/\/annaetmatteo.com\/blog\/parc-asterix-en-famille\/#webpage\",\"url\":\"https:\/\/annaetmatteo.com\/blog\/parc-asterix-en-famille\/\",\"name\":\"Visite en famille au Parc Ast\u00e9rix : d\u00e9couvrez notre irr\u00e9ductible avis !\",\"isPartOf\":{\"@id\":\"https:\/\/annaetmatteo.com\/blog\/#website\"},\"primaryImageOfPage\":{\"@id\":\"https:\/\/annaetmatteo.com\/blog\/parc-asterix-en-famille\/#primaryimage\"},\"datePublished\":\"2018-08-23T17:05:18+00:00\",\"dateModified\":\"2018-08-24T08:37:25+00:00\",\"description\":\"Retour au Parc Ast\u00e9rix apr\u00e8s plusieurs ann\u00e9es. Et quel plaisir de red\u00e9couvrir ce parc d'attractions qui r\u00e9siste toujours et encore \u00e0 la souris de Disney !\",\"breadcrumb\":{\"@id\":\"https:\/\/annaetmatteo.com\/blog\/parc-asterix-en-famille\/#breadcrumb\"},\"inLanguage\":\"fr-FR\",\"potentialAction\":[{\"@type\":\"ReadAction\",\"target\":[\"https:\/\/annaetmatteo.com\/blog\/parc-asterix-en-famille\/\"]}]},{\"@type\":\"BreadcrumbList\",\"@id\":\"https:\/\/annaetmatteo.com\/blog\/parc-asterix-en-famille\/#breadcrumb\",\"itemListElement\":[{\"@type\":\"ListItem\",\"position\":1,\"name\":\"Accueil\",\"item\":\"https:\/\/annaetmatteo.com\/blog\/\"},{\"@type\":\"ListItem\",\"position\":2,\"name\":\"Une visite en famille au Parc Ast\u00e9rix\"}]},{\"@type\":\"Article\",\"@id\":\"https:\/\/annaetmatteo.com\/blog\/parc-asterix-en-famille\/#article\",\"isPartOf\":{\"@id\":\"https:\/\/annaetmatteo.com\/blog\/parc-asterix-en-famille\/#webpage\"},\"author\":{\"@id\":\"https:\/\/annaetmatteo.com\/blog\/#\/schema\/person\/324a22a04fc2477c15496ba8213c7eab\"},\"headline\":\"Une visite en famille au Parc Ast\u00e9rix\",\"datePublished\":\"2018-08-23T17:05:18+00:00\",\"dateModified\":\"2018-08-24T08:37:25+00:00\",\"mainEntityOfPage\":{\"@id\":\"https:\/\/annaetmatteo.com\/blog\/parc-asterix-en-famille\/#webpage\"},\"wordCount\":802,\"commentCount\":1,\"publisher\":{\"@id\":\"https:\/\/annaetmatteo.com\/blog\/#organization\"},\"image\":{\"@id\":\"https:\/\/annaetmatteo.com\/blog\/parc-asterix-en-famille\/#primaryimage\"},\"thumbnailUrl\":\"https:\/\/annaetmatteo.com\/blog\/wp-content\/uploads\/2018\/08\/bandeau-ast\u00e9rix.jpg\",\"inLanguage\":\"fr-FR\",\"potentialAction\":[{\"@type\":\"CommentAction\",\"name\":\"Comment\",\"target\":[\"https:\/\/annaetmatteo.com\/blog\/parc-asterix-en-famille\/#respond\"]}]},{\"@type\":\"Person\",\"@id\":\"https:\/\/annaetmatteo.com\/blog\/#\/schema\/person\/324a22a04fc2477c15496ba8213c7eab\",\"name\":\"M\u00e9lanie &amp; Arnaud | Le Monde d'Anna et Matteo\",\"image\":{\"@type\":\"ImageObject\",\"@id\":\"https:\/\/annaetmatteo.com\/blog\/#personlogo\",\"inLanguage\":\"fr-FR\",\"url\":\"https:\/\/secure.gravatar.com\/avatar\/3c48cff264353bcb37bf9b52c1b769e7?s=96&d=mm&r=g\",\"contentUrl\":\"https:\/\/secure.gravatar.com\/avatar\/3c48cff264353bcb37bf9b52c1b769e7?s=96&d=mm&r=g\",\"caption\":\"M\u00e9lanie &amp; Arnaud | Le Monde d'Anna et Matteo\"},\"sameAs\":[\"https:\/\/annaetmatteo.com\",\"https:\/\/www.facebook.com\/AnnaEtMatteo\/\",\"https:\/\/twitter.com\/AnnaEtMatteo\"]}]}<\/script>\n<!-- \/ Yoast SEO plugin. -->","yoast_head_json":{"title":"Visite en famille au Parc Ast\u00e9rix : d\u00e9couvrez notre irr\u00e9ductible avis !","description":"Retour au Parc Ast\u00e9rix apr\u00e8s plusieurs ann\u00e9es. Et quel plaisir de red\u00e9couvrir ce parc d'attractions qui r\u00e9siste toujours et encore \u00e0 la souris de Disney !","robots":{"index":"index","follow":"follow","max-snippet":"max-snippet:-1","max-image-preview":"max-image-preview:large","max-video-preview":"max-video-preview:-1"},"canonical":"https:\/\/annaetmatteo.com\/blog\/parc-asterix-en-famille\/","og_locale":"fr_FR","og_type":"article","og_title":"Visite en famille au Parc Ast\u00e9rix : d\u00e9couvrez notre irr\u00e9ductible avis !","og_description":"Retour au Parc Ast\u00e9rix apr\u00e8s plusieurs ann\u00e9es. Et quel plaisir de red\u00e9couvrir ce parc d'attractions qui r\u00e9siste toujours et encore \u00e0 la souris de Disney !","og_url":"https:\/\/annaetmatteo.com\/blog\/parc-asterix-en-famille\/","og_site_name":"Blog du Monde d&#039;Anna et Matteo","article_publisher":"https:\/\/www.facebook.com\/AnnaEtMatteo\/","article_author":"https:\/\/www.facebook.com\/AnnaEtMatteo\/","article_published_time":"2018-08-23T17:05:18+00:00","article_modified_time":"2018-08-24T08:37:25+00:00","og_image":[{"width":1000,"height":400,"url":"https:\/\/annaetmatteo.com\/blog\/wp-content\/uploads\/2018\/08\/bandeau-ast\u00e9rix.jpg","type":"image\/jpeg"}],"twitter_card":"summary_large_image","twitter_creator":"@AnnaEtMatteo","twitter_site":"@AnnaEtMatteo","twitter_misc":{"\u00c9crit par":"M\u00e9lanie &amp; Arnaud | Le Monde d'Anna et Matteo","Dur\u00e9e de lecture estim\u00e9e":"4 minutes"},"schema":{"@context":"https:\/\/schema.org","@graph":[{"@type":"Organization","@id":"https:\/\/annaetmatteo.com\/blog\/#organization","name":"Le Monde d'Anna et Matteo","url":"https:\/\/annaetmatteo.com\/blog\/","sameAs":["https:\/\/www.facebook.com\/AnnaEtMatteo\/","https:\/\/www.instagram.com\/annaetmatteo\/","https:\/\/www.youtube.com\/channel\/UCSce5n3L_8dmB8yTwbXnCwA\/f","https:\/\/www.pinterest.fr\/AnnaEtMatteo\/","https:\/\/twitter.com\/AnnaEtMatteo"],"logo":{"@type":"ImageObject","@id":"https:\/\/annaetmatteo.com\/blog\/#logo","inLanguage":"fr-FR","url":"https:\/\/annaetmatteo.com\/blog\/wp-content\/uploads\/2018\/04\/rbU69AmF_400x400-1.jpg","contentUrl":"https:\/\/annaetmatteo.com\/blog\/wp-content\/uploads\/2018\/04\/rbU69AmF_400x400-1.jpg","width":240,"height":240,"caption":"Le Monde d'Anna et Matteo"},"image":{"@id":"https:\/\/annaetmatteo.com\/blog\/#logo"}},{"@type":"WebSite","@id":"https:\/\/annaetmatteo.com\/blog\/#website","url":"https:\/\/annaetmatteo.com\/blog\/","name":"Blog du Monde d&#039;Anna et Matteo","description":"","publisher":{"@id":"https:\/\/annaetmatteo.com\/blog\/#organization"},"potentialAction":[{"@type":"SearchAction","target":{"@type":"EntryPoint","urlTemplate":"https:\/\/annaetmatteo.com\/blog\/?s={search_term_string}"},"query-input":"required name=search_term_string"}],"inLanguage":"fr-FR"},{"@type":"ImageObject","@id":"https:\/\/annaetmatteo.com\/blog\/parc-asterix-en-famille\/#primaryimage","inLanguage":"fr-FR","url":"https:\/\/annaetmatteo.com\/blog\/wp-content\/uploads\/2018\/08\/bandeau-ast\u00e9rix.jpg","contentUrl":"https:\/\/annaetmatteo.com\/blog\/wp-content\/uploads\/2018\/08\/bandeau-ast\u00e9rix.jpg","width":1000,"height":400,"caption":"parc ast\u00e9rix visite en famille abraracourcix et les gaulois"},{"@type":"WebPage","@id":"https:\/\/annaetmatteo.com\/blog\/parc-asterix-en-famille\/#webpage","url":"https:\/\/annaetmatteo.com\/blog\/parc-asterix-en-famille\/","name":"Visite en famille au Parc Ast\u00e9rix : d\u00e9couvrez notre irr\u00e9ductible avis !","isPartOf":{"@id":"https:\/\/annaetmatteo.com\/blog\/#website"},"primaryImageOfPage":{"@id":"https:\/\/annaetmatteo.com\/blog\/parc-asterix-en-famille\/#primaryimage"},"datePublished":"2018-08-23T17:05:18+00:00","dateModified":"2018-08-24T08:37:25+00:00","description":"Retour au Parc Ast\u00e9rix apr\u00e8s plusieurs ann\u00e9es. Et quel plaisir de red\u00e9couvrir ce parc d'attractions qui r\u00e9siste toujours et encore \u00e0 la souris de Disney !","breadcrumb":{"@id":"https:\/\/annaetmatteo.com\/blog\/parc-asterix-en-famille\/#breadcrumb"},"inLanguage":"fr-FR","potentialAction":[{"@type":"ReadAction","target":["https:\/\/annaetmatteo.com\/blog\/parc-asterix-en-famille\/"]}]},{"@type":"BreadcrumbList","@id":"https:\/\/annaetmatteo.com\/blog\/parc-asterix-en-famille\/#breadcrumb","itemListElement":[{"@type":"ListItem","position":1,"name":"Accueil","item":"https:\/\/annaetmatteo.com\/blog\/"},{"@type":"ListItem","position":2,"name":"Une visite en famille au Parc Ast\u00e9rix"}]},{"@type":"Article","@id":"https:\/\/annaetmatteo.com\/blog\/parc-asterix-en-famille\/#article","isPartOf":{"@id":"https:\/\/annaetmatteo.com\/blog\/parc-asterix-en-famille\/#webpage"},"author":{"@id":"https:\/\/annaetmatteo.com\/blog\/#\/schema\/person\/324a22a04fc2477c15496ba8213c7eab"},"headline":"Une visite en famille au Parc Ast\u00e9rix","datePublished":"2018-08-23T17:05:18+00:00","dateModified":"2018-08-24T08:37:25+00:00","mainEntityOfPage":{"@id":"https:\/\/annaetmatteo.com\/blog\/parc-asterix-en-famille\/#webpage"},"wordCount":802,"commentCount":1,"publisher":{"@id":"https:\/\/annaetmatteo.com\/blog\/#organization"},"image":{"@id":"https:\/\/annaetmatteo.com\/blog\/parc-asterix-en-famille\/#primaryimage"},"thumbnailUrl":"https:\/\/annaetmatteo.com\/blog\/wp-content\/uploads\/2018\/08\/bandeau-ast\u00e9rix.jpg","inLanguage":"fr-FR","potentialAction":[{"@type":"CommentAction","name":"Comment","target":["https:\/\/annaetmatteo.com\/blog\/parc-asterix-en-famille\/#respond"]}]},{"@type":"Person","@id":"https:\/\/annaetmatteo.com\/blog\/#\/schema\/person\/324a22a04fc2477c15496ba8213c7eab","name":"M\u00e9lanie &amp; Arnaud | Le Monde d'Anna et Matteo","image":{"@type":"ImageObject","@id":"https:\/\/annaetmatteo.com\/blog\/#personlogo","inLanguage":"fr-FR","url":"https:\/\/secure.gravatar.com\/avatar\/3c48cff264353bcb37bf9b52c1b769e7?s=96&d=mm&r=g","contentUrl":"https:\/\/secure.gravatar.com\/avatar\/3c48cff264353bcb37bf9b52c1b769e7?s=96&d=mm&r=g","caption":"M\u00e9lanie &amp; Arnaud | Le Monde d'Anna et Matteo"},"sameAs":["https:\/\/annaetmatteo.com","https:\/\/www.facebook.com\/AnnaEtMatteo\/","https:\/\/twitter.com\/AnnaEtMatteo"]}]}},"_links":{"self":[{"href":"https:\/\/annaetmatteo.com\/blog\/wp-json\/wp\/v2\/posts\/399"}],"collection":[{"href":"https:\/\/annaetmatteo.com\/blog\/wp-json\/wp\/v2\/posts"}],"about":[{"href":"https:\/\/annaetmatteo.com\/blog\/wp-json\/wp\/v2\/types\/post"}],"author":[{"embeddable":true,"href":"https:\/\/annaetmatteo.com\/blog\/wp-json\/wp\/v2\/users\/1"}],"replies":[{"embeddable":true,"href":"https:\/\/annaetmatteo.com\/blog\/wp-json\/wp\/v2\/comments?post=399"}],"version-history":[{"count":4,"href":"https:\/\/annaetmatteo.com\/blog\/wp-json\/wp\/v2\/posts\/399\/revisions"}],"predecessor-version":[{"id":411,"href":"https:\/\/annaetmatteo.com\/blog\/wp-json\/wp\/v2\/posts\/399\/revisions\/411"}],"wp:featuredmedia":[{"embeddable":true,"href":"https:\/\/annaetmatteo.com\/blog\/wp-json\/wp\/v2\/media\/403"}],"wp:attachment":[{"href":"https:\/\/annaetmatteo.com\/blog\/wp-json\/wp\/v2\/media?parent=399"}],"wp:term":[{"taxonomy":"category","embeddable":true,"href":"https:\/\/annaetmatteo.com\/blog\/wp-json\/wp\/v2\/categories?post=399"},{"taxonomy":"post_tag","embeddable":true,"href":"https:\/\/annaetmatteo.com\/blog\/wp-json\/wp\/v2\/tags?post=399"}],"curies":[{"name":"wp","href":"https:\/\/api.w.org\/{rel}","templated":true}]}}