{"id":378,"date":"2018-08-16T19:28:23","date_gmt":"2018-08-16T17:28:23","guid":{"rendered":"https:\/\/annaetmatteo.com\/blog\/?p=378"},"modified":"2019-06-24T19:42:24","modified_gmt":"2019-06-24T17:42:24","slug":"parc-zoologique-de-paris","status":"publish","type":"post","link":"https:\/\/annaetmatteo.com\/blog\/parc-zoologique-de-paris\/","title":{"rendered":"Parc zoologique de Paris : une visite en famille"},"content":{"rendered":"<h2>Anciennement appel\u00e9 Parc zoologique du Bois de Vincennes, le Parc zoologique de Paris a fait peau neuve il y a 4 ans. Nous avons d\u00e9cid\u00e9 d&rsquo;aller d\u00e9couvrir cette nouvelle version du zoo qui peine \u00e0 attirer le public dont il a besoin pour rentrer dans ses frais.<\/h2>\n<p><!--more--><\/p>\n<p>Rouvert en 2014 apr\u00e8s 5 ans de travaux, le Parc zoologique de Paris est le nouveau nom du Parc zoologique du Bois de Vincennes. Connu pour son \u00e9norme rocher artificiel qui domine ses installations, le fameux \u00ab\u00a0zoo de Vincennes\u00a0\u00bb \u00e9tait devenu trop v\u00e9tuste. Il faut dire que le parc est n\u00e9 en 1934 ! Or depuis les travaux, nous n&rsquo;y \u00e9tions jamais retourn\u00e9s. C&rsquo;est maintenant chose faite !<\/p>\n<p><img loading=\"lazy\" class=\"aligncenter size-full wp-image-382\" src=\"https:\/\/annaetmatteo.com\/blog\/wp-content\/uploads\/2018\/08\/parc-zoologique-paris-1.jpg\" alt=\"les all\u00e9es du parc zoologique de Paris\" width=\"1000\" height=\"750\" srcset=\"https:\/\/annaetmatteo.com\/blog\/wp-content\/uploads\/2018\/08\/parc-zoologique-paris-1.jpg 1000w, https:\/\/annaetmatteo.com\/blog\/wp-content\/uploads\/2018\/08\/parc-zoologique-paris-1-300x225.jpg 300w, https:\/\/annaetmatteo.com\/blog\/wp-content\/uploads\/2018\/08\/parc-zoologique-paris-1-768x576.jpg 768w\" sizes=\"(max-width: 767px) 89vw, (max-width: 1000px) 54vw, (max-width: 1071px) 543px, 580px\" \/><\/p>\n<h3>Un zoo harmonieux<\/h3>\n<p>Adieu l&rsquo;aust\u00e8re b\u00e9ton brut et les imitations (rat\u00e9es) de rocher : maintenant le zoo s&rsquo;articule autour d&rsquo;all\u00e9es de tailles modestes qui sillonnent le parc pour proposer plusieurs parcours aux visiteurs. Les animaux son regroup\u00e9s dans des zones th\u00e9matiques au nombre de cinq :<\/p>\n<ol>\n<li>Patagonie<\/li>\n<li>Sahel-Soudan<\/li>\n<li>Europe<\/li>\n<li>Guyane<\/li>\n<li>Madagascar<\/li>\n<\/ol>\n<p><img loading=\"lazy\" class=\"aligncenter size-full wp-image-394\" src=\"https:\/\/annaetmatteo.com\/blog\/wp-content\/uploads\/2018\/08\/parc-zoologique-paris-14.jpg\" alt=\"voli\u00e8re du parc zoologique de Paris\" width=\"1000\" height=\"750\" srcset=\"https:\/\/annaetmatteo.com\/blog\/wp-content\/uploads\/2018\/08\/parc-zoologique-paris-14.jpg 1000w, https:\/\/annaetmatteo.com\/blog\/wp-content\/uploads\/2018\/08\/parc-zoologique-paris-14-300x225.jpg 300w, https:\/\/annaetmatteo.com\/blog\/wp-content\/uploads\/2018\/08\/parc-zoologique-paris-14-768x576.jpg 768w\" sizes=\"(max-width: 767px) 89vw, (max-width: 1000px) 54vw, (max-width: 1071px) 543px, 580px\" \/><\/p>\n<p>Les all\u00e9es serpentent dans une v\u00e9g\u00e9tation agr\u00e9able tandis que les enclos, bancs et autres installations associent avec \u00e9l\u00e9gance bois et acier peint en noir. Les grillage permettent aux plus petits qui n\u2019atteignent pas la hauteur des garde-corps de voir les animaux install\u00e9s dans des environnements imitant celui des r\u00e9gions d&rsquo;o\u00f9 ils viennent.<\/p>\n<p>Dans chaque zone, un kiosque interactif permet de sensibiliser le public \u00e0 un sujet : r\u00e9chauffement climatique, \u00e9volution, etc.<\/p>\n<h3>Un zoo bien con\u00e7u<\/h3>\n<p>Un certain soin a \u00e9t\u00e9 accord\u00e9 au confort des familles avec de nombreux bancs, des points de restauration mais aussi des tables de pique-nique ! Il est donc parfaitement autoris\u00e9 de venir avec son repas (sans couteau, Vigipirate oblige) et de profiter de ces \u00e9quipements. Notamment, une petite clairi\u00e8re avec des jeux pour enfants, un potager et un parcours pieds nus accueillent les amateurs de pique-nique au Parc zoologique de Paris. Des points d&rsquo;eau potable sont \u00e9galement \u00e0 la disposition du public !<\/p>\n<p>Pour le plaisir de tous, de nombreux enclos indiquent les prochains horaires de nourrissage afin que les visiteurs du zoo puissent y assister.<\/p>\n<div id='gallery-1' class='gallery galleryid-378 gallery-columns-2 gallery-size-medium'><figure class='gallery-item'>\n\t\t\t<div class='gallery-icon landscape'>\n\t\t\t\t<a href='https:\/\/annaetmatteo.com\/blog\/parc-zoologique-paris-3\/'><img width=\"300\" height=\"225\" src=\"https:\/\/annaetmatteo.com\/blog\/wp-content\/uploads\/2018\/08\/parc-zoologique-paris-3-300x225.jpg\" class=\"attachment-medium size-medium\" alt=\"rhinoc\u00e9ros parc zoologique de Paris\" loading=\"lazy\" srcset=\"https:\/\/annaetmatteo.com\/blog\/wp-content\/uploads\/2018\/08\/parc-zoologique-paris-3-300x225.jpg 300w, https:\/\/annaetmatteo.com\/blog\/wp-content\/uploads\/2018\/08\/parc-zoologique-paris-3-768x576.jpg 768w, https:\/\/annaetmatteo.com\/blog\/wp-content\/uploads\/2018\/08\/parc-zoologique-paris-3.jpg 1000w\" sizes=\"100vw\" \/><\/a>\n\t\t\t<\/div><\/figure><figure class='gallery-item'>\n\t\t\t<div class='gallery-icon landscape'>\n\t\t\t\t<a href='https:\/\/annaetmatteo.com\/blog\/parc-zoologique-paris-2\/'><img width=\"300\" height=\"225\" src=\"https:\/\/annaetmatteo.com\/blog\/wp-content\/uploads\/2018\/08\/parc-zoologique-paris-2-300x225.jpg\" class=\"attachment-medium size-medium\" alt=\"rhinoc\u00e9ros blanc parc zoologique de Paris\" loading=\"lazy\" srcset=\"https:\/\/annaetmatteo.com\/blog\/wp-content\/uploads\/2018\/08\/parc-zoologique-paris-2-300x225.jpg 300w, https:\/\/annaetmatteo.com\/blog\/wp-content\/uploads\/2018\/08\/parc-zoologique-paris-2-768x576.jpg 768w, https:\/\/annaetmatteo.com\/blog\/wp-content\/uploads\/2018\/08\/parc-zoologique-paris-2.jpg 1000w\" sizes=\"100vw\" \/><\/a>\n\t\t\t<\/div><\/figure>\n\t\t<\/div>\n\n<h3>Les animaux du Parc zoologique de Paris<\/h3>\n<p>Le Parc zoologique de Paris accueille une faune vari\u00e9e avec 2000 animaux de 180 esp\u00e8ces, dont certaines menac\u00e9es qui trouvent un refuge dans ce lieu o\u00f9 personne n&rsquo;ira les traquer. Et si le c\u0153ur vous en dit, vous avez la possibilit\u00e9 de <span style=\"color: #0000ff;\"><a style=\"color: #0000ff;\" href=\"http:\/\/parczoologiquedeparis.fr\/parrainez\" target=\"_blank\" rel=\"noopener noreferrer\">parrainer un animal.<\/a><\/span><\/p>\n<p>Sachant que le parc est actuellement structurellement d\u00e9ficitaire, voici qui peut aider sa cause. Du moins si le co\u00fbt des billets n&rsquo;aura pas suffit \u00e0 vider votre bourse : pas moins de 20 euros par adulte et 15 euros par enfant de 3-12 ans ! Applaudissons le fabuleux billet tribu pour 2 adultes et 2 enfants vendu \u00e0 65 euros&#8230; Soit 5 euros de ristourne. Quelle g\u00e9n\u00e9rosit\u00e9&#8230;<\/p>\n<div id='gallery-2' class='gallery galleryid-378 gallery-columns-2 gallery-size-medium'><figure class='gallery-item'>\n\t\t\t<div class='gallery-icon landscape'>\n\t\t\t\t<a href='https:\/\/annaetmatteo.com\/blog\/parc-zoologique-paris-4\/'><img width=\"300\" height=\"225\" src=\"https:\/\/annaetmatteo.com\/blog\/wp-content\/uploads\/2018\/08\/parc-zoologique-paris-4-300x225.jpg\" class=\"attachment-medium size-medium\" alt=\"Lions au parc zoologique de Paris\" loading=\"lazy\" srcset=\"https:\/\/annaetmatteo.com\/blog\/wp-content\/uploads\/2018\/08\/parc-zoologique-paris-4-300x225.jpg 300w, https:\/\/annaetmatteo.com\/blog\/wp-content\/uploads\/2018\/08\/parc-zoologique-paris-4-768x576.jpg 768w, https:\/\/annaetmatteo.com\/blog\/wp-content\/uploads\/2018\/08\/parc-zoologique-paris-4.jpg 1000w\" sizes=\"100vw\" \/><\/a>\n\t\t\t<\/div><\/figure><figure class='gallery-item'>\n\t\t\t<div class='gallery-icon landscape'>\n\t\t\t\t<a href='https:\/\/annaetmatteo.com\/blog\/parc-zoologique-paris-5\/'><img width=\"300\" height=\"225\" src=\"https:\/\/annaetmatteo.com\/blog\/wp-content\/uploads\/2018\/08\/parc-zoologique-paris-5-300x225.jpg\" class=\"attachment-medium size-medium\" alt=\"Lion parc zoologique de Paris\" loading=\"lazy\" srcset=\"https:\/\/annaetmatteo.com\/blog\/wp-content\/uploads\/2018\/08\/parc-zoologique-paris-5-300x225.jpg 300w, https:\/\/annaetmatteo.com\/blog\/wp-content\/uploads\/2018\/08\/parc-zoologique-paris-5-768x576.jpg 768w, https:\/\/annaetmatteo.com\/blog\/wp-content\/uploads\/2018\/08\/parc-zoologique-paris-5.jpg 1000w\" sizes=\"100vw\" \/><\/a>\n\t\t\t<\/div><\/figure>\n\t\t<\/div>\n\n<p>Mais revenons aux animaux pr\u00e9sents au Parc zoologique de Paris. Evidemment, les f\u00e9lins ont la c\u00f4t\u00e9 avec des lions, pumas ou encore jaguars. Tous visibles derri\u00e8re d&rsquo;\u00e9paisses baies vitr\u00e9es permettant, en certains points des enclos, de les admirer au plus pr\u00e8s.<\/p>\n<p>Les adorables poudous, petits cervid\u00e9s de Patagonie aux faux-airs de li\u00e8vre sont assur\u00e9ment les bestioles les plus craquantes. Les girafes font aussi forte impression. Quant \u00e0 l&rsquo;\u00e9tonnante serre tropicale, elle comblera les amateurs de reptiles ou de chauve-souris. Elle permet aussi d&rsquo;admirer un bassin d&rsquo;eau chauff\u00e9e o\u00f9 s&rsquo;\u00e9bat un lamantin.<\/p>\n<div id='gallery-3' class='gallery galleryid-378 gallery-columns-3 gallery-size-medium'><figure class='gallery-item'>\n\t\t\t<div class='gallery-icon landscape'>\n\t\t\t\t<a href='https:\/\/annaetmatteo.com\/blog\/parc-zoologique-paris-8\/'><img width=\"300\" height=\"225\" src=\"https:\/\/annaetmatteo.com\/blog\/wp-content\/uploads\/2018\/08\/parc-zoologique-paris-8-300x225.jpg\" class=\"attachment-medium size-medium\" alt=\"girafe et autruche au parc zoologique de Paris\" loading=\"lazy\" aria-describedby=\"gallery-3-389\" srcset=\"https:\/\/annaetmatteo.com\/blog\/wp-content\/uploads\/2018\/08\/parc-zoologique-paris-8-300x225.jpg 300w, https:\/\/annaetmatteo.com\/blog\/wp-content\/uploads\/2018\/08\/parc-zoologique-paris-8-768x576.jpg 768w, https:\/\/annaetmatteo.com\/blog\/wp-content\/uploads\/2018\/08\/parc-zoologique-paris-8.jpg 1000w\" sizes=\"100vw\" \/><\/a>\n\t\t\t<\/div>\n\t\t\t\t<figcaption class='wp-caption-text gallery-caption' id='gallery-3-389'>\n\t\t\t\tLes girafes et leurs amies autruches&#8230;\n\t\t\t\t<\/figcaption><\/figure><figure class='gallery-item'>\n\t\t\t<div class='gallery-icon landscape'>\n\t\t\t\t<a href='https:\/\/annaetmatteo.com\/blog\/parc-zoologique-paris-7\/'><img width=\"300\" height=\"225\" src=\"https:\/\/annaetmatteo.com\/blog\/wp-content\/uploads\/2018\/08\/parc-zoologique-paris-7-300x225.jpg\" class=\"attachment-medium size-medium\" alt=\"Girafe parc zoologique de Paris\" loading=\"lazy\" aria-describedby=\"gallery-3-388\" srcset=\"https:\/\/annaetmatteo.com\/blog\/wp-content\/uploads\/2018\/08\/parc-zoologique-paris-7-300x225.jpg 300w, https:\/\/annaetmatteo.com\/blog\/wp-content\/uploads\/2018\/08\/parc-zoologique-paris-7-768x576.jpg 768w, https:\/\/annaetmatteo.com\/blog\/wp-content\/uploads\/2018\/08\/parc-zoologique-paris-7.jpg 1000w\" sizes=\"100vw\" \/><\/a>\n\t\t\t<\/div>\n\t\t\t\t<figcaption class='wp-caption-text gallery-caption' id='gallery-3-388'>\n\t\t\t\tLes girafes ont aussi un b\u00e2timent ferm\u00e9 visitable.\n\t\t\t\t<\/figcaption><\/figure><figure class='gallery-item'>\n\t\t\t<div class='gallery-icon landscape'>\n\t\t\t\t<a href='https:\/\/annaetmatteo.com\/blog\/parc-zoologique-paris-6\/'><img width=\"300\" height=\"225\" src=\"https:\/\/annaetmatteo.com\/blog\/wp-content\/uploads\/2018\/08\/parc-zoologique-paris-6-300x225.jpg\" class=\"attachment-medium size-medium\" alt=\"Oryx algazelle parc zoologique de Paris\" loading=\"lazy\" aria-describedby=\"gallery-3-387\" srcset=\"https:\/\/annaetmatteo.com\/blog\/wp-content\/uploads\/2018\/08\/parc-zoologique-paris-6-300x225.jpg 300w, https:\/\/annaetmatteo.com\/blog\/wp-content\/uploads\/2018\/08\/parc-zoologique-paris-6-768x576.jpg 768w, https:\/\/annaetmatteo.com\/blog\/wp-content\/uploads\/2018\/08\/parc-zoologique-paris-6.jpg 1000w\" sizes=\"100vw\" \/><\/a>\n\t\t\t<\/div>\n\t\t\t\t<figcaption class='wp-caption-text gallery-caption' id='gallery-3-387'>\n\t\t\t\tOryx algazelle et ses longues cornes !\n\t\t\t\t<\/figcaption><\/figure>\n\t\t<\/div>\n\n<h3>Quel bilan de cette visite au zoo ?<\/h3>\n<p>Les installations sont vraiment plaisantes. Elles n&rsquo;ont plus rien \u00e0 voir avec le zoo de Vincennes v\u00e9tuste que nous avons connu plus jeunes. Notre visite a dur\u00e9 plus de 3h30 et clairement nous n&rsquo;avons pas vu le temps pass\u00e9.<\/p>\n<p>Le billet reste tout de m\u00eame prohibitif (bien qu&rsquo;il ait d\u00e9j\u00e0 baiss\u00e9 par rapport \u00e0 2014). Tout comme les tarifs de la boutique de souvenirs qui semblent align\u00e9s sur ceux d&rsquo;un Disneyland&#8230;<\/p>\n<p>Du coup, si vous avez le budget, ou la possibilit\u00e9 d&rsquo;avoir des billets par votre comit\u00e9 d&rsquo;entreprise, c&rsquo;est une sortie \u00e0 faire.<\/p>\n<div id='gallery-4' class='gallery galleryid-378 gallery-columns-3 gallery-size-medium'><figure class='gallery-item'>\n\t\t\t<div class='gallery-icon landscape'>\n\t\t\t\t<a href='https:\/\/annaetmatteo.com\/blog\/parc-zoologique-paris-11\/'><img width=\"300\" height=\"225\" src=\"https:\/\/annaetmatteo.com\/blog\/wp-content\/uploads\/2018\/08\/parc-zoologique-paris-11-300x225.jpg\" class=\"attachment-medium size-medium\" alt=\"Int\u00e9rieur de la serre tropicale au parc zoologique de Paris\" loading=\"lazy\" aria-describedby=\"gallery-4-391\" srcset=\"https:\/\/annaetmatteo.com\/blog\/wp-content\/uploads\/2018\/08\/parc-zoologique-paris-11-300x225.jpg 300w, https:\/\/annaetmatteo.com\/blog\/wp-content\/uploads\/2018\/08\/parc-zoologique-paris-11-768x576.jpg 768w, https:\/\/annaetmatteo.com\/blog\/wp-content\/uploads\/2018\/08\/parc-zoologique-paris-11.jpg 1000w\" sizes=\"100vw\" \/><\/a>\n\t\t\t<\/div>\n\t\t\t\t<figcaption class='wp-caption-text gallery-caption' id='gallery-4-391'>\n\t\t\t\tL&rsquo;int\u00e9rieur de la serre tropicale et sa v\u00e9g\u00e9tation luxuriante.\n\t\t\t\t<\/figcaption><\/figure><figure class='gallery-item'>\n\t\t\t<div class='gallery-icon landscape'>\n\t\t\t\t<a href='https:\/\/annaetmatteo.com\/blog\/parc-zoologique-paris-12\/'><img width=\"300\" height=\"225\" src=\"https:\/\/annaetmatteo.com\/blog\/wp-content\/uploads\/2018\/08\/parc-zoologique-paris-12-300x225.jpg\" class=\"attachment-medium size-medium\" alt=\"Iguane au parc zoologique de Paris\" loading=\"lazy\" aria-describedby=\"gallery-4-392\" srcset=\"https:\/\/annaetmatteo.com\/blog\/wp-content\/uploads\/2018\/08\/parc-zoologique-paris-12-300x225.jpg 300w, https:\/\/annaetmatteo.com\/blog\/wp-content\/uploads\/2018\/08\/parc-zoologique-paris-12-768x576.jpg 768w, https:\/\/annaetmatteo.com\/blog\/wp-content\/uploads\/2018\/08\/parc-zoologique-paris-12.jpg 1000w\" sizes=\"100vw\" \/><\/a>\n\t\t\t<\/div>\n\t\t\t\t<figcaption class='wp-caption-text gallery-caption' id='gallery-4-392'>\n\t\t\t\tVous aimez les iguanes ?\n\t\t\t\t<\/figcaption><\/figure><figure class='gallery-item'>\n\t\t\t<div class='gallery-icon landscape'>\n\t\t\t\t<a href='https:\/\/annaetmatteo.com\/blog\/parc-zoologique-paris-13\/'><img width=\"300\" height=\"225\" src=\"https:\/\/annaetmatteo.com\/blog\/wp-content\/uploads\/2018\/08\/parc-zoologique-paris-13-300x225.jpg\" class=\"attachment-medium size-medium\" alt=\"Serre tropicale du parc zoologique de Paris\" loading=\"lazy\" aria-describedby=\"gallery-4-393\" srcset=\"https:\/\/annaetmatteo.com\/blog\/wp-content\/uploads\/2018\/08\/parc-zoologique-paris-13-300x225.jpg 300w, https:\/\/annaetmatteo.com\/blog\/wp-content\/uploads\/2018\/08\/parc-zoologique-paris-13-768x576.jpg 768w, https:\/\/annaetmatteo.com\/blog\/wp-content\/uploads\/2018\/08\/parc-zoologique-paris-13.jpg 1000w\" sizes=\"100vw\" \/><\/a>\n\t\t\t<\/div>\n\t\t\t\t<figcaption class='wp-caption-text gallery-caption' id='gallery-4-393'>\n\t\t\t\tL&rsquo;impressionnante serre tropicale !\n\t\t\t\t<\/figcaption><\/figure>\n\t\t<\/div>\n\n<h4>Une anecdote sur le Parc zoologique de Paris<\/h4>\n<p>L&rsquo;entr\u00e9e actuelle, du c\u00f4t\u00e9 du lac Daumesnil, n&rsquo;est pas l&rsquo;entr\u00e9e\u00a0 historique du zoo. Mais en vous baladant dans ses all\u00e9es, vous remarquerez vers la voli\u00e8re des rapaces un ancien acc\u00e8s au style radicalement diff\u00e9rent du reste du zoo actuel.<\/p>\n<p><center><iframe loading=\"lazy\" src=\"https:\/\/www.youtube.com\/embed\/QttEsA4u_2o?rel=0\" width=\"560\" height=\"315\" frameborder=\"0\" allowfullscreen=\"allowfullscreen\"><\/iframe><\/center><\/p>\n<h4>En savoir plus<\/h4>\n<p><span style=\"color: #0000ff;\"><a style=\"color: #0000ff;\" href=\"https:\/\/www.parczoologiquedeparis.fr\/fr\/agenda\/recherche\" target=\"_blank\" rel=\"noopener noreferrer\">L&rsquo;agenda du zoo<\/a><\/span><\/p>\n<p><span style=\"color: #0000ff;\"><a style=\"color: #0000ff;\" href=\"https:\/\/www.zoovincennes.com\/tarifs\/\" target=\"_blank\" rel=\"noopener noreferrer\">Les tarifs du zoo<\/a><\/span><\/p>\n<p>&nbsp;<\/p>\n","protected":false},"excerpt":{"rendered":"<p>Anciennement appel\u00e9 Parc zoologique du Bois de Vincennes, le Parc zoologique de Paris a fait peau neuve il y a 4 ans. Nous avons d\u00e9cid\u00e9 d&rsquo;aller d\u00e9couvrir cette nouvelle version du zoo qui peine \u00e0 attirer le public dont il a besoin pour rentrer dans ses frais.<\/p>\n","protected":false},"author":1,"featured_media":381,"comment_status":"open","ping_status":"open","sticky":false,"template":"","format":"standard","meta":[],"categories":[1],"tags":[],"yoast_head":"<!-- This site is optimized with the Yoast SEO plugin v18.0 - https:\/\/yoast.com\/wordpress\/plugins\/seo\/ -->\n<title>Parc zoologique de Paris : notre avis apr\u00e8s une visite en famille<\/title>\n<meta name=\"description\" content=\"D\u00e9couvrez notre avis sur le Parc zoologique de Paris visit\u00e9 au mois d&#039;ao\u00fbt 2018. Nous vous proposons \u00e9galement nos propres photos !\" \/>\n<meta name=\"robots\" content=\"index, follow, max-snippet:-1, max-image-preview:large, max-video-preview:-1\" \/>\n<link rel=\"canonical\" href=\"https:\/\/annaetmatteo.com\/blog\/parc-zoologique-de-paris\/\" \/>\n<meta property=\"og:locale\" content=\"fr_FR\" \/>\n<meta property=\"og:type\" content=\"article\" \/>\n<meta property=\"og:title\" content=\"Parc zoologique de Paris : notre avis apr\u00e8s une visite en famille\" \/>\n<meta property=\"og:description\" content=\"D\u00e9couvrez notre avis sur le Parc zoologique de Paris visit\u00e9 au mois d&#039;ao\u00fbt 2018. Nous vous proposons \u00e9galement nos propres photos !\" \/>\n<meta property=\"og:url\" content=\"https:\/\/annaetmatteo.com\/blog\/parc-zoologique-de-paris\/\" \/>\n<meta property=\"og:site_name\" content=\"Blog du Monde d&#039;Anna et Matteo\" \/>\n<meta property=\"article:publisher\" content=\"https:\/\/www.facebook.com\/AnnaEtMatteo\/\" \/>\n<meta property=\"article:author\" content=\"https:\/\/www.facebook.com\/AnnaEtMatteo\/\" \/>\n<meta property=\"article:published_time\" content=\"2018-08-16T17:28:23+00:00\" \/>\n<meta property=\"article:modified_time\" content=\"2019-06-24T17:42:24+00:00\" \/>\n<meta property=\"og:image\" content=\"https:\/\/annaetmatteo.com\/blog\/wp-content\/uploads\/2018\/08\/parc-zoologique-paris-9.jpg\" \/>\n\t<meta property=\"og:image:width\" content=\"1000\" \/>\n\t<meta property=\"og:image:height\" content=\"400\" \/>\n\t<meta property=\"og:image:type\" content=\"image\/jpeg\" \/>\n<meta name=\"twitter:card\" content=\"summary_large_image\" \/>\n<meta name=\"twitter:creator\" content=\"@AnnaEtMatteo\" \/>\n<meta name=\"twitter:site\" content=\"@AnnaEtMatteo\" \/>\n<meta name=\"twitter:label1\" content=\"\u00c9crit par\" \/>\n\t<meta name=\"twitter:data1\" content=\"M\u00e9lanie &amp; Arnaud | Le Monde d'Anna et Matteo\" \/>\n\t<meta name=\"twitter:label2\" content=\"Dur\u00e9e de lecture estim\u00e9e\" \/>\n\t<meta name=\"twitter:data2\" content=\"4 minutes\" \/>\n<script type=\"application\/ld+json\" class=\"yoast-schema-graph\">{\"@context\":\"https:\/\/schema.org\",\"@graph\":[{\"@type\":\"Organization\",\"@id\":\"https:\/\/annaetmatteo.com\/blog\/#organization\",\"name\":\"Le Monde d'Anna et Matteo\",\"url\":\"https:\/\/annaetmatteo.com\/blog\/\",\"sameAs\":[\"https:\/\/www.facebook.com\/AnnaEtMatteo\/\",\"https:\/\/www.instagram.com\/annaetmatteo\/\",\"https:\/\/www.youtube.com\/channel\/UCSce5n3L_8dmB8yTwbXnCwA\/f\",\"https:\/\/www.pinterest.fr\/AnnaEtMatteo\/\",\"https:\/\/twitter.com\/AnnaEtMatteo\"],\"logo\":{\"@type\":\"ImageObject\",\"@id\":\"https:\/\/annaetmatteo.com\/blog\/#logo\",\"inLanguage\":\"fr-FR\",\"url\":\"https:\/\/annaetmatteo.com\/blog\/wp-content\/uploads\/2018\/04\/rbU69AmF_400x400-1.jpg\",\"contentUrl\":\"https:\/\/annaetmatteo.com\/blog\/wp-content\/uploads\/2018\/04\/rbU69AmF_400x400-1.jpg\",\"width\":240,\"height\":240,\"caption\":\"Le Monde d'Anna et Matteo\"},\"image\":{\"@id\":\"https:\/\/annaetmatteo.com\/blog\/#logo\"}},{\"@type\":\"WebSite\",\"@id\":\"https:\/\/annaetmatteo.com\/blog\/#website\",\"url\":\"https:\/\/annaetmatteo.com\/blog\/\",\"name\":\"Blog du Monde d&#039;Anna et Matteo\",\"description\":\"\",\"publisher\":{\"@id\":\"https:\/\/annaetmatteo.com\/blog\/#organization\"},\"potentialAction\":[{\"@type\":\"SearchAction\",\"target\":{\"@type\":\"EntryPoint\",\"urlTemplate\":\"https:\/\/annaetmatteo.com\/blog\/?s={search_term_string}\"},\"query-input\":\"required name=search_term_string\"}],\"inLanguage\":\"fr-FR\"},{\"@type\":\"ImageObject\",\"@id\":\"https:\/\/annaetmatteo.com\/blog\/parc-zoologique-de-paris\/#primaryimage\",\"inLanguage\":\"fr-FR\",\"url\":\"https:\/\/annaetmatteo.com\/blog\/wp-content\/uploads\/2018\/08\/parc-zoologique-paris-9.jpg\",\"contentUrl\":\"https:\/\/annaetmatteo.com\/blog\/wp-content\/uploads\/2018\/08\/parc-zoologique-paris-9.jpg\",\"width\":1000,\"height\":400,\"caption\":\"Le rocher du parc zoologique de paris - zoo de vincennes\"},{\"@type\":\"WebPage\",\"@id\":\"https:\/\/annaetmatteo.com\/blog\/parc-zoologique-de-paris\/#webpage\",\"url\":\"https:\/\/annaetmatteo.com\/blog\/parc-zoologique-de-paris\/\",\"name\":\"Parc zoologique de Paris : notre avis apr\u00e8s une visite en famille\",\"isPartOf\":{\"@id\":\"https:\/\/annaetmatteo.com\/blog\/#website\"},\"primaryImageOfPage\":{\"@id\":\"https:\/\/annaetmatteo.com\/blog\/parc-zoologique-de-paris\/#primaryimage\"},\"datePublished\":\"2018-08-16T17:28:23+00:00\",\"dateModified\":\"2019-06-24T17:42:24+00:00\",\"description\":\"D\u00e9couvrez notre avis sur le Parc zoologique de Paris visit\u00e9 au mois d'ao\u00fbt 2018. Nous vous proposons \u00e9galement nos propres photos !\",\"breadcrumb\":{\"@id\":\"https:\/\/annaetmatteo.com\/blog\/parc-zoologique-de-paris\/#breadcrumb\"},\"inLanguage\":\"fr-FR\",\"potentialAction\":[{\"@type\":\"ReadAction\",\"target\":[\"https:\/\/annaetmatteo.com\/blog\/parc-zoologique-de-paris\/\"]}]},{\"@type\":\"BreadcrumbList\",\"@id\":\"https:\/\/annaetmatteo.com\/blog\/parc-zoologique-de-paris\/#breadcrumb\",\"itemListElement\":[{\"@type\":\"ListItem\",\"position\":1,\"name\":\"Accueil\",\"item\":\"https:\/\/annaetmatteo.com\/blog\/\"},{\"@type\":\"ListItem\",\"position\":2,\"name\":\"Parc zoologique de Paris : une visite en famille\"}]},{\"@type\":\"Article\",\"@id\":\"https:\/\/annaetmatteo.com\/blog\/parc-zoologique-de-paris\/#article\",\"isPartOf\":{\"@id\":\"https:\/\/annaetmatteo.com\/blog\/parc-zoologique-de-paris\/#webpage\"},\"author\":{\"@id\":\"https:\/\/annaetmatteo.com\/blog\/#\/schema\/person\/324a22a04fc2477c15496ba8213c7eab\"},\"headline\":\"Parc zoologique de Paris : une visite en famille\",\"datePublished\":\"2018-08-16T17:28:23+00:00\",\"dateModified\":\"2019-06-24T17:42:24+00:00\",\"mainEntityOfPage\":{\"@id\":\"https:\/\/annaetmatteo.com\/blog\/parc-zoologique-de-paris\/#webpage\"},\"wordCount\":764,\"commentCount\":1,\"publisher\":{\"@id\":\"https:\/\/annaetmatteo.com\/blog\/#organization\"},\"image\":{\"@id\":\"https:\/\/annaetmatteo.com\/blog\/parc-zoologique-de-paris\/#primaryimage\"},\"thumbnailUrl\":\"https:\/\/annaetmatteo.com\/blog\/wp-content\/uploads\/2018\/08\/parc-zoologique-paris-9.jpg\",\"inLanguage\":\"fr-FR\",\"potentialAction\":[{\"@type\":\"CommentAction\",\"name\":\"Comment\",\"target\":[\"https:\/\/annaetmatteo.com\/blog\/parc-zoologique-de-paris\/#respond\"]}]},{\"@type\":\"Person\",\"@id\":\"https:\/\/annaetmatteo.com\/blog\/#\/schema\/person\/324a22a04fc2477c15496ba8213c7eab\",\"name\":\"M\u00e9lanie &amp; Arnaud | Le Monde d'Anna et Matteo\",\"image\":{\"@type\":\"ImageObject\",\"@id\":\"https:\/\/annaetmatteo.com\/blog\/#personlogo\",\"inLanguage\":\"fr-FR\",\"url\":\"https:\/\/secure.gravatar.com\/avatar\/3c48cff264353bcb37bf9b52c1b769e7?s=96&d=mm&r=g\",\"contentUrl\":\"https:\/\/secure.gravatar.com\/avatar\/3c48cff264353bcb37bf9b52c1b769e7?s=96&d=mm&r=g\",\"caption\":\"M\u00e9lanie &amp; Arnaud | Le Monde d'Anna et Matteo\"},\"sameAs\":[\"https:\/\/annaetmatteo.com\",\"https:\/\/www.facebook.com\/AnnaEtMatteo\/\",\"https:\/\/twitter.com\/AnnaEtMatteo\"]}]}<\/script>\n<!-- \/ Yoast SEO plugin. -->","yoast_head_json":{"title":"Parc zoologique de Paris : notre avis apr\u00e8s une visite en famille","description":"D\u00e9couvrez notre avis sur le Parc zoologique de Paris visit\u00e9 au mois d'ao\u00fbt 2018. Nous vous proposons \u00e9galement nos propres photos !","robots":{"index":"index","follow":"follow","max-snippet":"max-snippet:-1","max-image-preview":"max-image-preview:large","max-video-preview":"max-video-preview:-1"},"canonical":"https:\/\/annaetmatteo.com\/blog\/parc-zoologique-de-paris\/","og_locale":"fr_FR","og_type":"article","og_title":"Parc zoologique de Paris : notre avis apr\u00e8s une visite en famille","og_description":"D\u00e9couvrez notre avis sur le Parc zoologique de Paris visit\u00e9 au mois d'ao\u00fbt 2018. Nous vous proposons \u00e9galement nos propres photos !","og_url":"https:\/\/annaetmatteo.com\/blog\/parc-zoologique-de-paris\/","og_site_name":"Blog du Monde d&#039;Anna et Matteo","article_publisher":"https:\/\/www.facebook.com\/AnnaEtMatteo\/","article_author":"https:\/\/www.facebook.com\/AnnaEtMatteo\/","article_published_time":"2018-08-16T17:28:23+00:00","article_modified_time":"2019-06-24T17:42:24+00:00","og_image":[{"width":1000,"height":400,"url":"https:\/\/annaetmatteo.com\/blog\/wp-content\/uploads\/2018\/08\/parc-zoologique-paris-9.jpg","type":"image\/jpeg"}],"twitter_card":"summary_large_image","twitter_creator":"@AnnaEtMatteo","twitter_site":"@AnnaEtMatteo","twitter_misc":{"\u00c9crit par":"M\u00e9lanie &amp; Arnaud | Le Monde d'Anna et Matteo","Dur\u00e9e de lecture estim\u00e9e":"4 minutes"},"schema":{"@context":"https:\/\/schema.org","@graph":[{"@type":"Organization","@id":"https:\/\/annaetmatteo.com\/blog\/#organization","name":"Le Monde d'Anna et Matteo","url":"https:\/\/annaetmatteo.com\/blog\/","sameAs":["https:\/\/www.facebook.com\/AnnaEtMatteo\/","https:\/\/www.instagram.com\/annaetmatteo\/","https:\/\/www.youtube.com\/channel\/UCSce5n3L_8dmB8yTwbXnCwA\/f","https:\/\/www.pinterest.fr\/AnnaEtMatteo\/","https:\/\/twitter.com\/AnnaEtMatteo"],"logo":{"@type":"ImageObject","@id":"https:\/\/annaetmatteo.com\/blog\/#logo","inLanguage":"fr-FR","url":"https:\/\/annaetmatteo.com\/blog\/wp-content\/uploads\/2018\/04\/rbU69AmF_400x400-1.jpg","contentUrl":"https:\/\/annaetmatteo.com\/blog\/wp-content\/uploads\/2018\/04\/rbU69AmF_400x400-1.jpg","width":240,"height":240,"caption":"Le Monde d'Anna et Matteo"},"image":{"@id":"https:\/\/annaetmatteo.com\/blog\/#logo"}},{"@type":"WebSite","@id":"https:\/\/annaetmatteo.com\/blog\/#website","url":"https:\/\/annaetmatteo.com\/blog\/","name":"Blog du Monde d&#039;Anna et Matteo","description":"","publisher":{"@id":"https:\/\/annaetmatteo.com\/blog\/#organization"},"potentialAction":[{"@type":"SearchAction","target":{"@type":"EntryPoint","urlTemplate":"https:\/\/annaetmatteo.com\/blog\/?s={search_term_string}"},"query-input":"required name=search_term_string"}],"inLanguage":"fr-FR"},{"@type":"ImageObject","@id":"https:\/\/annaetmatteo.com\/blog\/parc-zoologique-de-paris\/#primaryimage","inLanguage":"fr-FR","url":"https:\/\/annaetmatteo.com\/blog\/wp-content\/uploads\/2018\/08\/parc-zoologique-paris-9.jpg","contentUrl":"https:\/\/annaetmatteo.com\/blog\/wp-content\/uploads\/2018\/08\/parc-zoologique-paris-9.jpg","width":1000,"height":400,"caption":"Le rocher du parc zoologique de paris - zoo de vincennes"},{"@type":"WebPage","@id":"https:\/\/annaetmatteo.com\/blog\/parc-zoologique-de-paris\/#webpage","url":"https:\/\/annaetmatteo.com\/blog\/parc-zoologique-de-paris\/","name":"Parc zoologique de Paris : notre avis apr\u00e8s une visite en famille","isPartOf":{"@id":"https:\/\/annaetmatteo.com\/blog\/#website"},"primaryImageOfPage":{"@id":"https:\/\/annaetmatteo.com\/blog\/parc-zoologique-de-paris\/#primaryimage"},"datePublished":"2018-08-16T17:28:23+00:00","dateModified":"2019-06-24T17:42:24+00:00","description":"D\u00e9couvrez notre avis sur le Parc zoologique de Paris visit\u00e9 au mois d'ao\u00fbt 2018. Nous vous proposons \u00e9galement nos propres photos !","breadcrumb":{"@id":"https:\/\/annaetmatteo.com\/blog\/parc-zoologique-de-paris\/#breadcrumb"},"inLanguage":"fr-FR","potentialAction":[{"@type":"ReadAction","target":["https:\/\/annaetmatteo.com\/blog\/parc-zoologique-de-paris\/"]}]},{"@type":"BreadcrumbList","@id":"https:\/\/annaetmatteo.com\/blog\/parc-zoologique-de-paris\/#breadcrumb","itemListElement":[{"@type":"ListItem","position":1,"name":"Accueil","item":"https:\/\/annaetmatteo.com\/blog\/"},{"@type":"ListItem","position":2,"name":"Parc zoologique de Paris : une visite en famille"}]},{"@type":"Article","@id":"https:\/\/annaetmatteo.com\/blog\/parc-zoologique-de-paris\/#article","isPartOf":{"@id":"https:\/\/annaetmatteo.com\/blog\/parc-zoologique-de-paris\/#webpage"},"author":{"@id":"https:\/\/annaetmatteo.com\/blog\/#\/schema\/person\/324a22a04fc2477c15496ba8213c7eab"},"headline":"Parc zoologique de Paris : une visite en famille","datePublished":"2018-08-16T17:28:23+00:00","dateModified":"2019-06-24T17:42:24+00:00","mainEntityOfPage":{"@id":"https:\/\/annaetmatteo.com\/blog\/parc-zoologique-de-paris\/#webpage"},"wordCount":764,"commentCount":1,"publisher":{"@id":"https:\/\/annaetmatteo.com\/blog\/#organization"},"image":{"@id":"https:\/\/annaetmatteo.com\/blog\/parc-zoologique-de-paris\/#primaryimage"},"thumbnailUrl":"https:\/\/annaetmatteo.com\/blog\/wp-content\/uploads\/2018\/08\/parc-zoologique-paris-9.jpg","inLanguage":"fr-FR","potentialAction":[{"@type":"CommentAction","name":"Comment","target":["https:\/\/annaetmatteo.com\/blog\/parc-zoologique-de-paris\/#respond"]}]},{"@type":"Person","@id":"https:\/\/annaetmatteo.com\/blog\/#\/schema\/person\/324a22a04fc2477c15496ba8213c7eab","name":"M\u00e9lanie &amp; Arnaud | Le Monde d'Anna et Matteo","image":{"@type":"ImageObject","@id":"https:\/\/annaetmatteo.com\/blog\/#personlogo","inLanguage":"fr-FR","url":"https:\/\/secure.gravatar.com\/avatar\/3c48cff264353bcb37bf9b52c1b769e7?s=96&d=mm&r=g","contentUrl":"https:\/\/secure.gravatar.com\/avatar\/3c48cff264353bcb37bf9b52c1b769e7?s=96&d=mm&r=g","caption":"M\u00e9lanie &amp; Arnaud | Le Monde d'Anna et Matteo"},"sameAs":["https:\/\/annaetmatteo.com","https:\/\/www.facebook.com\/AnnaEtMatteo\/","https:\/\/twitter.com\/AnnaEtMatteo"]}]}},"_links":{"self":[{"href":"https:\/\/annaetmatteo.com\/blog\/wp-json\/wp\/v2\/posts\/378"}],"collection":[{"href":"https:\/\/annaetmatteo.com\/blog\/wp-json\/wp\/v2\/posts"}],"about":[{"href":"https:\/\/annaetmatteo.com\/blog\/wp-json\/wp\/v2\/types\/post"}],"author":[{"embeddable":true,"href":"https:\/\/annaetmatteo.com\/blog\/wp-json\/wp\/v2\/users\/1"}],"replies":[{"embeddable":true,"href":"https:\/\/annaetmatteo.com\/blog\/wp-json\/wp\/v2\/comments?post=378"}],"version-history":[{"count":6,"href":"https:\/\/annaetmatteo.com\/blog\/wp-json\/wp\/v2\/posts\/378\/revisions"}],"predecessor-version":[{"id":711,"href":"https:\/\/annaetmatteo.com\/blog\/wp-json\/wp\/v2\/posts\/378\/revisions\/711"}],"wp:featuredmedia":[{"embeddable":true,"href":"https:\/\/annaetmatteo.com\/blog\/wp-json\/wp\/v2\/media\/381"}],"wp:attachment":[{"href":"https:\/\/annaetmatteo.com\/blog\/wp-json\/wp\/v2\/media?parent=378"}],"wp:term":[{"taxonomy":"category","embeddable":true,"href":"https:\/\/annaetmatteo.com\/blog\/wp-json\/wp\/v2\/categories?post=378"},{"taxonomy":"post_tag","embeddable":true,"href":"https:\/\/annaetmatteo.com\/blog\/wp-json\/wp\/v2\/tags?post=378"}],"curies":[{"name":"wp","href":"https:\/\/api.w.org\/{rel}","templated":true}]}}