{"id":340,"date":"2018-07-19T19:31:00","date_gmt":"2018-07-19T17:31:00","guid":{"rendered":"https:\/\/annaetmatteo.com\/blog\/?p=340"},"modified":"2018-07-19T19:45:53","modified_gmt":"2018-07-19T17:45:53","slug":"5-conseils-pour-rafraichir-la-chambre-de-bebe","status":"publish","type":"post","link":"https:\/\/annaetmatteo.com\/blog\/5-conseils-pour-rafraichir-la-chambre-de-bebe\/","title":{"rendered":"5 conseils pour rafra\u00eechir la chambre de b\u00e9b\u00e9"},"content":{"rendered":"<h2>Depuis plusieurs semaines le thermom\u00e8tre d\u00e9colle. Et vous vous demandez certainement comment rafra\u00eechir la chambre de b\u00e9b\u00e9. Pour son sommeil, il est important de diminuer la temp\u00e9rature de la pi\u00e8ce. Voici quelques conseils pour y parvenir.<\/h2>\n<p><!--more--><\/p>\n<h3>1- Utiliser un ventilateur<\/h3>\n<p>C&rsquo;est une id\u00e9e, m\u00eame si la ventilation ne fait souvent que brasser l&rsquo;air chaud. Elle permet au moins de faire circuler l&rsquo;air et de donner une sensation de fra\u00eecheur. Vous pouvez donc laisser tourner un ventilateur peu bruyant pendant que b\u00e9b\u00e9 dort.<\/p>\n<p>Attention toutefois : n&rsquo;orientez jamais le flux d&rsquo;air directement vers votre enfant !<\/p>\n<p>Pour \u00e9viter de brasser l&rsquo;air chaud, vous pouvez mettre des bouteilles d&rsquo;eau (en plastique) au cong\u00e9lateur puis les placer devant le ventilateur afin qu&rsquo;il souffle dessus. Voici une sorte de climatisation \u00e0 bas prix.<\/p>\n<p>Ah oui, petit d\u00e9tail : le volume de la glace est sup\u00e9rieur \u00e0 celui de l&rsquo;eau. Donc ne remplissez pas vos bouteilles enti\u00e8rement avant de les mettre au cong\u00e9lateur sinon&#8230; Crac !<\/p>\n<h3>2- La glace en renfort<\/h3>\n<p>M\u00eame sans ventilateur, la solution des bouteilles d&rsquo;eau pass\u00e9es au cong\u00e9lateur peut \u00eatre utilis\u00e9e. Placez une bouteille gel\u00e9e aux quatre coins de la pi\u00e8ce et renouvelez-les quand elles ont fondu, au fil de la journ\u00e9e. Voici qui devrait rafra\u00eechir un minimum la chambre.<\/p>\n<p><img loading=\"lazy\" class=\"aligncenter size-full wp-image-345\" src=\"https:\/\/annaetmatteo.com\/blog\/wp-content\/uploads\/2018\/07\/rafraichir-chambre-bebe-3.jpg\" alt=\"fen\u00eatres ouvertes\" width=\"1000\" height=\"627\" srcset=\"https:\/\/annaetmatteo.com\/blog\/wp-content\/uploads\/2018\/07\/rafraichir-chambre-bebe-3.jpg 1000w, https:\/\/annaetmatteo.com\/blog\/wp-content\/uploads\/2018\/07\/rafraichir-chambre-bebe-3-300x188.jpg 300w, https:\/\/annaetmatteo.com\/blog\/wp-content\/uploads\/2018\/07\/rafraichir-chambre-bebe-3-768x482.jpg 768w\" sizes=\"(max-width: 767px) 89vw, (max-width: 1000px) 54vw, (max-width: 1071px) 543px, 580px\" \/><\/p>\n<h3>3- Faites des courants d&rsquo;air !<\/h3>\n<p>Quand b\u00e9b\u00e9 n&rsquo;occupe pas la chambre, ouvrez les fen\u00eatres pour faire circuler l&rsquo;air entre les pi\u00e8ces.\u00a0 De pr\u00e9f\u00e9rence le matin quand l&rsquo;air est plus frais. Et bien entendu, on ne laisse jamais en courant d&rsquo;air la chambre si b\u00e9b\u00e9 l&rsquo;occupe et y dort.<\/p>\n<p>Si la pi\u00e8ce dispose d&rsquo;un Velux,\u00a0 ouvrant donc par le toit, l&rsquo;ouvrir peut aider \u00e0 laisser filer l&rsquo;air chaud. Rappelez-vous : l&rsquo;air chaud monte.<\/p>\n<h3>4- Fermez les volets<\/h3>\n<p>Oui, l&rsquo;\u00e9t\u00e9 et la lumi\u00e8re, c&rsquo;est bien. Mais pour conserver la fra\u00eecheur, mieux vaut fermer les volets pour laisser la chambre dans l&rsquo;ombre.<\/p>\n<p><img loading=\"lazy\" class=\"aligncenter size-full wp-image-344\" src=\"https:\/\/annaetmatteo.com\/blog\/wp-content\/uploads\/2018\/07\/rafraichir-chambre-bebe-2.jpg\" alt=\"chambre de b\u00e9b\u00e9\" width=\"1000\" height=\"666\" srcset=\"https:\/\/annaetmatteo.com\/blog\/wp-content\/uploads\/2018\/07\/rafraichir-chambre-bebe-2.jpg 1000w, https:\/\/annaetmatteo.com\/blog\/wp-content\/uploads\/2018\/07\/rafraichir-chambre-bebe-2-300x200.jpg 300w, https:\/\/annaetmatteo.com\/blog\/wp-content\/uploads\/2018\/07\/rafraichir-chambre-bebe-2-768x511.jpg 768w\" sizes=\"(max-width: 767px) 89vw, (max-width: 1000px) 54vw, (max-width: 1071px) 543px, 580px\" \/><\/p>\n<h3>5- La technique de la serviette mouill\u00e9e<\/h3>\n<p>Suspendez \u00e0 vos volets ou \u00e0 vos fen\u00eatres des serviettes mouill\u00e9es. L&rsquo;\u00e9vaporation de l&rsquo;eau va aider \u00e0 rafra\u00eechir la chambre de b\u00e9b\u00e9.<\/p>\n<p>Avec ces 5 techniques simples, vous devriez pouvoir r\u00e9duire la chaleur dans la chambre de votre enfant. Et n&rsquo;oubliez pas de l&rsquo;hydrater et d&rsquo;adapter sa tenue de nuit \u00e0 la temp\u00e9rature.<\/p>\n<h4>Ces articles pourraient \u00e9galement vous int\u00e9resser :<\/h4>\n<p><span style=\"color: #0000ff;\"><a style=\"color: #0000ff;\" href=\"https:\/\/annaetmatteo.com\/blog\/comment-bien-hydrater-bebe\/\" target=\"_blank\" rel=\"noopener\">Comment bien hydrater b\u00e9b\u00e9 ?<\/a><\/span><\/p>\n<p><span style=\"color: #0000ff;\"><a style=\"color: #0000ff;\" href=\"https:\/\/annaetmatteo.com\/blog\/comment-habiller-bebe-pour-dormir\/\" target=\"_blank\" rel=\"noopener\">Comment habiller b\u00e9b\u00e9 pour dormir ?<\/a><\/span><\/p>\n","protected":false},"excerpt":{"rendered":"<p>Depuis plusieurs semaines le thermom\u00e8tre d\u00e9colle. Et vous vous demandez certainement comment rafra\u00eechir la chambre de b\u00e9b\u00e9. Pour son sommeil, il est important de diminuer la temp\u00e9rature de la pi\u00e8ce. Voici quelques conseils pour y parvenir.<\/p>\n","protected":false},"author":1,"featured_media":343,"comment_status":"open","ping_status":"open","sticky":false,"template":"","format":"standard","meta":[],"categories":[1],"tags":[],"yoast_head":"<!-- This site is optimized with the Yoast SEO plugin v18.0 - https:\/\/yoast.com\/wordpress\/plugins\/seo\/ -->\n<title>5 conseils pour rafra\u00eechir la chambre de b\u00e9b\u00e9 . Aidez-le \u00e0 passer une bonne nuit!<\/title>\n<meta name=\"description\" content=\"Rafra\u00eechir la chambre de b\u00e9b\u00e9 est indispensable pendant les fortes chaleurs. D\u00e9couvrez nos conseils pour lutter contre la canicule.\" \/>\n<meta name=\"robots\" content=\"index, follow, max-snippet:-1, max-image-preview:large, max-video-preview:-1\" \/>\n<link rel=\"canonical\" href=\"https:\/\/annaetmatteo.com\/blog\/5-conseils-pour-rafraichir-la-chambre-de-bebe\/\" \/>\n<meta property=\"og:locale\" content=\"fr_FR\" \/>\n<meta property=\"og:type\" content=\"article\" \/>\n<meta property=\"og:title\" content=\"5 conseils pour rafra\u00eechir la chambre de b\u00e9b\u00e9 . Aidez-le \u00e0 passer une bonne nuit!\" \/>\n<meta property=\"og:description\" content=\"Rafra\u00eechir la chambre de b\u00e9b\u00e9 est indispensable pendant les fortes chaleurs. D\u00e9couvrez nos conseils pour lutter contre la canicule.\" \/>\n<meta property=\"og:url\" content=\"https:\/\/annaetmatteo.com\/blog\/5-conseils-pour-rafraichir-la-chambre-de-bebe\/\" \/>\n<meta property=\"og:site_name\" content=\"Blog du Monde d&#039;Anna et Matteo\" \/>\n<meta property=\"article:publisher\" content=\"https:\/\/www.facebook.com\/AnnaEtMatteo\/\" \/>\n<meta property=\"article:author\" content=\"https:\/\/www.facebook.com\/AnnaEtMatteo\/\" \/>\n<meta property=\"article:published_time\" content=\"2018-07-19T17:31:00+00:00\" \/>\n<meta property=\"article:modified_time\" content=\"2018-07-19T17:45:53+00:00\" \/>\n<meta property=\"og:image\" content=\"https:\/\/annaetmatteo.com\/blog\/wp-content\/uploads\/2018\/07\/rafraichir-chambre-bebe-1.jpg\" \/>\n\t<meta property=\"og:image:width\" content=\"1000\" \/>\n\t<meta property=\"og:image:height\" content=\"664\" \/>\n\t<meta property=\"og:image:type\" content=\"image\/jpeg\" \/>\n<meta name=\"twitter:card\" content=\"summary_large_image\" \/>\n<meta name=\"twitter:creator\" content=\"@AnnaEtMatteo\" \/>\n<meta name=\"twitter:site\" content=\"@AnnaEtMatteo\" \/>\n<meta name=\"twitter:label1\" content=\"\u00c9crit par\" \/>\n\t<meta name=\"twitter:data1\" content=\"M\u00e9lanie &amp; Arnaud | Le Monde d'Anna et Matteo\" \/>\n\t<meta name=\"twitter:label2\" content=\"Dur\u00e9e de lecture estim\u00e9e\" \/>\n\t<meta name=\"twitter:data2\" content=\"2 minutes\" \/>\n<script type=\"application\/ld+json\" class=\"yoast-schema-graph\">{\"@context\":\"https:\/\/schema.org\",\"@graph\":[{\"@type\":\"Organization\",\"@id\":\"https:\/\/annaetmatteo.com\/blog\/#organization\",\"name\":\"Le Monde d'Anna et Matteo\",\"url\":\"https:\/\/annaetmatteo.com\/blog\/\",\"sameAs\":[\"https:\/\/www.facebook.com\/AnnaEtMatteo\/\",\"https:\/\/www.instagram.com\/annaetmatteo\/\",\"https:\/\/www.youtube.com\/channel\/UCSce5n3L_8dmB8yTwbXnCwA\/f\",\"https:\/\/www.pinterest.fr\/AnnaEtMatteo\/\",\"https:\/\/twitter.com\/AnnaEtMatteo\"],\"logo\":{\"@type\":\"ImageObject\",\"@id\":\"https:\/\/annaetmatteo.com\/blog\/#logo\",\"inLanguage\":\"fr-FR\",\"url\":\"https:\/\/annaetmatteo.com\/blog\/wp-content\/uploads\/2018\/04\/rbU69AmF_400x400-1.jpg\",\"contentUrl\":\"https:\/\/annaetmatteo.com\/blog\/wp-content\/uploads\/2018\/04\/rbU69AmF_400x400-1.jpg\",\"width\":240,\"height\":240,\"caption\":\"Le Monde d'Anna et Matteo\"},\"image\":{\"@id\":\"https:\/\/annaetmatteo.com\/blog\/#logo\"}},{\"@type\":\"WebSite\",\"@id\":\"https:\/\/annaetmatteo.com\/blog\/#website\",\"url\":\"https:\/\/annaetmatteo.com\/blog\/\",\"name\":\"Blog du Monde d&#039;Anna et Matteo\",\"description\":\"\",\"publisher\":{\"@id\":\"https:\/\/annaetmatteo.com\/blog\/#organization\"},\"potentialAction\":[{\"@type\":\"SearchAction\",\"target\":{\"@type\":\"EntryPoint\",\"urlTemplate\":\"https:\/\/annaetmatteo.com\/blog\/?s={search_term_string}\"},\"query-input\":\"required name=search_term_string\"}],\"inLanguage\":\"fr-FR\"},{\"@type\":\"ImageObject\",\"@id\":\"https:\/\/annaetmatteo.com\/blog\/5-conseils-pour-rafraichir-la-chambre-de-bebe\/#primaryimage\",\"inLanguage\":\"fr-FR\",\"url\":\"https:\/\/annaetmatteo.com\/blog\/wp-content\/uploads\/2018\/07\/rafraichir-chambre-bebe-1.jpg\",\"contentUrl\":\"https:\/\/annaetmatteo.com\/blog\/wp-content\/uploads\/2018\/07\/rafraichir-chambre-bebe-1.jpg\",\"width\":1000,\"height\":664,\"caption\":\"chambre de b\u00e9b\u00e9 avec \u00e9l\u00e9phant en peluche\"},{\"@type\":\"WebPage\",\"@id\":\"https:\/\/annaetmatteo.com\/blog\/5-conseils-pour-rafraichir-la-chambre-de-bebe\/#webpage\",\"url\":\"https:\/\/annaetmatteo.com\/blog\/5-conseils-pour-rafraichir-la-chambre-de-bebe\/\",\"name\":\"5 conseils pour rafra\u00eechir la chambre de b\u00e9b\u00e9 . Aidez-le \u00e0 passer une bonne nuit!\",\"isPartOf\":{\"@id\":\"https:\/\/annaetmatteo.com\/blog\/#website\"},\"primaryImageOfPage\":{\"@id\":\"https:\/\/annaetmatteo.com\/blog\/5-conseils-pour-rafraichir-la-chambre-de-bebe\/#primaryimage\"},\"datePublished\":\"2018-07-19T17:31:00+00:00\",\"dateModified\":\"2018-07-19T17:45:53+00:00\",\"description\":\"Rafra\u00eechir la chambre de b\u00e9b\u00e9 est indispensable pendant les fortes chaleurs. D\u00e9couvrez nos conseils pour lutter contre la canicule.\",\"breadcrumb\":{\"@id\":\"https:\/\/annaetmatteo.com\/blog\/5-conseils-pour-rafraichir-la-chambre-de-bebe\/#breadcrumb\"},\"inLanguage\":\"fr-FR\",\"potentialAction\":[{\"@type\":\"ReadAction\",\"target\":[\"https:\/\/annaetmatteo.com\/blog\/5-conseils-pour-rafraichir-la-chambre-de-bebe\/\"]}]},{\"@type\":\"BreadcrumbList\",\"@id\":\"https:\/\/annaetmatteo.com\/blog\/5-conseils-pour-rafraichir-la-chambre-de-bebe\/#breadcrumb\",\"itemListElement\":[{\"@type\":\"ListItem\",\"position\":1,\"name\":\"Accueil\",\"item\":\"https:\/\/annaetmatteo.com\/blog\/\"},{\"@type\":\"ListItem\",\"position\":2,\"name\":\"5 conseils pour rafra\u00eechir la chambre de b\u00e9b\u00e9\"}]},{\"@type\":\"Article\",\"@id\":\"https:\/\/annaetmatteo.com\/blog\/5-conseils-pour-rafraichir-la-chambre-de-bebe\/#article\",\"isPartOf\":{\"@id\":\"https:\/\/annaetmatteo.com\/blog\/5-conseils-pour-rafraichir-la-chambre-de-bebe\/#webpage\"},\"author\":{\"@id\":\"https:\/\/annaetmatteo.com\/blog\/#\/schema\/person\/324a22a04fc2477c15496ba8213c7eab\"},\"headline\":\"5 conseils pour rafra\u00eechir la chambre de b\u00e9b\u00e9\",\"datePublished\":\"2018-07-19T17:31:00+00:00\",\"dateModified\":\"2018-07-19T17:45:53+00:00\",\"mainEntityOfPage\":{\"@id\":\"https:\/\/annaetmatteo.com\/blog\/5-conseils-pour-rafraichir-la-chambre-de-bebe\/#webpage\"},\"wordCount\":423,\"commentCount\":0,\"publisher\":{\"@id\":\"https:\/\/annaetmatteo.com\/blog\/#organization\"},\"image\":{\"@id\":\"https:\/\/annaetmatteo.com\/blog\/5-conseils-pour-rafraichir-la-chambre-de-bebe\/#primaryimage\"},\"thumbnailUrl\":\"https:\/\/annaetmatteo.com\/blog\/wp-content\/uploads\/2018\/07\/rafraichir-chambre-bebe-1.jpg\",\"inLanguage\":\"fr-FR\",\"potentialAction\":[{\"@type\":\"CommentAction\",\"name\":\"Comment\",\"target\":[\"https:\/\/annaetmatteo.com\/blog\/5-conseils-pour-rafraichir-la-chambre-de-bebe\/#respond\"]}]},{\"@type\":\"Person\",\"@id\":\"https:\/\/annaetmatteo.com\/blog\/#\/schema\/person\/324a22a04fc2477c15496ba8213c7eab\",\"name\":\"M\u00e9lanie &amp; Arnaud | Le Monde d'Anna et Matteo\",\"image\":{\"@type\":\"ImageObject\",\"@id\":\"https:\/\/annaetmatteo.com\/blog\/#personlogo\",\"inLanguage\":\"fr-FR\",\"url\":\"https:\/\/secure.gravatar.com\/avatar\/3c48cff264353bcb37bf9b52c1b769e7?s=96&d=mm&r=g\",\"contentUrl\":\"https:\/\/secure.gravatar.com\/avatar\/3c48cff264353bcb37bf9b52c1b769e7?s=96&d=mm&r=g\",\"caption\":\"M\u00e9lanie &amp; Arnaud | Le Monde d'Anna et Matteo\"},\"sameAs\":[\"https:\/\/annaetmatteo.com\",\"https:\/\/www.facebook.com\/AnnaEtMatteo\/\",\"https:\/\/twitter.com\/AnnaEtMatteo\"]}]}<\/script>\n<!-- \/ Yoast SEO plugin. -->","yoast_head_json":{"title":"5 conseils pour rafra\u00eechir la chambre de b\u00e9b\u00e9 . Aidez-le \u00e0 passer une bonne nuit!","description":"Rafra\u00eechir la chambre de b\u00e9b\u00e9 est indispensable pendant les fortes chaleurs. D\u00e9couvrez nos conseils pour lutter contre la canicule.","robots":{"index":"index","follow":"follow","max-snippet":"max-snippet:-1","max-image-preview":"max-image-preview:large","max-video-preview":"max-video-preview:-1"},"canonical":"https:\/\/annaetmatteo.com\/blog\/5-conseils-pour-rafraichir-la-chambre-de-bebe\/","og_locale":"fr_FR","og_type":"article","og_title":"5 conseils pour rafra\u00eechir la chambre de b\u00e9b\u00e9 . Aidez-le \u00e0 passer une bonne nuit!","og_description":"Rafra\u00eechir la chambre de b\u00e9b\u00e9 est indispensable pendant les fortes chaleurs. D\u00e9couvrez nos conseils pour lutter contre la canicule.","og_url":"https:\/\/annaetmatteo.com\/blog\/5-conseils-pour-rafraichir-la-chambre-de-bebe\/","og_site_name":"Blog du Monde d&#039;Anna et Matteo","article_publisher":"https:\/\/www.facebook.com\/AnnaEtMatteo\/","article_author":"https:\/\/www.facebook.com\/AnnaEtMatteo\/","article_published_time":"2018-07-19T17:31:00+00:00","article_modified_time":"2018-07-19T17:45:53+00:00","og_image":[{"width":1000,"height":664,"url":"https:\/\/annaetmatteo.com\/blog\/wp-content\/uploads\/2018\/07\/rafraichir-chambre-bebe-1.jpg","type":"image\/jpeg"}],"twitter_card":"summary_large_image","twitter_creator":"@AnnaEtMatteo","twitter_site":"@AnnaEtMatteo","twitter_misc":{"\u00c9crit par":"M\u00e9lanie &amp; Arnaud | Le Monde d'Anna et Matteo","Dur\u00e9e de lecture estim\u00e9e":"2 minutes"},"schema":{"@context":"https:\/\/schema.org","@graph":[{"@type":"Organization","@id":"https:\/\/annaetmatteo.com\/blog\/#organization","name":"Le Monde d'Anna et Matteo","url":"https:\/\/annaetmatteo.com\/blog\/","sameAs":["https:\/\/www.facebook.com\/AnnaEtMatteo\/","https:\/\/www.instagram.com\/annaetmatteo\/","https:\/\/www.youtube.com\/channel\/UCSce5n3L_8dmB8yTwbXnCwA\/f","https:\/\/www.pinterest.fr\/AnnaEtMatteo\/","https:\/\/twitter.com\/AnnaEtMatteo"],"logo":{"@type":"ImageObject","@id":"https:\/\/annaetmatteo.com\/blog\/#logo","inLanguage":"fr-FR","url":"https:\/\/annaetmatteo.com\/blog\/wp-content\/uploads\/2018\/04\/rbU69AmF_400x400-1.jpg","contentUrl":"https:\/\/annaetmatteo.com\/blog\/wp-content\/uploads\/2018\/04\/rbU69AmF_400x400-1.jpg","width":240,"height":240,"caption":"Le Monde d'Anna et Matteo"},"image":{"@id":"https:\/\/annaetmatteo.com\/blog\/#logo"}},{"@type":"WebSite","@id":"https:\/\/annaetmatteo.com\/blog\/#website","url":"https:\/\/annaetmatteo.com\/blog\/","name":"Blog du Monde d&#039;Anna et Matteo","description":"","publisher":{"@id":"https:\/\/annaetmatteo.com\/blog\/#organization"},"potentialAction":[{"@type":"SearchAction","target":{"@type":"EntryPoint","urlTemplate":"https:\/\/annaetmatteo.com\/blog\/?s={search_term_string}"},"query-input":"required name=search_term_string"}],"inLanguage":"fr-FR"},{"@type":"ImageObject","@id":"https:\/\/annaetmatteo.com\/blog\/5-conseils-pour-rafraichir-la-chambre-de-bebe\/#primaryimage","inLanguage":"fr-FR","url":"https:\/\/annaetmatteo.com\/blog\/wp-content\/uploads\/2018\/07\/rafraichir-chambre-bebe-1.jpg","contentUrl":"https:\/\/annaetmatteo.com\/blog\/wp-content\/uploads\/2018\/07\/rafraichir-chambre-bebe-1.jpg","width":1000,"height":664,"caption":"chambre de b\u00e9b\u00e9 avec \u00e9l\u00e9phant en peluche"},{"@type":"WebPage","@id":"https:\/\/annaetmatteo.com\/blog\/5-conseils-pour-rafraichir-la-chambre-de-bebe\/#webpage","url":"https:\/\/annaetmatteo.com\/blog\/5-conseils-pour-rafraichir-la-chambre-de-bebe\/","name":"5 conseils pour rafra\u00eechir la chambre de b\u00e9b\u00e9 . Aidez-le \u00e0 passer une bonne nuit!","isPartOf":{"@id":"https:\/\/annaetmatteo.com\/blog\/#website"},"primaryImageOfPage":{"@id":"https:\/\/annaetmatteo.com\/blog\/5-conseils-pour-rafraichir-la-chambre-de-bebe\/#primaryimage"},"datePublished":"2018-07-19T17:31:00+00:00","dateModified":"2018-07-19T17:45:53+00:00","description":"Rafra\u00eechir la chambre de b\u00e9b\u00e9 est indispensable pendant les fortes chaleurs. D\u00e9couvrez nos conseils pour lutter contre la canicule.","breadcrumb":{"@id":"https:\/\/annaetmatteo.com\/blog\/5-conseils-pour-rafraichir-la-chambre-de-bebe\/#breadcrumb"},"inLanguage":"fr-FR","potentialAction":[{"@type":"ReadAction","target":["https:\/\/annaetmatteo.com\/blog\/5-conseils-pour-rafraichir-la-chambre-de-bebe\/"]}]},{"@type":"BreadcrumbList","@id":"https:\/\/annaetmatteo.com\/blog\/5-conseils-pour-rafraichir-la-chambre-de-bebe\/#breadcrumb","itemListElement":[{"@type":"ListItem","position":1,"name":"Accueil","item":"https:\/\/annaetmatteo.com\/blog\/"},{"@type":"ListItem","position":2,"name":"5 conseils pour rafra\u00eechir la chambre de b\u00e9b\u00e9"}]},{"@type":"Article","@id":"https:\/\/annaetmatteo.com\/blog\/5-conseils-pour-rafraichir-la-chambre-de-bebe\/#article","isPartOf":{"@id":"https:\/\/annaetmatteo.com\/blog\/5-conseils-pour-rafraichir-la-chambre-de-bebe\/#webpage"},"author":{"@id":"https:\/\/annaetmatteo.com\/blog\/#\/schema\/person\/324a22a04fc2477c15496ba8213c7eab"},"headline":"5 conseils pour rafra\u00eechir la chambre de b\u00e9b\u00e9","datePublished":"2018-07-19T17:31:00+00:00","dateModified":"2018-07-19T17:45:53+00:00","mainEntityOfPage":{"@id":"https:\/\/annaetmatteo.com\/blog\/5-conseils-pour-rafraichir-la-chambre-de-bebe\/#webpage"},"wordCount":423,"commentCount":0,"publisher":{"@id":"https:\/\/annaetmatteo.com\/blog\/#organization"},"image":{"@id":"https:\/\/annaetmatteo.com\/blog\/5-conseils-pour-rafraichir-la-chambre-de-bebe\/#primaryimage"},"thumbnailUrl":"https:\/\/annaetmatteo.com\/blog\/wp-content\/uploads\/2018\/07\/rafraichir-chambre-bebe-1.jpg","inLanguage":"fr-FR","potentialAction":[{"@type":"CommentAction","name":"Comment","target":["https:\/\/annaetmatteo.com\/blog\/5-conseils-pour-rafraichir-la-chambre-de-bebe\/#respond"]}]},{"@type":"Person","@id":"https:\/\/annaetmatteo.com\/blog\/#\/schema\/person\/324a22a04fc2477c15496ba8213c7eab","name":"M\u00e9lanie &amp; Arnaud | Le Monde d'Anna et Matteo","image":{"@type":"ImageObject","@id":"https:\/\/annaetmatteo.com\/blog\/#personlogo","inLanguage":"fr-FR","url":"https:\/\/secure.gravatar.com\/avatar\/3c48cff264353bcb37bf9b52c1b769e7?s=96&d=mm&r=g","contentUrl":"https:\/\/secure.gravatar.com\/avatar\/3c48cff264353bcb37bf9b52c1b769e7?s=96&d=mm&r=g","caption":"M\u00e9lanie &amp; Arnaud | Le Monde d'Anna et Matteo"},"sameAs":["https:\/\/annaetmatteo.com","https:\/\/www.facebook.com\/AnnaEtMatteo\/","https:\/\/twitter.com\/AnnaEtMatteo"]}]}},"_links":{"self":[{"href":"https:\/\/annaetmatteo.com\/blog\/wp-json\/wp\/v2\/posts\/340"}],"collection":[{"href":"https:\/\/annaetmatteo.com\/blog\/wp-json\/wp\/v2\/posts"}],"about":[{"href":"https:\/\/annaetmatteo.com\/blog\/wp-json\/wp\/v2\/types\/post"}],"author":[{"embeddable":true,"href":"https:\/\/annaetmatteo.com\/blog\/wp-json\/wp\/v2\/users\/1"}],"replies":[{"embeddable":true,"href":"https:\/\/annaetmatteo.com\/blog\/wp-json\/wp\/v2\/comments?post=340"}],"version-history":[{"count":4,"href":"https:\/\/annaetmatteo.com\/blog\/wp-json\/wp\/v2\/posts\/340\/revisions"}],"predecessor-version":[{"id":348,"href":"https:\/\/annaetmatteo.com\/blog\/wp-json\/wp\/v2\/posts\/340\/revisions\/348"}],"wp:featuredmedia":[{"embeddable":true,"href":"https:\/\/annaetmatteo.com\/blog\/wp-json\/wp\/v2\/media\/343"}],"wp:attachment":[{"href":"https:\/\/annaetmatteo.com\/blog\/wp-json\/wp\/v2\/media?parent=340"}],"wp:term":[{"taxonomy":"category","embeddable":true,"href":"https:\/\/annaetmatteo.com\/blog\/wp-json\/wp\/v2\/categories?post=340"},{"taxonomy":"post_tag","embeddable":true,"href":"https:\/\/annaetmatteo.com\/blog\/wp-json\/wp\/v2\/tags?post=340"}],"curies":[{"name":"wp","href":"https:\/\/api.w.org\/{rel}","templated":true}]}}