{"id":286,"date":"2018-06-21T15:35:31","date_gmt":"2018-06-21T13:35:31","guid":{"rendered":"https:\/\/annaetmatteo.com\/blog\/?p=286"},"modified":"2018-06-21T15:35:31","modified_gmt":"2018-06-21T13:35:31","slug":"brosser-les-dents-de-bebe","status":"publish","type":"post","link":"https:\/\/annaetmatteo.com\/blog\/brosser-les-dents-de-bebe\/","title":{"rendered":"Quand et comment brosser les dents de b\u00e9b\u00e9 ?"},"content":{"rendered":"<h2>Quel parent ne s&rsquo;est pas pos\u00e9 la question ! Comment brosser les dents de b\u00e9b\u00e9 ? A quel \u00e2ge ? Avec ou sans dentifrice ? Il est important d&rsquo;\u00e9viter la formation d&rsquo;une carie de la petite enfance, susceptible de contaminer la dent d\u00e9finitive.<\/h2>\n<p><!--more--><\/p>\n<p>Votre mission de parent du jour, c&rsquo;est d&rsquo;\u00e9viter la formation de caries chez b\u00e9b\u00e9. Pour cela, il convient de lui brosser les dents tr\u00e8s t\u00f4t. Si certains recommandent de nettoyer la bouche avec une compresse humide apr\u00e8s chaque t\u00e9t\u00e9e, et ce m\u00eame avant l&rsquo;apparition des dents, cela reste un peu extr\u00eame. Alors, quand faut-il s&rsquo;occuper de l&rsquo;hygi\u00e8ne buccale de votre bambin ?<\/p>\n<p><img loading=\"lazy\" class=\"aligncenter wp-image-289 size-full\" src=\"https:\/\/annaetmatteo.com\/blog\/wp-content\/uploads\/2018\/06\/brosser-dents-bebe-2-e1529586205326.jpg\" alt=\"Enfant en train de se brosser les dents\" width=\"800\" height=\"533\" \/><\/p>\n<h3>Quand laver les dents de b\u00e9b\u00e9 ?<\/h3>\n<p>D\u00e8s l&rsquo;apparition de la premi\u00e8re dent, vous pouvez commencer \u00e0 apprendre le lavage des dents \u00e0 b\u00e9b\u00e9. Au d\u00e9but, commencez avec cette fameuse compresse ou lingette humide. Et quand b\u00e9b\u00e9 grandit et sait marcher de mani\u00e8re autonome, passez \u00e0 une brosse \u00e0 dents adapt\u00e9e, \u00e0 poils souples.<\/p>\n<p>Il existe divers types de brosses \u00e0 dents pour les tous petits dans les pharmacies, et m\u00eame les grandes surfaces. Fiez-vous \u00e0 l&rsquo;\u00e2ge indiqu\u00e9 sur les emballages. N&rsquo;utilisez pas de brosses pour adultes, trop grandes et souvent trop dures.<\/p>\n<p>B\u00e9b\u00e9 doit avoir sa propre brosse \u00e0 dents qu&rsquo;il ne partage avec personne, pas m\u00eame un autre enfant ! Et le brossage de dents doit avoir lieu tous les jours (2 fois par jour avec la brosse).<\/p>\n<p><img loading=\"lazy\" class=\"aligncenter wp-image-290 size-full\" src=\"https:\/\/annaetmatteo.com\/blog\/wp-content\/uploads\/2018\/06\/brosser-dents-bebe-3.jpg\" alt=\"Dentifrice et brosse \u00e0 dents pour les enfants\" width=\"640\" height=\"368\" srcset=\"https:\/\/annaetmatteo.com\/blog\/wp-content\/uploads\/2018\/06\/brosser-dents-bebe-3.jpg 640w, https:\/\/annaetmatteo.com\/blog\/wp-content\/uploads\/2018\/06\/brosser-dents-bebe-3-300x173.jpg 300w\" sizes=\"(max-width: 640px) 100vw, 640px\" \/><\/p>\n<h3>Quand utiliser du dentifrice ?<\/h3>\n<p>A partir de 18 mois, vous pouvez utiliser un petit pois de dentifrice au fluor, adapt\u00e9 \u00e0 l&rsquo;\u00e2ge de votre enfant, sur la brosse \u00e0 dent. Attention \u00e0 ne pas d\u00e9multiplier les sources de fluor entre ce dentifrice et d&rsquo;\u00e9ventuels compl\u00e9ments \u00e0 ing\u00e9rer, sous peine de risquer la fluorose qui t\u00e2che les dents.<\/p>\n<p>Pour inciter votre enfant \u00e0 se brosser les dents le temps qu&rsquo;il faut, pourquoi ne pas opter pour une brosse clignotante ? Celle-ci s&rsquo;illumine la dur\u00e9e n\u00e9cessaire et recommand\u00e9e au brossage. B\u00e9b\u00e9 apprend ainsi \u00e0 ne pas se brosser les dents trop rapidement.<\/p>\n<p>B\u00e9b\u00e9 avale le dentifrice ? Ce n&rsquo;est pas grave, ceux adapt\u00e9s \u00e0 son \u00e2ge sont con\u00e7us pour tenir compte de cela. Enfin, inutile de lui rincer la bouche s&rsquo;il ne sait pas cracher.<\/p>\n<p><center><iframe loading=\"lazy\" src=\"https:\/\/www.youtube.com\/embed\/aZK1PqWdrqk?rel=0\" width=\"560\" height=\"315\" frameborder=\"0\" allowfullscreen=\"allowfullscreen\"><\/iframe><\/center>&nbsp;<\/p>\n<h3>Les pratiques \u00e0 \u00e9viter !<\/h3>\n<ul>\n<li>Ne pas laisser b\u00e9b\u00e9 jouer avec un biberon termin\u00e9 et mastiquer la t\u00e9tine.<\/li>\n<li>\u00c9vitez de laisser l&rsquo;enfant se promener librement avec un biberon rempli d&rsquo;une boisson sucr\u00e9e ou de lait qu&rsquo;il t\u00e9terait \u00e0 l&rsquo;envie.<\/li>\n<li>Ne pas sucrer une t\u00e9tine pour l&rsquo;inciter \u00e0 boire.<\/li>\n<li>Ne pas coucher votre bout&rsquo;chou avec un biberon de jus de fruit ou d&rsquo;eau sucr\u00e9e.<\/li>\n<li>N&rsquo;habituer pas l&rsquo;enfant \u00e0 boire tout le temps sucr\u00e9 !<\/li>\n<li>Limitez les bonbons, et jamais le soir avant le couch\u00e9 !<strong><br \/>\n<\/strong><strong><br \/>\nEt surtout prenez rendez-vous chez le dentiste avant ses 2 ans.<\/strong><\/li>\n<\/ul>\n<h4>Pour en savoir plus sur le brossage de dents de b\u00e9b\u00e9 :<\/h4>\n<p><span style=\"color: #0000ff;\"><a style=\"color: #0000ff;\" href=\"http:\/\/www.ufsbd.fr\/wp-content\/uploads\/2013\/09\/fiche-brossage.pdf\" target=\"_blank\" rel=\"noopener\">La fiche de l&rsquo;UFSBD (Union fran\u00e7aise pour la sant\u00e9 bucco-dentaire)<\/a><\/span><\/p>\n<h4>Ces articles pourraient aussi vous int\u00e9resser :<\/h4>\n<p><span style=\"color: #0000ff;\"><a style=\"color: #0000ff;\" href=\"https:\/\/annaetmatteo.com\/blog\/faut-il-steriliser-les-biberons-de-bebe\/\" target=\"_blank\" rel=\"noopener\">Faut-il st\u00e9riliser les biberons de b\u00e9b\u00e9 ?<\/a><\/span><\/p>\n<p><span style=\"color: #0000ff;\"><a style=\"color: #0000ff;\" href=\"https:\/\/annaetmatteo.com\/blog\/11-vaccins-sont-devenus-obligatoires\/\" target=\"_blank\" rel=\"noopener\">11 vaccins sont devenus obligatoires<\/a><\/span><\/p>\n","protected":false},"excerpt":{"rendered":"<p>Quel parent ne s&rsquo;est pas pos\u00e9 la question ! Comment brosser les dents de b\u00e9b\u00e9 ? A quel \u00e2ge ? Avec ou sans dentifrice ? Il est important d&rsquo;\u00e9viter la formation d&rsquo;une carie de la petite enfance, susceptible de contaminer la dent d\u00e9finitive.<\/p>\n","protected":false},"author":1,"featured_media":291,"comment_status":"open","ping_status":"open","sticky":false,"template":"","format":"standard","meta":[],"categories":[1],"tags":[],"yoast_head":"<!-- This site is optimized with the Yoast SEO plugin v18.0 - https:\/\/yoast.com\/wordpress\/plugins\/seo\/ -->\n<title>Brosser les dents de b\u00e9b\u00e9 : \u00e0 quel \u00e2ge commencer et comment faire ?<\/title>\n<meta name=\"description\" content=\"Avoir une bonne dentition est important pour b\u00e9b\u00e9 pour se nourrir correctement. Mais \u00e0 quel \u00e2ge lui brosser les dents? Faut-il utiliser du dentifrice?\" \/>\n<meta name=\"robots\" content=\"index, follow, max-snippet:-1, max-image-preview:large, max-video-preview:-1\" \/>\n<link rel=\"canonical\" href=\"https:\/\/annaetmatteo.com\/blog\/brosser-les-dents-de-bebe\/\" \/>\n<meta property=\"og:locale\" content=\"fr_FR\" \/>\n<meta property=\"og:type\" content=\"article\" \/>\n<meta property=\"og:title\" content=\"Brosser les dents de b\u00e9b\u00e9 : \u00e0 quel \u00e2ge commencer et comment faire ?\" \/>\n<meta property=\"og:description\" content=\"Avoir une bonne dentition est important pour b\u00e9b\u00e9 pour se nourrir correctement. Mais \u00e0 quel \u00e2ge lui brosser les dents? Faut-il utiliser du dentifrice?\" \/>\n<meta property=\"og:url\" content=\"https:\/\/annaetmatteo.com\/blog\/brosser-les-dents-de-bebe\/\" \/>\n<meta property=\"og:site_name\" content=\"Blog du Monde d&#039;Anna et Matteo\" \/>\n<meta property=\"article:publisher\" content=\"https:\/\/www.facebook.com\/AnnaEtMatteo\/\" \/>\n<meta property=\"article:author\" content=\"https:\/\/www.facebook.com\/AnnaEtMatteo\/\" \/>\n<meta property=\"article:published_time\" content=\"2018-06-21T13:35:31+00:00\" \/>\n<meta property=\"og:image\" content=\"https:\/\/annaetmatteo.com\/blog\/wp-content\/uploads\/2018\/06\/brosser-dents-bebe-1-e1529586335731.jpg\" \/>\n\t<meta property=\"og:image:width\" content=\"1000\" \/>\n\t<meta property=\"og:image:height\" content=\"666\" \/>\n\t<meta property=\"og:image:type\" content=\"image\/jpeg\" \/>\n<meta name=\"twitter:card\" content=\"summary_large_image\" \/>\n<meta name=\"twitter:creator\" content=\"@AnnaEtMatteo\" \/>\n<meta name=\"twitter:site\" content=\"@AnnaEtMatteo\" \/>\n<meta name=\"twitter:label1\" content=\"\u00c9crit par\" \/>\n\t<meta name=\"twitter:data1\" content=\"M\u00e9lanie &amp; Arnaud | Le Monde d'Anna et Matteo\" \/>\n\t<meta name=\"twitter:label2\" content=\"Dur\u00e9e de lecture estim\u00e9e\" \/>\n\t<meta name=\"twitter:data2\" content=\"3 minutes\" \/>\n<script type=\"application\/ld+json\" class=\"yoast-schema-graph\">{\"@context\":\"https:\/\/schema.org\",\"@graph\":[{\"@type\":\"Organization\",\"@id\":\"https:\/\/annaetmatteo.com\/blog\/#organization\",\"name\":\"Le Monde d'Anna et Matteo\",\"url\":\"https:\/\/annaetmatteo.com\/blog\/\",\"sameAs\":[\"https:\/\/www.facebook.com\/AnnaEtMatteo\/\",\"https:\/\/www.instagram.com\/annaetmatteo\/\",\"https:\/\/www.youtube.com\/channel\/UCSce5n3L_8dmB8yTwbXnCwA\/f\",\"https:\/\/www.pinterest.fr\/AnnaEtMatteo\/\",\"https:\/\/twitter.com\/AnnaEtMatteo\"],\"logo\":{\"@type\":\"ImageObject\",\"@id\":\"https:\/\/annaetmatteo.com\/blog\/#logo\",\"inLanguage\":\"fr-FR\",\"url\":\"https:\/\/annaetmatteo.com\/blog\/wp-content\/uploads\/2018\/04\/rbU69AmF_400x400-1.jpg\",\"contentUrl\":\"https:\/\/annaetmatteo.com\/blog\/wp-content\/uploads\/2018\/04\/rbU69AmF_400x400-1.jpg\",\"width\":240,\"height\":240,\"caption\":\"Le Monde d'Anna et Matteo\"},\"image\":{\"@id\":\"https:\/\/annaetmatteo.com\/blog\/#logo\"}},{\"@type\":\"WebSite\",\"@id\":\"https:\/\/annaetmatteo.com\/blog\/#website\",\"url\":\"https:\/\/annaetmatteo.com\/blog\/\",\"name\":\"Blog du Monde d&#039;Anna et Matteo\",\"description\":\"\",\"publisher\":{\"@id\":\"https:\/\/annaetmatteo.com\/blog\/#organization\"},\"potentialAction\":[{\"@type\":\"SearchAction\",\"target\":{\"@type\":\"EntryPoint\",\"urlTemplate\":\"https:\/\/annaetmatteo.com\/blog\/?s={search_term_string}\"},\"query-input\":\"required name=search_term_string\"}],\"inLanguage\":\"fr-FR\"},{\"@type\":\"ImageObject\",\"@id\":\"https:\/\/annaetmatteo.com\/blog\/brosser-les-dents-de-bebe\/#primaryimage\",\"inLanguage\":\"fr-FR\",\"url\":\"https:\/\/annaetmatteo.com\/blog\/wp-content\/uploads\/2018\/06\/brosser-dents-bebe-1-e1529586335731.jpg\",\"contentUrl\":\"https:\/\/annaetmatteo.com\/blog\/wp-content\/uploads\/2018\/06\/brosser-dents-bebe-1-e1529586335731.jpg\",\"width\":1000,\"height\":666,\"caption\":\"B\u00e9b\u00e9 se brossant les dents\"},{\"@type\":\"WebPage\",\"@id\":\"https:\/\/annaetmatteo.com\/blog\/brosser-les-dents-de-bebe\/#webpage\",\"url\":\"https:\/\/annaetmatteo.com\/blog\/brosser-les-dents-de-bebe\/\",\"name\":\"Brosser les dents de b\u00e9b\u00e9 : \u00e0 quel \u00e2ge commencer et comment faire ?\",\"isPartOf\":{\"@id\":\"https:\/\/annaetmatteo.com\/blog\/#website\"},\"primaryImageOfPage\":{\"@id\":\"https:\/\/annaetmatteo.com\/blog\/brosser-les-dents-de-bebe\/#primaryimage\"},\"datePublished\":\"2018-06-21T13:35:31+00:00\",\"dateModified\":\"2018-06-21T13:35:31+00:00\",\"description\":\"Avoir une bonne dentition est important pour b\u00e9b\u00e9 pour se nourrir correctement. Mais \u00e0 quel \u00e2ge lui brosser les dents? Faut-il utiliser du dentifrice?\",\"breadcrumb\":{\"@id\":\"https:\/\/annaetmatteo.com\/blog\/brosser-les-dents-de-bebe\/#breadcrumb\"},\"inLanguage\":\"fr-FR\",\"potentialAction\":[{\"@type\":\"ReadAction\",\"target\":[\"https:\/\/annaetmatteo.com\/blog\/brosser-les-dents-de-bebe\/\"]}]},{\"@type\":\"BreadcrumbList\",\"@id\":\"https:\/\/annaetmatteo.com\/blog\/brosser-les-dents-de-bebe\/#breadcrumb\",\"itemListElement\":[{\"@type\":\"ListItem\",\"position\":1,\"name\":\"Accueil\",\"item\":\"https:\/\/annaetmatteo.com\/blog\/\"},{\"@type\":\"ListItem\",\"position\":2,\"name\":\"Quand et comment brosser les dents de b\u00e9b\u00e9 ?\"}]},{\"@type\":\"Article\",\"@id\":\"https:\/\/annaetmatteo.com\/blog\/brosser-les-dents-de-bebe\/#article\",\"isPartOf\":{\"@id\":\"https:\/\/annaetmatteo.com\/blog\/brosser-les-dents-de-bebe\/#webpage\"},\"author\":{\"@id\":\"https:\/\/annaetmatteo.com\/blog\/#\/schema\/person\/324a22a04fc2477c15496ba8213c7eab\"},\"headline\":\"Quand et comment brosser les dents de b\u00e9b\u00e9 ?\",\"datePublished\":\"2018-06-21T13:35:31+00:00\",\"dateModified\":\"2018-06-21T13:35:31+00:00\",\"mainEntityOfPage\":{\"@id\":\"https:\/\/annaetmatteo.com\/blog\/brosser-les-dents-de-bebe\/#webpage\"},\"wordCount\":525,\"commentCount\":1,\"publisher\":{\"@id\":\"https:\/\/annaetmatteo.com\/blog\/#organization\"},\"image\":{\"@id\":\"https:\/\/annaetmatteo.com\/blog\/brosser-les-dents-de-bebe\/#primaryimage\"},\"thumbnailUrl\":\"https:\/\/annaetmatteo.com\/blog\/wp-content\/uploads\/2018\/06\/brosser-dents-bebe-1-e1529586335731.jpg\",\"inLanguage\":\"fr-FR\",\"potentialAction\":[{\"@type\":\"CommentAction\",\"name\":\"Comment\",\"target\":[\"https:\/\/annaetmatteo.com\/blog\/brosser-les-dents-de-bebe\/#respond\"]}]},{\"@type\":\"Person\",\"@id\":\"https:\/\/annaetmatteo.com\/blog\/#\/schema\/person\/324a22a04fc2477c15496ba8213c7eab\",\"name\":\"M\u00e9lanie &amp; Arnaud | Le Monde d'Anna et Matteo\",\"image\":{\"@type\":\"ImageObject\",\"@id\":\"https:\/\/annaetmatteo.com\/blog\/#personlogo\",\"inLanguage\":\"fr-FR\",\"url\":\"https:\/\/secure.gravatar.com\/avatar\/3c48cff264353bcb37bf9b52c1b769e7?s=96&d=mm&r=g\",\"contentUrl\":\"https:\/\/secure.gravatar.com\/avatar\/3c48cff264353bcb37bf9b52c1b769e7?s=96&d=mm&r=g\",\"caption\":\"M\u00e9lanie &amp; Arnaud | Le Monde d'Anna et Matteo\"},\"sameAs\":[\"https:\/\/annaetmatteo.com\",\"https:\/\/www.facebook.com\/AnnaEtMatteo\/\",\"https:\/\/twitter.com\/AnnaEtMatteo\"]}]}<\/script>\n<!-- \/ Yoast SEO plugin. -->","yoast_head_json":{"title":"Brosser les dents de b\u00e9b\u00e9 : \u00e0 quel \u00e2ge commencer et comment faire ?","description":"Avoir une bonne dentition est important pour b\u00e9b\u00e9 pour se nourrir correctement. Mais \u00e0 quel \u00e2ge lui brosser les dents? Faut-il utiliser du dentifrice?","robots":{"index":"index","follow":"follow","max-snippet":"max-snippet:-1","max-image-preview":"max-image-preview:large","max-video-preview":"max-video-preview:-1"},"canonical":"https:\/\/annaetmatteo.com\/blog\/brosser-les-dents-de-bebe\/","og_locale":"fr_FR","og_type":"article","og_title":"Brosser les dents de b\u00e9b\u00e9 : \u00e0 quel \u00e2ge commencer et comment faire ?","og_description":"Avoir une bonne dentition est important pour b\u00e9b\u00e9 pour se nourrir correctement. Mais \u00e0 quel \u00e2ge lui brosser les dents? Faut-il utiliser du dentifrice?","og_url":"https:\/\/annaetmatteo.com\/blog\/brosser-les-dents-de-bebe\/","og_site_name":"Blog du Monde d&#039;Anna et Matteo","article_publisher":"https:\/\/www.facebook.com\/AnnaEtMatteo\/","article_author":"https:\/\/www.facebook.com\/AnnaEtMatteo\/","article_published_time":"2018-06-21T13:35:31+00:00","og_image":[{"width":1000,"height":666,"url":"https:\/\/annaetmatteo.com\/blog\/wp-content\/uploads\/2018\/06\/brosser-dents-bebe-1-e1529586335731.jpg","type":"image\/jpeg"}],"twitter_card":"summary_large_image","twitter_creator":"@AnnaEtMatteo","twitter_site":"@AnnaEtMatteo","twitter_misc":{"\u00c9crit par":"M\u00e9lanie &amp; Arnaud | Le Monde d'Anna et Matteo","Dur\u00e9e de lecture estim\u00e9e":"3 minutes"},"schema":{"@context":"https:\/\/schema.org","@graph":[{"@type":"Organization","@id":"https:\/\/annaetmatteo.com\/blog\/#organization","name":"Le Monde d'Anna et Matteo","url":"https:\/\/annaetmatteo.com\/blog\/","sameAs":["https:\/\/www.facebook.com\/AnnaEtMatteo\/","https:\/\/www.instagram.com\/annaetmatteo\/","https:\/\/www.youtube.com\/channel\/UCSce5n3L_8dmB8yTwbXnCwA\/f","https:\/\/www.pinterest.fr\/AnnaEtMatteo\/","https:\/\/twitter.com\/AnnaEtMatteo"],"logo":{"@type":"ImageObject","@id":"https:\/\/annaetmatteo.com\/blog\/#logo","inLanguage":"fr-FR","url":"https:\/\/annaetmatteo.com\/blog\/wp-content\/uploads\/2018\/04\/rbU69AmF_400x400-1.jpg","contentUrl":"https:\/\/annaetmatteo.com\/blog\/wp-content\/uploads\/2018\/04\/rbU69AmF_400x400-1.jpg","width":240,"height":240,"caption":"Le Monde d'Anna et Matteo"},"image":{"@id":"https:\/\/annaetmatteo.com\/blog\/#logo"}},{"@type":"WebSite","@id":"https:\/\/annaetmatteo.com\/blog\/#website","url":"https:\/\/annaetmatteo.com\/blog\/","name":"Blog du Monde d&#039;Anna et Matteo","description":"","publisher":{"@id":"https:\/\/annaetmatteo.com\/blog\/#organization"},"potentialAction":[{"@type":"SearchAction","target":{"@type":"EntryPoint","urlTemplate":"https:\/\/annaetmatteo.com\/blog\/?s={search_term_string}"},"query-input":"required name=search_term_string"}],"inLanguage":"fr-FR"},{"@type":"ImageObject","@id":"https:\/\/annaetmatteo.com\/blog\/brosser-les-dents-de-bebe\/#primaryimage","inLanguage":"fr-FR","url":"https:\/\/annaetmatteo.com\/blog\/wp-content\/uploads\/2018\/06\/brosser-dents-bebe-1-e1529586335731.jpg","contentUrl":"https:\/\/annaetmatteo.com\/blog\/wp-content\/uploads\/2018\/06\/brosser-dents-bebe-1-e1529586335731.jpg","width":1000,"height":666,"caption":"B\u00e9b\u00e9 se brossant les dents"},{"@type":"WebPage","@id":"https:\/\/annaetmatteo.com\/blog\/brosser-les-dents-de-bebe\/#webpage","url":"https:\/\/annaetmatteo.com\/blog\/brosser-les-dents-de-bebe\/","name":"Brosser les dents de b\u00e9b\u00e9 : \u00e0 quel \u00e2ge commencer et comment faire ?","isPartOf":{"@id":"https:\/\/annaetmatteo.com\/blog\/#website"},"primaryImageOfPage":{"@id":"https:\/\/annaetmatteo.com\/blog\/brosser-les-dents-de-bebe\/#primaryimage"},"datePublished":"2018-06-21T13:35:31+00:00","dateModified":"2018-06-21T13:35:31+00:00","description":"Avoir une bonne dentition est important pour b\u00e9b\u00e9 pour se nourrir correctement. Mais \u00e0 quel \u00e2ge lui brosser les dents? Faut-il utiliser du dentifrice?","breadcrumb":{"@id":"https:\/\/annaetmatteo.com\/blog\/brosser-les-dents-de-bebe\/#breadcrumb"},"inLanguage":"fr-FR","potentialAction":[{"@type":"ReadAction","target":["https:\/\/annaetmatteo.com\/blog\/brosser-les-dents-de-bebe\/"]}]},{"@type":"BreadcrumbList","@id":"https:\/\/annaetmatteo.com\/blog\/brosser-les-dents-de-bebe\/#breadcrumb","itemListElement":[{"@type":"ListItem","position":1,"name":"Accueil","item":"https:\/\/annaetmatteo.com\/blog\/"},{"@type":"ListItem","position":2,"name":"Quand et comment brosser les dents de b\u00e9b\u00e9 ?"}]},{"@type":"Article","@id":"https:\/\/annaetmatteo.com\/blog\/brosser-les-dents-de-bebe\/#article","isPartOf":{"@id":"https:\/\/annaetmatteo.com\/blog\/brosser-les-dents-de-bebe\/#webpage"},"author":{"@id":"https:\/\/annaetmatteo.com\/blog\/#\/schema\/person\/324a22a04fc2477c15496ba8213c7eab"},"headline":"Quand et comment brosser les dents de b\u00e9b\u00e9 ?","datePublished":"2018-06-21T13:35:31+00:00","dateModified":"2018-06-21T13:35:31+00:00","mainEntityOfPage":{"@id":"https:\/\/annaetmatteo.com\/blog\/brosser-les-dents-de-bebe\/#webpage"},"wordCount":525,"commentCount":1,"publisher":{"@id":"https:\/\/annaetmatteo.com\/blog\/#organization"},"image":{"@id":"https:\/\/annaetmatteo.com\/blog\/brosser-les-dents-de-bebe\/#primaryimage"},"thumbnailUrl":"https:\/\/annaetmatteo.com\/blog\/wp-content\/uploads\/2018\/06\/brosser-dents-bebe-1-e1529586335731.jpg","inLanguage":"fr-FR","potentialAction":[{"@type":"CommentAction","name":"Comment","target":["https:\/\/annaetmatteo.com\/blog\/brosser-les-dents-de-bebe\/#respond"]}]},{"@type":"Person","@id":"https:\/\/annaetmatteo.com\/blog\/#\/schema\/person\/324a22a04fc2477c15496ba8213c7eab","name":"M\u00e9lanie &amp; Arnaud | Le Monde d'Anna et Matteo","image":{"@type":"ImageObject","@id":"https:\/\/annaetmatteo.com\/blog\/#personlogo","inLanguage":"fr-FR","url":"https:\/\/secure.gravatar.com\/avatar\/3c48cff264353bcb37bf9b52c1b769e7?s=96&d=mm&r=g","contentUrl":"https:\/\/secure.gravatar.com\/avatar\/3c48cff264353bcb37bf9b52c1b769e7?s=96&d=mm&r=g","caption":"M\u00e9lanie &amp; Arnaud | Le Monde d'Anna et Matteo"},"sameAs":["https:\/\/annaetmatteo.com","https:\/\/www.facebook.com\/AnnaEtMatteo\/","https:\/\/twitter.com\/AnnaEtMatteo"]}]}},"_links":{"self":[{"href":"https:\/\/annaetmatteo.com\/blog\/wp-json\/wp\/v2\/posts\/286"}],"collection":[{"href":"https:\/\/annaetmatteo.com\/blog\/wp-json\/wp\/v2\/posts"}],"about":[{"href":"https:\/\/annaetmatteo.com\/blog\/wp-json\/wp\/v2\/types\/post"}],"author":[{"embeddable":true,"href":"https:\/\/annaetmatteo.com\/blog\/wp-json\/wp\/v2\/users\/1"}],"replies":[{"embeddable":true,"href":"https:\/\/annaetmatteo.com\/blog\/wp-json\/wp\/v2\/comments?post=286"}],"version-history":[{"count":6,"href":"https:\/\/annaetmatteo.com\/blog\/wp-json\/wp\/v2\/posts\/286\/revisions"}],"predecessor-version":[{"id":296,"href":"https:\/\/annaetmatteo.com\/blog\/wp-json\/wp\/v2\/posts\/286\/revisions\/296"}],"wp:featuredmedia":[{"embeddable":true,"href":"https:\/\/annaetmatteo.com\/blog\/wp-json\/wp\/v2\/media\/291"}],"wp:attachment":[{"href":"https:\/\/annaetmatteo.com\/blog\/wp-json\/wp\/v2\/media?parent=286"}],"wp:term":[{"taxonomy":"category","embeddable":true,"href":"https:\/\/annaetmatteo.com\/blog\/wp-json\/wp\/v2\/categories?post=286"},{"taxonomy":"post_tag","embeddable":true,"href":"https:\/\/annaetmatteo.com\/blog\/wp-json\/wp\/v2\/tags?post=286"}],"curies":[{"name":"wp","href":"https:\/\/api.w.org\/{rel}","templated":true}]}}